{"id":33116,"date":"2022-10-25T14:38:23","date_gmt":"2022-10-25T17:38:23","guid":{"rendered":"https:\/\/www.tvnovelas.com.br\/tvnews\/?p=33116"},"modified":"2022-10-25T15:06:41","modified_gmt":"2022-10-25T18:06:41","slug":"verdades-secretas-ii-giovanna-comemora-prisao-de-angel","status":"publish","type":"post","link":"https:\/\/www.tvnovelas.com.br\/tvnews\/verdades-secretas-ii-giovanna-comemora-prisao-de-angel\/","title":{"rendered":"Verdades Secretas II: Giovanna comemora pris\u00e3o de Angel"},"content":{"rendered":"<p><img data-recalc-dims=\"1\" decoding=\"async\" class=\"alignnone wp-image-33117 size-full\" title=\"(Foto: Reprodu\u00e7\u00e3o\/Globo\/Verdades Secretas II)\" src=\"https:\/\/i0.wp.com\/www.tvnovelas.com.br\/tvnews\/wp-content\/uploads\/2022\/10\/35237.jpg?resize=600%2C360&#038;ssl=1\" alt=\"Foto: Verdades Secretas II: Giovanna comemora pris\u00e3o de Angel\" width=\"600\" height=\"360\" \/><br \/>\nAngel (Camila Queiroz) ter\u00e1 dias dif\u00edceis pela frente nesta semana em \u2018Verdades Secretas II\u2019. Tudo porque Giovanna (Agatha Moreira) tanto faz que consegue que Cristiano (Romulo Estrela) apresente as provas que comprometem a inoc\u00eancia da modelo e a pris\u00e3o preventiva \u00e9 decretada. Assim que a pol\u00edcia chega com o mandado de pris\u00e3o, Angel s\u00f3 tem tempo de se despedir do filho antes de ir embora. E Giovanna acompanha de perto o calv\u00e1rio da inimiga saboreando a vit\u00f3ria e presencia o momento em que Angel \u00e9 detida. N\u00e3o satisfeita, a loira vai at\u00e9 a cadeia para intimidar Angel. Ela avisa que quer a confiss\u00e3o da modelo e que n\u00e3o h\u00e1 mais como negar que ela \u00e9 a respons\u00e1vel pela morte de Alex (Rodrigo Lombardi), pai de Giovanna. \u201cN\u00e3o posso confessar um crime que n\u00e3o cometi\u201d, justifica.<\/p>\n<p>A modelo ainda tenta sem sucesso sensibilizar Giovanna e lembra que Fabr\u00edcio (Bernardo Lessa) est\u00e1 doente e que o menino s\u00f3 pode contar com ela. Ir\u00f4nica, Giovanna prop\u00f5e a Angel transferir a guarda da crian\u00e7a para Pia (Guilhermina Guinle). A m\u00e3e de Giovanna tamb\u00e9m vai \u00e0 delegacia para falar com Angel, mas a modela n\u00e3o recua. Enquanto isso, Cristiano se arrepende de ter prejudicado Angel. Ainda assim, o policial n\u00e3o recusa a recompensa de Giovanna.<\/p>\n<p>Preocupado com a amiga, Visky (Rainer Cadete) aconselha Angel a pedir ajuda a Percy (Gabriel Braga Nunes). Segundo ele, o \u00fanico com condi\u00e7\u00f5es financeiras para pagar um bom advogado. A ajuda tem um alto pre\u00e7o e Angel dever\u00e1 aceitar as fantasias do empres\u00e1rio em troca de sua liberdade e do financiamento dos altos custos do tratamento m\u00e9dico de seu filho. J\u00e1 na ag\u00eancia, Visky est\u00e1 \u00e0s voltas com a descoberta de uma \u2018new face\u2019, Lara (J\u00falia Byrro), que tamb\u00e9m logo cai nas gra\u00e7as de Blanche (Maria de Medeiros).<\/p>\n<blockquote><p><a href=\"https:\/\/www.tvnovelas.com.br\/tvnews\/verdades-secretas-ii-angel-sera-presa\/\" rel=\"noopener\" target=\"_blank\"><strong>Verdades Secretas II: Angel \u00e9 presa<\/strong><\/a><\/p><\/blockquote>\n<p>Batizada com o nome art\u00edstico de Lua, Lara repagina o visual, e inicia uma nova etapa em sua vida, mas a jovem ainda se preocupa com a m\u00e3e que ficou no interior. Al\u00e9m da agita\u00e7\u00e3o no trabalho na ag\u00eancia, Visky tamb\u00e9m tem uma reviravolta em sua vida pessoal com o an\u00fancio da gravidez de Lourdeca (Dida Camero). Depois de uma transa casual e a constata\u00e7\u00e3o de que agora ser\u00e1 pai\/m\u00e3e do beb\u00ea, o \u2018booker\u2019 est\u00e1 radiante.<\/p>\n<p>J\u00e1 na cadeia, Angel recebe a visita de Percy e aceita a proposta dele. Ela garante que ser\u00e1 sua \u2018escrava\u2019 desde que ele cumpra com os acordos. J\u00e1 em liberdade, Angel se submeter \u00e0s fantasias sexuais do empres\u00e1rio e depois fica cada vez mais assustada. Mas Percy segue com sua obsess\u00e3o e garante que a modelo vai aprender a am\u00e1-lo j\u00e1 que ela o deve isso.<\/p>\n","protected":false},"excerpt":{"rendered":"<p>Em Verdades Secretas II: Giovanna comemora pris\u00e3o de Angel. Angel (Camila Queiroz) ter\u00e1 dias dif\u00edceis pela frente nesta semana em \u2018Verdades Secretas II\u2019. Tudo porque Giovanna (Agatha&#8230;.<\/p>\n","protected":false},"author":1,"featured_media":33117,"comment_status":"closed","ping_status":"closed","sticky":false,"template":"","format":"standard","meta":{"_uf_show_specific_survey":0,"_uf_disable_surveys":false,"_jetpack_memberships_contains_paid_content":false,"footnotes":"","_wp_rev_ctl_limit":""},"categories":[236],"tags":[5,272],"class_list":["post-33116","post","type-post","status-publish","format-standard","has-post-thumbnail","hentry","category-globo","tag-globo","tag-verdades-secretas","wpcat-236-id"],"aioseo_notices":[],"jetpack_featured_media_url":"https:\/\/i0.wp.com\/www.tvnovelas.com.br\/tvnews\/wp-content\/uploads\/2022\/10\/35237.jpg?fit=600%2C360&ssl=1","jetpack_shortlink":"https:\/\/wp.me\/pdP2BO-8C8","jetpack_sharing_enabled":true,"_links":{"self":[{"href":"https:\/\/www.tvnovelas.com.br\/tvnews\/wp-json\/wp\/v2\/posts\/33116","targetHints":{"allow":["GET"]}}],"collection":[{"href":"https:\/\/www.tvnovelas.com.br\/tvnews\/wp-json\/wp\/v2\/posts"}],"about":[{"href":"https:\/\/www.tvnovelas.com.br\/tvnews\/wp-json\/wp\/v2\/types\/post"}],"author":[{"embeddable":true,"href":"https:\/\/www.tvnovelas.com.br\/tvnews\/wp-json\/wp\/v2\/users\/1"}],"replies":[{"embeddable":true,"href":"https:\/\/www.tvnovelas.com.br\/tvnews\/wp-json\/wp\/v2\/comments?post=33116"}],"version-history":[{"count":0,"href":"https:\/\/www.tvnovelas.com.br\/tvnews\/wp-json\/wp\/v2\/posts\/33116\/revisions"}],"wp:featuredmedia":[{"embeddable":true,"href":"https:\/\/www.tvnovelas.com.br\/tvnews\/wp-json\/wp\/v2\/media\/33117"}],"wp:attachment":[{"href":"https:\/\/www.tvnovelas.com.br\/tvnews\/wp-json\/wp\/v2\/media?parent=33116"}],"wp:term":[{"taxonomy":"category","embeddable":true,"href":"https:\/\/www.tvnovelas.com.br\/tvnews\/wp-json\/wp\/v2\/categories?post=33116"},{"taxonomy":"post_tag","embeddable":true,"href":"https:\/\/www.tvnovelas.com.br\/tvnews\/wp-json\/wp\/v2\/tags?post=33116"}],"curies":[{"name":"wp","href":"https:\/\/api.w.org\/{rel}","templated":true}]}}