{"id":33155,"date":"2022-10-26T09:17:43","date_gmt":"2022-10-26T12:17:43","guid":{"rendered":"https:\/\/www.tvnovelas.com.br\/tvnews\/?p=33155"},"modified":"2022-10-26T09:17:43","modified_gmt":"2022-10-26T12:17:43","slug":"cara-e-coragem-danilo-manobra-e-assume-presidencia-da-sg","status":"publish","type":"post","link":"https:\/\/www.tvnovelas.com.br\/tvnews\/cara-e-coragem-danilo-manobra-e-assume-presidencia-da-sg\/","title":{"rendered":"Cara e Coragem: Danilo manobra e assume presid\u00eancia da SG"},"content":{"rendered":"<p><em>Not\u00edcias de Cara e Coragem: Danilo manobra e assume presid\u00eancia<\/em><br \/>\n<img data-recalc-dims=\"1\" decoding=\"async\" src=\"https:\/\/i0.wp.com\/www.tvnovelas.com.br\/tvnews\/wp-content\/uploads\/2022\/10\/35246.jpg?resize=600%2C360&#038;ssl=1\" alt=\"Foto: Cara e Coragem: Danilo manobra e assume presid\u00eancia\" width=\"600\" height=\"360\" class=\"alignnone size-full wp-image-33156\" \/><br \/>\n(Foto: TV Globo\/Cara e Coragem)<br \/>\nComendo pelas beiradas, Danilo (Ricardo Pereira) chega onde sempre quis: na presid\u00eancia da SG.<\/p>\n<p>O marido de Rebeca (Mariana Santos), mais ambicioso do que nunca, aproveita o afastamento de Leo (\u00cdcaro Silva) da empresa para assumir a fun\u00e7\u00e3o t\u00e3o almejada.<\/p>\n<p>E quem estranha a tomada de poder do empres\u00e1rio \u00e9 Regina (Mel Lisboa), que, t\u00e3o ou mais ambiciosa que Danilo, sente-se amea\u00e7ada por ele.<\/p>\n<p>Por conta da &#8220;vis\u00e3o&#8221; que teve com Clarice (Ta\u00eds Araujo), Leo tem uma crise de ansiedade e \u00e9 obrigado a se afastar da SG.<\/p>\n<p>Danilo, numa manobra assertiva, convoca uma reuni\u00e3o com os demais diretores e acionistas e assume o comando.<\/p>\n<p>Regina chega \u00e0 empresa e estranha a presen\u00e7a de todos. Danilo lhe diz que convocou uma reuni\u00e3o extraordin\u00e1ria, por isso ela n\u00e3o foi avisada.<\/p>\n<p>&#8220;Agora eu sou o novo presidente da SG. Estava l\u00e1, no novo estatuto da empresa, que Leonardo e Martha assinaram: &#8216;Em caso de afastamento do presidente por quest\u00f5es de sa\u00fade, assume um dos diretores'&#8221;, diz ele, muito bem acomodado na sala da presid\u00eancia.<\/p>\n<p>Regina questiona por que ele, e Danilo informa que todos concordaram. Ela retruca que outras pessoas poderiam ocupar o posto internamente, mas ouve o que n\u00e3o quer de Danilo:<\/p>\n<p>&#8220;Quem? Voc\u00ea? Ora, Regina, por favor. Voc\u00ea serve pra dar uns telefonemas, marcar uma reuni\u00e3o, mandar uns e-mails, mas gerir uma empresa? Um pouco de del\u00edrio, n\u00e3o!?&#8221;<br \/>\nAs cenas v\u00e3o ao ar nesta quarta, dia 26<br \/>\n&lt;a href=&#8221;https:\/\/www.tvnovelas.com.br\/novelas\/resumos-de-cara-e-coragem\/&#8221;&gt;Confira os resumos da semana de Cara e Coragem&lt;\/a&gt;<br \/>\n<div class=\"pt-cv-wrapper\"><div class=\"pt-cv-view pt-cv-grid pt-cv-colsys\" id=\"pt-cv-view-02684292u5\"><div data-id=\"pt-cv-page-1\" class=\"pt-cv-page\" data-cvc=\"1\"><div class=\"col-md-12 col-sm-12 col-xs-12 pt-cv-content-item pt-cv-1-col\" ><div class='pt-cv-ifield'><h4 class=\"pt-cv-title\"><a href=\"https:\/\/www.tvnovelas.com.br\/tvnews\/cara-e-coragem-clarice-e-italo-se-casam\/\" class=\"_blank\" target=\"_blank\" >Cara e Coragem: Clarice e \u00cdtalo se casam<\/a><\/h4><\/div><\/div>\n<div class=\"col-md-12 col-sm-12 col-xs-12 pt-cv-content-item pt-cv-1-col\" ><div class='pt-cv-ifield'><h4 class=\"pt-cv-title\"><a href=\"https:\/\/www.tvnovelas.com.br\/tvnews\/cara-e-coragem-danilo-e-regina-pegam-30-anos-de-prisao\/\" class=\"_blank\" target=\"_blank\" >Cara e Coragem: Danilo e Regina pegam 30 anos de pris\u00e3o<\/a><\/h4><\/div><\/div>\n<div class=\"col-md-12 col-sm-12 col-xs-12 pt-cv-content-item pt-cv-1-col\" ><div class='pt-cv-ifield'><h4 class=\"pt-cv-title\"><a href=\"https:\/\/www.tvnovelas.com.br\/tvnews\/cara-e-coragem-danilo-sequestra-sosso-e-chiquinho\/\" class=\"_blank\" target=\"_blank\" >Cara e Coragem: Danilo sequestra Soss\u00f4 e Chiquinho<\/a><\/h4><\/div><\/div>\n<div class=\"col-md-12 col-sm-12 col-xs-12 pt-cv-content-item pt-cv-1-col\" ><div class='pt-cv-ifield'><h4 class=\"pt-cv-title\"><a href=\"https:\/\/www.tvnovelas.com.br\/tvnews\/cara-e-coragem-regina-mata-um-na-casa-dos-gusmao\/\" class=\"_blank\" target=\"_blank\" >Cara e Coragem: Regina mata um na casa dos Gusm\u00e3o<\/a><\/h4><\/div><\/div><\/div><\/div><\/div><br \/>\n&lt;strong style=&#8221;font-size: 120%;&#8221;&gt;\u00daltimas not\u00edcias deste canal:&lt;\/strong&gt;<br \/>\n<div class=\"pt-cv-wrapper\"><div class=\"pt-cv-view pt-cv-grid pt-cv-colsys\" id=\"pt-cv-view-90991035b3\"><div data-id=\"pt-cv-page-1\" class=\"pt-cv-page\" data-cvc=\"1\"><div class=\"col-md-12 col-sm-12 col-xs-12 pt-cv-content-item pt-cv-1-col\" ><div class='pt-cv-ifield'><h4 class=\"pt-cv-title\"><a href=\"https:\/\/www.tvnovelas.com.br\/tvnews\/coracao-de-mae-atilla-confronta-hasan-e-exige-o-divorcio-de-lale\/\" class=\"_self\" target=\"_self\" >Cora\u00e7\u00e3o de M\u00e3e: Atilla confronta Hasan e exige o div\u00f3rcio de Lale<\/a><\/h4><\/div><\/div>\n<div class=\"col-md-12 col-sm-12 col-xs-12 pt-cv-content-item pt-cv-1-col\" ><div class='pt-cv-ifield'><h4 class=\"pt-cv-title\"><a href=\"https:\/\/www.tvnovelas.com.br\/tvnews\/guerra-das-rosas-gulfem-coloca-gulru-contra-a-parede\/\" class=\"_self\" target=\"_self\" >Guerra das Rosas: Gulfem coloca Gulru contra a parede<\/a><\/h4><\/div><\/div>\n<div class=\"col-md-12 col-sm-12 col-xs-12 pt-cv-content-item pt-cv-1-col\" ><div class='pt-cv-ifield'><h4 class=\"pt-cv-title\"><a href=\"https:\/\/www.tvnovelas.com.br\/tvnews\/coracao-de-mae-atilla-diz-a-lale-que-quer-o-divorcio\/\" class=\"_self\" target=\"_self\" >Cora\u00e7\u00e3o de M\u00e3e: Atilla diz a Lale que quer o div\u00f3rcio<\/a><\/h4><\/div><\/div>\n<div class=\"col-md-12 col-sm-12 col-xs-12 pt-cv-content-item pt-cv-1-col\" ><div class='pt-cv-ifield'><h4 class=\"pt-cv-title\"><a href=\"https:\/\/www.tvnovelas.com.br\/tvnews\/a-nobreza-do-amor-mirinho-garante-noivado-com-virginia-para-atrair-sogro-a-negocio\/\" class=\"_self\" target=\"_self\" >A Nobreza do Amor: Mirinho garante noivado com Virg\u00ednia para atrair sogro a neg\u00f3cio<\/a><\/h4><\/div><\/div>\n<div class=\"col-md-12 col-sm-12 col-xs-12 pt-cv-content-item pt-cv-1-col\" ><div class='pt-cv-ifield'><h4 class=\"pt-cv-title\"><a href=\"https:\/\/www.tvnovelas.com.br\/tvnews\/tres-gracas-joaquim-propoe-fuga-a-arminda-com-o-dinheiro-das-tres-gracas\/\" class=\"_self\" target=\"_self\" >Tr\u00eas Gra\u00e7as:  Joaquim prop\u00f5e fuga a Arminda com o dinheiro das Tr\u00eas Gra\u00e7as<\/a><\/h4><\/div><\/div>\n<div class=\"col-md-12 col-sm-12 col-xs-12 pt-cv-content-item pt-cv-1-col\" ><div class='pt-cv-ifield'><h4 class=\"pt-cv-title\"><a href=\"https:\/\/www.tvnovelas.com.br\/tvnews\/coracao-de-mae-atilla-decide-abrir-o-jogo-com-karsu\/\" class=\"_self\" target=\"_self\" >Cora\u00e7\u00e3o de M\u00e3e: Atilla decide abrir o jogo com Karsu<\/a><\/h4><\/div><\/div>\n<div class=\"col-md-12 col-sm-12 col-xs-12 pt-cv-content-item pt-cv-1-col\" ><div class='pt-cv-ifield'><h4 class=\"pt-cv-title\"><a href=\"https:\/\/www.tvnovelas.com.br\/tvnews\/coracao-de-mae-adnan-e-preso-apos-denuncia-de-irmak\/\" class=\"_self\" target=\"_self\" >Em Cora\u00e7\u00e3o de M\u00e3e: Adnan \u00e9 preso ap\u00f3s denuncia de Irmak<\/a><\/h4><\/div><\/div>\n<div class=\"col-md-12 col-sm-12 col-xs-12 pt-cv-content-item pt-cv-1-col\" ><div class='pt-cv-ifield'><h4 class=\"pt-cv-title\"><a href=\"https:\/\/www.tvnovelas.com.br\/tvnews\/coracao-de-mae-atilla-forca-karsu-a-ouvir-suas-explicacoes\/\" class=\"_self\" target=\"_self\" >Cora\u00e7\u00e3o de M\u00e3e: Atilla for\u00e7a Karsu a ouvir suas explica\u00e7\u00f5es<\/a><\/h4><\/div><\/div>\n<div class=\"col-md-12 col-sm-12 col-xs-12 pt-cv-content-item pt-cv-1-col\" ><div class='pt-cv-ifield'><h4 class=\"pt-cv-title\"><a href=\"https:\/\/www.tvnovelas.com.br\/tvnews\/coracao-acelerado-mulher-choca-janete-ao-se-apresentar-como-amante-do-palhares\/\" class=\"_self\" target=\"_self\" >Cora\u00e7\u00e3o Acelerado: Mulher choca Janete ao se apresentar como amante do Palhares<\/a><\/h4><\/div><\/div>\n<div class=\"col-md-12 col-sm-12 col-xs-12 pt-cv-content-item pt-cv-1-col\" ><div class='pt-cv-ifield'><h4 class=\"pt-cv-title\"><a href=\"https:\/\/www.tvnovelas.com.br\/tvnews\/a-nobreza-do-amor-jendal-dobra-a-recompensa-por-alika\/\" class=\"_self\" target=\"_self\" >A Nobreza do Amor: Jendal dobra a recompensa por Alika<\/a><\/h4><\/div><\/div><\/div><\/div><\/div><br \/>\n&lt;a href=&#8221;https:\/\/www.tvnovelas.com.br\/novelas\/&#8221;&gt;&lt;strong&gt;Confira os resumos da semana de todas novelas&lt;\/strong&gt;&lt;\/a&gt;<br \/>\n&lt;a href=&#8221;http:\/\/tvnovelas.com.br\/filmes&#8221; target=&#8221;_blank&#8221; rel=&#8221;noopener&#8221;&gt;Veja tamb\u00e9m: Todas as telas: filmes e s\u00e9ries nos streamings&lt;\/a&gt;<br \/>\n&lt;h3&gt;Confira tamb\u00e9m&lt;\/h3&gt;<br \/>\n&lt;a href=&#8221;https:\/\/www.tvnovelas.com.br\/filmes\/&#8221; target=&#8221;_blank&#8221; rel=&#8221;noopener noreferrer&#8221;&gt;&lt;strong&gt;Programa\u00e7\u00e3o de filmes na TV aberta&lt;\/strong&gt;&lt;\/a&gt;<br \/>\n&lt;a href=&#8221;https:\/\/tvnovelas.com.br\/filmes\/filmes-e-series-ineditos-em-estreia-na-semana-na-netflix\/&#8221; target=&#8221;_blank&#8221; rel=&#8221;noopener noreferrer&#8221;&gt;&lt;strong&gt;Estreias da semana na Netflix&lt;\/strong&gt;&lt;\/a&gt;<br \/>\n&lt;a href=&#8221;https:\/\/caetenews.com.br\/semana\/filmes-da-globo-na-sessao-da-tarde-desta-semana\/&#8221; target=&#8221;_blank&#8221; rel=&#8221;noopener&#8221;&gt;&lt;strong&gt;Confira os filmes da semana na Sess\u00e3o da Tarde&lt;\/strong&gt;&lt;\/a&gt;<br \/>\n&lt;a href=&#8221;\/\/tvnovelas.com.br\/filmes\/filmes-em-estreia-nos-cinemas\/&#8221; target=&#8221;_blank&#8221; rel=&#8221;noopener noreferrer&#8221;&gt;&lt;strong&gt;Estreias e novidades no Cinema&lt;\/strong&gt;&lt;\/a&gt;<br \/>\n&lt;a href=&#8221;https:\/\/www.tvnovelas.com.br\/novelas\/&#8221; target=&#8221;_blank&#8221; rel=&#8221;noopener noreferrer&#8221;&gt;&lt;strong&gt;Resumos de novelas&lt;\/strong&gt;&lt;\/a&gt;<\/p>\n","protected":false},"excerpt":{"rendered":"<p>Cara e Coragem: Danilo manobra e assume presid\u00eancia da SG. Comendo pelas beiradas, Danilo (Ricardo Pereira) chega onde sempre quis: na presid\u00eancia da SG. O marido d&#8230;<\/p>\n","protected":false},"author":1,"featured_media":33156,"comment_status":"closed","ping_status":"closed","sticky":false,"template":"","format":"standard","meta":{"_uf_show_specific_survey":0,"_uf_disable_surveys":false,"_jetpack_memberships_contains_paid_content":false,"footnotes":"","_wp_rev_ctl_limit":""},"categories":[314],"tags":[315,5,64],"class_list":["post-33155","post","type-post","status-publish","format-standard","has-post-thumbnail","hentry","category-cara-e-coragem","tag-cara-e-coragem","tag-globo","tag-novelas","wpcat-314-id"],"aioseo_notices":[],"jetpack_featured_media_url":"https:\/\/i0.wp.com\/www.tvnovelas.com.br\/tvnews\/wp-content\/uploads\/2022\/10\/35246.jpg?fit=600%2C360&ssl=1","jetpack_shortlink":"https:\/\/wp.me\/pdP2BO-8CL","jetpack_sharing_enabled":true,"_links":{"self":[{"href":"https:\/\/www.tvnovelas.com.br\/tvnews\/wp-json\/wp\/v2\/posts\/33155","targetHints":{"allow":["GET"]}}],"collection":[{"href":"https:\/\/www.tvnovelas.com.br\/tvnews\/wp-json\/wp\/v2\/posts"}],"about":[{"href":"https:\/\/www.tvnovelas.com.br\/tvnews\/wp-json\/wp\/v2\/types\/post"}],"author":[{"embeddable":true,"href":"https:\/\/www.tvnovelas.com.br\/tvnews\/wp-json\/wp\/v2\/users\/1"}],"replies":[{"embeddable":true,"href":"https:\/\/www.tvnovelas.com.br\/tvnews\/wp-json\/wp\/v2\/comments?post=33155"}],"version-history":[{"count":0,"href":"https:\/\/www.tvnovelas.com.br\/tvnews\/wp-json\/wp\/v2\/posts\/33155\/revisions"}],"wp:featuredmedia":[{"embeddable":true,"href":"https:\/\/www.tvnovelas.com.br\/tvnews\/wp-json\/wp\/v2\/media\/33156"}],"wp:attachment":[{"href":"https:\/\/www.tvnovelas.com.br\/tvnews\/wp-json\/wp\/v2\/media?parent=33155"}],"wp:term":[{"taxonomy":"category","embeddable":true,"href":"https:\/\/www.tvnovelas.com.br\/tvnews\/wp-json\/wp\/v2\/categories?post=33155"},{"taxonomy":"post_tag","embeddable":true,"href":"https:\/\/www.tvnovelas.com.br\/tvnews\/wp-json\/wp\/v2\/tags?post=33155"}],"curies":[{"name":"wp","href":"https:\/\/api.w.org\/{rel}","templated":true}]}}