{"id":34007,"date":"2022-11-12T13:00:24","date_gmt":"2022-11-12T16:00:24","guid":{"rendered":"https:\/\/www.tvnovelas.com.br\/tvnews\/?p=34007"},"modified":"2022-11-12T13:38:26","modified_gmt":"2022-11-12T16:38:26","slug":"o-que-rola-nos-capitulos-de-cara-e-coragem-na-semana-14-a-19-de-novembro","status":"publish","type":"post","link":"https:\/\/www.tvnovelas.com.br\/tvnews\/o-que-rola-nos-capitulos-de-cara-e-coragem-na-semana-14-a-19-de-novembro\/","title":{"rendered":"O que rola nos cap\u00edtulos de Cara e Coragem na semana 14 a 19 de novembro"},"content":{"rendered":"<p><em>resumos de Cara e Coragem na semana Cara e Coragem na semana 14 a 19 de novembro<\/em><br \/>\n<img data-recalc-dims=\"1\" decoding=\"async\" class=\"alignnone wp-image-34009 size-full\" title=\"(Foto: TV Globo\/Cara e Coragem)\" src=\"https:\/\/i0.wp.com\/www.tvnovelas.com.br\/tvnews\/wp-content\/uploads\/2022\/11\/35484d.jpg?resize=728%2C409&#038;ssl=1\" alt=\"Foto de Cara e Coragem na semana 14 a 19\" width=\"728\" height=\"409\" srcset=\"https:\/\/i0.wp.com\/www.tvnovelas.com.br\/tvnews\/wp-content\/uploads\/2022\/11\/35484d.jpg?w=728&amp;ssl=1 728w, https:\/\/i0.wp.com\/www.tvnovelas.com.br\/tvnews\/wp-content\/uploads\/2022\/11\/35484d.jpg?resize=678%2C381&amp;ssl=1 678w\" sizes=\"(max-width: 728px) 100vw, 728px\" \/><\/p>\n<blockquote>\n<p style=\"text-align: center;\">Nos cap\u00edtulos de Cara e Coragem da semana 14 a 19 de novembro, Moa acorda e pergunta a Pat por Andr\u00e9a. Pat descobre que Moa est\u00e1 com problemas de mem\u00f3ria e n\u00e3o se lembra que eles est\u00e3o juntos. Renan termina o namoro com J\u00e9ssica. Moa tem alta do hospital e vai para a casa de Andr\u00e9a. Duarte teme ser preso.<\/p>\n<\/blockquote>\n<p><strong>Resumo de segunda-feira, 14 de novembro<\/strong><br \/>\nPat acompanha Moa na ambul\u00e2ncia e se preocupa com o estado do dubl\u00ea. Danilo foge, e Rebeca o observa decepcionada. O m\u00e9dico fala com Milton e Pat sobre o estado de Moa. \u00cdtalo teme que o acidente de Moa tenha sido provocado por Danilo. Gui ajuda Pat a falar com Chiquinho e Soss\u00f4. Hugo conta para Andr\u00e9a sobre Moa. Regina descobre que Danilo sumiu depois de ter brigado com Moa. Clarice diz a Leonardo que convocar\u00e1 uma reuni\u00e3o com os acionistas e reivindicar\u00e1 a presid\u00eancia da SG. Jonathan alerta Clarice para n\u00e3o subestimar Leonardo. Pat flagra Andr\u00e9a no quarto do hospital de Moa e fica enciumada. Rico questiona Gustavo sobre Bob. Anita pergunta se \u00cdtalo j\u00e1 se encontrou com Clarice. Duarte descobre que Danilo est\u00e1 escondido na mans\u00e3o de Bob.<\/p>\n<p><strong>Resumo de ter\u00e7a-feira, 15 de novembro<\/strong><br \/>\nDanilo conta para Duarte o que fez com Moa. Anita sente ci\u00fames de \u00cdtalo com Clarice. Lou tenta conversar com Rico. Ol\u00edvia conta para J\u00e9ssica sobre Moa e ela teme por Danilo. Regina fala com L\u00e9o que n\u00e3o deixar\u00e1 Clarice voltar para a SG. Danilo prende Duarte e J\u00e9ssica na mans\u00e3o de Bob. Hugo fica com ci\u00fames de Enzo. Lou e Rico fazem as pazes. Pat decide denunciar Danilo para a pol\u00edcia. Batata come\u00e7a a trabalhar como vendedor ambulante perto de Fernanda. Regina exp\u00f5e aos acionistas os contratos que a SG perdeu por causa de Clarice. Lucas procura J\u00e9ssica na casa de Renan. Dalva incentiva Anita a se afastar de \u00cdtalo. Martha ajuda Clarice na reuni\u00e3o com os acionistas. Danilo libera J\u00e9ssica. Os acionistas tomam uma decis\u00e3o. J\u00e9ssica pede a ajuda de Anita. Moa acorda e pergunta a Pat por Andr\u00e9a.<\/p>\n<p><img data-recalc-dims=\"1\" decoding=\"async\" class=\"alignnone wp-image-34010 size-full\" title=\"(Foto: TV Globo\/Cara e Coragem)\" src=\"https:\/\/i0.wp.com\/www.tvnovelas.com.br\/tvnews\/wp-content\/uploads\/2022\/11\/35484c.jpg?resize=728%2C410&#038;ssl=1\" alt=\"Foto de Andrea em Cara e Coragem\" width=\"728\" height=\"410\" srcset=\"https:\/\/i0.wp.com\/www.tvnovelas.com.br\/tvnews\/wp-content\/uploads\/2022\/11\/35484c.jpg?w=728&amp;ssl=1 728w, https:\/\/i0.wp.com\/www.tvnovelas.com.br\/tvnews\/wp-content\/uploads\/2022\/11\/35484c.jpg?resize=678%2C381&amp;ssl=1 678w\" sizes=\"(max-width: 728px) 100vw, 728px\" \/><br \/>\n<strong>Resumo de quarta-feira, 16 de novembro<\/strong><br \/>\nPat estranha a insist\u00eancia de Moa em perguntar por Andr\u00e9a. Os acionistas escolhem Leonardo, e Clarice fica decepcionada. Pat descobre que Moa est\u00e1 com problemas de mem\u00f3ria e n\u00e3o se lembra que eles est\u00e3o juntos. Pat pede para Andr\u00e9a ir ao hospital. J\u00e9ssica mente para Renan sobre o seu paradeiro. Danilo vai \u00e0 delegacia. Moa acredita ainda estar namorando Andr\u00e9a, e Pat pede que a atriz o ajude. Danilo presta depoimento sobre o que fez contra Moa. Hugo tenta convencer Andr\u00e9a a n\u00e3o desistir de sua viagem para a Espanha. Fernanda fala para Milton e Nadir que Rebeca n\u00e3o quer depor contra Danilo. Leonardo coloca Clarice trabalhando na \u00e1rea administrativa da SG. Moa revela para \u00cdtalo como se sente com a falta de mem\u00f3ria. Clarice se instala em uma sala da SG e Regina fica furiosa. Andr\u00e9a desiste de sua viagem para ajudar Moa. Danilo procura Fernanda. Pat questiona Rebeca por se recusar a depor contra Danilo.<\/p>\n<p><strong>Resumo de quinta-feira, 17 de novembro<\/strong><br \/>\nPat repreende Rebeca e exige que ela deponha contra Danilo. Fernanda n\u00e3o aceita ajudar Danilo a falar com Rebeca. Pat vai embora e Rebeca relembra tudo o que descobriu sobre o marido. Duarte avisa J\u00e9ssica que deixar\u00e1 o pa\u00eds. Danilo invade o apartamento de Moa para falar com Rebeca. Armandinho se solidariza com Pat. Renan fala com Anita e descobre que J\u00e9ssica mentiu para ele. Gustavo encontra com Duarte\/Bob e n\u00e3o o deixa ir embora. Alfredo consola Pat. Hugo desaprova a ideia de Andr\u00e9a de ajudar Moa. Leonardo pensa em romper com Danilo. Renan termina o namoro com J\u00e9ssica. Margareth, Dalva e Cleide decidem armar para enganar Armandinho. \u00cdtalo encontra os falsos contratos assinados por Bob Wright. Moa tem alta do hospital e pensa em ir para a casa de Andr\u00e9a.<\/p>\n<p><img data-recalc-dims=\"1\" decoding=\"async\" class=\"alignnone wp-image-34011 size-full\" title=\"(Foto: TV Globo\/Cara e Coragem)\" src=\"https:\/\/i0.wp.com\/www.tvnovelas.com.br\/tvnews\/wp-content\/uploads\/2022\/11\/35484b.jpg?resize=728%2C410&#038;ssl=1\" alt=\"Foto de Pat em Cara e Coragem\" width=\"728\" height=\"410\" srcset=\"https:\/\/i0.wp.com\/www.tvnovelas.com.br\/tvnews\/wp-content\/uploads\/2022\/11\/35484b.jpg?w=728&amp;ssl=1 728w, https:\/\/i0.wp.com\/www.tvnovelas.com.br\/tvnews\/wp-content\/uploads\/2022\/11\/35484b.jpg?resize=678%2C381&amp;ssl=1 678w\" sizes=\"(max-width: 728px) 100vw, 728px\" \/><br \/>\n<strong>Resumo de sexta-feira, 18 de novembro<\/strong><br \/>\nPat e Milton aceitam que Moa v\u00e1 para a casa de Andr\u00e9a. \u00cdtalo acredita que sabe quem \u00e9 o benefici\u00e1rio dos contratos assinados por Bob Wright. Duarte teme ser preso por causa da investiga\u00e7\u00e3o contra Danilo. Andr\u00e9a cuida de Moa, e Milton pede para Pat ter paci\u00eancia. Pat exige que Danilo fique longe de Moa. Dalva coloca um rem\u00e9dio no ch\u00e1 de Armandinho, sob o olhar de Margareth e Cleide, e as tr\u00eas forjam uma gravidez para o rapaz. Rebeca e Fernanda recebem uma intima\u00e7\u00e3o para depor na delegacia. Moa comenta com Milton sobre a tristeza de Pat. Danilo aparece na frente de Moa e se espanta ao ver que ele n\u00e3o se recorda do acidente. Um paparazzi fotografa Hugo e Enzo abra\u00e7ados. Andr\u00e9a observa Moa dormindo e falando de Pat e dos filhos. Marcela cobra uma explica\u00e7\u00e3o de Paulo, quando v\u00ea Fernanda chegar para depor. Pat repreende Andr\u00e9a por beijar Moa. \u00cdtalo, Rico e Lou v\u00e3o falar com Duarte\/Bob. Clarice se anima com o resultado da auditoria da SG.<\/p>\n<p><strong>Resumo de s\u00e1bado, 19 de novembro<\/strong><br \/>\nClarice fala para Martha que Leonardo tamb\u00e9m pode estar envolvido com o atentado que ela sofreu. Lou, \u00cdtalo e Rico obrigam Duarte a contar como ele virou Bob Wright. Marcela e Fernanda s\u00e3o hostis com Paulo. Duarte confirma para \u00cdtalo que Danilo est\u00e1 por tr\u00e1s de toda a farsa que envolve Bob Wright. Fernanda confirma a vers\u00e3o de Pat sobre o acidente de Moa. Pat n\u00e3o conta para Moa que Danilo \u00e9 o culpado por seu acidente. Fernanda fala para Rebeca contar em seu depoimento o motivo da briga entre Moa e Danilo. Hugo se desespera ao ver sua foto com Enzo na internet. Moa passa mal ao ouvir Pat, \u00cdtalo, Rico e Lou falarem o que descobriram do envolvimento de Bob com Danilo. Renan manipula J\u00e9ssica. Moa lembra de momentos com Pat e fica confuso. Duarte avisa a \u00cdtalo que acabar\u00e1 com Bob Wright. V\u00e1rias pessoas recebem um convite para uma reuni\u00e3o na casa de Bob Wright. Danilo garante a Leonardo que encontrar\u00e1 uma brecha para ele n\u00e3o ser acusado por Clarice. \u00cdtalo troca olhares com Clarice. Duarte afirma a \u00cdtalo que revelar\u00e1 sua identidade na festa.<br \/>\n<strong>\u00daltimas not\u00edcias de &#8216;Cara e Coragem&#8217;:<\/strong><br \/>\n<div class=\"pt-cv-wrapper\"><div class=\"pt-cv-view pt-cv-grid pt-cv-colsys\" id=\"pt-cv-view-02684292u5\"><div data-id=\"pt-cv-page-1\" class=\"pt-cv-page\" data-cvc=\"1\"><div class=\"col-md-12 col-sm-12 col-xs-12 pt-cv-content-item pt-cv-1-col\" ><div class='pt-cv-ifield'><h4 class=\"pt-cv-title\"><a href=\"https:\/\/www.tvnovelas.com.br\/tvnews\/cara-e-coragem-clarice-e-italo-se-casam\/\" class=\"_blank\" target=\"_blank\" >Cara e Coragem: Clarice e \u00cdtalo se casam<\/a><\/h4><\/div><\/div>\n<div class=\"col-md-12 col-sm-12 col-xs-12 pt-cv-content-item pt-cv-1-col\" ><div class='pt-cv-ifield'><h4 class=\"pt-cv-title\"><a href=\"https:\/\/www.tvnovelas.com.br\/tvnews\/cara-e-coragem-danilo-e-regina-pegam-30-anos-de-prisao\/\" class=\"_blank\" target=\"_blank\" >Cara e Coragem: Danilo e Regina pegam 30 anos de pris\u00e3o<\/a><\/h4><\/div><\/div>\n<div class=\"col-md-12 col-sm-12 col-xs-12 pt-cv-content-item pt-cv-1-col\" ><div class='pt-cv-ifield'><h4 class=\"pt-cv-title\"><a href=\"https:\/\/www.tvnovelas.com.br\/tvnews\/cara-e-coragem-danilo-sequestra-sosso-e-chiquinho\/\" class=\"_blank\" target=\"_blank\" >Cara e Coragem: Danilo sequestra Soss\u00f4 e Chiquinho<\/a><\/h4><\/div><\/div>\n<div class=\"col-md-12 col-sm-12 col-xs-12 pt-cv-content-item pt-cv-1-col\" ><div class='pt-cv-ifield'><h4 class=\"pt-cv-title\"><a href=\"https:\/\/www.tvnovelas.com.br\/tvnews\/cara-e-coragem-regina-mata-um-na-casa-dos-gusmao\/\" class=\"_blank\" target=\"_blank\" >Cara e Coragem: Regina mata um na casa dos Gusm\u00e3o<\/a><\/h4><\/div><\/div><\/div><\/div><\/div><br \/>\n<strong style=\"font-size: 120%;\">\u00daltimas not\u00edcias deste canal:<\/strong><br \/>\n<div class=\"pt-cv-wrapper\"><div class=\"pt-cv-view pt-cv-grid pt-cv-colsys\" id=\"pt-cv-view-90991035b3\"><div data-id=\"pt-cv-page-1\" class=\"pt-cv-page\" data-cvc=\"1\"><div class=\"col-md-12 col-sm-12 col-xs-12 pt-cv-content-item pt-cv-1-col\" ><div class='pt-cv-ifield'><h4 class=\"pt-cv-title\"><a href=\"https:\/\/www.tvnovelas.com.br\/tvnews\/coracao-de-mae-irmak-inicia-jogo-arriscado-contra-adnan\/\" class=\"_self\" target=\"_self\" >Cora\u00e7\u00e3o de M\u00e3e: Irmak inicia jogo arriscado contra Adnan<\/a><\/h4><\/div><\/div>\n<div class=\"col-md-12 col-sm-12 col-xs-12 pt-cv-content-item pt-cv-1-col\" ><div class='pt-cv-ifield'><h4 class=\"pt-cv-title\"><a href=\"https:\/\/www.tvnovelas.com.br\/tvnews\/guerra-das-rosas-omer-chama-gulru-vestida-de-noiva-para-fugir\/\" class=\"_self\" target=\"_self\" >Guerra das Rosas: Omer chama Gulru vestida de noiva para fugir<\/a><\/h4><\/div><\/div>\n<div class=\"col-md-12 col-sm-12 col-xs-12 pt-cv-content-item pt-cv-1-col\" ><div class='pt-cv-ifield'><h4 class=\"pt-cv-title\"><a href=\"https:\/\/www.tvnovelas.com.br\/tvnews\/coracao-de-mae-reha-sai-para-jantar-com-selvi\/\" class=\"_self\" target=\"_self\" >Cora\u00e7\u00e3o de M\u00e3e: Reha sai para jantar com Selvi<\/a><\/h4><\/div><\/div>\n<div class=\"col-md-12 col-sm-12 col-xs-12 pt-cv-content-item pt-cv-1-col\" ><div class='pt-cv-ifield'><h4 class=\"pt-cv-title\"><a href=\"https:\/\/www.tvnovelas.com.br\/tvnews\/coracao-acelerado-zila-se-preocupa-com-sua-situacao-apos-separacao\/\" class=\"_self\" target=\"_self\" >Cora\u00e7\u00e3o Acelerado: Zil\u00e1 se preocupa com sua situa\u00e7\u00e3o ap\u00f3s separa\u00e7\u00e3o<\/a><\/h4><\/div><\/div>\n<div class=\"col-md-12 col-sm-12 col-xs-12 pt-cv-content-item pt-cv-1-col\" ><div class='pt-cv-ifield'><h4 class=\"pt-cv-title\"><a href=\"https:\/\/www.tvnovelas.com.br\/tvnews\/a-nobreza-do-amor-tonho-nao-se-curva-diante-de-mirinho\/\" class=\"_self\" target=\"_self\" >A Nobreza do Amor: Tonho n\u00e3o se curva diante de Mirinho<\/a><\/h4><\/div><\/div>\n<div class=\"col-md-12 col-sm-12 col-xs-12 pt-cv-content-item pt-cv-1-col\" ><div class='pt-cv-ifield'><h4 class=\"pt-cv-title\"><a href=\"https:\/\/www.tvnovelas.com.br\/tvnews\/tres-gracas-arminda-surta-ao-confirmar-que-ferette-e-pai-de-raul\/\" class=\"_self\" target=\"_self\" >Tr\u00eas Gra\u00e7as:  Arminda surta ao confirmar que Ferette \u00e9 pai de Raul<\/a><\/h4><\/div><\/div>\n<div class=\"col-md-12 col-sm-12 col-xs-12 pt-cv-content-item pt-cv-1-col\" ><div class='pt-cv-ifield'><h4 class=\"pt-cv-title\"><a href=\"https:\/\/www.tvnovelas.com.br\/tvnews\/coracao-de-mae-atilla-confronta-hasan-e-exige-o-divorcio-de-lale\/\" class=\"_self\" target=\"_self\" >Cora\u00e7\u00e3o de M\u00e3e: Atilla confronta Hasan e exige o div\u00f3rcio de Lale<\/a><\/h4><\/div><\/div>\n<div class=\"col-md-12 col-sm-12 col-xs-12 pt-cv-content-item pt-cv-1-col\" ><div class='pt-cv-ifield'><h4 class=\"pt-cv-title\"><a href=\"https:\/\/www.tvnovelas.com.br\/tvnews\/guerra-das-rosas-gulfem-coloca-gulru-contra-a-parede\/\" class=\"_self\" target=\"_self\" >Guerra das Rosas: Gulfem coloca Gulru contra a parede<\/a><\/h4><\/div><\/div>\n<div class=\"col-md-12 col-sm-12 col-xs-12 pt-cv-content-item pt-cv-1-col\" ><div class='pt-cv-ifield'><h4 class=\"pt-cv-title\"><a href=\"https:\/\/www.tvnovelas.com.br\/tvnews\/coracao-de-mae-atilla-diz-a-lale-que-quer-o-divorcio\/\" class=\"_self\" target=\"_self\" >Cora\u00e7\u00e3o de M\u00e3e: Atilla diz a Lale que quer o div\u00f3rcio<\/a><\/h4><\/div><\/div>\n<div class=\"col-md-12 col-sm-12 col-xs-12 pt-cv-content-item pt-cv-1-col\" ><div class='pt-cv-ifield'><h4 class=\"pt-cv-title\"><a href=\"https:\/\/www.tvnovelas.com.br\/tvnews\/a-nobreza-do-amor-mirinho-garante-noivado-com-virginia-para-atrair-sogro-a-negocio\/\" class=\"_self\" target=\"_self\" >A Nobreza do Amor: Mirinho garante noivado com Virg\u00ednia para atrair sogro a neg\u00f3cio<\/a><\/h4><\/div><\/div><\/div><\/div><\/div><br \/>\n<a href=\"https:\/\/www.tvnovelas.com.br\/novelas\/\"><strong>Confira os resumos da semana de todas novelas<\/strong><\/a><br \/>\n<a href=\"http:\/\/tvnovelas.com.br\/filmes\" target=\"_blank\" rel=\"noopener\">Veja tamb\u00e9m: Todas as telas: filmes e s\u00e9ries nos streamings<\/a><\/p>\n<h3>Confira tamb\u00e9m<\/h3>\n<p><a href=\"https:\/\/www.tvnovelas.com.br\/filmes\/\" target=\"_blank\" rel=\"noopener noreferrer\"><strong>Programa\u00e7\u00e3o de filmes na TV aberta<\/strong><\/a><br \/>\n<a href=\"https:\/\/tvnovelas.com.br\/filmes\/filmes-e-series-ineditos-em-estreia-na-semana-na-netflix\/\" target=\"_blank\" rel=\"noopener noreferrer\"><strong>Estreias da semana na Netflix<\/strong><\/a><br \/>\n<a href=\"https:\/\/caetenews.com.br\/semana\/filmes-da-globo-na-sessao-da-tarde-desta-semana\/\" target=\"_blank\" rel=\"noopener\"><strong>Confira os filmes da semana na Sess\u00e3o da Tarde<\/strong><\/a><br \/>\n<a href=\"\/\/tvnovelas.com.br\/filmes\/filmes-em-estreia-nos-cinemas\/\" target=\"_blank\" rel=\"noopener noreferrer\"><strong>Estreias e novidades no Cinema<\/strong><\/a><br \/>\n<a href=\"https:\/\/www.tvnovelas.com.br\/novelas\/\" target=\"_blank\" rel=\"noopener noreferrer\"><strong>Resumos de novelas<\/strong><\/a><\/p>\n","protected":false},"excerpt":{"rendered":"<p>Em Cara e Coragem na semana 14 a 19 de novembro, Moa acorda e pergunta a Pat por Andr\u00e9a. Pat descobre que Moa est\u00e1 com problemas de mem\u00f3ria e n\u00e3o se lembra que eles est\u00e3o juntos. Renan termina o namoro com J\u00e9ssica. Moa tem alta do hospital e vai para a casa de Andr\u00e9a. Duarte teme ser preso.<\/p>\n","protected":false},"author":1,"featured_media":34009,"comment_status":"closed","ping_status":"closed","sticky":false,"template":"","format":"standard","meta":{"_uf_show_specific_survey":0,"_uf_disable_surveys":false,"_jetpack_memberships_contains_paid_content":false,"footnotes":"","_wp_rev_ctl_limit":""},"categories":[314],"tags":[315,5,64],"class_list":["post-34007","post","type-post","status-publish","format-standard","has-post-thumbnail","hentry","category-cara-e-coragem","tag-cara-e-coragem","tag-globo","tag-novelas","wpcat-314-id"],"aioseo_notices":[],"jetpack_featured_media_url":"https:\/\/i0.wp.com\/www.tvnovelas.com.br\/tvnews\/wp-content\/uploads\/2022\/11\/35484d.jpg?fit=728%2C409&ssl=1","jetpack_shortlink":"https:\/\/wp.me\/pdP2BO-8Qv","jetpack_sharing_enabled":true,"_links":{"self":[{"href":"https:\/\/www.tvnovelas.com.br\/tvnews\/wp-json\/wp\/v2\/posts\/34007","targetHints":{"allow":["GET"]}}],"collection":[{"href":"https:\/\/www.tvnovelas.com.br\/tvnews\/wp-json\/wp\/v2\/posts"}],"about":[{"href":"https:\/\/www.tvnovelas.com.br\/tvnews\/wp-json\/wp\/v2\/types\/post"}],"author":[{"embeddable":true,"href":"https:\/\/www.tvnovelas.com.br\/tvnews\/wp-json\/wp\/v2\/users\/1"}],"replies":[{"embeddable":true,"href":"https:\/\/www.tvnovelas.com.br\/tvnews\/wp-json\/wp\/v2\/comments?post=34007"}],"version-history":[{"count":0,"href":"https:\/\/www.tvnovelas.com.br\/tvnews\/wp-json\/wp\/v2\/posts\/34007\/revisions"}],"wp:featuredmedia":[{"embeddable":true,"href":"https:\/\/www.tvnovelas.com.br\/tvnews\/wp-json\/wp\/v2\/media\/34009"}],"wp:attachment":[{"href":"https:\/\/www.tvnovelas.com.br\/tvnews\/wp-json\/wp\/v2\/media?parent=34007"}],"wp:term":[{"taxonomy":"category","embeddable":true,"href":"https:\/\/www.tvnovelas.com.br\/tvnews\/wp-json\/wp\/v2\/categories?post=34007"},{"taxonomy":"post_tag","embeddable":true,"href":"https:\/\/www.tvnovelas.com.br\/tvnews\/wp-json\/wp\/v2\/tags?post=34007"}],"curies":[{"name":"wp","href":"https:\/\/api.w.org\/{rel}","templated":true}]}}