{"id":34525,"date":"2022-11-24T09:24:05","date_gmt":"2022-11-24T12:24:05","guid":{"rendered":"https:\/\/www.tvnovelas.com.br\/tvnews\/?p=34525"},"modified":"2022-11-24T09:24:05","modified_gmt":"2022-11-24T12:24:05","slug":"vai-na-fe-a-proxima-novela-das-sete","status":"publish","type":"post","link":"https:\/\/www.tvnovelas.com.br\/tvnews\/vai-na-fe-a-proxima-novela-das-sete\/","title":{"rendered":"&#8216;Vai na F\u00e9&#8217;: a pr\u00f3xima novela das sete"},"content":{"rendered":"<p><em>Not\u00edcias de Vai na F\u00e9: a pr\u00f3xima novela das sete<\/em><br \/>\n<img data-recalc-dims=\"1\" decoding=\"async\" class=\"alignnone wp-image-34526 size-full\" title=\"(Foto: Globo\/Jo\u00e3o Miguel J\u00fanior)\" src=\"https:\/\/i0.wp.com\/www.tvnovelas.com.br\/tvnews\/wp-content\/uploads\/2022\/11\/vainafe01.jpg?resize=728%2C410&#038;ssl=1\" alt=\"Vai na F\u00e9: a pr\u00f3xima novela das sete\" width=\"728\" height=\"410\" srcset=\"https:\/\/i0.wp.com\/www.tvnovelas.com.br\/tvnews\/wp-content\/uploads\/2022\/11\/vainafe01.jpg?w=728&amp;ssl=1 728w, https:\/\/i0.wp.com\/www.tvnovelas.com.br\/tvnews\/wp-content\/uploads\/2022\/11\/vainafe01.jpg?resize=678%2C381&amp;ssl=1 678w\" sizes=\"(max-width: 728px) 100vw, 728px\" \/><br \/>\n\u201cVai na f\u00e9! Vai dar certo!\u201d. E \u00e9 acreditando nisso que Sol (Sheron Menezzes) levanta todos os dias antes das seis da manh\u00e3 para trabalhar. Mulher de f\u00e9, m\u00e3e, guerreira, moradora de Piedade, bairro tradicional da Zona Norte do Rio de Janeiro, vendedora de quentinhas no Centro da cidade. Sol \u00e9 como milh\u00f5es de brasileiros que sonham, lutam e correm atr\u00e1s. Sua trajet\u00f3ria d\u00e1 o tom do enredo de &#8220;Vai na F\u00e9&#8221;, pr\u00f3xima novela das 7 da TV Globo, criada e escrita por Rosane Svartman, com dire\u00e7\u00e3o art\u00edstica de Paulo Silvestrini.<\/p>\n<p>&#8220;Temos uma hist\u00f3ria cheia de conflitos, humor, romance, e que trata de temas contempor\u00e2neos que atravessam a vida de todos os personagens: desde os mais jovens aos mais vividos. S\u00e3o dramas que devem entreter, emocionar, fazer a gente torcer e pensar. Nessa novela, temos personagens que acertam e erram, aprendem e erram de novo, mesmo tentando acertar. S\u00e3o personagens humanos, imperfeitos, como n\u00f3s. E a obra fala da esperan\u00e7a, da f\u00e9 e de seguir em frente mesmo em meio \u00e0s adversidades, acreditando num futuro melhor&#8221;, define a autora Rosane Svartman.<\/p>\n<p>Ao lado de Sol nas batalhas do dia a dia est\u00e1 sua fam\u00edlia, formada pela m\u00e3e Marlene (Elisa Lucinda), o marido Carl\u00e3o (Che Moais) e as filhas Duda (Manu Estev\u00e3o) e Jenifer (Bella Campos), a primeira universit\u00e1ria dessa fam\u00edlia multigeracional. Sol canta no coral da igreja desde a inf\u00e2ncia. Na juventude, sem que os pais soubessem, ela frequentava os bailes funks que marcaram os anos 2000 e era conhecida como a princesa do baile, a gata das gatas! Hoje a fam\u00edlia passa por dificuldades financeiras, com Carl\u00e3o desempregado desde a pandemia. E \u00e9 nesse momento que o acaso a faz parar nos palcos.<\/p>\n<p>Sol recebe um convite para trabalhar com Lui Lorenzo (Jos\u00e9 Loreto), um cantor pop e conquistador. Essa reviravolta na vida de Sol faz com que ela reencontre Benjamin (Samuel de Assis), sua paix\u00e3o na juventude, e Theo (Emilio Dantas), de quem guarda m\u00e1s lembran\u00e7as. Casado com Clara (Regiane Alves), Theo \u00e9 um empres\u00e1rio de sucesso que esconde neg\u00f3cios escusos, sem que ningu\u00e9m desconfie. Ben se casou com Lumiar (Carolina Dieckmann) e juntos constru\u00edram uma vida profissional bem-sucedida como advogados criminalistas.<\/p>\n<p>&#8220;Vai na F\u00e9&#8221; tem estreia prevista para janeiro<\/p>\n","protected":false},"excerpt":{"rendered":"<p>Vai na F\u00e9: a pr\u00f3xima novela das sete&#8230;. Vai na f\u00e9! Vai dar certo!\u201d. E \u00e9 acreditando nisso que Sol (Sheron Menezzes) levanta todos os dias antes das seis da manh\u00e3 para trabalhar. Mulher de f\u00e9, m\u00e3e, guerreira, moradora&#8230;. <\/p>\n","protected":false},"author":1,"featured_media":34526,"comment_status":"closed","ping_status":"closed","sticky":false,"template":"","format":"standard","meta":{"_uf_show_specific_survey":0,"_uf_disable_surveys":false,"_jetpack_memberships_contains_paid_content":false,"footnotes":"","_wp_rev_ctl_limit":""},"categories":[358],"tags":[5,64,359],"class_list":["post-34525","post","type-post","status-publish","format-standard","has-post-thumbnail","hentry","category-vai-na-fe","tag-globo","tag-novelas","tag-vai-na-fe","wpcat-358-id"],"aioseo_notices":[],"jetpack_featured_media_url":"https:\/\/i0.wp.com\/www.tvnovelas.com.br\/tvnews\/wp-content\/uploads\/2022\/11\/vainafe01.jpg?fit=728%2C410&ssl=1","jetpack_shortlink":"https:\/\/wp.me\/pdP2BO-8YR","jetpack_sharing_enabled":true,"_links":{"self":[{"href":"https:\/\/www.tvnovelas.com.br\/tvnews\/wp-json\/wp\/v2\/posts\/34525","targetHints":{"allow":["GET"]}}],"collection":[{"href":"https:\/\/www.tvnovelas.com.br\/tvnews\/wp-json\/wp\/v2\/posts"}],"about":[{"href":"https:\/\/www.tvnovelas.com.br\/tvnews\/wp-json\/wp\/v2\/types\/post"}],"author":[{"embeddable":true,"href":"https:\/\/www.tvnovelas.com.br\/tvnews\/wp-json\/wp\/v2\/users\/1"}],"replies":[{"embeddable":true,"href":"https:\/\/www.tvnovelas.com.br\/tvnews\/wp-json\/wp\/v2\/comments?post=34525"}],"version-history":[{"count":0,"href":"https:\/\/www.tvnovelas.com.br\/tvnews\/wp-json\/wp\/v2\/posts\/34525\/revisions"}],"wp:featuredmedia":[{"embeddable":true,"href":"https:\/\/www.tvnovelas.com.br\/tvnews\/wp-json\/wp\/v2\/media\/34526"}],"wp:attachment":[{"href":"https:\/\/www.tvnovelas.com.br\/tvnews\/wp-json\/wp\/v2\/media?parent=34525"}],"wp:term":[{"taxonomy":"category","embeddable":true,"href":"https:\/\/www.tvnovelas.com.br\/tvnews\/wp-json\/wp\/v2\/categories?post=34525"},{"taxonomy":"post_tag","embeddable":true,"href":"https:\/\/www.tvnovelas.com.br\/tvnews\/wp-json\/wp\/v2\/tags?post=34525"}],"curies":[{"name":"wp","href":"https:\/\/api.w.org\/{rel}","templated":true}]}}