{"id":34931,"date":"2022-12-03T12:00:55","date_gmt":"2022-12-03T15:00:55","guid":{"rendered":"https:\/\/www.tvnovelas.com.br\/tvnews\/?p=34931"},"modified":"2022-12-03T14:57:42","modified_gmt":"2022-12-03T17:57:42","slug":"leonardo-se-junta-a-moradores-de-rua-o-que-vem-em-cara-e-coragem-na-semana-5-a-10-12","status":"publish","type":"post","link":"https:\/\/www.tvnovelas.com.br\/tvnews\/leonardo-se-junta-a-moradores-de-rua-o-que-vem-em-cara-e-coragem-na-semana-5-a-10-12\/","title":{"rendered":"Leonardo se junta a moradores de rua. O que vem em Cara e Coragem na semana 5 a 10\/12"},"content":{"rendered":"<p><em>Cara e Coragem na semana 5 a 10\/12<\/em><br \/>\n<img data-recalc-dims=\"1\" decoding=\"async\" class=\"alignnone wp-image-34933 size-full\" title=\"(Foto: Reprodu\u00e7\u00e3o\/TV Globo\/Cara e Coragem)\" src=\"https:\/\/i0.wp.com\/www.tvnovelas.com.br\/tvnews\/wp-content\/uploads\/2022\/12\/35759.jpg?resize=728%2C410&#038;ssl=1\" alt=\"Foto em Cara e Coragem na semana 5 a 10\/12\" width=\"728\" height=\"410\" srcset=\"https:\/\/i0.wp.com\/www.tvnovelas.com.br\/tvnews\/wp-content\/uploads\/2022\/12\/35759.jpg?w=728&amp;ssl=1 728w, https:\/\/i0.wp.com\/www.tvnovelas.com.br\/tvnews\/wp-content\/uploads\/2022\/12\/35759.jpg?resize=678%2C381&amp;ssl=1 678w\" sizes=\"(max-width: 728px) 100vw, 728px\" \/><\/p>\n<blockquote><p>Em Cara e Coragem na semana 5 a 10\/12, Rebeca avisa a Moa que voltar\u00e1 para casa para encontrar provas contra Danilo, Regina e Clarice se enfrentam na SG, Andr\u00e9a arma um encontro entre R\u00f4mulo e Pat, J\u00e9ssica termina o namoro com Renan, Clarice e Martha confrontam Leonardo, Leonardo foge de casa e se junta a moradores de rua&#8230;<\/p><\/blockquote>\n<p><strong>Resumo de segunda-feira, 05 de dezembro<\/strong><br \/>\nRebeca beija Danilo. R\u00f4mulo n\u00e3o nota quando Pat repreende Moa por aparecer no restaurante. Regina tenta convencer Alexei a matar Clarice para eliminar as chances de a empres\u00e1ria atrapalhar os neg\u00f3cios e denunciar o grupo. Margareth procura Jonathan. Marcela provoca Fernanda por causa do flerte que a camel\u00f4 teve com Paulo. Moa pede para \u00cdtalo investigar R\u00f4mulo. Duarte recebe a notifica\u00e7\u00e3o da imobili\u00e1ria para deixar a mans\u00e3o de Bob Wright. Moa encontra Andr\u00e9a. \u00cdtalo e Clarice s\u00e3o observados por um homem mal encarado. Fernanda pergunta por que C\u00e9lia bajula e defende Danilo. Rebeca avisa a Moa que voltar\u00e1 para casa para encontrar provas contra Danilo.<\/p>\n<p><strong>Resumo de ter\u00e7a-feira, 06 de dezembro<\/strong><br \/>\nRebeca e Moa fingem discutir para enganar Danilo. Clarice se insinua para \u00cdtalo. Pat e Moa implicam um com o outro. Anita lembra J\u00e9ssica que ela \u00e9 c\u00famplice de Duarte nos golpes que Bob aplicava. Renan hostiliza \u00cdsis durante a aula, e ela o denuncia para Ol\u00edvia. Regina e Clarice se enfrentam na SG. Clarice manda Luana pegar o celular de Leonardo. Regina discute com o marido. Danilo se oferece para apresentar Alexei a Clarice. Luana consegue guardar o telefone de Leonardo. Rebeca procura documentos no computador de Danilo. R\u00f4mulo pensa em alugar a mans\u00e3o que foi de Bob. Andr\u00e9a questiona Pat sobre sua briga com Moa. Rebeca descobre que o homem no livro da SG \u00e9 av\u00f4 de Danilo. Clarice entrega o telefone de Leonardo para \u00cdtalo.<\/p>\n<p><img data-recalc-dims=\"1\" decoding=\"async\" class=\"alignnone wp-image-34935 size-full\" title=\"(Foto: Reprodu\u00e7\u00e3o\/TV Globo\/Cara e Coragem)\" src=\"https:\/\/i0.wp.com\/www.tvnovelas.com.br\/tvnews\/wp-content\/uploads\/2022\/12\/35759a.jpg?resize=728%2C410&#038;ssl=1\" alt=\"Foto de Danilo em Cara e Coragem \" width=\"728\" height=\"410\" srcset=\"https:\/\/i0.wp.com\/www.tvnovelas.com.br\/tvnews\/wp-content\/uploads\/2022\/12\/35759a.jpg?w=728&amp;ssl=1 728w, https:\/\/i0.wp.com\/www.tvnovelas.com.br\/tvnews\/wp-content\/uploads\/2022\/12\/35759a.jpg?resize=678%2C381&amp;ssl=1 678w\" sizes=\"(max-width: 728px) 100vw, 728px\" \/><br \/>\n<strong>Resumo de quarta-feira, 07 de dezembro<\/strong><br \/>\nClarice confessa a \u00cdtalo e Luana que n\u00e3o est\u00e1 preparada para saber a verdade sobre Leonardo. Rebeca envia para seu e-mail os documentos e a foto do av\u00f4 de Danilo que conseguiu nos arquivos do computador. R\u00f4mulo manda flores para Pat, e Andr\u00e9a l\u00ea o cart\u00e3o. Armandinho sugere que Moa converse com um m\u00e9dico sobre o seu caso. Duarte se declara para Andr\u00e9a e a deixa desconcertada. Todos os bailarinos reclamam do comportamento de Renan para Ol\u00edvia. Andr\u00e9a arma um encontro entre R\u00f4mulo e Pat. O neurologista alerta Moa para uma poss\u00edvel mudan\u00e7a em sua personalidade. Pat avisa a Moa que R\u00f4mulo tamb\u00e9m ir\u00e1 \u00e0 festa de Andr\u00e9a Pratini. Bill, funcion\u00e1rio de \u00cdtalo na empresa de seguran\u00e7a, mostra a Clarice uma conversa que resgatou do celular de Leonardo.<\/p>\n<p><strong>Resumo de quinta-feira, 08 de dezembro<\/strong><br \/>\nClarice fica abalada com o conte\u00fado da conversa de Leonardo, e \u00cdtalo a ampara. Pat comenta com Moa sobre o encontro que teve com Andr\u00e9a. J\u00e9ssica termina o namoro com Renan. Bill afirma a Clarice e \u00cdtalo que n\u00e3o existe nada que incrimine Regina no celular de Leonardo. Renan \u00e9 demitido da companhia de dan\u00e7a e amea\u00e7a Ol\u00edvia. Duarte briga com Renan para defender J\u00e9ssica, mas fica muito machucado. Andr\u00e9a garante a Hugo que n\u00e3o quer mais saber de Duarte, e sim de Moa. Clarice conta para Martha o que descobriu sobre o irm\u00e3o. Regina esconde de Leonardo o que conversou com Alexei sobre Clarice. Pat e Rico acreditam que a mudan\u00e7a no comportamento de Moa tenha a ver com sua amn\u00e9sia. Rebeca mostra para \u00cdtalo todo o material que conseguiu de Danilo. Danilo pede a Luana para ver a escritura das primeiras minas da SG. Clarice e Martha confrontam Leonardo.<\/p>\n<p><img data-recalc-dims=\"1\" decoding=\"async\" class=\"alignnone wp-image-34936 size-full\" title=\"(Foto: Reprodu\u00e7\u00e3o\/TV Globo\/Cara e Coragem)\" src=\"https:\/\/i0.wp.com\/www.tvnovelas.com.br\/tvnews\/wp-content\/uploads\/2022\/12\/35759b.jpg?resize=728%2C410&#038;ssl=1\" alt=\"Foto de C\u00e9lia em Cara e Coragem \" width=\"728\" height=\"410\" srcset=\"https:\/\/i0.wp.com\/www.tvnovelas.com.br\/tvnews\/wp-content\/uploads\/2022\/12\/35759b.jpg?w=728&amp;ssl=1 728w, https:\/\/i0.wp.com\/www.tvnovelas.com.br\/tvnews\/wp-content\/uploads\/2022\/12\/35759b.jpg?resize=678%2C381&amp;ssl=1 678w\" sizes=\"(max-width: 728px) 100vw, 728px\" \/><br \/>\n<strong>Resumo de sexta-feira, 09 de dezembro<\/strong><br \/>\nClarice questiona Leonardo sobre as amea\u00e7as que recebia antes de a f\u00f3rmula ser conclu\u00edda. Rebeca mostra a foto do av\u00f4 de Danilo para \u00cdtalo, que fica curioso. Clarice pede que Leonardo se entregue \u00e0 pol\u00edcia. J\u00e9ssica acolhe Duarte ao saber o que ele fez por ela. Ol\u00edvia faz insinua\u00e7\u00f5es sobre ter outro filho, e Alfredo fica incomodado. Clarice revela a Luana que entregou as escrituras das minas para uma pessoa de sua confian\u00e7a. Rebeca questiona Danilo sobre sua amizade com a fam\u00edlia Gusm\u00e3o. Enzo vai ao jantar de Andr\u00e9a acompanhado, e Hugo fica frustrado. Moa confirma para Ad\u00e9lia que est\u00e1 com ci\u00fames de Pat. Pat aceita as investidas de R\u00f4mulo. J\u00e9ssica fala para Anita que teme encontrar com Renan. Regina conta para Danilo sobre o sumi\u00e7o de Leonardo. Leonardo se junta \u00e0s pessoas em situa\u00e7\u00e3o de rua. Renan procura Lou. Clarice descobre que as escrituras que guardou na caixa que deixou com Anita sumiram.<\/p>\n<p><strong>Resumo de s\u00e1bado, 10 de dezembro<\/strong><br \/>\nAnita afirma a Clarice que n\u00e3o mexeu no conte\u00fado da caixa. Renan pede que Lou o ajude a voltar para a Companhia de Dan\u00e7a. Moa fica abalado quando Pat fala sobre R\u00f4mulo. Kak\u00e1 expulsa Renan da Coragem.com. Luana avisa a Clarice sobre o sumi\u00e7o de Leonardo. Regina cobra de Alexei o pedido que fez a ele sobre Clarice. Leonardo entrega uma roupa sua para uma pessoa em situa\u00e7\u00e3o de rua. Moa trata Pat com frieza, e todos estranham o comportamento do dubl\u00ea. Martha implora que \u00cdtalo a ajude a encontrar Leonardo. Danilo reclama com Clarice sobre a falta de informa\u00e7\u00f5es dispon\u00edveis da SG. \u00cdtalo sup\u00f5e que Leonardo tenha fugido, e Martha se preocupa. Andr\u00e9a e as mulheres do grupo de apoio abordam C\u00e9lia na rua e a questionam sobre o golpe em Rebeca. Clarice discute com Regina. Milton leva Andr\u00e9a at\u00e9 sua casa para ficar com Moa, Chiquinho, Soss\u00f4 e Gui. Pat e R\u00f4mulo se beijam. Alfredo fala para Ol\u00edvia que fez vasectomia, e ela o questiona sobre o nascimento de Soss\u00f4.<br \/>\n<strong>\u00daltimas not\u00edcias de &#8216;Cara e Coragem&#8217;:<\/strong><br \/>\n<div class=\"pt-cv-wrapper\"><div class=\"pt-cv-view pt-cv-grid pt-cv-colsys\" id=\"pt-cv-view-02684292u5\"><div data-id=\"pt-cv-page-1\" class=\"pt-cv-page\" data-cvc=\"1\"><div class=\"col-md-12 col-sm-12 col-xs-12 pt-cv-content-item pt-cv-1-col\" ><div class='pt-cv-ifield'><h4 class=\"pt-cv-title\"><a href=\"https:\/\/www.tvnovelas.com.br\/tvnews\/cara-e-coragem-clarice-e-italo-se-casam\/\" class=\"_blank\" target=\"_blank\" >Cara e Coragem: Clarice e \u00cdtalo se casam<\/a><\/h4><\/div><\/div>\n<div class=\"col-md-12 col-sm-12 col-xs-12 pt-cv-content-item pt-cv-1-col\" ><div class='pt-cv-ifield'><h4 class=\"pt-cv-title\"><a href=\"https:\/\/www.tvnovelas.com.br\/tvnews\/cara-e-coragem-danilo-e-regina-pegam-30-anos-de-prisao\/\" class=\"_blank\" target=\"_blank\" >Cara e Coragem: Danilo e Regina pegam 30 anos de pris\u00e3o<\/a><\/h4><\/div><\/div>\n<div class=\"col-md-12 col-sm-12 col-xs-12 pt-cv-content-item pt-cv-1-col\" ><div class='pt-cv-ifield'><h4 class=\"pt-cv-title\"><a href=\"https:\/\/www.tvnovelas.com.br\/tvnews\/cara-e-coragem-danilo-sequestra-sosso-e-chiquinho\/\" class=\"_blank\" target=\"_blank\" >Cara e Coragem: Danilo sequestra Soss\u00f4 e Chiquinho<\/a><\/h4><\/div><\/div>\n<div class=\"col-md-12 col-sm-12 col-xs-12 pt-cv-content-item pt-cv-1-col\" ><div class='pt-cv-ifield'><h4 class=\"pt-cv-title\"><a href=\"https:\/\/www.tvnovelas.com.br\/tvnews\/cara-e-coragem-regina-mata-um-na-casa-dos-gusmao\/\" class=\"_blank\" target=\"_blank\" >Cara e Coragem: Regina mata um na casa dos Gusm\u00e3o<\/a><\/h4><\/div><\/div><\/div><\/div><\/div><br \/>\n<strong style=\"font-size: 120%;\">\u00daltimas not\u00edcias deste canal:<\/strong><br \/>\n<div class=\"pt-cv-wrapper\"><div class=\"pt-cv-view pt-cv-grid pt-cv-colsys\" id=\"pt-cv-view-90991035b3\"><div data-id=\"pt-cv-page-1\" class=\"pt-cv-page\" data-cvc=\"1\"><div class=\"col-md-12 col-sm-12 col-xs-12 pt-cv-content-item pt-cv-1-col\" ><div class='pt-cv-ifield'><h4 class=\"pt-cv-title\"><a href=\"https:\/\/www.tvnovelas.com.br\/tvnews\/guerra-das-rosas-omer-chama-gulru-vestida-de-noiva-para-fugir\/\" class=\"_self\" target=\"_self\" >Guerra das Rosas: Omer chama Gulru vestida de noiva para fugir<\/a><\/h4><\/div><\/div>\n<div class=\"col-md-12 col-sm-12 col-xs-12 pt-cv-content-item pt-cv-1-col\" ><div class='pt-cv-ifield'><h4 class=\"pt-cv-title\"><a href=\"https:\/\/www.tvnovelas.com.br\/tvnews\/coracao-de-mae-reha-sai-para-jantar-com-selvi\/\" class=\"_self\" target=\"_self\" >Cora\u00e7\u00e3o de M\u00e3e: Reha sai para jantar com Selvi<\/a><\/h4><\/div><\/div>\n<div class=\"col-md-12 col-sm-12 col-xs-12 pt-cv-content-item pt-cv-1-col\" ><div class='pt-cv-ifield'><h4 class=\"pt-cv-title\"><a href=\"https:\/\/www.tvnovelas.com.br\/tvnews\/coracao-acelerado-zila-se-preocupa-com-sua-situacao-apos-separacao\/\" class=\"_self\" target=\"_self\" >Cora\u00e7\u00e3o Acelerado: Zil\u00e1 se preocupa com sua situa\u00e7\u00e3o ap\u00f3s separa\u00e7\u00e3o<\/a><\/h4><\/div><\/div>\n<div class=\"col-md-12 col-sm-12 col-xs-12 pt-cv-content-item pt-cv-1-col\" ><div class='pt-cv-ifield'><h4 class=\"pt-cv-title\"><a href=\"https:\/\/www.tvnovelas.com.br\/tvnews\/a-nobreza-do-amor-tonho-nao-se-curva-diante-de-mirinho\/\" class=\"_self\" target=\"_self\" >A Nobreza do Amor: Tonho n\u00e3o se curva diante de Mirinho<\/a><\/h4><\/div><\/div>\n<div class=\"col-md-12 col-sm-12 col-xs-12 pt-cv-content-item pt-cv-1-col\" ><div class='pt-cv-ifield'><h4 class=\"pt-cv-title\"><a href=\"https:\/\/www.tvnovelas.com.br\/tvnews\/tres-gracas-arminda-surta-ao-confirmar-que-ferette-e-pai-de-raul\/\" class=\"_self\" target=\"_self\" >Tr\u00eas Gra\u00e7as:  Arminda surta ao confirmar que Ferette \u00e9 pai de Raul<\/a><\/h4><\/div><\/div>\n<div class=\"col-md-12 col-sm-12 col-xs-12 pt-cv-content-item pt-cv-1-col\" ><div class='pt-cv-ifield'><h4 class=\"pt-cv-title\"><a href=\"https:\/\/www.tvnovelas.com.br\/tvnews\/coracao-de-mae-atilla-confronta-hasan-e-exige-o-divorcio-de-lale\/\" class=\"_self\" target=\"_self\" >Cora\u00e7\u00e3o de M\u00e3e: Atilla confronta Hasan e exige o div\u00f3rcio de Lale<\/a><\/h4><\/div><\/div>\n<div class=\"col-md-12 col-sm-12 col-xs-12 pt-cv-content-item pt-cv-1-col\" ><div class='pt-cv-ifield'><h4 class=\"pt-cv-title\"><a href=\"https:\/\/www.tvnovelas.com.br\/tvnews\/guerra-das-rosas-gulfem-coloca-gulru-contra-a-parede\/\" class=\"_self\" target=\"_self\" >Guerra das Rosas: Gulfem coloca Gulru contra a parede<\/a><\/h4><\/div><\/div>\n<div class=\"col-md-12 col-sm-12 col-xs-12 pt-cv-content-item pt-cv-1-col\" ><div class='pt-cv-ifield'><h4 class=\"pt-cv-title\"><a href=\"https:\/\/www.tvnovelas.com.br\/tvnews\/coracao-de-mae-atilla-diz-a-lale-que-quer-o-divorcio\/\" class=\"_self\" target=\"_self\" >Cora\u00e7\u00e3o de M\u00e3e: Atilla diz a Lale que quer o div\u00f3rcio<\/a><\/h4><\/div><\/div>\n<div class=\"col-md-12 col-sm-12 col-xs-12 pt-cv-content-item pt-cv-1-col\" ><div class='pt-cv-ifield'><h4 class=\"pt-cv-title\"><a href=\"https:\/\/www.tvnovelas.com.br\/tvnews\/a-nobreza-do-amor-mirinho-garante-noivado-com-virginia-para-atrair-sogro-a-negocio\/\" class=\"_self\" target=\"_self\" >A Nobreza do Amor: Mirinho garante noivado com Virg\u00ednia para atrair sogro a neg\u00f3cio<\/a><\/h4><\/div><\/div>\n<div class=\"col-md-12 col-sm-12 col-xs-12 pt-cv-content-item pt-cv-1-col\" ><div class='pt-cv-ifield'><h4 class=\"pt-cv-title\"><a href=\"https:\/\/www.tvnovelas.com.br\/tvnews\/tres-gracas-joaquim-propoe-fuga-a-arminda-com-o-dinheiro-das-tres-gracas\/\" class=\"_self\" target=\"_self\" >Tr\u00eas Gra\u00e7as:  Joaquim prop\u00f5e fuga a Arminda com o dinheiro das Tr\u00eas Gra\u00e7as<\/a><\/h4><\/div><\/div><\/div><\/div><\/div><br \/>\n<a href=\"https:\/\/www.tvnovelas.com.br\/novelas\/\"><strong>Confira os resumos da semana de todas novelas<\/strong><\/a><br \/>\n<a href=\"http:\/\/tvnovelas.com.br\/filmes\" target=\"_blank\" rel=\"noopener\">Veja tamb\u00e9m: Todas as telas: filmes e s\u00e9ries nos streamings<\/a><\/p>\n<h3>Confira tamb\u00e9m<\/h3>\n<p><a href=\"https:\/\/www.tvnovelas.com.br\/filmes\/\" target=\"_blank\" rel=\"noopener noreferrer\"><strong>Programa\u00e7\u00e3o de filmes na TV aberta<\/strong><\/a><br \/>\n<a href=\"https:\/\/tvnovelas.com.br\/filmes\/filmes-e-series-ineditos-em-estreia-na-semana-na-netflix\/\" target=\"_blank\" rel=\"noopener noreferrer\"><strong>Estreias da semana na Netflix<\/strong><\/a><br \/>\n<a href=\"https:\/\/caetenews.com.br\/semana\/filmes-da-globo-na-sessao-da-tarde-desta-semana\/\" target=\"_blank\" rel=\"noopener\"><strong>Confira os filmes da semana na Sess\u00e3o da Tarde<\/strong><\/a><br \/>\n<a href=\"\/\/tvnovelas.com.br\/filmes\/filmes-em-estreia-nos-cinemas\/\" target=\"_blank\" rel=\"noopener noreferrer\"><strong>Estreias e novidades no Cinema<\/strong><\/a><br \/>\n<a href=\"https:\/\/www.tvnovelas.com.br\/novelas\/\" target=\"_blank\" rel=\"noopener noreferrer\"><strong>Resumos de novelas<\/strong><\/a><\/p>\n","protected":false},"excerpt":{"rendered":"<p>Em Cara e Coragem na semana 5 a 10\/12, Rebeca avisa a Moa que voltar\u00e1 para casa para encontrar provas contra Danilo, Regina e Clarice se enfrentam na SG, Andr\u00e9a arma um encontro entre R\u00f4mulo e Pat, J\u00e9ssica termina o namoro com Renan, Clarice e Martha confrontam Leonardo, \ud835\udc0b\ud835\udc1e\ud835\udc28\ud835\udc27\ud835\udc1a\ud835\udc2b\ud835\udc1d\ud835\udc28 \ud835\udc2c\ud835\udc28\ud835\udc26\ud835\udc1e \ud835\udc1e  \ud835\udc2c\ud835\udc1e \ud835\udc23\ud835\udc2e\ud835\udc27\ud835\udc2d\ud835\udc1a \ud835\udc1a \ud835\udc26\ud835\udc28\ud835\udc2b\ud835\udc1a\ud835\udc1d\ud835\udc28\ud835\udc2b\ud835\udc1e\ud835\udc2c \ud835\udc1d\ud835\udc1e \ud835\udc2b\ud835\udc2e\ud835\udc1a&#8230;<\/p>\n","protected":false},"author":1,"featured_media":34933,"comment_status":"closed","ping_status":"closed","sticky":false,"template":"","format":"standard","meta":{"_uf_show_specific_survey":0,"_uf_disable_surveys":false,"_jetpack_memberships_contains_paid_content":false,"footnotes":"","_wp_rev_ctl_limit":""},"categories":[314],"tags":[315,5,64],"class_list":["post-34931","post","type-post","status-publish","format-standard","has-post-thumbnail","hentry","category-cara-e-coragem","tag-cara-e-coragem","tag-globo","tag-novelas","wpcat-314-id"],"aioseo_notices":[],"jetpack_featured_media_url":"https:\/\/i0.wp.com\/www.tvnovelas.com.br\/tvnews\/wp-content\/uploads\/2022\/12\/35759.jpg?fit=728%2C410&ssl=1","jetpack_shortlink":"https:\/\/wp.me\/pdP2BO-95p","jetpack_sharing_enabled":true,"_links":{"self":[{"href":"https:\/\/www.tvnovelas.com.br\/tvnews\/wp-json\/wp\/v2\/posts\/34931","targetHints":{"allow":["GET"]}}],"collection":[{"href":"https:\/\/www.tvnovelas.com.br\/tvnews\/wp-json\/wp\/v2\/posts"}],"about":[{"href":"https:\/\/www.tvnovelas.com.br\/tvnews\/wp-json\/wp\/v2\/types\/post"}],"author":[{"embeddable":true,"href":"https:\/\/www.tvnovelas.com.br\/tvnews\/wp-json\/wp\/v2\/users\/1"}],"replies":[{"embeddable":true,"href":"https:\/\/www.tvnovelas.com.br\/tvnews\/wp-json\/wp\/v2\/comments?post=34931"}],"version-history":[{"count":0,"href":"https:\/\/www.tvnovelas.com.br\/tvnews\/wp-json\/wp\/v2\/posts\/34931\/revisions"}],"wp:featuredmedia":[{"embeddable":true,"href":"https:\/\/www.tvnovelas.com.br\/tvnews\/wp-json\/wp\/v2\/media\/34933"}],"wp:attachment":[{"href":"https:\/\/www.tvnovelas.com.br\/tvnews\/wp-json\/wp\/v2\/media?parent=34931"}],"wp:term":[{"taxonomy":"category","embeddable":true,"href":"https:\/\/www.tvnovelas.com.br\/tvnews\/wp-json\/wp\/v2\/categories?post=34931"},{"taxonomy":"post_tag","embeddable":true,"href":"https:\/\/www.tvnovelas.com.br\/tvnews\/wp-json\/wp\/v2\/tags?post=34931"}],"curies":[{"name":"wp","href":"https:\/\/api.w.org\/{rel}","templated":true}]}}