{"id":35366,"date":"2022-12-14T08:59:00","date_gmt":"2022-12-14T11:59:00","guid":{"rendered":"https:\/\/www.tvnovelas.com.br\/tvnews\/?p=35366"},"modified":"2022-12-14T08:59:00","modified_gmt":"2022-12-14T11:59:00","slug":"cara-e-coragem-rebeca-descobre-que-danilo-esta-por-tras-da-farsa-de-celia","status":"publish","type":"post","link":"https:\/\/www.tvnovelas.com.br\/tvnews\/cara-e-coragem-rebeca-descobre-que-danilo-esta-por-tras-da-farsa-de-celia\/","title":{"rendered":"Cara e Coragem: Rebeca descobre que Danilo est\u00e1 por tr\u00e1s da farsa de C\u00e9lia"},"content":{"rendered":"<p><em>Not\u00edcias de Cara e Coragem: Rebeca descobre que Danilo<\/em><br \/>\n<img data-recalc-dims=\"1\" decoding=\"async\" class=\"alignnone wp-image-35367 size-full\" title=\"(Foto: TV Globo\/Cara e Coragem)\" src=\"https:\/\/i0.wp.com\/www.tvnovelas.com.br\/tvnews\/wp-content\/uploads\/2022\/12\/35893.jpg?resize=728%2C411&#038;ssl=1\" alt=\"Foto em Cara e Coragem: Rebeca descobre que Danilo\" width=\"728\" height=\"411\" \/><br \/>\nFoi um baque para Rebeca (Mariana Santos) descobrir que C\u00e9lia (Stella Freitas) n\u00e3o \u00e9 a sua m\u00e3e, e mais chocada ela fica quando sabe que foi Danilo (Ricardo Pereira) quem armou toda a farsa.<\/p>\n<p>Rebeca foi avisada pelas mulheres de terninho laranja que C\u00e9lia mentiu e cobra explica\u00e7\u00f5es da copeira. C\u00e9lia, que j\u00e1 se afei\u00e7oou a Rebeca, inventa um chilique para ganhar tempo, mas isso n\u00e3o impressiona a loira. C\u00e9lia, ent\u00e3o, assume parte da culpa:<\/p>\n<p>&#8220;Eu achei que voc\u00ea tinha chegado pra mim por um motivo, que era a vida me trazendo outra filha. Eu n\u00e3o entrei nisso por dinheiro. Fiz por ego\u00edsmo, talvez&#8230; Voc\u00ea preencheu esse buraco dentro de mim que a minha filha deixou.&#8221;<\/p>\n<p>Rebeca comenta que aprendeu a am\u00e1-la, e que mesmo o resultado do exame sendo falso, o amor por ela \u00e9 verdadeiro, por\u00e9m n\u00e3o pode construir a felicidade em cima de uma mentira.<\/p>\n<p>Temerosa, C\u00e9lia procura Danilo e diz a ele que Rebeca est\u00e1 ciente de tudo, mas n\u00e3o o acusou. O vil\u00e3o respira aliviado, mas \u00e9 por pouco tempo.<\/p>\n<p>Munida de novos documentos, inclusive, uma prova que foi Danilo quem transferiu dinheiro ao respons\u00e1vel pelo laborat\u00f3rio onde foi feito o DNA, a loira confronta o marido:<\/p>\n<p>&#8220;Voc\u00ea pode me explicar por que depositou uma quantia t\u00e3o generosa pro funcion\u00e1rio do laborat\u00f3rio onde a C\u00e9lia e eu fizemos o exame de DNA?&#8221;<br \/>\n<a href=\"https:\/\/www.tvnovelas.com.br\/novelas\/resumos-de-cara-e-coragem\/\">Confira os resumos da semana de Cara e Coragem<\/a><br \/>\n<strong>\u00daltimas not\u00edcias de &#8216;Cara e Coragem&#8217;:<\/strong><br \/>\n<div class=\"pt-cv-wrapper\"><div class=\"pt-cv-view pt-cv-grid pt-cv-colsys\" id=\"pt-cv-view-02684292u5\"><div data-id=\"pt-cv-page-1\" class=\"pt-cv-page\" data-cvc=\"1\"><div class=\"col-md-12 col-sm-12 col-xs-12 pt-cv-content-item pt-cv-1-col\" ><div class='pt-cv-ifield'><h4 class=\"pt-cv-title\"><a href=\"https:\/\/www.tvnovelas.com.br\/tvnews\/cara-e-coragem-clarice-e-italo-se-casam\/\" class=\"_blank\" target=\"_blank\" >Cara e Coragem: Clarice e \u00cdtalo se casam<\/a><\/h4><\/div><\/div>\n<div class=\"col-md-12 col-sm-12 col-xs-12 pt-cv-content-item pt-cv-1-col\" ><div class='pt-cv-ifield'><h4 class=\"pt-cv-title\"><a href=\"https:\/\/www.tvnovelas.com.br\/tvnews\/cara-e-coragem-danilo-e-regina-pegam-30-anos-de-prisao\/\" class=\"_blank\" target=\"_blank\" >Cara e Coragem: Danilo e Regina pegam 30 anos de pris\u00e3o<\/a><\/h4><\/div><\/div>\n<div class=\"col-md-12 col-sm-12 col-xs-12 pt-cv-content-item pt-cv-1-col\" ><div class='pt-cv-ifield'><h4 class=\"pt-cv-title\"><a href=\"https:\/\/www.tvnovelas.com.br\/tvnews\/cara-e-coragem-danilo-sequestra-sosso-e-chiquinho\/\" class=\"_blank\" target=\"_blank\" >Cara e Coragem: Danilo sequestra Soss\u00f4 e Chiquinho<\/a><\/h4><\/div><\/div>\n<div class=\"col-md-12 col-sm-12 col-xs-12 pt-cv-content-item pt-cv-1-col\" ><div class='pt-cv-ifield'><h4 class=\"pt-cv-title\"><a href=\"https:\/\/www.tvnovelas.com.br\/tvnews\/cara-e-coragem-regina-mata-um-na-casa-dos-gusmao\/\" class=\"_blank\" target=\"_blank\" >Cara e Coragem: Regina mata um na casa dos Gusm\u00e3o<\/a><\/h4><\/div><\/div><\/div><\/div><\/div><br \/>\n<strong style=\"font-size: 120%;\">\u00daltimas not\u00edcias deste canal:<\/strong><br \/>\n<div class=\"pt-cv-wrapper\"><div class=\"pt-cv-view pt-cv-grid pt-cv-colsys\" id=\"pt-cv-view-90991035b3\"><div data-id=\"pt-cv-page-1\" class=\"pt-cv-page\" data-cvc=\"1\"><div class=\"col-md-12 col-sm-12 col-xs-12 pt-cv-content-item pt-cv-1-col\" ><div class='pt-cv-ifield'><h4 class=\"pt-cv-title\"><a href=\"https:\/\/www.tvnovelas.com.br\/tvnews\/o-que-se-passa-em-guerra-das-rosas-na-semana-04-a-08-de-maio\/\" class=\"_self\" target=\"_self\" >O que se passa em Guerra das Rosas na semana 04 a 08 de maio<\/a><\/h4><\/div><\/div>\n<div class=\"col-md-12 col-sm-12 col-xs-12 pt-cv-content-item pt-cv-1-col\" ><div class='pt-cv-ifield'><h4 class=\"pt-cv-title\"><a href=\"https:\/\/www.tvnovelas.com.br\/tvnews\/a-nobreza-do-amor-kenia-desmaia-apos-ser-abandonada-pelo-noivo\/\" class=\"_self\" target=\"_self\" >A Nobreza do Amor: K\u00eania desmaia ap\u00f3s ser &#8216;abandonada&#8217; pelo noivo<\/a><\/h4><\/div><\/div>\n<div class=\"col-md-12 col-sm-12 col-xs-12 pt-cv-content-item pt-cv-1-col\" ><div class='pt-cv-ifield'><h4 class=\"pt-cv-title\"><a href=\"https:\/\/www.tvnovelas.com.br\/tvnews\/tres-gracas-arminda-sugere-a-ferette-matar-a-bebe-de-joelly\/\" class=\"_self\" target=\"_self\" >Tr\u00eas Gra\u00e7as: Arminda sugere a Ferette matar a beb\u00ea de Jo\u00e9lly<\/a><\/h4><\/div><\/div>\n<div class=\"col-md-12 col-sm-12 col-xs-12 pt-cv-content-item pt-cv-1-col\" ><div class='pt-cv-ifield'><h4 class=\"pt-cv-title\"><a href=\"https:\/\/www.tvnovelas.com.br\/tvnews\/em-a-nobreza-do-amor-na-semana-04-a-09-de-maio\/\" class=\"_self\" target=\"_self\" >Em A Nobreza do Amor na semana 04 a 09 de maio<\/a><\/h4><\/div><\/div>\n<div class=\"col-md-12 col-sm-12 col-xs-12 pt-cv-content-item pt-cv-1-col\" ><div class='pt-cv-ifield'><h4 class=\"pt-cv-title\"><a href=\"https:\/\/www.tvnovelas.com.br\/tvnews\/o-que-acontece-em-tres-gracas-na-semana-04-a-09-de-maio\/\" class=\"_self\" target=\"_self\" >O que acontece em Tr\u00eas Gra\u00e7as na semana 04 a 09 de maio<\/a><\/h4><\/div><\/div>\n<div class=\"col-md-12 col-sm-12 col-xs-12 pt-cv-content-item pt-cv-1-col\" ><div class='pt-cv-ifield'><h4 class=\"pt-cv-title\"><a href=\"https:\/\/www.tvnovelas.com.br\/tvnews\/coracao-de-mae-reha-entra-em-panico-com-a-prisao-de-adnan\/\" class=\"_self\" target=\"_self\" >Cora\u00e7\u00e3o de M\u00e3e: Reha entra em p\u00e2nico com a pris\u00e3o de Adnan<\/a><\/h4><\/div><\/div>\n<div class=\"col-md-12 col-sm-12 col-xs-12 pt-cv-content-item pt-cv-1-col\" ><div class='pt-cv-ifield'><h4 class=\"pt-cv-title\"><a href=\"https:\/\/www.tvnovelas.com.br\/tvnews\/guerra-das-rosas-mert-sequestra-gulru\/\" class=\"_self\" target=\"_self\" >Guerra das Rosas: Mert sequestra Gulru<\/a><\/h4><\/div><\/div>\n<div class=\"col-md-12 col-sm-12 col-xs-12 pt-cv-content-item pt-cv-1-col\" ><div class='pt-cv-ifield'><h4 class=\"pt-cv-title\"><a href=\"https:\/\/www.tvnovelas.com.br\/tvnews\/a-nobreza-do-amor-resistencia-sequestra-noivo-de-kenia-e-o-despacha-de-batanga\/\" class=\"_self\" target=\"_self\" >A Nobreza do Amor: Resist\u00eancia sequestra noivo de K\u00eania e o despacha de Batanga<\/a><\/h4><\/div><\/div>\n<div class=\"col-md-12 col-sm-12 col-xs-12 pt-cv-content-item pt-cv-1-col\" ><div class='pt-cv-ifield'><h4 class=\"pt-cv-title\"><a href=\"https:\/\/www.tvnovelas.com.br\/tvnews\/tres-gracas-joelly-e-gerluce-descobrem-que-filha-de-lena-e-a-bebe-roubada\/\" class=\"_self\" target=\"_self\" >Tr\u00eas Gra\u00e7as: Jo\u00e9lly e Gerluce descobrem que filha de Lena \u00e9 a beb\u00ea roubada<\/a><\/h4><\/div><\/div>\n<div class=\"col-md-12 col-sm-12 col-xs-12 pt-cv-content-item pt-cv-1-col\" ><div class='pt-cv-ifield'><h4 class=\"pt-cv-title\"><a href=\"https:\/\/www.tvnovelas.com.br\/tvnews\/em-coracao-de-mae-nos-proximos-capitulos-04-a-08-5\/\" class=\"_self\" target=\"_self\" >Em Cora\u00e7\u00e3o de M\u00e3e nos pr\u00f3ximos cap\u00edtulos (04 a 08\/5)<\/a><\/h4><\/div><\/div><\/div><\/div><\/div><br \/>\n<a href=\"https:\/\/www.tvnovelas.com.br\/novelas\/\"><strong>Confira os resumos da semana de todas novelas<\/strong><\/a><br \/>\n<a href=\"http:\/\/tvnovelas.com.br\/filmes\" target=\"_blank\" rel=\"noopener\">Veja tamb\u00e9m: Todas as telas: filmes e s\u00e9ries nos streamings<\/a><\/p>\n<h3>Confira tamb\u00e9m<\/h3>\n<p><a href=\"https:\/\/www.tvnovelas.com.br\/filmes\/\" target=\"_blank\" rel=\"noopener noreferrer\"><strong>Programa\u00e7\u00e3o de filmes na TV aberta<\/strong><\/a><br \/>\n<a href=\"https:\/\/tvnovelas.com.br\/filmes\/filmes-e-series-ineditos-em-estreia-na-semana-na-netflix\/\" target=\"_blank\" rel=\"noopener noreferrer\"><strong>Estreias da semana na Netflix<\/strong><\/a><br \/>\n<a href=\"https:\/\/caetenews.com.br\/semana\/filmes-da-globo-na-sessao-da-tarde-desta-semana\/\" target=\"_blank\" rel=\"noopener\"><strong>Confira os filmes da semana na Sess\u00e3o da Tarde<\/strong><\/a><br \/>\n<a href=\"\/\/tvnovelas.com.br\/filmes\/filmes-em-estreia-nos-cinemas\/\" target=\"_blank\" rel=\"noopener noreferrer\"><strong>Estreias e novidades no Cinema<\/strong><\/a><br \/>\n<a href=\"https:\/\/www.tvnovelas.com.br\/novelas\/\" target=\"_blank\" rel=\"noopener noreferrer\"><strong>Resumos de novelas<\/strong><\/a><\/p>\n","protected":false},"excerpt":{"rendered":"<p>Cara e Coragem: Rebeca descobre que Danilo&#8230; Foi um baque para Rebeca (Mariana Santos) descobrir que C\u00e9lia (Stella Freitas) n\u00e3o \u00e9 a sua m\u00e3e, e mais chocada ela fica quando sabe&#8230;<\/p>\n","protected":false},"author":1,"featured_media":35367,"comment_status":"closed","ping_status":"closed","sticky":false,"template":"","format":"standard","meta":{"_uf_show_specific_survey":0,"_uf_disable_surveys":false,"_jetpack_memberships_contains_paid_content":false,"footnotes":"","_wp_rev_ctl_limit":""},"categories":[314],"tags":[315,5,64],"class_list":["post-35366","post","type-post","status-publish","format-standard","has-post-thumbnail","hentry","category-cara-e-coragem","tag-cara-e-coragem","tag-globo","tag-novelas","wpcat-314-id"],"aioseo_notices":[],"jetpack_featured_media_url":"https:\/\/i0.wp.com\/www.tvnovelas.com.br\/tvnews\/wp-content\/uploads\/2022\/12\/35893.jpg?fit=728%2C411&ssl=1","jetpack_shortlink":"https:\/\/wp.me\/pdP2BO-9cq","jetpack_sharing_enabled":true,"_links":{"self":[{"href":"https:\/\/www.tvnovelas.com.br\/tvnews\/wp-json\/wp\/v2\/posts\/35366","targetHints":{"allow":["GET"]}}],"collection":[{"href":"https:\/\/www.tvnovelas.com.br\/tvnews\/wp-json\/wp\/v2\/posts"}],"about":[{"href":"https:\/\/www.tvnovelas.com.br\/tvnews\/wp-json\/wp\/v2\/types\/post"}],"author":[{"embeddable":true,"href":"https:\/\/www.tvnovelas.com.br\/tvnews\/wp-json\/wp\/v2\/users\/1"}],"replies":[{"embeddable":true,"href":"https:\/\/www.tvnovelas.com.br\/tvnews\/wp-json\/wp\/v2\/comments?post=35366"}],"version-history":[{"count":0,"href":"https:\/\/www.tvnovelas.com.br\/tvnews\/wp-json\/wp\/v2\/posts\/35366\/revisions"}],"wp:featuredmedia":[{"embeddable":true,"href":"https:\/\/www.tvnovelas.com.br\/tvnews\/wp-json\/wp\/v2\/media\/35367"}],"wp:attachment":[{"href":"https:\/\/www.tvnovelas.com.br\/tvnews\/wp-json\/wp\/v2\/media?parent=35366"}],"wp:term":[{"taxonomy":"category","embeddable":true,"href":"https:\/\/www.tvnovelas.com.br\/tvnews\/wp-json\/wp\/v2\/categories?post=35366"},{"taxonomy":"post_tag","embeddable":true,"href":"https:\/\/www.tvnovelas.com.br\/tvnews\/wp-json\/wp\/v2\/tags?post=35366"}],"curies":[{"name":"wp","href":"https:\/\/api.w.org\/{rel}","templated":true}]}}