{"id":35620,"date":"2022-12-20T09:07:13","date_gmt":"2022-12-20T12:07:13","guid":{"rendered":"https:\/\/www.tvnovelas.com.br\/tvnews\/?p=35620"},"modified":"2022-12-20T09:18:07","modified_gmt":"2022-12-20T12:18:07","slug":"cara-e-coragem-danilo-vira-presidente-da-sg","status":"publish","type":"post","link":"https:\/\/www.tvnovelas.com.br\/tvnews\/cara-e-coragem-danilo-vira-presidente-da-sg\/","title":{"rendered":"Cara e Coragem: Danilo vira presidente da SG"},"content":{"rendered":"<p><em>Not\u00edcias de Cara e Coragem: Danilo vira presidente da SG<\/em><br \/>\n<img data-recalc-dims=\"1\" decoding=\"async\" class=\"alignnone wp-image-35621 size-full\" title=\"(Foto: TV Globo\/Cara e Coragem)\" src=\"https:\/\/i0.wp.com\/www.tvnovelas.com.br\/tvnews\/wp-content\/uploads\/2022\/12\/35670.jpg?resize=728%2C411&#038;ssl=1\" alt=\"Foto em Cara e Coragem: Danilo vira presidente da SG...\" width=\"728\" height=\"411\" \/><br \/>\nA manobra de Danilo (Ricardo Pereira) d\u00e1 certo e ele \u00e9 eleito o novo presidente da SG, ocupando o lugar de Clarice (Ta\u00eds Araujo). O empres\u00e1rio comemora a vit\u00f3ria com Regina (Mel Lisboa), mas <a href=\"https:\/\/wp.me\/pdP2BO-9gz\" rel=\"noopener\" target=\"_blank\">a vil\u00e3 leva um golpe daqueles de Leo<\/a> (\u00cdcaro Silva): ela perde todo o dinheiro que tinha com o marido em uma conta no exterior.<\/p>\n<p>Os acionistas votam em Danilo, que destitui Clarice e faz quest\u00e3o de espezinh\u00e1-la:<\/p>\n<p>&#8220;Tenha grandeza e reconhe\u00e7a uma derrota, Clarice. Eles votaram para eu assumir a presid\u00eancia por um \u00fanico motivo: voc\u00ea vive em perigo, gera instabilidade pros neg\u00f3cios. \u00c9 uma amea\u00e7a pra SG.&#8221;<\/p>\n<p>Clarice rebate que o empres\u00e1rio \u00e9, sim, uma amea\u00e7a real \u00e0 empresa, tomando-a de forma obscura, e garante que vai provar que ele n\u00e3o \u00e9 nem nunca foi herdeiro.<\/p>\n<p>Regina aproveita o momento e d\u00e1 uma alfinetada na ex-cunhada e na ex-sogra, mas Clarice e Martha (Claudia Di Moura) n\u00e3o entram na provoca\u00e7\u00e3o e dizem que o imp\u00e9rio dos vil\u00f5es vai durar pouco.<\/p>\n","protected":false},"excerpt":{"rendered":"<p>Cara e Coragem: Danilo vira presidente da SG&#8230; A manobra de Danilo (Ricardo Pereira) d\u00e1 certo e ele \u00e9 eleito o novo presidente da SG, ocupando o lugar de Clarice (Ta\u00eds Araujo)&#8230;<\/p>\n","protected":false},"author":1,"featured_media":35621,"comment_status":"closed","ping_status":"closed","sticky":false,"template":"","format":"standard","meta":{"_uf_show_specific_survey":0,"_uf_disable_surveys":false,"_jetpack_memberships_contains_paid_content":false,"footnotes":"","_wp_rev_ctl_limit":""},"categories":[314],"tags":[315,5,64],"class_list":["post-35620","post","type-post","status-publish","format-standard","has-post-thumbnail","hentry","category-cara-e-coragem","tag-cara-e-coragem","tag-globo","tag-novelas","wpcat-314-id"],"aioseo_notices":[],"jetpack_featured_media_url":"https:\/\/i0.wp.com\/www.tvnovelas.com.br\/tvnews\/wp-content\/uploads\/2022\/12\/35670.jpg?fit=728%2C411&ssl=1","jetpack_shortlink":"https:\/\/wp.me\/pdP2BO-9gw","jetpack_sharing_enabled":true,"_links":{"self":[{"href":"https:\/\/www.tvnovelas.com.br\/tvnews\/wp-json\/wp\/v2\/posts\/35620","targetHints":{"allow":["GET"]}}],"collection":[{"href":"https:\/\/www.tvnovelas.com.br\/tvnews\/wp-json\/wp\/v2\/posts"}],"about":[{"href":"https:\/\/www.tvnovelas.com.br\/tvnews\/wp-json\/wp\/v2\/types\/post"}],"author":[{"embeddable":true,"href":"https:\/\/www.tvnovelas.com.br\/tvnews\/wp-json\/wp\/v2\/users\/1"}],"replies":[{"embeddable":true,"href":"https:\/\/www.tvnovelas.com.br\/tvnews\/wp-json\/wp\/v2\/comments?post=35620"}],"version-history":[{"count":0,"href":"https:\/\/www.tvnovelas.com.br\/tvnews\/wp-json\/wp\/v2\/posts\/35620\/revisions"}],"wp:featuredmedia":[{"embeddable":true,"href":"https:\/\/www.tvnovelas.com.br\/tvnews\/wp-json\/wp\/v2\/media\/35621"}],"wp:attachment":[{"href":"https:\/\/www.tvnovelas.com.br\/tvnews\/wp-json\/wp\/v2\/media?parent=35620"}],"wp:term":[{"taxonomy":"category","embeddable":true,"href":"https:\/\/www.tvnovelas.com.br\/tvnews\/wp-json\/wp\/v2\/categories?post=35620"},{"taxonomy":"post_tag","embeddable":true,"href":"https:\/\/www.tvnovelas.com.br\/tvnews\/wp-json\/wp\/v2\/tags?post=35620"}],"curies":[{"name":"wp","href":"https:\/\/api.w.org\/{rel}","templated":true}]}}