{"id":35811,"date":"2022-12-24T11:30:33","date_gmt":"2022-12-24T14:30:33","guid":{"rendered":"https:\/\/www.tvnovelas.com.br\/tvnews\/?p=35811"},"modified":"2022-12-24T11:58:49","modified_gmt":"2022-12-24T14:58:49","slug":"o-que-vem-em-cara-e-coragem-na-semana-26-a-31-12","status":"publish","type":"post","link":"https:\/\/www.tvnovelas.com.br\/tvnews\/o-que-vem-em-cara-e-coragem-na-semana-26-a-31-12\/","title":{"rendered":"O que vem em Cara e Coragem na semana 26 a 31\/12"},"content":{"rendered":"<p><em>Cara e Coragem na semana 26 a 31\/12<\/em><br \/>\n<img data-recalc-dims=\"1\" decoding=\"async\" class=\"alignnone wp-image-35812 size-full\" title=\"(Foto: Reprodu\u00e7\u00e3o\/TV Globo\/Cara e Coragem)\" src=\"https:\/\/i0.wp.com\/www.tvnovelas.com.br\/tvnews\/wp-content\/uploads\/2022\/12\/36026.jpg?resize=728%2C410&#038;ssl=1\" alt=\"Foto em Cara e Coragem na semana 26 a 31\/12\" width=\"728\" height=\"410\" srcset=\"https:\/\/i0.wp.com\/www.tvnovelas.com.br\/tvnews\/wp-content\/uploads\/2022\/12\/36026.jpg?w=728&amp;ssl=1 728w, https:\/\/i0.wp.com\/www.tvnovelas.com.br\/tvnews\/wp-content\/uploads\/2022\/12\/36026.jpg?resize=678%2C381&amp;ssl=1 678w\" sizes=\"(max-width: 728px) 100vw, 728px\" \/><\/p>\n<blockquote><p>Danilo expulsa Regina de sua casa, Renan sequestra Lou antes da cerim\u00f4nia de casamento, Danilo e Regina chegam juntos para depor, Regina volta para a casa de Dagmar, Moa v\u00ea Pat e R\u00f4mulo se beijando, Pat e Moa se beijam, \u00cdtalo entrega a Marcela provas contra Danilo<\/p><\/blockquote>\n<p><strong>Resumo de segunda-feira, 26 de dezembro<\/strong><br \/>\n\u00cdtalo acredita que R\u00f4mulo esteja ligado aos compradores da f\u00f3rmula de magn\u00e9sio e avisa a Pat que ela ter\u00e1 que ajud\u00e1-lo a descobrir. Ol\u00edvia tenta se aproximar de Nadir. Um paparazzo fotografa Enzo e Hugo se beijando. Alfredo observa Soss\u00f4 falando com Moa sobre Chiquinho e reage entristecido. Leonardo conta para Clarice e Martha que denunciou Regina e Danilo \u00e0 pol\u00edcia. Moa confessa a Milton que teme perder o amor de Pat. Hugo decide dar uma entrevista exclusiva para Soraia Reis. Pat aceita trabalhar com R\u00f4mulo, e os dois se beijam. Danilo e Regina desconfiam de que Margareth esteja sabotando o laborat\u00f3rio. Pat sugere que Joca se ofere\u00e7a para levar Lou at\u00e9 o altar. Paulo entrega uma intima\u00e7\u00e3o para Anita. Rico conversa com Teca sobre seu casamento com Lou. Joca pede para levar Lou at\u00e9 o altar. Moa v\u00ea Pat e R\u00f4mulo se beijando.<\/p>\n<p><strong>Resumo de ter\u00e7a-feira, 27 de dezembro<\/strong><br \/>\nMoa aborda Pat, que assume o romance com R\u00f4mulo. Lou aceita o pedido de Joca, desde que Ol\u00edvia tamb\u00e9m a conduza at\u00e9 o altar. Moa afirma que provar\u00e1 a falta de car\u00e1ter de R\u00f4mulo. Pat teme n\u00e3o se acertar mais com Moa. Anita pede a ajuda de Clarice para ir \u00e0 delegacia depor contra Regina e Danilo. Alfredo revela a Ol\u00edvia sua apreens\u00e3o com o resultado do exame de DNA. Lou questiona Pat sobre o relacionamento com R\u00f4mulo. Anita presta depoimento a Marcela e Paulo. Regina tenta um div\u00f3rcio amig\u00e1vel com Leonardo. Rebeca fala para Moa que R\u00f4mulo \u00e9 amigo de Danilo. Chega o dia do casamento de Lou e Rico. Rico, Joca e os convidados chegam ao local do casamento. Renan sequestra Lou antes da cerim\u00f4nia.<\/p>\n<p><img data-recalc-dims=\"1\" decoding=\"async\" class=\"alignnone wp-image-35813 size-full\" title=\"(Foto: Reprodu\u00e7\u00e3o\/TV Globo\/Cara e Coragem)\" src=\"https:\/\/i0.wp.com\/www.tvnovelas.com.br\/tvnews\/wp-content\/uploads\/2022\/12\/36026b.jpg?resize=728%2C410&#038;ssl=1\" alt=\"Foto em Cara e Coragem na semana 26 a 31\/12\" width=\"728\" height=\"410\" srcset=\"https:\/\/i0.wp.com\/www.tvnovelas.com.br\/tvnews\/wp-content\/uploads\/2022\/12\/36026b.jpg?w=728&amp;ssl=1 728w, https:\/\/i0.wp.com\/www.tvnovelas.com.br\/tvnews\/wp-content\/uploads\/2022\/12\/36026b.jpg?resize=678%2C381&amp;ssl=1 678w\" sizes=\"(max-width: 728px) 100vw, 728px\" \/><\/p>\n<p><strong>Resumo de quarta-feira, 28 de dezembro<\/strong><br \/>\nJ\u00e9ssica avisa a Duarte do sequestro de Lou. Rico se desespera. Lou se amedronta com o estado de Renan, mas consegue fugir. R\u00f4mulo garante a Danilo que colocou pessoas para encontrar Jonathan. \u00cdtalo, Rico, Moa e Pat descobrem uma pista do paradeiro de Renan. Regina perde tudo no div\u00f3rcio e tenta falar com Leonardo. Lou consegue chegar para o casamento e todos aplaudem os noivos. Regina e Danilo recebem intima\u00e7\u00f5es para depor. Gustavo se reconcilia com Duarte. Andr\u00e9a convoca Pat e Rebeca para uma reuni\u00e3o com o grupo de mulheres. Anita pede prote\u00e7\u00e3o a \u00cdtalo. Danilo e Regina chegam juntos para depor. Moa conta para Pat sobre a amizade de R\u00f4mulo com Danilo. Rebeca se recusa a saber informa\u00e7\u00f5es sobre sua m\u00e3e biol\u00f3gica. \u00cdsis e J\u00e9ssica entram para o grupo e denunciam Renan.<\/p>\n<p><strong>Resumo de quinta-feira, 29 de dezembro<\/strong><br \/>\n\u00cdsis e J\u00e9ssica contam sobre seus relacionamentos com Renan. Regina e Danilo desmentem Anita e Leonardo e culpam os dois por seus crimes. Marcela fala para Paulo que indiciar\u00e1 Danilo, Regina e Leonardo pelo atentado contra Clarice, e Jarbas ouve. Danilo expulsa Regina de sua casa. \u00cdtalo avisa a Leonardo que ele ser\u00e1 indiciado. Regina \u00e9 demitida e se enfurece quando v\u00ea Clarice chegar \u00e0 SG. Kak\u00e1 pede permiss\u00e3o para Armandinho, a fim de investir em Cleide. Ol\u00edvia amea\u00e7a denunciar Renan se ele n\u00e3o se afastar de Lou. Moa ouve Pat dizer que deixar\u00e1 de ser dubl\u00ea, sem saber que \u00e9 uma combina\u00e7\u00e3o com \u00cdtalo. Regina volta para a casa de Dagmar. Gustavo encerra a parceria de neg\u00f3cios com Danilo. Sai o resultado do DNA que Alfredo fez com Soss\u00f4. Pat e Moa se beijam.<\/p>\n<p><img data-recalc-dims=\"1\" decoding=\"async\" class=\"alignnone wp-image-35814 size-full\" title=\"(Foto: Reprodu\u00e7\u00e3o\/TV Globo\/Cara e Coragem)\" src=\"https:\/\/i0.wp.com\/www.tvnovelas.com.br\/tvnews\/wp-content\/uploads\/2022\/12\/36026c.jpg?resize=728%2C410&#038;ssl=1\" alt=\"Foto em Cara e Coragem na semana 26 a 31\/12\" width=\"728\" height=\"410\" srcset=\"https:\/\/i0.wp.com\/www.tvnovelas.com.br\/tvnews\/wp-content\/uploads\/2022\/12\/36026c.jpg?w=728&amp;ssl=1 728w, https:\/\/i0.wp.com\/www.tvnovelas.com.br\/tvnews\/wp-content\/uploads\/2022\/12\/36026c.jpg?resize=678%2C381&amp;ssl=1 678w\" sizes=\"(max-width: 728px) 100vw, 728px\" \/><\/p>\n<p><strong>Resumo de sexta-feira, 30 de dezembro<\/strong><br \/>\nPat mente para manter Moa afastado e seguir com o plano de \u00cdtalo. \u00cdtalo entrega a Marcela provas contra Danilo. Pat convence R\u00f4mulo a fazer uma festa em sua casa para a promo\u00e7\u00e3o de sua nova carreira. Paulo e Fernanda se beijam. Moa confessa a Milton que teme pela seguran\u00e7a de Pat ao se relacionar com R\u00f4mulo. Hugo e Enzo v\u00e3o encontrar Armandinho e Luana e s\u00e3o hostilizados por um grupo de homens no bar. Moa procura Clarice e Leonardo para tentar descobrir informa\u00e7\u00f5es sobre a alian\u00e7a de R\u00f4mulo e Danilo. Alfredo leva o exame de DNA para Pat e confirma que Moa \u00e9 o pai biol\u00f3gico de Soss\u00f4. Rebeca mostra, com estranhamento, para Moa a carteira Arrais de Danilo, que \u00e9 uma autoriza\u00e7\u00e3o para pilotar embarca\u00e7\u00f5es de pequeno porte. Regina manuseia a arma que ganhou de Alexei.<br \/>\n<strong>\u00daltimas not\u00edcias de &#8216;Cara e Coragem&#8217;:<\/strong><br \/>\n<div class=\"pt-cv-wrapper\"><div class=\"pt-cv-view pt-cv-grid pt-cv-colsys\" id=\"pt-cv-view-02684292u5\"><div data-id=\"pt-cv-page-1\" class=\"pt-cv-page\" data-cvc=\"1\"><div class=\"col-md-12 col-sm-12 col-xs-12 pt-cv-content-item pt-cv-1-col\" ><div class='pt-cv-ifield'><h4 class=\"pt-cv-title\"><a href=\"https:\/\/www.tvnovelas.com.br\/tvnews\/cara-e-coragem-clarice-e-italo-se-casam\/\" class=\"_blank\" target=\"_blank\" >Cara e Coragem: Clarice e \u00cdtalo se casam<\/a><\/h4><\/div><\/div>\n<div class=\"col-md-12 col-sm-12 col-xs-12 pt-cv-content-item pt-cv-1-col\" ><div class='pt-cv-ifield'><h4 class=\"pt-cv-title\"><a href=\"https:\/\/www.tvnovelas.com.br\/tvnews\/cara-e-coragem-danilo-e-regina-pegam-30-anos-de-prisao\/\" class=\"_blank\" target=\"_blank\" >Cara e Coragem: Danilo e Regina pegam 30 anos de pris\u00e3o<\/a><\/h4><\/div><\/div>\n<div class=\"col-md-12 col-sm-12 col-xs-12 pt-cv-content-item pt-cv-1-col\" ><div class='pt-cv-ifield'><h4 class=\"pt-cv-title\"><a href=\"https:\/\/www.tvnovelas.com.br\/tvnews\/cara-e-coragem-danilo-sequestra-sosso-e-chiquinho\/\" class=\"_blank\" target=\"_blank\" >Cara e Coragem: Danilo sequestra Soss\u00f4 e Chiquinho<\/a><\/h4><\/div><\/div>\n<div class=\"col-md-12 col-sm-12 col-xs-12 pt-cv-content-item pt-cv-1-col\" ><div class='pt-cv-ifield'><h4 class=\"pt-cv-title\"><a href=\"https:\/\/www.tvnovelas.com.br\/tvnews\/cara-e-coragem-regina-mata-um-na-casa-dos-gusmao\/\" class=\"_blank\" target=\"_blank\" >Cara e Coragem: Regina mata um na casa dos Gusm\u00e3o<\/a><\/h4><\/div><\/div><\/div><\/div><\/div><br \/>\n<strong style=\"font-size: 120%;\">\u00daltimas not\u00edcias deste canal:<\/strong><br \/>\n<div class=\"pt-cv-wrapper\"><div class=\"pt-cv-view pt-cv-grid pt-cv-colsys\" id=\"pt-cv-view-90991035b3\"><div data-id=\"pt-cv-page-1\" class=\"pt-cv-page\" data-cvc=\"1\"><div class=\"col-md-12 col-sm-12 col-xs-12 pt-cv-content-item pt-cv-1-col\" ><div class='pt-cv-ifield'><h4 class=\"pt-cv-title\"><a href=\"https:\/\/www.tvnovelas.com.br\/tvnews\/coracao-de-mae-hasan-e-filiz-em-piquenique-romantico\/\" class=\"_self\" target=\"_self\" >Cora\u00e7\u00e3o de M\u00e3e: Hasan e Filiz em piquenique rom\u00e2ntico<\/a><\/h4><\/div><\/div>\n<div class=\"col-md-12 col-sm-12 col-xs-12 pt-cv-content-item pt-cv-1-col\" ><div class='pt-cv-ifield'><h4 class=\"pt-cv-title\"><a href=\"https:\/\/www.tvnovelas.com.br\/tvnews\/guerra-das-rosas-cihan-vibra-com-desistencia-de-gulru-de-casar-com-mert\/\" class=\"_self\" target=\"_self\" >Guerra das Rosas: Cihan vibra com desist\u00eancia de Gulru de casar com Mert<\/a><\/h4><\/div><\/div>\n<div class=\"col-md-12 col-sm-12 col-xs-12 pt-cv-content-item pt-cv-1-col\" ><div class='pt-cv-ifield'><h4 class=\"pt-cv-title\"><a href=\"https:\/\/www.tvnovelas.com.br\/tvnews\/coracao-de-mae-irmak-denuncia-adnan\/\" class=\"_self\" target=\"_self\" >Cora\u00e7\u00e3o de M\u00e3e: Irmak denuncia Adnan<\/a><\/h4><\/div><\/div>\n<div class=\"col-md-12 col-sm-12 col-xs-12 pt-cv-content-item pt-cv-1-col\" ><div class='pt-cv-ifield'><h4 class=\"pt-cv-title\"><a href=\"https:\/\/www.tvnovelas.com.br\/tvnews\/a-nobreza-do-amor-mirinho-e-obrigado-a-resgatar-tonho\/\" class=\"_self\" target=\"_self\" >A Nobreza do Amor: Mirinho \u00e9 obrigado a resgatar Tonho<\/a><\/h4><\/div><\/div>\n<div class=\"col-md-12 col-sm-12 col-xs-12 pt-cv-content-item pt-cv-1-col\" ><div class='pt-cv-ifield'><h4 class=\"pt-cv-title\"><a href=\"https:\/\/www.tvnovelas.com.br\/tvnews\/tres-gracas-paulinho-e-afastado-da-policia-por-causa-de-gerluce\/\" class=\"_self\" target=\"_self\" >Tr\u00eas Gra\u00e7as: Paulinho \u00e9 afastado da pol\u00edcia por causa de Gerluce<\/a><\/h4><\/div><\/div>\n<div class=\"col-md-12 col-sm-12 col-xs-12 pt-cv-content-item pt-cv-1-col\" ><div class='pt-cv-ifield'><h4 class=\"pt-cv-title\"><a href=\"https:\/\/www.tvnovelas.com.br\/tvnews\/coracao-de-mae-irmak-inicia-jogo-arriscado-contra-adnan\/\" class=\"_self\" target=\"_self\" >Cora\u00e7\u00e3o de M\u00e3e: Irmak inicia jogo arriscado contra Adnan<\/a><\/h4><\/div><\/div>\n<div class=\"col-md-12 col-sm-12 col-xs-12 pt-cv-content-item pt-cv-1-col\" ><div class='pt-cv-ifield'><h4 class=\"pt-cv-title\"><a href=\"https:\/\/www.tvnovelas.com.br\/tvnews\/guerra-das-rosas-omer-chama-gulru-vestida-de-noiva-para-fugir\/\" class=\"_self\" target=\"_self\" >Guerra das Rosas: Omer chama Gulru vestida de noiva para fugir<\/a><\/h4><\/div><\/div>\n<div class=\"col-md-12 col-sm-12 col-xs-12 pt-cv-content-item pt-cv-1-col\" ><div class='pt-cv-ifield'><h4 class=\"pt-cv-title\"><a href=\"https:\/\/www.tvnovelas.com.br\/tvnews\/coracao-de-mae-reha-sai-para-jantar-com-selvi\/\" class=\"_self\" target=\"_self\" >Cora\u00e7\u00e3o de M\u00e3e: Reha sai para jantar com Selvi<\/a><\/h4><\/div><\/div>\n<div class=\"col-md-12 col-sm-12 col-xs-12 pt-cv-content-item pt-cv-1-col\" ><div class='pt-cv-ifield'><h4 class=\"pt-cv-title\"><a href=\"https:\/\/www.tvnovelas.com.br\/tvnews\/coracao-acelerado-zila-se-preocupa-com-sua-situacao-apos-separacao\/\" class=\"_self\" target=\"_self\" >Cora\u00e7\u00e3o Acelerado: Zil\u00e1 se preocupa com sua situa\u00e7\u00e3o ap\u00f3s separa\u00e7\u00e3o<\/a><\/h4><\/div><\/div>\n<div class=\"col-md-12 col-sm-12 col-xs-12 pt-cv-content-item pt-cv-1-col\" ><div class='pt-cv-ifield'><h4 class=\"pt-cv-title\"><a href=\"https:\/\/www.tvnovelas.com.br\/tvnews\/a-nobreza-do-amor-tonho-nao-se-curva-diante-de-mirinho\/\" class=\"_self\" target=\"_self\" >A Nobreza do Amor: Tonho n\u00e3o se curva diante de Mirinho<\/a><\/h4><\/div><\/div><\/div><\/div><\/div><br \/>\n<a href=\"https:\/\/www.tvnovelas.com.br\/novelas\/\"><strong>Confira os resumos da semana de todas novelas<\/strong><\/a><br \/>\n<a href=\"http:\/\/tvnovelas.com.br\/filmes\" target=\"_blank\" rel=\"noopener\">Veja tamb\u00e9m: Todas as telas: filmes e s\u00e9ries nos streamings<\/a><\/p>\n<h3>Confira tamb\u00e9m<\/h3>\n<p><a href=\"https:\/\/www.tvnovelas.com.br\/filmes\/\" target=\"_blank\" rel=\"noopener noreferrer\"><strong>Programa\u00e7\u00e3o de filmes na TV aberta<\/strong><\/a><br \/>\n<a href=\"https:\/\/tvnovelas.com.br\/filmes\/filmes-e-series-ineditos-em-estreia-na-semana-na-netflix\/\" target=\"_blank\" rel=\"noopener noreferrer\"><strong>Estreias da semana na Netflix<\/strong><\/a><br \/>\n<a href=\"https:\/\/caetenews.com.br\/semana\/filmes-da-globo-na-sessao-da-tarde-desta-semana\/\" target=\"_blank\" rel=\"noopener\"><strong>Confira os filmes da semana na Sess\u00e3o da Tarde<\/strong><\/a><br \/>\n<a href=\"\/\/tvnovelas.com.br\/filmes\/filmes-em-estreia-nos-cinemas\/\" target=\"_blank\" rel=\"noopener noreferrer\"><strong>Estreias e novidades no Cinema<\/strong><\/a><br \/>\n<a href=\"https:\/\/www.tvnovelas.com.br\/novelas\/\" target=\"_blank\" rel=\"noopener noreferrer\"><strong>Resumos de novelas<\/strong><\/a><\/p>\n","protected":false},"excerpt":{"rendered":"<p>Cara e Coragem na semana 26 a 31\/12. \ud835\udc03\ud835\udc1a\ud835\udc27\ud835\udc22\ud835\udc25\ud835\udc28 \ud835\udc1e\ud835\udc31\ud835\udc29\ud835\udc2e\ud835\udc25\ud835\udc2c\ud835\udc1a \ud835\udc11\ud835\udc1e\ud835\udc20\ud835\udc22\ud835\udc27\ud835\udc1a \ud835\udc1d\ud835\udc1e \ud835\udc2c\ud835\udc2e\ud835\udc1a \ud835\udc1c\ud835\udc1a\ud835\udc2c\ud835\udc1a, Danilo e Regina chegam juntos para depor, Regina volta para a casa de Dagmar, \ud835\udc11\ud835\udc1e\ud835\udc27\ud835\udc1a\ud835\udc27 \ud835\udc2c\ud835\udc1e\ud835\udc2a\ud835\udc2e\ud835\udc1e\ud835\udc2c\ud835\udc2d\ud835\udc2b\ud835\udc1a \ud835\udc0b\ud835\udc28\ud835\udc2e \ud835\udc1a\ud835\udc27\ud835\udc2d\ud835\udc1e\ud835\udc2c \ud835\udc1d\ud835\udc1a \ud835\udc1c\ud835\udc1e\ud835\udc2b\ud835\udc22\ud835\udc26\u00f4\ud835\udc27\ud835\udc22\ud835\udc1a \ud835\udc1d\ud835\udc1e \ud835\udc1c\ud835\udc1a\ud835\udc2c\ud835\udc1a\ud835\udc26\ud835\udc1e\ud835\udc27\ud835\udc2d\ud835\udc28, Moa v\u00ea Pat e R\u00f4mulo se beijando, Pat e Moa se beijam, \u00cdtalo entrega a Marcela provas contra Danilo<\/p>\n","protected":false},"author":1,"featured_media":35812,"comment_status":"closed","ping_status":"closed","sticky":false,"template":"","format":"standard","meta":{"_uf_show_specific_survey":0,"_uf_disable_surveys":false,"_jetpack_memberships_contains_paid_content":false,"footnotes":"","_wp_rev_ctl_limit":""},"categories":[314],"tags":[315,5,64,343],"class_list":["post-35811","post","type-post","status-publish","format-standard","has-post-thumbnail","hentry","category-cara-e-coragem","tag-cara-e-coragem","tag-globo","tag-novelas","tag-resumos-de-novala","wpcat-314-id"],"aioseo_notices":[],"jetpack_featured_media_url":"https:\/\/i0.wp.com\/www.tvnovelas.com.br\/tvnews\/wp-content\/uploads\/2022\/12\/36026.jpg?fit=728%2C410&ssl=1","jetpack_shortlink":"https:\/\/wp.me\/pdP2BO-9jB","jetpack_sharing_enabled":true,"_links":{"self":[{"href":"https:\/\/www.tvnovelas.com.br\/tvnews\/wp-json\/wp\/v2\/posts\/35811","targetHints":{"allow":["GET"]}}],"collection":[{"href":"https:\/\/www.tvnovelas.com.br\/tvnews\/wp-json\/wp\/v2\/posts"}],"about":[{"href":"https:\/\/www.tvnovelas.com.br\/tvnews\/wp-json\/wp\/v2\/types\/post"}],"author":[{"embeddable":true,"href":"https:\/\/www.tvnovelas.com.br\/tvnews\/wp-json\/wp\/v2\/users\/1"}],"replies":[{"embeddable":true,"href":"https:\/\/www.tvnovelas.com.br\/tvnews\/wp-json\/wp\/v2\/comments?post=35811"}],"version-history":[{"count":0,"href":"https:\/\/www.tvnovelas.com.br\/tvnews\/wp-json\/wp\/v2\/posts\/35811\/revisions"}],"wp:featuredmedia":[{"embeddable":true,"href":"https:\/\/www.tvnovelas.com.br\/tvnews\/wp-json\/wp\/v2\/media\/35812"}],"wp:attachment":[{"href":"https:\/\/www.tvnovelas.com.br\/tvnews\/wp-json\/wp\/v2\/media?parent=35811"}],"wp:term":[{"taxonomy":"category","embeddable":true,"href":"https:\/\/www.tvnovelas.com.br\/tvnews\/wp-json\/wp\/v2\/categories?post=35811"},{"taxonomy":"post_tag","embeddable":true,"href":"https:\/\/www.tvnovelas.com.br\/tvnews\/wp-json\/wp\/v2\/tags?post=35811"}],"curies":[{"name":"wp","href":"https:\/\/api.w.org\/{rel}","templated":true}]}}