{"id":35825,"date":"2022-12-24T15:33:14","date_gmt":"2022-12-24T18:33:14","guid":{"rendered":"https:\/\/www.tvnovelas.com.br\/tvnews\/?p=35825"},"modified":"2022-12-24T15:36:10","modified_gmt":"2022-12-24T18:36:10","slug":"o-que-tem-nos-resumos-de-poliana-moca-da-semana-26-a-31-12","status":"publish","type":"post","link":"https:\/\/www.tvnovelas.com.br\/tvnews\/o-que-tem-nos-resumos-de-poliana-moca-da-semana-26-a-31-12\/","title":{"rendered":"O que tem nos resumos de Poliana Mo\u00e7a da semana 26 a 31\/12"},"content":{"rendered":"<p><em>O que tem nos resumos de Poliana Mo\u00e7a da semana 26 a 31\/12<\/em><br \/>\n<img data-recalc-dims=\"1\" decoding=\"async\" class=\"alignnone wp-image-35826 size-full\" title=\"(Foto: SBT\/Poliana Mo\u00e7a)\" src=\"https:\/\/i0.wp.com\/www.tvnovelas.com.br\/tvnews\/wp-content\/uploads\/2022\/12\/36028b.jpg?resize=728%2C409&#038;ssl=1\" alt=\"Foto em resumos de Poliana Mo\u00e7a da semana 26 a 31\/12\" width=\"728\" height=\"409\" srcset=\"https:\/\/i0.wp.com\/www.tvnovelas.com.br\/tvnews\/wp-content\/uploads\/2022\/12\/36028b.jpg?w=728&amp;ssl=1 728w, https:\/\/i0.wp.com\/www.tvnovelas.com.br\/tvnews\/wp-content\/uploads\/2022\/12\/36028b.jpg?resize=678%2C381&amp;ssl=1 678w\" sizes=\"(max-width: 728px) 100vw, 728px\" \/><\/p>\n<blockquote><p>Lu\u00edsa acha foto da fam\u00edlia no quarto de Poliana entregue por T\u00e2nia com amea\u00e7a, Poliana explica para o pai e a tia todos os detalhes do sequestro, que T\u00e2nia a sequestrou e que ouviu a voz do Roger no cativeiro, T\u00e2nia \u00e9 intimada a prestar depoimentos ese depara com Roger na delegacia, Otto questiona os amigos se T\u00e2nia e Cobra s\u00e3o a mesma pessoa<\/p><\/blockquote>\n<p><strong>Resumo de segunda-feira, 26 de dezembro<\/strong><br \/>\nDurval compra perfume para a esposa e deixa na mesa para fazer uma surpresa. Gael brinca de bola dentro de casa e acerta no frasco do perfume que cai em dire\u00e7\u00e3o ao ch\u00e3o. Pedro e Chloe v\u00e3o at\u00e9 o apartamento de Gl\u00f3ria para investigar quem invadiu a casa da vizinha; eles se deparam com Waldisney e Violeta disfar\u00e7ados de encanadores. Gael, Ben\u00edcio e Lorena preenchem o l\u00edquido no frasco do perfume derramado. Poliana diz para a av\u00f3 que pretende voltar para a escola e rever um amigo. Otto pergunta para Poliana se pode ver o celular dela; Poliana fica aflita. Otto afirma \u00e0 Lu\u00edsa que pelo nervosismo da filha, ele tem certeza que as amea\u00e7as v\u00eam do celular. Poliana acha melhor apagar a mensagem de intimida\u00e7\u00e3o para o pai n\u00e3o ver e n\u00e3o se envolver no caso. Claudia diz para Durval que o perfume \u00e9 falso, porque a tampa est\u00e1 trincada e o aroma \u00e9 p\u00e9ssimo. Raquel revela para Brenda que na \u2018Luc4Tech\u2019 Jeff era um espi\u00e3o da Onze, ela admite que escondeu da amiga por ser perigoso. Brenda e Raquel avisam S\u00e9rgio que Vini voltou de viagem e que Jeff n\u00e3o estava com ele no Nordeste. Claudia desabafa com Lorena que est\u00e1 chateada com Durval por comprar perfume falsificado. Eug\u00eania liga para Pamela, m\u00e3e biol\u00f3gica dos filhos, mas quem atende \u00e9 uma parente da mulher; Eug\u00eania marca um encontro. Na mesa do caf\u00e9 com a fam\u00edlia, Lorena e Ben\u00edcio exp\u00f5em que Gael quebrou o perfume. Enquanto estava com o celular de Poliana, Otto verifica uma nova mensagem de amea\u00e7a. Otto e Lu\u00edsa entendem todo o medo da Poliana, mas discordam de como dialogar com a menina.<\/p>\n<p><strong>Resumo de ter\u00e7a-feira, 27 de dezembro<\/strong><br \/>\nConversa tensa entre Otto, Lu\u00edsa e Poliana. Poliana fica desesperada e sem controle. Lu\u00edsa acha foto da fam\u00edlia no quarto de Poliana entregue por T\u00e2nia, indicando uma amea\u00e7a. Na cadeia da delegacia, Roger recebe um recado de fora e aceita o acordo. Mais tranquila, Poliana explica para o pai e a tia todos os detalhes do sequestro, ela afirma que T\u00e2nia a sequestrou, que ouviu a voz do Roger no cativeiro, que o LUC1 a salvou no cativeiro e que Waldisney e Violeta estavam fantasiados dentro mata. S\u00e9rgio e Joana v\u00e3o at\u00e9 o CLL conversar com Gleyce e revelam o esquema de espionagem do Jeff. Durval compra o perfume da mesma marca que foi danificado e d\u00e1 para a Claudia. Poliana expressa que T\u00e2nia \u00e9 uma pessoa totalmente oposta \u00e0 que conviveram. Pin\u00f3quio pega comida da cantina e coloca no arm\u00e1rio de Chloe na escola. Waldisney e Violeta falam para T\u00e2nia que Luca entrou em contato afirmando que os amigos de Jeff est\u00e3o indo \u00e0 delegacia; T\u00e2nia diz que tudo est\u00e1 dentro dos planos dela. Diretamente para Lu\u00edsa, Otto declara que ela est\u00e1 sendo essencial nesse processo todo. A policial que resgatou Poliana vai at\u00e9 a casa de Otto e a garota conta tudo sobre o sequestro.<\/p>\n<p><img data-recalc-dims=\"1\" decoding=\"async\" class=\"alignnone wp-image-35829 size-full\" title=\"(Foto: SBT\/Poliana Mo\u00e7a)\" src=\"https:\/\/i0.wp.com\/www.tvnovelas.com.br\/tvnews\/wp-content\/uploads\/2022\/12\/36028c.jpg?resize=728%2C409&#038;ssl=1\" alt=\"Foto de T\u00e2nia em resumos de Poliana Mo\u00e7a da semana 26 a 31\/12\" width=\"728\" height=\"409\" srcset=\"https:\/\/i0.wp.com\/www.tvnovelas.com.br\/tvnews\/wp-content\/uploads\/2022\/12\/36028c.jpg?w=728&amp;ssl=1 728w, https:\/\/i0.wp.com\/www.tvnovelas.com.br\/tvnews\/wp-content\/uploads\/2022\/12\/36028c.jpg?resize=678%2C381&amp;ssl=1 678w\" sizes=\"(max-width: 728px) 100vw, 728px\" \/><\/p>\n<p><strong>Resumo de quarta-feira, 28 de dezembro<\/strong><br \/>\nEug\u00eania e Claudia se encontram na padaria, Eug\u00eania compartilha que conseguiu contato com uma parente da Pamela e n\u00e3o com a pr\u00f3pria, mas que vai marcar de se encontrar com a tal parente; Claudia acha suspeita a m\u00e3e biol\u00f3gica de Pedro e Chloe n\u00e3o se manifestar. T\u00e2nia chega na padaria. Chloe abre seu arm\u00e1rio na escola e encontra doces e salgadinhos. \u2018Yupechlo\u2019 acredita que tem um fantasma na escola. Jeff volta para casa e explica tudo para a fam\u00edlia sobre seu desaparecimento. Ainda na padaria, Celeste encontra com T\u00e2nia, questiona o tempo sumido e fala dos coment\u00e1rios do envolvimento da m\u00e3e no rapto de Poliana. T\u00e2nia \u00e9 abordada por policiais e intimada a prestar depoimentos. Eug\u00eania e Claudia acham estranha a presen\u00e7a da Celeste com T\u00e2nia. Na delegacia, T\u00e2nia se depara com Roger. Waldisney acha que T\u00e2nia est\u00e1 perdendo o controle das coisas. As doa\u00e7\u00f5es no CLL diminu\u00edram e Dona Branca sugere para eles produzirem um baile dan\u00e7ante. Gl\u00f3ria encontra com Ruth na casa da diretora; Renato aparece sem ser convidado e come\u00e7a a ser inconveniente.<\/p>\n<p><strong>Resumo de quinta-feira, 29 de dezembro<\/strong><br \/>\nRenato convida Gl\u00f3ria para jantar com ele e Ruth, o professor de m\u00fasica diz que vai passar na casa de Gl\u00f3ria para dar carona e Ruth n\u00e3o gosta do comportamento do namorado. \u2018Yupecho\u2019 faz um detector de fantasmas. Pin\u00f3quio termina a decora\u00e7\u00e3o da festa de retorno de Poliana. Eug\u00eania conta para os filhos que ir\u00e1 se encontrar com uma parente da m\u00e3e biol\u00f3gica deles. Raquel e Andr\u00e9 se beijam. Acompanhada por Otto e Lu\u00edsa, Poliana volta para a escola. Logo na entrada do col\u00e9gio, Poliana passa mal e n\u00e3o se sente \u00e0 vontade. Jeff vai at\u00e9 a \u2018Luc4Tech\u2019 e Luca demite o colega. Luca diz para Jeff que o motivo da demiss\u00e3o \u00e9 por viagem sem motivo pr\u00e9vio; Jeff fica bravo, j\u00e1 que Luca sabe que na verdade ele foi sequestrado. Poliana retorna para casa por n\u00e3o conseguir entrar na escola. T\u00e2nia visita Celeste na sua casa e Celeste pede explica\u00e7\u00e3o dos boatos sobre envolvimento da m\u00e3e no rapto de Poliana; Raquel entra no momento na resid\u00eancia e se depara com T\u00e2nia.<\/p>\n<p><img data-recalc-dims=\"1\" decoding=\"async\" class=\"alignnone wp-image-35828 size-full\" title=\"(Foto: SBT\/Poliana Mo\u00e7a)\" src=\"https:\/\/i0.wp.com\/www.tvnovelas.com.br\/tvnews\/wp-content\/uploads\/2022\/12\/36028a.jpg?resize=728%2C400&#038;ssl=1\" alt=\"Foto em resumos de Poliana Mo\u00e7a da semana 26 a 31\/12\" width=\"728\" height=\"400\" \/><\/p>\n<p><strong>Resumo de sexta-feira, 30 de dezembro<\/strong><br \/>\nRaquel fica incomodada com a presen\u00e7a de T\u00e2nia em sua casa e pergunta o motivo dos encontros dela com Celeste. A turma do colegial fica chateada com o fato da Poliana n\u00e3o conseguir entrar na escola; os amigos se questionam quem fez toda decora\u00e7\u00e3o. Ruth aceita o pedido de Gleyce e Dona Branca para produzirem o baile dan\u00e7ante no Col\u00e9gio Ruth Goulart. Em casa, Poliana revela para pai e para a tia que viu o carro de T\u00e2nia passando na porta da escola. Raquel e Brenda avisam Jeff que tamb\u00e9m pensam em se demitir da \u2018Luc4Tech\u2019; ele pede para elas continuarem e investigar o envolvimento de Luca com o crime de Poliana. \u2018Yupechlo\u2019 procura fantasma na Ruth Goulart. Jo\u00e3o fala para Poliana que a risada dela \u00e9 de outro mundo e que queria ter mais isso no seu dia a dia. \u2018Yupechlo\u2019 vai at\u00e9 a casa de m\u00e1quinas, Pin\u00f3quio se esconde. O clubinho encontra um desenho de Poliana no local. Otto se re\u00fane com S\u00e9rgio e Jefferson. Jeff diz que Cobra est\u00e1 envolvido com Roger e Luca, j\u00e1 que no cativeiro em que ficou, os capangas recebiam recados do Cobra. Otto questiona os amigos se T\u00e2nia e Cobra s\u00e3o a mesma pessoa, j\u00e1 que T\u00e2nia teve duas identidades.<\/p>\n<p><strong>Resumo de s\u00e1bado, 31 de dezembro<\/strong><br \/>\nResumo dos cap\u00edtulos da semana<br \/>\n<strong>\u00daltimas not\u00edcias de &#8216;Poliana Mo\u00e7a&#8217;:<\/strong><br \/>\n<div class=\"pt-cv-wrapper\"><div class=\"pt-cv-view pt-cv-grid pt-cv-colsys\" id=\"pt-cv-view-6c60cc7jat\"><div data-id=\"pt-cv-page-1\" class=\"pt-cv-page\" data-cvc=\"1\"><div class=\"col-md-12 col-sm-12 col-xs-12 pt-cv-content-item pt-cv-1-col\" ><div class='pt-cv-ifield'><h4 class=\"pt-cv-title\"><a href=\"https:\/\/www.tvnovelas.com.br\/tvnews\/poliana-moca-renato-descobre-a-fraude-de-song\/\" class=\"_self\" target=\"_self\" >Poliana Mo\u00e7a: Renato descobre a fraude de Song<\/a><\/h4><\/div><\/div>\n<div class=\"col-md-12 col-sm-12 col-xs-12 pt-cv-content-item pt-cv-1-col\" ><div class='pt-cv-ifield'><h4 class=\"pt-cv-title\"><a href=\"https:\/\/www.tvnovelas.com.br\/tvnews\/poliana-moca-celeste-e-formiga-flertam\/\" class=\"_self\" target=\"_self\" >Poliana Mo\u00e7a: Celeste e Formiga flertam<\/a><\/h4><\/div><\/div>\n<div class=\"col-md-12 col-sm-12 col-xs-12 pt-cv-content-item pt-cv-1-col\" ><div class='pt-cv-ifield'><h4 class=\"pt-cv-title\"><a href=\"https:\/\/www.tvnovelas.com.br\/tvnews\/poliana-moca-celeste-pede-a-ajuda-de-gloria\/\" class=\"_self\" target=\"_self\" >Poliana Mo\u00e7a: Celeste pede a ajuda de Gl\u00f3ria<\/a><\/h4><\/div><\/div>\n<div class=\"col-md-12 col-sm-12 col-xs-12 pt-cv-content-item pt-cv-1-col\" ><div class='pt-cv-ifield'><h4 class=\"pt-cv-title\"><a href=\"https:\/\/www.tvnovelas.com.br\/tvnews\/poliana-moca-otto-fica-bravo-ao-encontrar-celeste-na-casa-dele\/\" class=\"_self\" target=\"_self\" >Poliana Mo\u00e7a: Otto fica bravo ao encontrar Celeste na casa dele<\/a><\/h4><\/div><\/div><\/div><\/div><\/div><br \/>\n<strong style=\"font-size: 120%;\">\u00daltimas not\u00edcias deste canal:<\/strong><br \/>\n<div class=\"pt-cv-wrapper\"><div class=\"pt-cv-view pt-cv-grid pt-cv-colsys\" id=\"pt-cv-view-90991035b3\"><div data-id=\"pt-cv-page-1\" class=\"pt-cv-page\" data-cvc=\"1\"><div class=\"col-md-12 col-sm-12 col-xs-12 pt-cv-content-item pt-cv-1-col\" ><div class='pt-cv-ifield'><h4 class=\"pt-cv-title\"><a href=\"https:\/\/www.tvnovelas.com.br\/tvnews\/em-a-nobreza-do-amor-na-semana-04-a-09-de-maio\/\" class=\"_self\" target=\"_self\" >Em A Nobreza do Amor na semana 04 a 09 de maio<\/a><\/h4><\/div><\/div>\n<div class=\"col-md-12 col-sm-12 col-xs-12 pt-cv-content-item pt-cv-1-col\" ><div class='pt-cv-ifield'><h4 class=\"pt-cv-title\"><a href=\"https:\/\/www.tvnovelas.com.br\/tvnews\/o-que-acontece-em-tres-gracas-na-semana-04-a-09-de-maio\/\" class=\"_self\" target=\"_self\" >O que acontece em Tr\u00eas Gra\u00e7as na semana 04 a 09 de maio<\/a><\/h4><\/div><\/div>\n<div class=\"col-md-12 col-sm-12 col-xs-12 pt-cv-content-item pt-cv-1-col\" ><div class='pt-cv-ifield'><h4 class=\"pt-cv-title\"><a href=\"https:\/\/www.tvnovelas.com.br\/tvnews\/coracao-de-mae-reha-entra-em-panico-com-a-prisao-de-adnan\/\" class=\"_self\" target=\"_self\" >Cora\u00e7\u00e3o de M\u00e3e: Reha entra em p\u00e2nico com a pris\u00e3o de Adnan<\/a><\/h4><\/div><\/div>\n<div class=\"col-md-12 col-sm-12 col-xs-12 pt-cv-content-item pt-cv-1-col\" ><div class='pt-cv-ifield'><h4 class=\"pt-cv-title\"><a href=\"https:\/\/www.tvnovelas.com.br\/tvnews\/guerra-das-rosas-mert-sequestra-gulru\/\" class=\"_self\" target=\"_self\" >Guerra das Rosas: Mert sequestra Gulru<\/a><\/h4><\/div><\/div>\n<div class=\"col-md-12 col-sm-12 col-xs-12 pt-cv-content-item pt-cv-1-col\" ><div class='pt-cv-ifield'><h4 class=\"pt-cv-title\"><a href=\"https:\/\/www.tvnovelas.com.br\/tvnews\/a-nobreza-do-amor-resistencia-sequestra-noivo-de-kenia-e-o-despacha-de-batanga\/\" class=\"_self\" target=\"_self\" >A Nobreza do Amor: Resist\u00eancia sequestra noivo de K\u00eania e o despacha de Batanga<\/a><\/h4><\/div><\/div>\n<div class=\"col-md-12 col-sm-12 col-xs-12 pt-cv-content-item pt-cv-1-col\" ><div class='pt-cv-ifield'><h4 class=\"pt-cv-title\"><a href=\"https:\/\/www.tvnovelas.com.br\/tvnews\/tres-gracas-joelly-e-gerluce-descobrem-que-filha-de-lena-e-a-bebe-roubada\/\" class=\"_self\" target=\"_self\" >Tr\u00eas Gra\u00e7as: Jo\u00e9lly e Gerluce descobrem que filha de Lena \u00e9 a beb\u00ea roubada<\/a><\/h4><\/div><\/div>\n<div class=\"col-md-12 col-sm-12 col-xs-12 pt-cv-content-item pt-cv-1-col\" ><div class='pt-cv-ifield'><h4 class=\"pt-cv-title\"><a href=\"https:\/\/www.tvnovelas.com.br\/tvnews\/em-coracao-de-mae-nos-proximos-capitulos-04-a-08-5\/\" class=\"_self\" target=\"_self\" >Em Cora\u00e7\u00e3o de M\u00e3e nos pr\u00f3ximos cap\u00edtulos (04 a 08\/5)<\/a><\/h4><\/div><\/div>\n<div class=\"col-md-12 col-sm-12 col-xs-12 pt-cv-content-item pt-cv-1-col\" ><div class='pt-cv-ifield'><h4 class=\"pt-cv-title\"><a href=\"https:\/\/www.tvnovelas.com.br\/tvnews\/coracao-de-mae-hasan-e-filiz-em-piquenique-romantico\/\" class=\"_self\" target=\"_self\" >Cora\u00e7\u00e3o de M\u00e3e: Hasan e Filiz em piquenique rom\u00e2ntico<\/a><\/h4><\/div><\/div>\n<div class=\"col-md-12 col-sm-12 col-xs-12 pt-cv-content-item pt-cv-1-col\" ><div class='pt-cv-ifield'><h4 class=\"pt-cv-title\"><a href=\"https:\/\/www.tvnovelas.com.br\/tvnews\/guerra-das-rosas-cihan-vibra-com-desistencia-de-gulru-de-casar-com-mert\/\" class=\"_self\" target=\"_self\" >Guerra das Rosas: Cihan vibra com desist\u00eancia de Gulru de casar com Mert<\/a><\/h4><\/div><\/div>\n<div class=\"col-md-12 col-sm-12 col-xs-12 pt-cv-content-item pt-cv-1-col\" ><div class='pt-cv-ifield'><h4 class=\"pt-cv-title\"><a href=\"https:\/\/www.tvnovelas.com.br\/tvnews\/coracao-de-mae-irmak-denuncia-adnan\/\" class=\"_self\" target=\"_self\" >Cora\u00e7\u00e3o de M\u00e3e: Irmak denuncia Adnan<\/a><\/h4><\/div><\/div><\/div><\/div><\/div><br \/>\n<a href=\"https:\/\/www.tvnovelas.com.br\/novelas\/\"><strong>Confira os resumos da semana de todas novelas<\/strong><\/a><br \/>\n<a href=\"http:\/\/tvnovelas.com.br\/filmes\" target=\"_blank\" rel=\"noopener\">Veja tamb\u00e9m: Todas as telas: filmes e s\u00e9ries nos streamings<\/a><\/p>\n<h3>Confira tamb\u00e9m<\/h3>\n<p><a href=\"https:\/\/www.tvnovelas.com.br\/filmes\/\" target=\"_blank\" rel=\"noopener noreferrer\"><strong>Programa\u00e7\u00e3o de filmes na TV aberta<\/strong><\/a><br \/>\n<a href=\"https:\/\/tvnovelas.com.br\/filmes\/filmes-e-series-ineditos-em-estreia-na-semana-na-netflix\/\" target=\"_blank\" rel=\"noopener noreferrer\"><strong>Estreias da semana na Netflix<\/strong><\/a><br \/>\n<a href=\"https:\/\/caetenews.com.br\/semana\/filmes-da-globo-na-sessao-da-tarde-desta-semana\/\" target=\"_blank\" rel=\"noopener\"><strong>Confira os filmes da semana na Sess\u00e3o da Tarde<\/strong><\/a><br \/>\n<a href=\"\/\/tvnovelas.com.br\/filmes\/filmes-em-estreia-nos-cinemas\/\" target=\"_blank\" rel=\"noopener noreferrer\"><strong>Estreias e novidades no Cinema<\/strong><\/a><br \/>\n<a href=\"https:\/\/www.tvnovelas.com.br\/novelas\/\" target=\"_blank\" rel=\"noopener noreferrer\"><strong>Resumos de novelas<\/strong><\/a><\/p>\n","protected":false},"excerpt":{"rendered":"<p>Nos resumos de Poliana Mo\u00e7a da semana 26 a 31\/12, \ud835\udc13\u00e2\ud835\udc27\ud835\udc22\ud835\udc1a \u00e9 \ud835\udc22\ud835\udc27\ud835\udc2d\ud835\udc22\ud835\udc26\ud835\udc1a\ud835\udc1d\ud835\udc1a \ud835\udc1a \ud835\udc29\ud835\udc2b\ud835\udc1e\ud835\udc2c\ud835\udc2d\ud835\udc1a\ud835\udc2b \ud835\udc1d\ud835\udc1e\ud835\udc29\ud835\udc28\ud835\udc22\ud835\udc26\ud835\udc1e\ud835\udc27\ud835\udc2d\ud835\udc28\ud835\udc2c \ud835\udc1e \ud835\udc2c\ud835\udc1e \ud835\udc1d\ud835\udc1e\ud835\udc29\ud835\udc1a\ud835\udc2b\ud835\udc1a \ud835\udc1c\ud835\udc28\ud835\udc26 \ud835\udc11\ud835\udc28\ud835\udc20\ud835\udc1e\ud835\udc2b \ud835\udc27\ud835\udc1a \ud835\udc1d\ud835\udc1e\ud835\udc25\ud835\udc1e\ud835\udc20\ud835\udc1a\ud835\udc1c\ud835\udc22\ud835\udc1a, Lu\u00edsa acha foto da fam\u00edlia no quarto de Poliana entregue por T\u00e2nia com amea\u00e7a, Poliana explica para o pai e a tia todos os detalhes do sequestro, que T\u00e2nia a sequestrou e que ouviu a voz do Roger no cativeiro, Otto questiona os amigos se T\u00e2nia e Cobra s\u00e3o a mesma pessoa<\/p>\n","protected":false},"author":1,"featured_media":35826,"comment_status":"closed","ping_status":"closed","sticky":false,"template":"","format":"standard","meta":{"_uf_show_specific_survey":0,"_uf_disable_surveys":false,"_jetpack_memberships_contains_paid_content":false,"footnotes":"","_wp_rev_ctl_limit":""},"categories":[312],"tags":[64,311,344,13],"class_list":["post-35825","post","type-post","status-publish","format-standard","has-post-thumbnail","hentry","category-poliana-moca","tag-novelas","tag-poliana-moca","tag-resumos-de-novelas","tag-sbt","wpcat-312-id"],"aioseo_notices":[],"jetpack_featured_media_url":"https:\/\/i0.wp.com\/www.tvnovelas.com.br\/tvnews\/wp-content\/uploads\/2022\/12\/36028b.jpg?fit=728%2C409&ssl=1","jetpack_shortlink":"https:\/\/wp.me\/pdP2BO-9jP","jetpack_sharing_enabled":true,"_links":{"self":[{"href":"https:\/\/www.tvnovelas.com.br\/tvnews\/wp-json\/wp\/v2\/posts\/35825","targetHints":{"allow":["GET"]}}],"collection":[{"href":"https:\/\/www.tvnovelas.com.br\/tvnews\/wp-json\/wp\/v2\/posts"}],"about":[{"href":"https:\/\/www.tvnovelas.com.br\/tvnews\/wp-json\/wp\/v2\/types\/post"}],"author":[{"embeddable":true,"href":"https:\/\/www.tvnovelas.com.br\/tvnews\/wp-json\/wp\/v2\/users\/1"}],"replies":[{"embeddable":true,"href":"https:\/\/www.tvnovelas.com.br\/tvnews\/wp-json\/wp\/v2\/comments?post=35825"}],"version-history":[{"count":0,"href":"https:\/\/www.tvnovelas.com.br\/tvnews\/wp-json\/wp\/v2\/posts\/35825\/revisions"}],"wp:featuredmedia":[{"embeddable":true,"href":"https:\/\/www.tvnovelas.com.br\/tvnews\/wp-json\/wp\/v2\/media\/35826"}],"wp:attachment":[{"href":"https:\/\/www.tvnovelas.com.br\/tvnews\/wp-json\/wp\/v2\/media?parent=35825"}],"wp:term":[{"taxonomy":"category","embeddable":true,"href":"https:\/\/www.tvnovelas.com.br\/tvnews\/wp-json\/wp\/v2\/categories?post=35825"},{"taxonomy":"post_tag","embeddable":true,"href":"https:\/\/www.tvnovelas.com.br\/tvnews\/wp-json\/wp\/v2\/tags?post=35825"}],"curies":[{"name":"wp","href":"https:\/\/api.w.org\/{rel}","templated":true}]}}