{"id":35906,"date":"2022-12-27T09:00:53","date_gmt":"2022-12-27T12:00:53","guid":{"rendered":"https:\/\/www.tvnovelas.com.br\/tvnews\/?p=35906"},"modified":"2022-12-27T09:00:53","modified_gmt":"2022-12-27T12:00:53","slug":"mar-do-sertao-laura-atrai-tertulinho-e-arma-plano-contra-timbo","status":"publish","type":"post","link":"https:\/\/www.tvnovelas.com.br\/tvnews\/mar-do-sertao-laura-atrai-tertulinho-e-arma-plano-contra-timbo\/","title":{"rendered":"Mar do Sert\u00e3o: Laura atrai Tertulinho e arma plano contra Timb\u00f3"},"content":{"rendered":"<p><em>Not\u00edcias de Mar do Sert\u00e3o: Laura atrai Tertulinho&#8230;<\/em><br \/>\n<img data-recalc-dims=\"1\" decoding=\"async\" class=\"alignnone wp-image-35907 size-full\" title=\"(Foto: TV Globo\/Mar do Sert\u00e3o)\" src=\"https:\/\/i0.wp.com\/www.tvnovelas.com.br\/tvnews\/wp-content\/uploads\/2022\/12\/36054.jpg?resize=728%2C410&#038;ssl=1\" alt=\"Foto em Mar do Sert\u00e3o: Laura atrai Tertulinho...\" width=\"728\" height=\"410\" srcset=\"https:\/\/i0.wp.com\/www.tvnovelas.com.br\/tvnews\/wp-content\/uploads\/2022\/12\/36054.jpg?w=728&amp;ssl=1 728w, https:\/\/i0.wp.com\/www.tvnovelas.com.br\/tvnews\/wp-content\/uploads\/2022\/12\/36054.jpg?resize=678%2C381&amp;ssl=1 678w\" sizes=\"(max-width: 728px) 100vw, 728px\" \/><br \/>\nTertulinho (Renato G\u00f3es) n\u00e3o sabe, mas Laura (Eli Ferreira) tem planos audaciosos. E para come\u00e7ar a colocar as pr\u00f3prias ideias em pr\u00e1tica, ela vai fazer uma proposta de trabalho para o ex de Candoca (Isadora Cruz).<\/p>\n<p>\u201cQuero que voc\u00ea trabalhe comigo\u201d, diz Laura.<\/p>\n<p>\u201cT\u00e1 toda cheia de gra\u00e7a hoje\u201d, ele responde sem colocar f\u00e9 na proposta.<\/p>\n<p>Mas Laura, que n\u00e3o \u00e9 boba nem nada, tem uma carta na manga; ou melhor, uma informa\u00e7\u00e3o.<\/p>\n<p>\u201cAgrade\u00e7o a considera\u00e7\u00e3o, Laura, mas tenho uma fazenda e os neg\u00f3cios da fam\u00edlia para tocar\u201d, afirma Tertulinho querendo ir embora.<\/p>\n<p>\u201cA fazenda anda mal das pernas e seu pai at\u00e9 j\u00e1 vendeu o frigor\u00edfico&#8230; Logo, os Tert\u00falios v\u00e3o ser engolidos pelas empresas maiores e voc\u00ea, Tertulinho, vai ficar sozinho\u201d, ela diz.<\/p>\n<p>Depois dessa, Tertulinho vai ficar com a pulga atr\u00e1s da orelha e querer saber sobre a proposta.<\/p>\n<p>\u201cQue que tu quer que eu fa\u00e7a?\u201d.<\/p>\n<p>S\u00f3 que os planos da empres\u00e1ria n\u00e3o param por a\u00ed&#8230; Ap\u00f3s saber que tem petr\u00f3leo nas terras de Timb\u00f3 (Enrique Diaz), ela vai armar um plano contra ele.<\/p>\n<p>\u201cEu sabia que uma mulher inteligente feito tu, arretada que s\u00f3 a gota, n\u00e3o ia dormir no ponto\u201d, comemora Tertulinho.<\/p>\n<p>Parece queTertulinho n\u00e3o aprende&#8230;<br \/>\n<a href=\"https:\/\/www.tvnovelas.com.br\/novelas\/resumos-de-mar-do-sertao\/\">Confira os resumos da semana de &#8216;Mar do Sert\u00e3o&#8217;<\/a><br \/>\n<strong>\u00daltimas not\u00edcias de &#8216;Mar do Sert\u00e3o&#8217;:<\/strong><br \/>\n<div class=\"pt-cv-wrapper\"><div class=\"pt-cv-view pt-cv-grid pt-cv-colsys\" id=\"pt-cv-view-054665bpli\"><div data-id=\"pt-cv-page-1\" class=\"pt-cv-page\" data-cvc=\"1\"><div class=\"col-md-12 col-sm-12 col-xs-12 pt-cv-content-item pt-cv-1-col\" ><div class='pt-cv-ifield'><h4 class=\"pt-cv-title\"><a href=\"https:\/\/www.tvnovelas.com.br\/tvnews\/mar-do-sertao-candoca-conta-para-ze-paulino-que-esta-gravida\/\" class=\"_blank\" target=\"_blank\" >Mar do Sert\u00e3o: Candoca conta para Z\u00e9 Paulino que est\u00e1 gr\u00e1vida<\/a><\/h4><\/div><\/div>\n<div class=\"col-md-12 col-sm-12 col-xs-12 pt-cv-content-item pt-cv-1-col\" ><div class='pt-cv-ifield'><h4 class=\"pt-cv-title\"><a href=\"https:\/\/www.tvnovelas.com.br\/tvnews\/mar-do-sertao-pajeu-e-fuba-mimoso-impedem-lingua-de-sogra-de-atirar-em-jose\/\" class=\"_blank\" target=\"_blank\" >Mar do Sert\u00e3o: Paje\u00fa e Fub\u00e1 Mimoso impedem L\u00edngua de Sogra de atirar em Jos\u00e9<\/a><\/h4><\/div><\/div>\n<div class=\"col-md-12 col-sm-12 col-xs-12 pt-cv-content-item pt-cv-1-col\" ><div class='pt-cv-ifield'><h4 class=\"pt-cv-title\"><a href=\"https:\/\/www.tvnovelas.com.br\/tvnews\/mar-do-sertao-tertulinho-pede-xaviera-em-casamento-ela-diz-nao\/\" class=\"_blank\" target=\"_blank\" >Mar do Sert\u00e3o: Tertulinho pede Xaviera em casamento. Ela diz n\u00e3o.<\/a><\/h4><\/div><\/div>\n<div class=\"col-md-12 col-sm-12 col-xs-12 pt-cv-content-item pt-cv-1-col\" ><div class='pt-cv-ifield'><h4 class=\"pt-cv-title\"><a href=\"https:\/\/www.tvnovelas.com.br\/tvnews\/mar-do-sertao-mirinho-fica-rico-e-cira-sonha-com-a-europa\/\" class=\"_blank\" target=\"_blank\" >Mar do Sert\u00e3o: Mirinho fica rico e Cira sonha com a Europa<\/a><\/h4><\/div><\/div>\n<div class=\"col-md-12 col-sm-12 col-xs-12 pt-cv-content-item pt-cv-1-col\" ><div class='pt-cv-ifield'><h4 class=\"pt-cv-title\"><a href=\"https:\/\/www.tvnovelas.com.br\/tvnews\/mar-do-sertao-deodora-contrata-servico-do-matador-lingua-de-sogra\/\" class=\"_blank\" target=\"_blank\" >Mar do Sert\u00e3o: Deodora contrata &#8216;servi\u00e7o&#8217; do matador L\u00edngua de Sogra<\/a><\/h4><\/div><\/div><\/div><\/div><\/div><br \/>\n<strong style=\"font-size: 120%;\">\u00daltimas not\u00edcias deste canal:<\/strong><br \/>\n<div class=\"pt-cv-wrapper\"><div class=\"pt-cv-view pt-cv-grid pt-cv-colsys\" id=\"pt-cv-view-90991035b3\"><div data-id=\"pt-cv-page-1\" class=\"pt-cv-page\" data-cvc=\"1\"><div class=\"col-md-12 col-sm-12 col-xs-12 pt-cv-content-item pt-cv-1-col\" ><div class='pt-cv-ifield'><h4 class=\"pt-cv-title\"><a href=\"https:\/\/www.tvnovelas.com.br\/tvnews\/guerra-das-rosas-cihan-vibra-com-desistencia-de-gulru-de-casar-com-mert\/\" class=\"_self\" target=\"_self\" >Guerra das Rosas: Cihan vibra com desist\u00eancia de Gulru de casar com Mert<\/a><\/h4><\/div><\/div>\n<div class=\"col-md-12 col-sm-12 col-xs-12 pt-cv-content-item pt-cv-1-col\" ><div class='pt-cv-ifield'><h4 class=\"pt-cv-title\"><a href=\"https:\/\/www.tvnovelas.com.br\/tvnews\/coracao-de-mae-irmak-denuncia-adnan\/\" class=\"_self\" target=\"_self\" >Cora\u00e7\u00e3o de M\u00e3e: Irmak denuncia Adnan<\/a><\/h4><\/div><\/div>\n<div class=\"col-md-12 col-sm-12 col-xs-12 pt-cv-content-item pt-cv-1-col\" ><div class='pt-cv-ifield'><h4 class=\"pt-cv-title\"><a href=\"https:\/\/www.tvnovelas.com.br\/tvnews\/a-nobreza-do-amor-mirinho-e-obrigado-a-resgatar-tonho\/\" class=\"_self\" target=\"_self\" >A Nobreza do Amor: Mirinho \u00e9 obrigado a resgatar Tonho<\/a><\/h4><\/div><\/div>\n<div class=\"col-md-12 col-sm-12 col-xs-12 pt-cv-content-item pt-cv-1-col\" ><div class='pt-cv-ifield'><h4 class=\"pt-cv-title\"><a href=\"https:\/\/www.tvnovelas.com.br\/tvnews\/tres-gracas-paulinho-e-afastado-da-policia-por-causa-de-gerluce\/\" class=\"_self\" target=\"_self\" >Tr\u00eas Gra\u00e7as: Paulinho \u00e9 afastado da pol\u00edcia por causa de Gerluce<\/a><\/h4><\/div><\/div>\n<div class=\"col-md-12 col-sm-12 col-xs-12 pt-cv-content-item pt-cv-1-col\" ><div class='pt-cv-ifield'><h4 class=\"pt-cv-title\"><a href=\"https:\/\/www.tvnovelas.com.br\/tvnews\/coracao-de-mae-irmak-inicia-jogo-arriscado-contra-adnan\/\" class=\"_self\" target=\"_self\" >Cora\u00e7\u00e3o de M\u00e3e: Irmak inicia jogo arriscado contra Adnan<\/a><\/h4><\/div><\/div>\n<div class=\"col-md-12 col-sm-12 col-xs-12 pt-cv-content-item pt-cv-1-col\" ><div class='pt-cv-ifield'><h4 class=\"pt-cv-title\"><a href=\"https:\/\/www.tvnovelas.com.br\/tvnews\/guerra-das-rosas-omer-chama-gulru-vestida-de-noiva-para-fugir\/\" class=\"_self\" target=\"_self\" >Guerra das Rosas: Omer chama Gulru vestida de noiva para fugir<\/a><\/h4><\/div><\/div>\n<div class=\"col-md-12 col-sm-12 col-xs-12 pt-cv-content-item pt-cv-1-col\" ><div class='pt-cv-ifield'><h4 class=\"pt-cv-title\"><a href=\"https:\/\/www.tvnovelas.com.br\/tvnews\/coracao-de-mae-reha-sai-para-jantar-com-selvi\/\" class=\"_self\" target=\"_self\" >Cora\u00e7\u00e3o de M\u00e3e: Reha sai para jantar com Selvi<\/a><\/h4><\/div><\/div>\n<div class=\"col-md-12 col-sm-12 col-xs-12 pt-cv-content-item pt-cv-1-col\" ><div class='pt-cv-ifield'><h4 class=\"pt-cv-title\"><a href=\"https:\/\/www.tvnovelas.com.br\/tvnews\/coracao-acelerado-zila-se-preocupa-com-sua-situacao-apos-separacao\/\" class=\"_self\" target=\"_self\" >Cora\u00e7\u00e3o Acelerado: Zil\u00e1 se preocupa com sua situa\u00e7\u00e3o ap\u00f3s separa\u00e7\u00e3o<\/a><\/h4><\/div><\/div>\n<div class=\"col-md-12 col-sm-12 col-xs-12 pt-cv-content-item pt-cv-1-col\" ><div class='pt-cv-ifield'><h4 class=\"pt-cv-title\"><a href=\"https:\/\/www.tvnovelas.com.br\/tvnews\/a-nobreza-do-amor-tonho-nao-se-curva-diante-de-mirinho\/\" class=\"_self\" target=\"_self\" >A Nobreza do Amor: Tonho n\u00e3o se curva diante de Mirinho<\/a><\/h4><\/div><\/div>\n<div class=\"col-md-12 col-sm-12 col-xs-12 pt-cv-content-item pt-cv-1-col\" ><div class='pt-cv-ifield'><h4 class=\"pt-cv-title\"><a href=\"https:\/\/www.tvnovelas.com.br\/tvnews\/tres-gracas-arminda-surta-ao-confirmar-que-ferette-e-pai-de-raul\/\" class=\"_self\" target=\"_self\" >Tr\u00eas Gra\u00e7as:  Arminda surta ao confirmar que Ferette \u00e9 pai de Raul<\/a><\/h4><\/div><\/div><\/div><\/div><\/div><br \/>\n<a href=\"https:\/\/www.tvnovelas.com.br\/novelas\/\"><strong>Confira os resumos da semana de todas novelas<\/strong><\/a><br \/>\n<a href=\"http:\/\/tvnovelas.com.br\/filmes\" target=\"_blank\" rel=\"noopener\">Veja tamb\u00e9m: Todas as telas: filmes e s\u00e9ries nos streamings<\/a><\/p>\n<h3>Confira tamb\u00e9m<\/h3>\n<p><a href=\"https:\/\/www.tvnovelas.com.br\/filmes\/\" target=\"_blank\" rel=\"noopener noreferrer\"><strong>Programa\u00e7\u00e3o de filmes na TV aberta<\/strong><\/a><br \/>\n<a href=\"https:\/\/tvnovelas.com.br\/filmes\/filmes-e-series-ineditos-em-estreia-na-semana-na-netflix\/\" target=\"_blank\" rel=\"noopener noreferrer\"><strong>Estreias da semana na Netflix<\/strong><\/a><br \/>\n<a href=\"https:\/\/caetenews.com.br\/semana\/filmes-da-globo-na-sessao-da-tarde-desta-semana\/\" target=\"_blank\" rel=\"noopener\"><strong>Confira os filmes da semana na Sess\u00e3o da Tarde<\/strong><\/a><br \/>\n<a href=\"\/\/tvnovelas.com.br\/filmes\/filmes-em-estreia-nos-cinemas\/\" target=\"_blank\" rel=\"noopener noreferrer\"><strong>Estreias e novidades no Cinema<\/strong><\/a><br \/>\n<a href=\"https:\/\/www.tvnovelas.com.br\/novelas\/\" target=\"_blank\" rel=\"noopener noreferrer\"><strong>Resumos de novelas<\/strong><\/a><\/p>\n","protected":false},"excerpt":{"rendered":"<p>Mar do Sert\u00e3o: Laura atrai Tertulinho&#8230; Tertulinho (Renato G\u00f3es) n\u00e3o sabe, mas Laura (Eli Ferreira) tem planos audaciosos. E para come\u00e7ar a colocar as pr\u00f3prias ideias em pr\u00e1tica, ela&#8230;<\/p>\n","protected":false},"author":1,"featured_media":35907,"comment_status":"closed","ping_status":"closed","sticky":false,"template":"","format":"standard","meta":{"_uf_show_specific_survey":0,"_uf_disable_surveys":false,"_jetpack_memberships_contains_paid_content":false,"footnotes":"","_wp_rev_ctl_limit":""},"categories":[335],"tags":[5,336,64],"class_list":["post-35906","post","type-post","status-publish","format-standard","has-post-thumbnail","hentry","category-mar-do-sertao","tag-globo","tag-mar-do-sertao","tag-novelas","wpcat-335-id"],"aioseo_notices":[],"jetpack_featured_media_url":"https:\/\/i0.wp.com\/www.tvnovelas.com.br\/tvnews\/wp-content\/uploads\/2022\/12\/36054.jpg?fit=728%2C410&ssl=1","jetpack_shortlink":"https:\/\/wp.me\/pdP2BO-9l8","jetpack_sharing_enabled":true,"_links":{"self":[{"href":"https:\/\/www.tvnovelas.com.br\/tvnews\/wp-json\/wp\/v2\/posts\/35906","targetHints":{"allow":["GET"]}}],"collection":[{"href":"https:\/\/www.tvnovelas.com.br\/tvnews\/wp-json\/wp\/v2\/posts"}],"about":[{"href":"https:\/\/www.tvnovelas.com.br\/tvnews\/wp-json\/wp\/v2\/types\/post"}],"author":[{"embeddable":true,"href":"https:\/\/www.tvnovelas.com.br\/tvnews\/wp-json\/wp\/v2\/users\/1"}],"replies":[{"embeddable":true,"href":"https:\/\/www.tvnovelas.com.br\/tvnews\/wp-json\/wp\/v2\/comments?post=35906"}],"version-history":[{"count":0,"href":"https:\/\/www.tvnovelas.com.br\/tvnews\/wp-json\/wp\/v2\/posts\/35906\/revisions"}],"wp:featuredmedia":[{"embeddable":true,"href":"https:\/\/www.tvnovelas.com.br\/tvnews\/wp-json\/wp\/v2\/media\/35907"}],"wp:attachment":[{"href":"https:\/\/www.tvnovelas.com.br\/tvnews\/wp-json\/wp\/v2\/media?parent=35906"}],"wp:term":[{"taxonomy":"category","embeddable":true,"href":"https:\/\/www.tvnovelas.com.br\/tvnews\/wp-json\/wp\/v2\/categories?post=35906"},{"taxonomy":"post_tag","embeddable":true,"href":"https:\/\/www.tvnovelas.com.br\/tvnews\/wp-json\/wp\/v2\/tags?post=35906"}],"curies":[{"name":"wp","href":"https:\/\/api.w.org\/{rel}","templated":true}]}}