{"id":36126,"date":"2022-12-31T13:00:06","date_gmt":"2022-12-31T16:00:06","guid":{"rendered":"https:\/\/www.tvnovelas.com.br\/tvnews\/?p=36126"},"modified":"2022-12-31T13:35:51","modified_gmt":"2022-12-31T16:35:51","slug":"o-que-acontece-em-cara-e-coragem-na-semana-02-a-07-de-janeiro","status":"publish","type":"post","link":"https:\/\/www.tvnovelas.com.br\/tvnews\/o-que-acontece-em-cara-e-coragem-na-semana-02-a-07-de-janeiro\/","title":{"rendered":"O que acontece em Cara e Coragem na semana 02 a 07 de janeiro"},"content":{"rendered":"<p><em>Cara e Coragem na semana 02 a 07 de janeiro<\/em><br \/>\n<img data-recalc-dims=\"1\" decoding=\"async\" src=\"https:\/\/i0.wp.com\/www.tvnovelas.com.br\/tvnews\/wp-content\/uploads\/2022\/12\/36116a.jpg?resize=728%2C417&#038;ssl=1\" alt=\"Cara e Coragem na semana 02 a 07 de janeiro\" width=\"728\" height=\"417\" class=\"alignnone size-full wp-image-36128\" \/><\/p>\n<blockquote><p>Dagmar \u00e9 a m\u00e3e de Rebeca, Clarice comemora a pris\u00e3o de Danilo, Jonathan \u00e9 sequestrado pelos capangas de R\u00f4mulo, Regina tenta seduzir Danilo e \u00e9 expulsa da SG, Andr\u00e9a arma para que Duarte v\u00e1 a sua casa, \u00cdtalo, Regina treina tiro, Pat e Moa temem vingan\u00e7a de Regina<\/p><\/blockquote>\n<p><strong>Resumo de segunda-feira, 02 de janeiro<\/strong><br \/>\nMoa demora a compreender que Soss\u00f4 \u00e9 sua filha. Marcela se entristece ao saber que Paulo est\u00e1 se envolvendo com Fernanda. Hugo critica Andr\u00e9a por n\u00e3o aceitar o amor de Duarte. J\u00e9ssica incentiva Duarte a ir atr\u00e1s de Andr\u00e9a. Marcela e Paulo se preparam para invadir o barco de Danilo. Moa conta para Milton sobre Soss\u00f4. Marcela e Paulo prendem Berimbau. Rebeca descobre por Andr\u00e9a que sua poss\u00edvel m\u00e3e biol\u00f3gica fez o exame de DNA. Dagmar conta para Martha a hist\u00f3ria sobre a filha que teve que deixar em um abrigo. Berimbau denuncia Danilo em seu depoimento para Marcela e Paulo. \u00cdtalo ouve parte de uma conversa entre R\u00f4mulo e Danilo com a escuta que colocou na mans\u00e3o. Jonathan avisa a Clarice que voltar\u00e1 para o Brasil. Marcela e Paulo v\u00e3o \u00e0 SG prender Danilo, e Jarbas alerta \u00cdtalo. Clarice procura Danilo. Marcela e sua equipe chegam \u00e0 SG. Moa e Alfredo se encontram.<\/p>\n<p><strong>Resumo de ter\u00e7a-feira, 03 de janeiro<\/strong><br \/>\nClarice comemora a pris\u00e3o de Danilo e quase denuncia Jarbas para Paulo. Soss\u00f4 liga para Alfredo enquanto ele conversa com Moa e deixa os dois abalados. J\u00e9ssica d\u00e1 conselhos para Leonardo. Danilo se recusa a dar um depoimento sem seu advogado. Leonardo v\u00ea Anita na Companhia de Dan\u00e7a e decide falar com ela. Danilo nega seu conhecimento com Berimbau. Alfredo e Pat pensam em como contar\u00e3o a verdade para Soss\u00f4 e Gui. Duarte agride Danilo, e Marcela os repreende. R\u00f4mulo flagra Pat em seu quarto e acredita que ela tem planos para os dois. <\/p>\n<p><img data-recalc-dims=\"1\" decoding=\"async\" src=\"https:\/\/i0.wp.com\/www.tvnovelas.com.br\/tvnews\/wp-content\/uploads\/2022\/12\/36116b.jpg?resize=728%2C409&#038;ssl=1\" alt=\"Cara e Coragem na semana 02 a 07\" width=\"728\" height=\"409\" class=\"alignnone size-full wp-image-36129\" srcset=\"https:\/\/i0.wp.com\/www.tvnovelas.com.br\/tvnews\/wp-content\/uploads\/2022\/12\/36116b.jpg?w=728&amp;ssl=1 728w, https:\/\/i0.wp.com\/www.tvnovelas.com.br\/tvnews\/wp-content\/uploads\/2022\/12\/36116b.jpg?resize=678%2C381&amp;ssl=1 678w\" sizes=\"(max-width: 728px) 100vw, 728px\" \/><\/p>\n<p><strong>Resumo de quarta-feira, 04 de janeiro<\/strong><br \/>\nPat se enfurece com a insinua\u00e7\u00e3o de R\u00f4mulo e decide ir embora. Jarbas conversa com \u00cdtalo sobre o comparecimento de Danilo \u00e0 delegacia. Leonardo confessa a Clarice que ainda ama Regina. Dagmar se assusta com o coment\u00e1rio que a filha faz sobre Clarice. Moa se emociona ao abra\u00e7ar Soss\u00f4. Moa comenta com Pat sobre sua desconfian\u00e7a com R\u00f4mulo. A equipe de \u00cdtalo flagra uma conversa de R\u00f4mulo com Alexei. Martha e Clarice convocam uma reuni\u00e3o com os acionistas da SG, mas n\u00e3o conseguem destituir Danilo da presid\u00eancia. Danilo sai da cadeia. Renan \u00e9 seguido por mulheres do grupo de Andr\u00e9a. Lucas tenta falar com Lou sobre Renan. Moa vai \u00e0 delegacia tentar not\u00edcias sobre o depoimento de Berimbau. Rico chega \u00e0 Companhia de Dan\u00e7a, mas n\u00e3o v\u00ea Renan. \u00cdtalo entrega um aparelho de seguran\u00e7a para Pat. Jonathan \u00e9 sequestrado pelos capangas de R\u00f4mulo.<\/p>\n<p><strong>Resumo de quinta-feira, 05 de janeiro<\/strong><br \/>\nPat e \u00cdtalo ouvem R\u00f4mulo falando sobre Jonathan e ficam apreensivos. Regina tenta seduzir Danilo, mas acaba expulsa da SG. Renan invade a sala de Ol\u00edvia e \u00e9 impedido por ela e Rico de falar com Lou. Moa invade a mans\u00e3o de R\u00f4mulo. Andr\u00e9a conversa com Lou sobre o grupo de mulheres. Moa encontra e fotografa um passaporte de R\u00f4mulo com outra identidade, e mostra para \u00cdtalo. Pat pensa em contar para Lou por que est\u00e1 se envolvendo com R\u00f4mulo. Leonardo vai \u00e0 SG confrontar Danilo. \u00cdtalo revela a Moa sobre a parceria de Pat na investiga\u00e7\u00e3o a R\u00f4mulo. Pat incentiva Lou a denunciar Renan \u00e0 pol\u00edcia e ir \u00e0 reuni\u00e3o do grupo de mulheres. Armandinho e Clarice compartilham da preocupa\u00e7\u00e3o com o sumi\u00e7o de Jonathan. Jonathan acorda e fica assustado com Maurice. Regina pede ajuda a Kak\u00e1. \u00cdtalo e Moa ouvem a conversa de R\u00f4mulo e Pat na mans\u00e3o. Pat se surpreende com a chegada de Danilo para jantar com ela e R\u00f4mulo. Marcela faz uma descoberta que pode comprometer Danilo.<\/p>\n<p><img data-recalc-dims=\"1\" decoding=\"async\" src=\"https:\/\/i0.wp.com\/www.tvnovelas.com.br\/tvnews\/wp-content\/uploads\/2022\/12\/36116.jpg?resize=728%2C413&#038;ssl=1\" alt=\"Cara e Coragem na semana 02 a 07\" width=\"728\" height=\"413\" class=\"alignnone size-full wp-image-36130\" \/><\/p>\n<p><strong>Resumo de sexta-feira, 06 de janeiro<\/strong><br \/>\nPat se recusa a jantar com Danilo, e os dois discutem na frente de R\u00f4mulo. Marcela desconfia do envolvimento do vil\u00e3o na morte de Roberto Gusm\u00e3o, e decide conversar novamente com Berimbau. \u00cdtalo descobre que Jonathan foi sequestrado. Moa exige que Pat se afaste de R\u00f4mulo. Berimbau se recusa a dar qualquer informa\u00e7\u00e3o sobre a morte de Roberto Gusm\u00e3o para Marcela e Paulo. \u00cdtalo conta a Clarice sobre o sequestro de Jonathan, e ela decide negociar com Danilo. Andr\u00e9a arma para que Duarte v\u00e1 a sua casa. Dagmar pensa em como contar para Regina sobre a possibilidade de ela ter uma irm\u00e3. Kak\u00e1 conta para Moa que Regina esteve na Coragem.com. Leonardo e J\u00e9ssica se beijam. Martha n\u00e3o aceita entregar as a\u00e7\u00f5es da SG para Danilo e sugere denunciar o sequestro \u00e0 pol\u00edcia. Danilo fala com Jonathan e se incomoda ao v\u00ea-lo machucado. Regina treina tiro com a arma que ganhou de Alexei. <\/p>\n<p><strong>Resumo de s\u00e1bado, 07 de janeiro<\/strong><br \/>\nJ\u00e9ssica e Leonardo decidem ser apenas amigos. \u00cdtalo, Pat e Moa temem que Regina possa fazer algo contra eles. Danilo convence Maurice a esperar um tempo para conseguir a aceita\u00e7\u00e3o de Jonathan. Alfredo sente dores no local de sua opera\u00e7\u00e3o e comenta com Ol\u00edvia, que se preocupa. Lou se culpa por pensar em denunciar Renan \u00e0 pol\u00edcia. Nadir aparece no brech\u00f3 e Joca vai atend\u00ea-la. Regina n\u00e3o gosta de saber que pode ter uma irm\u00e3. \u00cdtalo questiona Clarice sobre seus sentimentos por Jonathan. \u00cdtalo e Clarice se beijam. J\u00e9ssica e \u00cdsis convencem Lou a ir com elas \u00e0 reuni\u00e3o de mulheres. Gustavo conta para Teca sobre seu encontro com Duarte. Lou se veste com o terninho laranja, e Rico fica admirado. Dagmar pede para Regina olhar o resultado do exame de DNA na internet. Rebeca se emociona com o resultado do exame de DNA.<br \/>\n<a href=\"https:\/\/www.tvnovelas.com.br\/novelas\/resumos-de-cara-e-coragem-2\/\">Confira os resumos da semana 09 14 de Cara e Coragem<\/a><br \/>\n<strong>\u00daltimas not\u00edcias de &#8216;Cara e Coragem&#8217;:<\/strong><br \/>\n<div class=\"pt-cv-wrapper\"><div class=\"pt-cv-view pt-cv-grid pt-cv-colsys\" id=\"pt-cv-view-02684292u5\"><div data-id=\"pt-cv-page-1\" class=\"pt-cv-page\" data-cvc=\"1\"><div class=\"col-md-12 col-sm-12 col-xs-12 pt-cv-content-item pt-cv-1-col\" ><div class='pt-cv-ifield'><h4 class=\"pt-cv-title\"><a href=\"https:\/\/www.tvnovelas.com.br\/tvnews\/cara-e-coragem-clarice-e-italo-se-casam\/\" class=\"_blank\" target=\"_blank\" >Cara e Coragem: Clarice e \u00cdtalo se casam<\/a><\/h4><\/div><\/div>\n<div class=\"col-md-12 col-sm-12 col-xs-12 pt-cv-content-item pt-cv-1-col\" ><div class='pt-cv-ifield'><h4 class=\"pt-cv-title\"><a href=\"https:\/\/www.tvnovelas.com.br\/tvnews\/cara-e-coragem-danilo-e-regina-pegam-30-anos-de-prisao\/\" class=\"_blank\" target=\"_blank\" >Cara e Coragem: Danilo e Regina pegam 30 anos de pris\u00e3o<\/a><\/h4><\/div><\/div>\n<div class=\"col-md-12 col-sm-12 col-xs-12 pt-cv-content-item pt-cv-1-col\" ><div class='pt-cv-ifield'><h4 class=\"pt-cv-title\"><a href=\"https:\/\/www.tvnovelas.com.br\/tvnews\/cara-e-coragem-danilo-sequestra-sosso-e-chiquinho\/\" class=\"_blank\" target=\"_blank\" >Cara e Coragem: Danilo sequestra Soss\u00f4 e Chiquinho<\/a><\/h4><\/div><\/div>\n<div class=\"col-md-12 col-sm-12 col-xs-12 pt-cv-content-item pt-cv-1-col\" ><div class='pt-cv-ifield'><h4 class=\"pt-cv-title\"><a href=\"https:\/\/www.tvnovelas.com.br\/tvnews\/cara-e-coragem-regina-mata-um-na-casa-dos-gusmao\/\" class=\"_blank\" target=\"_blank\" >Cara e Coragem: Regina mata um na casa dos Gusm\u00e3o<\/a><\/h4><\/div><\/div><\/div><\/div><\/div><br \/>\n<strong style=\"font-size: 120%;\">\u00daltimas not\u00edcias deste canal:<\/strong><br \/>\n<div class=\"pt-cv-wrapper\"><div class=\"pt-cv-view pt-cv-grid pt-cv-colsys\" id=\"pt-cv-view-90991035b3\"><div data-id=\"pt-cv-page-1\" class=\"pt-cv-page\" data-cvc=\"1\"><div class=\"col-md-12 col-sm-12 col-xs-12 pt-cv-content-item pt-cv-1-col\" ><div class='pt-cv-ifield'><h4 class=\"pt-cv-title\"><a href=\"https:\/\/www.tvnovelas.com.br\/tvnews\/o-que-se-passa-em-guerra-das-rosas-na-semana-04-a-08-de-maio\/\" class=\"_self\" target=\"_self\" >O que se passa em Guerra das Rosas na semana 04 a 08 de maio<\/a><\/h4><\/div><\/div>\n<div class=\"col-md-12 col-sm-12 col-xs-12 pt-cv-content-item pt-cv-1-col\" ><div class='pt-cv-ifield'><h4 class=\"pt-cv-title\"><a href=\"https:\/\/www.tvnovelas.com.br\/tvnews\/a-nobreza-do-amor-kenia-desmaia-apos-ser-abandonada-pelo-noivo\/\" class=\"_self\" target=\"_self\" >A Nobreza do Amor: K\u00eania desmaia ap\u00f3s ser &#8216;abandonada&#8217; pelo noivo<\/a><\/h4><\/div><\/div>\n<div class=\"col-md-12 col-sm-12 col-xs-12 pt-cv-content-item pt-cv-1-col\" ><div class='pt-cv-ifield'><h4 class=\"pt-cv-title\"><a href=\"https:\/\/www.tvnovelas.com.br\/tvnews\/tres-gracas-arminda-sugere-a-ferette-matar-a-bebe-de-joelly\/\" class=\"_self\" target=\"_self\" >Tr\u00eas Gra\u00e7as: Arminda sugere a Ferette matar a beb\u00ea de Jo\u00e9lly<\/a><\/h4><\/div><\/div>\n<div class=\"col-md-12 col-sm-12 col-xs-12 pt-cv-content-item pt-cv-1-col\" ><div class='pt-cv-ifield'><h4 class=\"pt-cv-title\"><a href=\"https:\/\/www.tvnovelas.com.br\/tvnews\/em-a-nobreza-do-amor-na-semana-04-a-09-de-maio\/\" class=\"_self\" target=\"_self\" >Em A Nobreza do Amor na semana 04 a 09 de maio<\/a><\/h4><\/div><\/div>\n<div class=\"col-md-12 col-sm-12 col-xs-12 pt-cv-content-item pt-cv-1-col\" ><div class='pt-cv-ifield'><h4 class=\"pt-cv-title\"><a href=\"https:\/\/www.tvnovelas.com.br\/tvnews\/o-que-acontece-em-tres-gracas-na-semana-04-a-09-de-maio\/\" class=\"_self\" target=\"_self\" >O que acontece em Tr\u00eas Gra\u00e7as na semana 04 a 09 de maio<\/a><\/h4><\/div><\/div>\n<div class=\"col-md-12 col-sm-12 col-xs-12 pt-cv-content-item pt-cv-1-col\" ><div class='pt-cv-ifield'><h4 class=\"pt-cv-title\"><a href=\"https:\/\/www.tvnovelas.com.br\/tvnews\/coracao-de-mae-reha-entra-em-panico-com-a-prisao-de-adnan\/\" class=\"_self\" target=\"_self\" >Cora\u00e7\u00e3o de M\u00e3e: Reha entra em p\u00e2nico com a pris\u00e3o de Adnan<\/a><\/h4><\/div><\/div>\n<div class=\"col-md-12 col-sm-12 col-xs-12 pt-cv-content-item pt-cv-1-col\" ><div class='pt-cv-ifield'><h4 class=\"pt-cv-title\"><a href=\"https:\/\/www.tvnovelas.com.br\/tvnews\/guerra-das-rosas-mert-sequestra-gulru\/\" class=\"_self\" target=\"_self\" >Guerra das Rosas: Mert sequestra Gulru<\/a><\/h4><\/div><\/div>\n<div class=\"col-md-12 col-sm-12 col-xs-12 pt-cv-content-item pt-cv-1-col\" ><div class='pt-cv-ifield'><h4 class=\"pt-cv-title\"><a href=\"https:\/\/www.tvnovelas.com.br\/tvnews\/a-nobreza-do-amor-resistencia-sequestra-noivo-de-kenia-e-o-despacha-de-batanga\/\" class=\"_self\" target=\"_self\" >A Nobreza do Amor: Resist\u00eancia sequestra noivo de K\u00eania e o despacha de Batanga<\/a><\/h4><\/div><\/div>\n<div class=\"col-md-12 col-sm-12 col-xs-12 pt-cv-content-item pt-cv-1-col\" ><div class='pt-cv-ifield'><h4 class=\"pt-cv-title\"><a href=\"https:\/\/www.tvnovelas.com.br\/tvnews\/tres-gracas-joelly-e-gerluce-descobrem-que-filha-de-lena-e-a-bebe-roubada\/\" class=\"_self\" target=\"_self\" >Tr\u00eas Gra\u00e7as: Jo\u00e9lly e Gerluce descobrem que filha de Lena \u00e9 a beb\u00ea roubada<\/a><\/h4><\/div><\/div>\n<div class=\"col-md-12 col-sm-12 col-xs-12 pt-cv-content-item pt-cv-1-col\" ><div class='pt-cv-ifield'><h4 class=\"pt-cv-title\"><a href=\"https:\/\/www.tvnovelas.com.br\/tvnews\/em-coracao-de-mae-nos-proximos-capitulos-04-a-08-5\/\" class=\"_self\" target=\"_self\" >Em Cora\u00e7\u00e3o de M\u00e3e nos pr\u00f3ximos cap\u00edtulos (04 a 08\/5)<\/a><\/h4><\/div><\/div><\/div><\/div><\/div><br \/>\n<a href=\"https:\/\/www.tvnovelas.com.br\/novelas\/\"><strong>Confira os resumos da semana de todas novelas<\/strong><\/a><br \/>\n<a href=\"http:\/\/tvnovelas.com.br\/filmes\" target=\"_blank\" rel=\"noopener\">Veja tamb\u00e9m: Todas as telas: filmes e s\u00e9ries nos streamings<\/a><\/p>\n<h3>Confira tamb\u00e9m<\/h3>\n<p><a href=\"https:\/\/www.tvnovelas.com.br\/filmes\/\" target=\"_blank\" rel=\"noopener noreferrer\"><strong>Programa\u00e7\u00e3o de filmes na TV aberta<\/strong><\/a><br \/>\n<a href=\"https:\/\/tvnovelas.com.br\/filmes\/filmes-e-series-ineditos-em-estreia-na-semana-na-netflix\/\" target=\"_blank\" rel=\"noopener noreferrer\"><strong>Estreias da semana na Netflix<\/strong><\/a><br \/>\n<a href=\"https:\/\/caetenews.com.br\/semana\/filmes-da-globo-na-sessao-da-tarde-desta-semana\/\" target=\"_blank\" rel=\"noopener\"><strong>Confira os filmes da semana na Sess\u00e3o da Tarde<\/strong><\/a><br \/>\n<a href=\"\/\/tvnovelas.com.br\/filmes\/filmes-em-estreia-nos-cinemas\/\" target=\"_blank\" rel=\"noopener noreferrer\"><strong>Estreias e novidades no Cinema<\/strong><\/a><br \/>\n<a href=\"https:\/\/www.tvnovelas.com.br\/novelas\/\" target=\"_blank\" rel=\"noopener noreferrer\"><strong>Resumos de novelas<\/strong><\/a><\/p>\n","protected":false},"excerpt":{"rendered":"<p>Em Coragem na semana 02 a 07&#8230; Dagmar \u00e9 a m\u00e3e de Rebeca, Clarice comemora a pris\u00e3o de Danilo, Jonathan \u00e9 sequestrado pelos capangas de R\u00f4mulo, Regina tenta seduzir Danilo e \u00e9 expulsa da SG, Andr\u00e9a arma para que Duarte v\u00e1 a sua casa, \u00cdtalo, Regina treina tiro, Pat e Moa temem vingan\u00e7a de Regina<\/p>\n","protected":false},"author":1,"featured_media":36130,"comment_status":"closed","ping_status":"closed","sticky":false,"template":"","format":"standard","meta":{"_uf_show_specific_survey":0,"_uf_disable_surveys":false,"_jetpack_memberships_contains_paid_content":false,"footnotes":"","_wp_rev_ctl_limit":""},"categories":[1,314],"tags":[315,5,64],"class_list":["post-36126","post","type-post","status-publish","format-standard","has-post-thumbnail","hentry","category-outra","category-cara-e-coragem","tag-cara-e-coragem","tag-globo","tag-novelas","wpcat-1-id","wpcat-314-id"],"aioseo_notices":[],"jetpack_featured_media_url":"https:\/\/i0.wp.com\/www.tvnovelas.com.br\/tvnews\/wp-content\/uploads\/2022\/12\/36116.jpg?fit=728%2C413&ssl=1","jetpack_shortlink":"https:\/\/wp.me\/pdP2BO-9oG","jetpack_sharing_enabled":true,"_links":{"self":[{"href":"https:\/\/www.tvnovelas.com.br\/tvnews\/wp-json\/wp\/v2\/posts\/36126","targetHints":{"allow":["GET"]}}],"collection":[{"href":"https:\/\/www.tvnovelas.com.br\/tvnews\/wp-json\/wp\/v2\/posts"}],"about":[{"href":"https:\/\/www.tvnovelas.com.br\/tvnews\/wp-json\/wp\/v2\/types\/post"}],"author":[{"embeddable":true,"href":"https:\/\/www.tvnovelas.com.br\/tvnews\/wp-json\/wp\/v2\/users\/1"}],"replies":[{"embeddable":true,"href":"https:\/\/www.tvnovelas.com.br\/tvnews\/wp-json\/wp\/v2\/comments?post=36126"}],"version-history":[{"count":0,"href":"https:\/\/www.tvnovelas.com.br\/tvnews\/wp-json\/wp\/v2\/posts\/36126\/revisions"}],"wp:featuredmedia":[{"embeddable":true,"href":"https:\/\/www.tvnovelas.com.br\/tvnews\/wp-json\/wp\/v2\/media\/36130"}],"wp:attachment":[{"href":"https:\/\/www.tvnovelas.com.br\/tvnews\/wp-json\/wp\/v2\/media?parent=36126"}],"wp:term":[{"taxonomy":"category","embeddable":true,"href":"https:\/\/www.tvnovelas.com.br\/tvnews\/wp-json\/wp\/v2\/categories?post=36126"},{"taxonomy":"post_tag","embeddable":true,"href":"https:\/\/www.tvnovelas.com.br\/tvnews\/wp-json\/wp\/v2\/tags?post=36126"}],"curies":[{"name":"wp","href":"https:\/\/api.w.org\/{rel}","templated":true}]}}