{"id":36206,"date":"2023-01-02T13:49:26","date_gmt":"2023-01-02T16:49:26","guid":{"rendered":"https:\/\/www.tvnovelas.com.br\/tvnews\/?p=36206"},"modified":"2023-01-02T13:49:26","modified_gmt":"2023-01-02T16:49:26","slug":"a-record-reprisa-serie-a-lei-e-o-crime-a-partir-desta-segunda-dia-2","status":"publish","type":"post","link":"https:\/\/www.tvnovelas.com.br\/tvnews\/a-record-reprisa-serie-a-lei-e-o-crime-a-partir-desta-segunda-dia-2\/","title":{"rendered":"A Record reprisa s\u00e9rie A Lei e o Crime a partir desta segunda, dia 2"},"content":{"rendered":"<p><em>Not\u00edcias da Record: A Lei e o Crime<\/em><br \/>\n<img data-recalc-dims=\"1\" decoding=\"async\" class=\"alignnone wp-image-36207 size-full\" title=\"(Foto: Record\/A Lei e o Crime)\" src=\"https:\/\/i0.wp.com\/www.tvnovelas.com.br\/tvnews\/wp-content\/uploads\/2023\/01\/36137.jpg?resize=728%2C410&#038;ssl=1\" alt=\"Foto de Catarina em A Lei e o Crime\" width=\"728\" height=\"410\" srcset=\"https:\/\/i0.wp.com\/www.tvnovelas.com.br\/tvnews\/wp-content\/uploads\/2023\/01\/36137.jpg?w=728&amp;ssl=1 728w, https:\/\/i0.wp.com\/www.tvnovelas.com.br\/tvnews\/wp-content\/uploads\/2023\/01\/36137.jpg?resize=678%2C381&amp;ssl=1 678w\" sizes=\"(max-width: 728px) 100vw, 728px\" \/><br \/>\nA s\u00e9rie A Lei e o Crime volta \u00e0 programa\u00e7\u00e3o da Record TV nesta segunda (2), a partir das 22h30, dentro da programa\u00e7\u00e3o a Sess\u00e3o 70 anos que integra a comemora\u00e7\u00e3o dos 70 anos da Record.<\/p>\n<p><strong>Sinopse da S\u00e9rie<\/strong><br \/>\nNando, um cara na faixa dos 30 anos, ex-paraquedista, perdeu um \u00f3timo emprego por causa de uma briga com um colega de servi\u00e7o. A dificuldade financeira o obrigou a ir morar com a mulher e a filha pequena na casa do sogro. Este, Seu Reinaldo, que nunca tivera simpatia pelo genro, n\u00e3o cansa de submet\u00ea-lo a humilha\u00e7\u00f5es, o que acaba por desembocar numa trag\u00e9dia: Nando mata o pai da esposa e foge.<\/p>\n<p>Romero, o cunhado policial, jura vingan\u00e7a e sai ao seu encal\u00e7o, ignorando as formalidades da lei. Descobre onde vivem parentes de Nando, em cidade pr\u00f3xima, e os chacina, ao n\u00e3o obter o paradeiro do marido, da irm\u00e3 e assassino do pai.<\/p>\n<p>Nando chega em uma favela do Rio de Janeiro em busca de um velho conhecido que tem envolvimento com o tr\u00e1fico local e se emprega a servi\u00e7o da bandidagem. Em uma das primeiras a\u00e7\u00f5es que executa \u2014 roubar carros para um bonde \u2014, depara-se com Catarina, mulher da alta sociedade, que est\u00e1 acompanhada do pai e do marido. O pai tenta reagir e \u00e9 morto por Nando.<\/p>\n<p>Extremamente ligada ao pai, Catarina, rica de origem nobre por parte de m\u00e3e, depois de um per\u00edodo de depress\u00e3o, toma uma decis\u00e3o surpreendente. Faz concurso para delegada de pol\u00edcia, o que gera um tenso conflito com o marido, a fam\u00edlia e os amigos. Mas ela n\u00e3o muda de ideia, argumentando, que se costuma dizer que a elite brasileira vive longe dos problemas do pa\u00eds: pois ela quer meter a m\u00e3o na realidade que vitimou seu pai, por mais s\u00f3rdida que seja.<\/p>\n<p>O marido, Renato, jamais se conformar\u00e1 com a decis\u00e3o da mulher, que considera um rebaixamento para a fam\u00edlia, e tentar\u00e1 por todos os meios minar a carreira dela. A esta altura, Romero perdeu o rastro do cunhado e desconfia que a irm\u00e3 continua mantendo contato com o marido, o que o leva a vigi\u00e1-la 24 horas por dia. O conflito familiar \u00e9 quase insuport\u00e1vel. A mulher de Romero, Rosa, tamb\u00e9m hostiliza a cunhada o tempo todo, acusando-a de defender o assassino do pr\u00f3prio pai.<\/p>\n<p><img data-recalc-dims=\"1\" decoding=\"async\" class=\"alignnone wp-image-36208 size-full\" title=\"(Foto: Record\/A Lei e o Crime)\" src=\"https:\/\/i0.wp.com\/www.tvnovelas.com.br\/tvnews\/wp-content\/uploads\/2023\/01\/36138.jpg?resize=728%2C410&#038;ssl=1\" alt=\"Foto de divulga\u00e7\u00e3o em A Lei e o Crime\" width=\"728\" height=\"410\" srcset=\"https:\/\/i0.wp.com\/www.tvnovelas.com.br\/tvnews\/wp-content\/uploads\/2023\/01\/36138.jpg?w=728&amp;ssl=1 728w, https:\/\/i0.wp.com\/www.tvnovelas.com.br\/tvnews\/wp-content\/uploads\/2023\/01\/36138.jpg?resize=678%2C381&amp;ssl=1 678w\" sizes=\"(max-width: 728px) 100vw, 728px\" \/><\/p>\n<p>Nando lidera uma revolta contra o chefe do tr\u00e1fico na favela, mata-o e assume o comando do morro, tornando-se um dos mais poderosos bandidos da cidade. H\u00e1 uma passagem de tempo e Catarina \u00e9 nomeada para uma delegacia das mais problem\u00e1ticas. O delegado anterior foi assassinado e at\u00e9 ent\u00e3o n\u00e3o se descobriram os criminosos.<\/p>\n<p>Um denso mist\u00e9rio pesa sobre o crime. H\u00e1 suspeitas de que foi a mil\u00edcia que atua nas redondezas, e que ele investigava, a respons\u00e1vel pelo crime.<\/p>\n<p>Entre os investigadores da delegacia est\u00e1 Romero, transferido para ali alguns meses antes. E um estranho e misterioso policial, Leandro, mais velho, acusado de associa\u00e7\u00e3o ao tr\u00e1fico e pedofilia, pelo que responde a inqu\u00e9rito na Corregedoria. Leandro vive marginalizado e solit\u00e1rio. Logo se ver\u00e1 que Romero continua no firme prop\u00f3sito de pegar Nando. N\u00e3o foi por outra raz\u00e3o que conseguiu sua transfer\u00eancia para aquela delegacia. Est\u00e1 ligado \u00e0s mil\u00edcias e secretamente v\u00ea Catarina como um empecilho aos seus objetivos, embora diante dela se fa\u00e7a passar por campe\u00e3o da legalidade.<\/p>\n","protected":false},"excerpt":{"rendered":"<p>Em A Lei e o Crime, Nando, um cara na faixa dos 30 anos, ex-paraquedista, perdeu um \u00f3timo emprego por causa de uma briga com um colega de servi\u00e7o. A dificuldade financeira&#8230;.<\/p>\n","protected":false},"author":1,"featured_media":36207,"comment_status":"closed","ping_status":"closed","sticky":false,"template":"","format":"standard","meta":{"_uf_show_specific_survey":0,"_uf_disable_surveys":false,"_jetpack_memberships_contains_paid_content":false,"footnotes":"","_wp_rev_ctl_limit":""},"categories":[309],"tags":[366,14],"class_list":["post-36206","post","type-post","status-publish","format-standard","has-post-thumbnail","hentry","category-record","tag-a-lei-e-o-crime","tag-record","wpcat-309-id"],"aioseo_notices":[],"jetpack_featured_media_url":"https:\/\/i0.wp.com\/www.tvnovelas.com.br\/tvnews\/wp-content\/uploads\/2023\/01\/36137.jpg?fit=728%2C410&ssl=1","jetpack_shortlink":"https:\/\/wp.me\/pdP2BO-9pY","jetpack_sharing_enabled":true,"_links":{"self":[{"href":"https:\/\/www.tvnovelas.com.br\/tvnews\/wp-json\/wp\/v2\/posts\/36206","targetHints":{"allow":["GET"]}}],"collection":[{"href":"https:\/\/www.tvnovelas.com.br\/tvnews\/wp-json\/wp\/v2\/posts"}],"about":[{"href":"https:\/\/www.tvnovelas.com.br\/tvnews\/wp-json\/wp\/v2\/types\/post"}],"author":[{"embeddable":true,"href":"https:\/\/www.tvnovelas.com.br\/tvnews\/wp-json\/wp\/v2\/users\/1"}],"replies":[{"embeddable":true,"href":"https:\/\/www.tvnovelas.com.br\/tvnews\/wp-json\/wp\/v2\/comments?post=36206"}],"version-history":[{"count":0,"href":"https:\/\/www.tvnovelas.com.br\/tvnews\/wp-json\/wp\/v2\/posts\/36206\/revisions"}],"wp:featuredmedia":[{"embeddable":true,"href":"https:\/\/www.tvnovelas.com.br\/tvnews\/wp-json\/wp\/v2\/media\/36207"}],"wp:attachment":[{"href":"https:\/\/www.tvnovelas.com.br\/tvnews\/wp-json\/wp\/v2\/media?parent=36206"}],"wp:term":[{"taxonomy":"category","embeddable":true,"href":"https:\/\/www.tvnovelas.com.br\/tvnews\/wp-json\/wp\/v2\/categories?post=36206"},{"taxonomy":"post_tag","embeddable":true,"href":"https:\/\/www.tvnovelas.com.br\/tvnews\/wp-json\/wp\/v2\/tags?post=36206"}],"curies":[{"name":"wp","href":"https:\/\/api.w.org\/{rel}","templated":true}]}}