{"id":36456,"date":"2023-01-07T16:00:59","date_gmt":"2023-01-07T19:00:59","guid":{"rendered":"https:\/\/www.tvnovelas.com.br\/tvnews\/?p=36456"},"modified":"2023-01-07T16:08:30","modified_gmt":"2023-01-07T19:08:30","slug":"resumos-dos-ultimos-capitulos-divulgados-de-cara-e-coragem","status":"publish","type":"post","link":"https:\/\/www.tvnovelas.com.br\/tvnews\/resumos-dos-ultimos-capitulos-divulgados-de-cara-e-coragem\/","title":{"rendered":"Resumos dos \u00faltimos cap\u00edtulos divulgados de Cara e Coragem"},"content":{"rendered":"<p><em>Resumos dos \u00faltimos cap\u00edtulos divulgados de Cara e Coragem<\/em><br \/>\n<img data-recalc-dims=\"1\" decoding=\"async\" class=\"alignnone wp-image-36457 size-full\" title=\"(Foto: TV Globo\/Cara e Coragem)\" src=\"https:\/\/i0.wp.com\/www.tvnovelas.com.br\/tvnews\/wp-content\/uploads\/2023\/01\/36204b.jpg?resize=728%2C407&#038;ssl=1\" alt=\"Foto em \u00faltimos cap\u00edtulos divulgados de Cara e Coragem\" width=\"728\" height=\"407\" \/><\/p>\n<blockquote><p>As mulheres de terninho laranja t\u00eam uma ideia para punir Renan, Regina se insinua para Alexei e o beija, Rebeca e Dagmar se encontram, Pat fica assustada com amea\u00e7a de R\u00f4mulo, Martha passa suas a\u00e7\u00f5es da empresa para Danilo<\/p><\/blockquote>\n<p><strong>Resumo de segunda-feira, 09 de janeiro<\/strong><br \/>\nRebeca fica animada para conhecer sua m\u00e3e biol\u00f3gica, e Fernanda a apoia. Regina discute com Dagmar. Alfredo passa mal, e Ol\u00edvia o leva para o hospital. Duarte se veste como Bob, para ajudar Ol\u00edvia na Companhia de Dan\u00e7a. Renan convida Lucas para trabalhar com ele. As mulheres t\u00eam uma ideia para punir Renan. Kak\u00e1 ajuda Dagmar a encontrar o laborat\u00f3rio para ela conseguir o resultado do exame de DNA. \u00cdtalo pede que Pat esteja presente no encontro que R\u00f4mulo ter\u00e1 com Alexei. Ol\u00edvia teme pela sa\u00fade de Alfredo. \u00cdtalo entrega a Pat um equipamento para poder monitor\u00e1-la durante a reuni\u00e3o com R\u00f4mulo e Alexei. Hugo recebe um convite para um novo trabalho e sai para comemorar com Enzo, Andr\u00e9a e Duarte. \u00cdtalo fala para Moa onde Pat est\u00e1, e os dois se enfrentam. Pat deixa cair o colar e \u00cdtalo perde o monitoramento de Pat.<\/p>\n<p><strong>Resumo de ter\u00e7a-feira, 10 de janeiro<\/strong><br \/>\nMoa se desespera quando \u00cdtalo avisa que perdeu a conex\u00e3o com Pat. Andr\u00e9a fica encantada com o jeito de Duarte. Moa aparece na mans\u00e3o de R\u00f4mulo para resgatar Pat. R\u00f4mulo avisa que Regina est\u00e1 se separando de Leonardo e Alexei fica interessado. R\u00f4mulo resgata o colar de Pat e reconhece o equipamento de escuta. Moa tem uma conversa s\u00e9ria com Pat. Rebeca decide ir \u00e0 casa de sua m\u00e3e biol\u00f3gica. Regina se insinua para Alexei e o beija. Fernanda flagra Paulo e a delegada Marcela se beijando. Martha conta para Leonardo sobre a negocia\u00e7\u00e3o que est\u00e3o fazendo com Danilo. Rebeca e Dagmar se encontram. Soss\u00f4 e Chiquinho ouvem Milton conversando com Nadir sobre a doen\u00e7a de Alfredo. Ol\u00edvia pede para falar com Pat. Rebeca e Dagmar t\u00eam uma longa conversa. Regina e Danilo recebem um Mandado de Cita\u00e7\u00e3o pela tentativa de homic\u00eddio de Clarice. R\u00f4mulo pergunta por que Pat estava usando um colar com uma c\u00e2mera no jantar em sua casa.<\/p>\n<p><img data-recalc-dims=\"1\" decoding=\"async\" class=\"alignnone wp-image-36458 size-full\" title=\"(Foto: TV Globo\/Cara e Coragem)\" src=\"https:\/\/i0.wp.com\/www.tvnovelas.com.br\/tvnews\/wp-content\/uploads\/2023\/01\/36204a.jpg?resize=728%2C405&#038;ssl=1\" alt=\"Foto em resumos de Cara e Coragem\" width=\"728\" height=\"405\" \/><\/p>\n<p><strong>Resumo de quarta-feira, 11 de janeiro<\/strong><br \/>\nPat revela a R\u00f4mulo que estava monitorando os encontros deles para \u00cdtalo. Danilo se desespera com a Cita\u00e7\u00e3o e exige que C\u00e9lia arrume um encontro dele com Rebeca. Regina chora com medo de ser presa. Batata e outros camel\u00f4s impedem Paulo de falar com Fernanda. Pat fica assustada quando ouve R\u00f4mulo amea\u00e7\u00e1-la depois de se declarar para ela. Alfredo teme por sua vida e pede para que Moa conte a verdade para Soss\u00f4. Leonardo descobre que n\u00e3o foi citado como r\u00e9u pela tentativa de homic\u00eddio de Clarice. Berimbau pede uma dela\u00e7\u00e3o premiada a Marcela para denunciar Danilo. Pat conta para Moa sobre seu encontro com R\u00f4mulo, e os dois se beijam. R\u00f4mulo decide tirar Jonathan do local onde ele estava preso. Martha passa suas a\u00e7\u00f5es da empresa para Danilo. \u00cdtalo chega com sua equipe ao local indicado por Danilo para resgatar Jonathan.<\/p>\n<p><img data-recalc-dims=\"1\" decoding=\"async\" class=\"alignnone wp-image-36459 size-full\" title=\"(Foto: TV Globo\/Cara e Coragem)\" src=\"https:\/\/i0.wp.com\/www.tvnovelas.com.br\/tvnews\/wp-content\/uploads\/2023\/01\/36204.jpg?resize=728%2C412&#038;ssl=1\" alt=\"Foto em resumos de Cara e Coragem\" width=\"728\" height=\"412\" \/><\/p>\n<p><strong>Resumo de quinta a s\u00e1bado, 12 a 13 de janeiro<\/strong><br \/>\nN\u00e3o ser\u00e1 divulgado pela emissorfa.<\/p>\n<p><strong>Resumo de s\u00e1bado, 14 de janeiro<\/strong><br \/>\nReprise do \u00faltimo cap\u00edtulo.<br \/>\n<strong>\u00daltimas not\u00edcias de &#8216;Cara e Coragem&#8217;:<\/strong><br \/>\n<div class=\"pt-cv-wrapper\"><div class=\"pt-cv-view pt-cv-grid pt-cv-colsys\" id=\"pt-cv-view-02684292u5\"><div data-id=\"pt-cv-page-1\" class=\"pt-cv-page\" data-cvc=\"1\"><div class=\"col-md-12 col-sm-12 col-xs-12 pt-cv-content-item pt-cv-1-col\" ><div class='pt-cv-ifield'><h4 class=\"pt-cv-title\"><a href=\"https:\/\/www.tvnovelas.com.br\/tvnews\/cara-e-coragem-clarice-e-italo-se-casam\/\" class=\"_blank\" target=\"_blank\" >Cara e Coragem: Clarice e \u00cdtalo se casam<\/a><\/h4><\/div><\/div>\n<div class=\"col-md-12 col-sm-12 col-xs-12 pt-cv-content-item pt-cv-1-col\" ><div class='pt-cv-ifield'><h4 class=\"pt-cv-title\"><a href=\"https:\/\/www.tvnovelas.com.br\/tvnews\/cara-e-coragem-danilo-e-regina-pegam-30-anos-de-prisao\/\" class=\"_blank\" target=\"_blank\" >Cara e Coragem: Danilo e Regina pegam 30 anos de pris\u00e3o<\/a><\/h4><\/div><\/div>\n<div class=\"col-md-12 col-sm-12 col-xs-12 pt-cv-content-item pt-cv-1-col\" ><div class='pt-cv-ifield'><h4 class=\"pt-cv-title\"><a href=\"https:\/\/www.tvnovelas.com.br\/tvnews\/cara-e-coragem-danilo-sequestra-sosso-e-chiquinho\/\" class=\"_blank\" target=\"_blank\" >Cara e Coragem: Danilo sequestra Soss\u00f4 e Chiquinho<\/a><\/h4><\/div><\/div>\n<div class=\"col-md-12 col-sm-12 col-xs-12 pt-cv-content-item pt-cv-1-col\" ><div class='pt-cv-ifield'><h4 class=\"pt-cv-title\"><a href=\"https:\/\/www.tvnovelas.com.br\/tvnews\/cara-e-coragem-regina-mata-um-na-casa-dos-gusmao\/\" class=\"_blank\" target=\"_blank\" >Cara e Coragem: Regina mata um na casa dos Gusm\u00e3o<\/a><\/h4><\/div><\/div><\/div><\/div><\/div><br \/>\n<strong style=\"font-size: 120%;\">\u00daltimas not\u00edcias deste canal:<\/strong><br \/>\n<div class=\"pt-cv-wrapper\"><div class=\"pt-cv-view pt-cv-grid pt-cv-colsys\" id=\"pt-cv-view-90991035b3\"><div data-id=\"pt-cv-page-1\" class=\"pt-cv-page\" data-cvc=\"1\"><div class=\"col-md-12 col-sm-12 col-xs-12 pt-cv-content-item pt-cv-1-col\" ><div class='pt-cv-ifield'><h4 class=\"pt-cv-title\"><a href=\"https:\/\/www.tvnovelas.com.br\/tvnews\/tres-gracas-arminda-surta-ao-confirmar-que-ferette-e-pai-de-raul\/\" class=\"_self\" target=\"_self\" >Tr\u00eas Gra\u00e7as:  Arminda surta ao confirmar que Ferette \u00e9 pai de Raul<\/a><\/h4><\/div><\/div>\n<div class=\"col-md-12 col-sm-12 col-xs-12 pt-cv-content-item pt-cv-1-col\" ><div class='pt-cv-ifield'><h4 class=\"pt-cv-title\"><a href=\"https:\/\/www.tvnovelas.com.br\/tvnews\/coracao-de-mae-atilla-confronta-hasan-e-exige-o-divorcio-de-lale\/\" class=\"_self\" target=\"_self\" >Cora\u00e7\u00e3o de M\u00e3e: Atilla confronta Hasan e exige o div\u00f3rcio de Lale<\/a><\/h4><\/div><\/div>\n<div class=\"col-md-12 col-sm-12 col-xs-12 pt-cv-content-item pt-cv-1-col\" ><div class='pt-cv-ifield'><h4 class=\"pt-cv-title\"><a href=\"https:\/\/www.tvnovelas.com.br\/tvnews\/guerra-das-rosas-gulfem-coloca-gulru-contra-a-parede\/\" class=\"_self\" target=\"_self\" >Guerra das Rosas: Gulfem coloca Gulru contra a parede<\/a><\/h4><\/div><\/div>\n<div class=\"col-md-12 col-sm-12 col-xs-12 pt-cv-content-item pt-cv-1-col\" ><div class='pt-cv-ifield'><h4 class=\"pt-cv-title\"><a href=\"https:\/\/www.tvnovelas.com.br\/tvnews\/coracao-de-mae-atilla-diz-a-lale-que-quer-o-divorcio\/\" class=\"_self\" target=\"_self\" >Cora\u00e7\u00e3o de M\u00e3e: Atilla diz a Lale que quer o div\u00f3rcio<\/a><\/h4><\/div><\/div>\n<div class=\"col-md-12 col-sm-12 col-xs-12 pt-cv-content-item pt-cv-1-col\" ><div class='pt-cv-ifield'><h4 class=\"pt-cv-title\"><a href=\"https:\/\/www.tvnovelas.com.br\/tvnews\/a-nobreza-do-amor-mirinho-garante-noivado-com-virginia-para-atrair-sogro-a-negocio\/\" class=\"_self\" target=\"_self\" >A Nobreza do Amor: Mirinho garante noivado com Virg\u00ednia para atrair sogro a neg\u00f3cio<\/a><\/h4><\/div><\/div>\n<div class=\"col-md-12 col-sm-12 col-xs-12 pt-cv-content-item pt-cv-1-col\" ><div class='pt-cv-ifield'><h4 class=\"pt-cv-title\"><a href=\"https:\/\/www.tvnovelas.com.br\/tvnews\/tres-gracas-joaquim-propoe-fuga-a-arminda-com-o-dinheiro-das-tres-gracas\/\" class=\"_self\" target=\"_self\" >Tr\u00eas Gra\u00e7as:  Joaquim prop\u00f5e fuga a Arminda com o dinheiro das Tr\u00eas Gra\u00e7as<\/a><\/h4><\/div><\/div>\n<div class=\"col-md-12 col-sm-12 col-xs-12 pt-cv-content-item pt-cv-1-col\" ><div class='pt-cv-ifield'><h4 class=\"pt-cv-title\"><a href=\"https:\/\/www.tvnovelas.com.br\/tvnews\/coracao-de-mae-atilla-decide-abrir-o-jogo-com-karsu\/\" class=\"_self\" target=\"_self\" >Cora\u00e7\u00e3o de M\u00e3e: Atilla decide abrir o jogo com Karsu<\/a><\/h4><\/div><\/div>\n<div class=\"col-md-12 col-sm-12 col-xs-12 pt-cv-content-item pt-cv-1-col\" ><div class='pt-cv-ifield'><h4 class=\"pt-cv-title\"><a href=\"https:\/\/www.tvnovelas.com.br\/tvnews\/coracao-de-mae-adnan-e-preso-apos-denuncia-de-irmak\/\" class=\"_self\" target=\"_self\" >Em Cora\u00e7\u00e3o de M\u00e3e: Adnan \u00e9 preso ap\u00f3s denuncia de Irmak<\/a><\/h4><\/div><\/div>\n<div class=\"col-md-12 col-sm-12 col-xs-12 pt-cv-content-item pt-cv-1-col\" ><div class='pt-cv-ifield'><h4 class=\"pt-cv-title\"><a href=\"https:\/\/www.tvnovelas.com.br\/tvnews\/coracao-de-mae-atilla-forca-karsu-a-ouvir-suas-explicacoes\/\" class=\"_self\" target=\"_self\" >Cora\u00e7\u00e3o de M\u00e3e: Atilla for\u00e7a Karsu a ouvir suas explica\u00e7\u00f5es<\/a><\/h4><\/div><\/div>\n<div class=\"col-md-12 col-sm-12 col-xs-12 pt-cv-content-item pt-cv-1-col\" ><div class='pt-cv-ifield'><h4 class=\"pt-cv-title\"><a href=\"https:\/\/www.tvnovelas.com.br\/tvnews\/coracao-acelerado-mulher-choca-janete-ao-se-apresentar-como-amante-do-palhares\/\" class=\"_self\" target=\"_self\" >Cora\u00e7\u00e3o Acelerado: Mulher choca Janete ao se apresentar como amante do Palhares<\/a><\/h4><\/div><\/div><\/div><\/div><\/div><br \/>\n<a href=\"https:\/\/www.tvnovelas.com.br\/novelas\/\"><strong>Confira os resumos da semana de todas novelas<\/strong><\/a><br \/>\n<a href=\"http:\/\/tvnovelas.com.br\/filmes\" target=\"_blank\" rel=\"noopener\">Veja tamb\u00e9m: Todas as telas: filmes e s\u00e9ries nos streamings<\/a><\/p>\n<h3>Confira tamb\u00e9m<\/h3>\n<p><a href=\"https:\/\/www.tvnovelas.com.br\/filmes\/\" target=\"_blank\" rel=\"noopener noreferrer\"><strong>Programa\u00e7\u00e3o de filmes na TV aberta<\/strong><\/a><br \/>\n<a href=\"https:\/\/tvnovelas.com.br\/filmes\/filmes-e-series-ineditos-em-estreia-na-semana-na-netflix\/\" target=\"_blank\" rel=\"noopener noreferrer\"><strong>Estreias da semana na Netflix<\/strong><\/a><br \/>\n<a href=\"https:\/\/caetenews.com.br\/semana\/filmes-da-globo-na-sessao-da-tarde-desta-semana\/\" target=\"_blank\" rel=\"noopener\"><strong>Confira os filmes da semana na Sess\u00e3o da Tarde<\/strong><\/a><br \/>\n<a href=\"\/\/tvnovelas.com.br\/filmes\/filmes-em-estreia-nos-cinemas\/\" target=\"_blank\" rel=\"noopener noreferrer\"><strong>Estreias e novidades no Cinema<\/strong><\/a><br \/>\n<a href=\"https:\/\/www.tvnovelas.com.br\/novelas\/\" target=\"_blank\" rel=\"noopener noreferrer\"><strong>Resumos de novelas<\/strong><\/a><\/p>\n","protected":false},"excerpt":{"rendered":"<p>Nos resumos dos \u00faltimos cap\u00edtulos divulgados de Cara e Coragem, As mulheres de terninho laranja t\u00eam uma ideia para punir Renan, Regina se insinua para Alexei e o beija, Rebeca e Dagmar se encontram, Pat fica assustada com amea\u00e7a de R\u00f4mulo, Martha passa suas a\u00e7\u00f5es da empresa para Danilo&#8230;<\/p>\n","protected":false},"author":1,"featured_media":36458,"comment_status":"closed","ping_status":"closed","sticky":false,"template":"","format":"standard","meta":{"_uf_show_specific_survey":0,"_uf_disable_surveys":false,"_jetpack_memberships_contains_paid_content":false,"footnotes":"","_wp_rev_ctl_limit":""},"categories":[314],"tags":[315,5,64],"class_list":["post-36456","post","type-post","status-publish","format-standard","has-post-thumbnail","hentry","category-cara-e-coragem","tag-cara-e-coragem","tag-globo","tag-novelas","wpcat-314-id"],"aioseo_notices":[],"jetpack_featured_media_url":"https:\/\/i0.wp.com\/www.tvnovelas.com.br\/tvnews\/wp-content\/uploads\/2023\/01\/36204a.jpg?fit=728%2C405&ssl=1","jetpack_shortlink":"https:\/\/wp.me\/pdP2BO-9u0","jetpack_sharing_enabled":true,"_links":{"self":[{"href":"https:\/\/www.tvnovelas.com.br\/tvnews\/wp-json\/wp\/v2\/posts\/36456","targetHints":{"allow":["GET"]}}],"collection":[{"href":"https:\/\/www.tvnovelas.com.br\/tvnews\/wp-json\/wp\/v2\/posts"}],"about":[{"href":"https:\/\/www.tvnovelas.com.br\/tvnews\/wp-json\/wp\/v2\/types\/post"}],"author":[{"embeddable":true,"href":"https:\/\/www.tvnovelas.com.br\/tvnews\/wp-json\/wp\/v2\/users\/1"}],"replies":[{"embeddable":true,"href":"https:\/\/www.tvnovelas.com.br\/tvnews\/wp-json\/wp\/v2\/comments?post=36456"}],"version-history":[{"count":0,"href":"https:\/\/www.tvnovelas.com.br\/tvnews\/wp-json\/wp\/v2\/posts\/36456\/revisions"}],"wp:featuredmedia":[{"embeddable":true,"href":"https:\/\/www.tvnovelas.com.br\/tvnews\/wp-json\/wp\/v2\/media\/36458"}],"wp:attachment":[{"href":"https:\/\/www.tvnovelas.com.br\/tvnews\/wp-json\/wp\/v2\/media?parent=36456"}],"wp:term":[{"taxonomy":"category","embeddable":true,"href":"https:\/\/www.tvnovelas.com.br\/tvnews\/wp-json\/wp\/v2\/categories?post=36456"},{"taxonomy":"post_tag","embeddable":true,"href":"https:\/\/www.tvnovelas.com.br\/tvnews\/wp-json\/wp\/v2\/tags?post=36456"}],"curies":[{"name":"wp","href":"https:\/\/api.w.org\/{rel}","templated":true}]}}