{"id":36561,"date":"2023-01-09T16:29:31","date_gmt":"2023-01-09T19:29:31","guid":{"rendered":"https:\/\/www.tvnovelas.com.br\/tvnews\/?p=36561"},"modified":"2023-01-09T16:29:31","modified_gmt":"2023-01-09T19:29:31","slug":"novela-turca-mae-chega-ao-globoplay-nesta-segunda-09-01","status":"publish","type":"post","link":"https:\/\/www.tvnovelas.com.br\/tvnews\/novela-turca-mae-chega-ao-globoplay-nesta-segunda-09-01\/","title":{"rendered":"Novela turca \u2018M\u00e3e\u2019 chega ao Globoplay nesta segunda  (09\/01)"},"content":{"rendered":"<p><em>Not\u00edcias do Globoplay: Novela turca \u2018M\u00e3e\u2019<\/em><br \/>\n<img data-recalc-dims=\"1\" decoding=\"async\" src=\"https:\/\/i0.wp.com\/www.tvnovelas.com.br\/tvnews\/wp-content\/uploads\/2023\/01\/36230.jpg?resize=728%2C410&#038;ssl=1\" alt=\"Globoplay: Novela turca \u2018M\u00e3e\u2019\" width=\"728\" height=\"410\" class=\"alignnone size-full wp-image-36562\" srcset=\"https:\/\/i0.wp.com\/www.tvnovelas.com.br\/tvnews\/wp-content\/uploads\/2023\/01\/36230.jpg?w=728&amp;ssl=1 728w, https:\/\/i0.wp.com\/www.tvnovelas.com.br\/tvnews\/wp-content\/uploads\/2023\/01\/36230.jpg?resize=678%2C381&amp;ssl=1 678w\" sizes=\"(max-width: 728px) 100vw, 728px\" \/><\/p>\n<p>A novela turca \u2018M\u00e3e\u2019 chega ao Globoplay nesta segunda-feira, dia 09 de janeiro. A trama de 85 cap\u00edtulos \u00e9 protagonizada pela atriz Cansu Dere (conhecida no Brasil pela novela \u2018Sila, Prisioneira do Amor\u2019), que interpreta a professora Zeynep G\u00fcnes; e pela atriz mirim Beren G\u00f6kyildiz, no papel de Melek Ak\u00e7ay. Adaptada da s\u00e9rie japonesa \u2018Mother\u2019 (2010), gerando adapta\u00e7\u00f5es em todo mundo, \u2018M\u00e3e\u2019 \u00e9 in\u00e9dita no Brasil. Ao todo, 15 epis\u00f3dios ser\u00e3o disponibilizados semanalmente no Globoplay, sempre \u00e0s segundas-feiras.  <\/p>\n<p>\u2018M\u00e3e\u2019 conta a hist\u00f3ria de Melek (Beren G\u00f6kyildiz), uma menina de sete anos de idade que sofre maus-tratos de sua fam\u00edlia e encontra no afeto da professora Zeynep G\u00fcnes a chance de uma nova vida. Ap\u00f3s perder o marido, Sule Ak\u00e7ay (Gonca Vuslateri), m\u00e3e biol\u00f3gica de Melek, come\u00e7a a trabalhar em um clube noturno para criar a filha, mas acaba conhecendo Cengiz Yildiz (Berkay Ates), um homem possessivo, alco\u00f3latra e violento. Por medo se ser abandonada, Sule \u00e9 conivente com os maus-tratos de Cengiz em rela\u00e7\u00e3o a sua filha. <\/p>\n<p>Na escola, Zeynep G\u00fcnes (Cansu Dere) nota o comportamento estranho de Melek e, ao descobrir os abusos, desenvolve uma rela\u00e7\u00e3o m\u00fatua de afeto com a crian\u00e7a. Ao mesmo tempo, a professora precisar\u00e1 inventar alguma desculpa sobre a menina para sua m\u00e3e adotiva, Cahide G\u00fcnes (G\u00fclenay Kalkan), uma grande advogada que a adotou na inf\u00e2ncia, e para suas irm\u00e3s. Zeynep ter\u00e1, ainda, que lidar com o jornalista Ali Arhan (Can Nergis), que investigar\u00e1 o caso de Melek. <\/p>\n<p>Enquanto Zeynep e Melek buscam juntas um recome\u00e7o para suas vidas, a m\u00e3e biol\u00f3gica da professora, G\u00f6n\u00fcl Aslan (Vahide Per\u00e7in), que estava presa sob acusa\u00e7\u00e3o de ter assassinado o marido, \u00e9 libertada e tentar\u00e1, ap\u00f3s 20 anos, recuperar a rela\u00e7\u00e3o com a filha. <\/p>\n<p>Exibida em 2016 na Turquia, \u2018M\u00e3e\u2019 viajou o mundo, sendo a fic\u00e7\u00e3o turca mais exportada no pa\u00eds em 2018. A jovem Beren G\u00f6kyldiz venceu a categoria de melhor Atriz Infantil no Golden Butterfly Awards, premia\u00e7\u00e3o da TV turca.<br \/>\n<strong style=\"font-size: 120%;\">\u00daltimas not\u00edcias deste canal:<\/strong><br \/>\n<div class=\"pt-cv-wrapper\"><div class=\"pt-cv-view pt-cv-grid pt-cv-colsys\" id=\"pt-cv-view-90991035b3\"><div data-id=\"pt-cv-page-1\" class=\"pt-cv-page\" data-cvc=\"1\"><div class=\"col-md-12 col-sm-12 col-xs-12 pt-cv-content-item pt-cv-1-col\" ><div class='pt-cv-ifield'><h4 class=\"pt-cv-title\"><a href=\"https:\/\/www.tvnovelas.com.br\/tvnews\/guerra-das-rosas-cihan-vibra-com-desistencia-de-gulru-de-casar-com-mert\/\" class=\"_self\" target=\"_self\" >Guerra das Rosas: Cihan vibra com desist\u00eancia de Gulru de casar com Mert<\/a><\/h4><\/div><\/div>\n<div class=\"col-md-12 col-sm-12 col-xs-12 pt-cv-content-item pt-cv-1-col\" ><div class='pt-cv-ifield'><h4 class=\"pt-cv-title\"><a href=\"https:\/\/www.tvnovelas.com.br\/tvnews\/coracao-de-mae-irmak-denuncia-adnan\/\" class=\"_self\" target=\"_self\" >Cora\u00e7\u00e3o de M\u00e3e: Irmak denuncia Adnan<\/a><\/h4><\/div><\/div>\n<div class=\"col-md-12 col-sm-12 col-xs-12 pt-cv-content-item pt-cv-1-col\" ><div class='pt-cv-ifield'><h4 class=\"pt-cv-title\"><a href=\"https:\/\/www.tvnovelas.com.br\/tvnews\/a-nobreza-do-amor-mirinho-e-obrigado-a-resgatar-tonho\/\" class=\"_self\" target=\"_self\" >A Nobreza do Amor: Mirinho \u00e9 obrigado a resgatar Tonho<\/a><\/h4><\/div><\/div>\n<div class=\"col-md-12 col-sm-12 col-xs-12 pt-cv-content-item pt-cv-1-col\" ><div class='pt-cv-ifield'><h4 class=\"pt-cv-title\"><a href=\"https:\/\/www.tvnovelas.com.br\/tvnews\/tres-gracas-paulinho-e-afastado-da-policia-por-causa-de-gerluce\/\" class=\"_self\" target=\"_self\" >Tr\u00eas Gra\u00e7as: Paulinho \u00e9 afastado da pol\u00edcia por causa de Gerluce<\/a><\/h4><\/div><\/div>\n<div class=\"col-md-12 col-sm-12 col-xs-12 pt-cv-content-item pt-cv-1-col\" ><div class='pt-cv-ifield'><h4 class=\"pt-cv-title\"><a href=\"https:\/\/www.tvnovelas.com.br\/tvnews\/coracao-de-mae-irmak-inicia-jogo-arriscado-contra-adnan\/\" class=\"_self\" target=\"_self\" >Cora\u00e7\u00e3o de M\u00e3e: Irmak inicia jogo arriscado contra Adnan<\/a><\/h4><\/div><\/div>\n<div class=\"col-md-12 col-sm-12 col-xs-12 pt-cv-content-item pt-cv-1-col\" ><div class='pt-cv-ifield'><h4 class=\"pt-cv-title\"><a href=\"https:\/\/www.tvnovelas.com.br\/tvnews\/guerra-das-rosas-omer-chama-gulru-vestida-de-noiva-para-fugir\/\" class=\"_self\" target=\"_self\" >Guerra das Rosas: Omer chama Gulru vestida de noiva para fugir<\/a><\/h4><\/div><\/div>\n<div class=\"col-md-12 col-sm-12 col-xs-12 pt-cv-content-item pt-cv-1-col\" ><div class='pt-cv-ifield'><h4 class=\"pt-cv-title\"><a href=\"https:\/\/www.tvnovelas.com.br\/tvnews\/coracao-de-mae-reha-sai-para-jantar-com-selvi\/\" class=\"_self\" target=\"_self\" >Cora\u00e7\u00e3o de M\u00e3e: Reha sai para jantar com Selvi<\/a><\/h4><\/div><\/div>\n<div class=\"col-md-12 col-sm-12 col-xs-12 pt-cv-content-item pt-cv-1-col\" ><div class='pt-cv-ifield'><h4 class=\"pt-cv-title\"><a href=\"https:\/\/www.tvnovelas.com.br\/tvnews\/coracao-acelerado-zila-se-preocupa-com-sua-situacao-apos-separacao\/\" class=\"_self\" target=\"_self\" >Cora\u00e7\u00e3o Acelerado: Zil\u00e1 se preocupa com sua situa\u00e7\u00e3o ap\u00f3s separa\u00e7\u00e3o<\/a><\/h4><\/div><\/div>\n<div class=\"col-md-12 col-sm-12 col-xs-12 pt-cv-content-item pt-cv-1-col\" ><div class='pt-cv-ifield'><h4 class=\"pt-cv-title\"><a href=\"https:\/\/www.tvnovelas.com.br\/tvnews\/a-nobreza-do-amor-tonho-nao-se-curva-diante-de-mirinho\/\" class=\"_self\" target=\"_self\" >A Nobreza do Amor: Tonho n\u00e3o se curva diante de Mirinho<\/a><\/h4><\/div><\/div>\n<div class=\"col-md-12 col-sm-12 col-xs-12 pt-cv-content-item pt-cv-1-col\" ><div class='pt-cv-ifield'><h4 class=\"pt-cv-title\"><a href=\"https:\/\/www.tvnovelas.com.br\/tvnews\/tres-gracas-arminda-surta-ao-confirmar-que-ferette-e-pai-de-raul\/\" class=\"_self\" target=\"_self\" >Tr\u00eas Gra\u00e7as:  Arminda surta ao confirmar que Ferette \u00e9 pai de Raul<\/a><\/h4><\/div><\/div><\/div><\/div><\/div><br \/>\n<a href=\"https:\/\/www.tvnovelas.com.br\/novelas\/\"><strong>Confira os resumos da semana de todas novelas<\/strong><\/a><br \/>\n<a href=\"http:\/\/tvnovelas.com.br\/filmes\" target=\"_blank\" rel=\"noopener\">Veja tamb\u00e9m: Todas as telas: filmes e s\u00e9ries nos streamings<\/a><\/p>\n<h3>Confira tamb\u00e9m<\/h3>\n<p><a href=\"https:\/\/www.tvnovelas.com.br\/filmes\/\" target=\"_blank\" rel=\"noopener noreferrer\"><strong>Programa\u00e7\u00e3o de filmes na TV aberta<\/strong><\/a><br \/>\n<a href=\"https:\/\/caetenews.com.br\/semana\/filmes-da-globo-na-sessao-da-tarde-desta-semana\/\" target=\"_blank\" rel=\"noopener\"><strong>Confira os filmes da semana na Sess\u00e3o da Tarde<\/strong><\/a><br \/>\n<a href=\"https:\/\/www.tvnovelas.com.br\/novelas\/\" target=\"_blank\" rel=\"noopener noreferrer\"><strong>Resumos de novelas<\/strong><\/a><\/p>\n","protected":false},"excerpt":{"rendered":"<p>Em estreia no Globoplay: Novela turca \u2018M\u00e3e\u2019. A novela turca \u2018M\u00e3e\u2019 chega ao Globoplay nesta segunda-feira, dia 09 de janeiro. A trama de 85 cap\u00edtulos \u00e9 protagonizada pela atriz&#8230;<\/p>\n","protected":false},"author":1,"featured_media":36562,"comment_status":"closed","ping_status":"closed","sticky":false,"template":"","format":"standard","meta":{"_uf_show_specific_survey":0,"_uf_disable_surveys":false,"_jetpack_memberships_contains_paid_content":false,"footnotes":"","_wp_rev_ctl_limit":""},"categories":[286],"tags":[249,64],"class_list":["post-36561","post","type-post","status-publish","format-standard","has-post-thumbnail","hentry","category-globoplay","tag-globoplay","tag-novelas","wpcat-286-id"],"aioseo_notices":[],"jetpack_featured_media_url":"https:\/\/i0.wp.com\/www.tvnovelas.com.br\/tvnews\/wp-content\/uploads\/2023\/01\/36230.jpg?fit=728%2C410&ssl=1","jetpack_shortlink":"https:\/\/wp.me\/pdP2BO-9vH","jetpack_sharing_enabled":true,"_links":{"self":[{"href":"https:\/\/www.tvnovelas.com.br\/tvnews\/wp-json\/wp\/v2\/posts\/36561","targetHints":{"allow":["GET"]}}],"collection":[{"href":"https:\/\/www.tvnovelas.com.br\/tvnews\/wp-json\/wp\/v2\/posts"}],"about":[{"href":"https:\/\/www.tvnovelas.com.br\/tvnews\/wp-json\/wp\/v2\/types\/post"}],"author":[{"embeddable":true,"href":"https:\/\/www.tvnovelas.com.br\/tvnews\/wp-json\/wp\/v2\/users\/1"}],"replies":[{"embeddable":true,"href":"https:\/\/www.tvnovelas.com.br\/tvnews\/wp-json\/wp\/v2\/comments?post=36561"}],"version-history":[{"count":0,"href":"https:\/\/www.tvnovelas.com.br\/tvnews\/wp-json\/wp\/v2\/posts\/36561\/revisions"}],"wp:featuredmedia":[{"embeddable":true,"href":"https:\/\/www.tvnovelas.com.br\/tvnews\/wp-json\/wp\/v2\/media\/36562"}],"wp:attachment":[{"href":"https:\/\/www.tvnovelas.com.br\/tvnews\/wp-json\/wp\/v2\/media?parent=36561"}],"wp:term":[{"taxonomy":"category","embeddable":true,"href":"https:\/\/www.tvnovelas.com.br\/tvnews\/wp-json\/wp\/v2\/categories?post=36561"},{"taxonomy":"post_tag","embeddable":true,"href":"https:\/\/www.tvnovelas.com.br\/tvnews\/wp-json\/wp\/v2\/tags?post=36561"}],"curies":[{"name":"wp","href":"https:\/\/api.w.org\/{rel}","templated":true}]}}