{"id":36597,"date":"2023-01-10T13:34:36","date_gmt":"2023-01-10T16:34:36","guid":{"rendered":"https:\/\/www.tvnovelas.com.br\/tvnews\/?p=36597"},"modified":"2023-01-10T14:24:18","modified_gmt":"2023-01-10T17:24:18","slug":"campeonato-carioca-2023-comeca-quinta-dia-12-com-jogos-ao-vivo-pela-band","status":"publish","type":"post","link":"https:\/\/www.tvnovelas.com.br\/tvnews\/campeonato-carioca-2023-comeca-quinta-dia-12-com-jogos-ao-vivo-pela-band\/","title":{"rendered":"Campeonato Carioca 2023 come\u00e7a quinta, dia 12, com jogos ao vivo pela Band"},"content":{"rendered":"<p><img data-recalc-dims=\"1\" decoding=\"async\" class=\"alignnone wp-image-36598 size-full\" title=\"(Foto: Marcelo Cortes \/ CRF)\" src=\"https:\/\/i0.wp.com\/www.tvnovelas.com.br\/tvnews\/wp-content\/uploads\/2023\/01\/36239.jpg?resize=719%2C442&#038;ssl=1\" alt=\"Foto de treino do Flamengo em Campeonato Carioca 2023 come\u00e7a quinta, dia 12\" width=\"719\" height=\"442\" \/><\/p>\n<p>A estreia do Campeonato Carioca est\u00e1 marcada para o dia 12 de janeiro (quinta-feira), com o confronto entre Flamengo e Audax Rio, \u00e0s 21h30 (hor\u00e1rio de Bras\u00edlia), no est\u00e1dio do Maracan\u00e3, em jogo antecipado da quinta rodada. O jogo tamb\u00e9m marca a reestreia das transmiss\u00f5es da Band do estadual.<\/p>\n<p>A Band fechou acordo para a transmiss\u00e3o do Campeonato Carioca at\u00e9 2025 na TV aberta.<\/p>\n<p>A Federa\u00e7\u00e3o de Futebol do Rio de Janeiro divulgou a tabela detalhada do Carioca at\u00e9 a oitava rodada. A Band vai transmitir 17 partidas da competi\u00e7\u00e3o para todo o pa\u00eds at\u00e9 o dia 18 de fevereiro.<\/p>\n<p>Enquanto isso, Fluminense e Vasco estreiam no dia 14 (s\u00e1bado) contra Resende e Madureira, respectivamente. O Botafogo \u00e9 o \u00faltimo clube grande do Rio de Janeiro a atuar. A estreia est\u00e1 marcada para o dia 15 (domingo), contra o Audax Rio.<\/p>\n<p>Veja a tabela completa de transmiss\u00f5es da Band no Campeonato Carioca<br \/>\n12\/01 (quinta-feira) &#8211; Flamengo x Audax Rio &#8211; 21h30, Maracan\u00e3 &#8211; 5\u00aa rodada<br \/>\n14\/01 (s\u00e1bado) &#8211; Resende x Fluminense &#8211; 16h, Raulino de Oliveira &#8211; 1\u00aa rodada<br \/>\n15\/01 (domingo) &#8211; Flamengo x Portuguesa &#8211; 18h, Maracan\u00e3 &#8211; 1\u00aa rodada<br \/>\n17\/01 (ter\u00e7a-feira) &#8211; Fluminense x Nova Igua\u00e7u &#8211; 21h10, Maracan\u00e3 &#8211; 2\u00aa rodada<br \/>\n19\/01 (quinta-feira) &#8211; Audax Rio x Vasco &#8211; 21h10, Luso Brasileiro &#8211; 2\u00aa rodada<br \/>\n21\/01 (s\u00e1bado) &#8211; Flamengo x Nova Igua\u00e7u &#8211; 16h, Maracan\u00e3 &#8211; 3\u00aa rodada<br \/>\n22\/01 (domingo) &#8211; Madureira x Fluminense &#8211; 18h, Conselheiro Galv\u00e3o &#8211; 3\u00aa rodada<br \/>\n24\/01 (ter\u00e7a-feira) &#8211; Bangu x Flamengo &#8211; 21h10, a definir &#8211; 4\u00aa rodada<br \/>\n25\/01 (quarta-feira) &#8211; Fluminense x Boavista &#8211; 21h10, Maracan\u00e3 &#8211; 4\u00aa rodada<br \/>\n29\/01 (domingo) &#8211; Fluminense x Botafogo &#8211; 18h, Maracan\u00e3 &#8211; 5\u00aa rodada<br \/>\n01\/02 (quarta-feira) &#8211; Flamengo x Boavista &#8211; 21h10, Maracan\u00e3 &#8211; 6\u00aa rodada<br \/>\n02\/02 (quinta-feira) &#8211; Volta Redonda x Fluminense &#8211; 21h10, Raulino de Oliveira &#8211; 6\u00aa rodada<br \/>\n05\/02 (domingo) &#8211; Fluminense x Audax Rio &#8211; 18h, Maracan\u00e3 &#8211; 7\u00aa rodada<br \/>\n07\/02 (ter\u00e7a-feira) &#8211; Nova Igua\u00e7u x Vasco &#8211; 21h10, a definir &#8211; 7\u00aa rodada<br \/>\n12\/02 (domingo) &#8211; Fluminense x Vasco &#8211; 18h, Maracan\u00e3 &#8211; 8\u00aa rodada<br \/>\n15\/02 (quarta-feira) &#8211; Volta Redonda x Flamengo &#8211; 21h10, Raulino de Oliveira &#8211; 8\u00aa rodada<br \/>\n18\/02 (s\u00e1bado) &#8211; Resende x Flamengo &#8211; 16h, a definir &#8211; 7\u00aa rodada<br \/>\n<strong style=\"font-size: 120%;\">\u00daltimas not\u00edcias deste canal:<\/strong><br \/>\n<div class=\"pt-cv-wrapper\"><div class=\"pt-cv-view pt-cv-grid pt-cv-colsys\" id=\"pt-cv-view-90991035b3\"><div data-id=\"pt-cv-page-1\" class=\"pt-cv-page\" data-cvc=\"1\"><div class=\"col-md-12 col-sm-12 col-xs-12 pt-cv-content-item pt-cv-1-col\" ><div class='pt-cv-ifield'><h4 class=\"pt-cv-title\"><a href=\"https:\/\/www.tvnovelas.com.br\/tvnews\/guerra-das-rosas-gulfem-coloca-gulru-contra-a-parede\/\" class=\"_self\" target=\"_self\" >Guerra das Rosas: Gulfem coloca Gulru contra a parede<\/a><\/h4><\/div><\/div>\n<div class=\"col-md-12 col-sm-12 col-xs-12 pt-cv-content-item pt-cv-1-col\" ><div class='pt-cv-ifield'><h4 class=\"pt-cv-title\"><a href=\"https:\/\/www.tvnovelas.com.br\/tvnews\/coracao-de-mae-atilla-diz-a-lale-que-quer-o-divorcio\/\" class=\"_self\" target=\"_self\" >Cora\u00e7\u00e3o de M\u00e3e: Atilla diz a Lale que quer o div\u00f3rcio<\/a><\/h4><\/div><\/div>\n<div class=\"col-md-12 col-sm-12 col-xs-12 pt-cv-content-item pt-cv-1-col\" ><div class='pt-cv-ifield'><h4 class=\"pt-cv-title\"><a href=\"https:\/\/www.tvnovelas.com.br\/tvnews\/a-nobreza-do-amor-mirinho-garante-noivado-com-virginia-para-atrair-sogro-a-negocio\/\" class=\"_self\" target=\"_self\" >A Nobreza do Amor: Mirinho garante noivado com Virg\u00ednia para atrair sogro a neg\u00f3cio<\/a><\/h4><\/div><\/div>\n<div class=\"col-md-12 col-sm-12 col-xs-12 pt-cv-content-item pt-cv-1-col\" ><div class='pt-cv-ifield'><h4 class=\"pt-cv-title\"><a href=\"https:\/\/www.tvnovelas.com.br\/tvnews\/tres-gracas-joaquim-propoe-fuga-a-arminda-com-o-dinheiro-das-tres-gracas\/\" class=\"_self\" target=\"_self\" >Tr\u00eas Gra\u00e7as:  Joaquim prop\u00f5e fuga a Arminda com o dinheiro das Tr\u00eas Gra\u00e7as<\/a><\/h4><\/div><\/div>\n<div class=\"col-md-12 col-sm-12 col-xs-12 pt-cv-content-item pt-cv-1-col\" ><div class='pt-cv-ifield'><h4 class=\"pt-cv-title\"><a href=\"https:\/\/www.tvnovelas.com.br\/tvnews\/coracao-de-mae-atilla-decide-abrir-o-jogo-com-karsu\/\" class=\"_self\" target=\"_self\" >Cora\u00e7\u00e3o de M\u00e3e: Atilla decide abrir o jogo com Karsu<\/a><\/h4><\/div><\/div>\n<div class=\"col-md-12 col-sm-12 col-xs-12 pt-cv-content-item pt-cv-1-col\" ><div class='pt-cv-ifield'><h4 class=\"pt-cv-title\"><a href=\"https:\/\/www.tvnovelas.com.br\/tvnews\/coracao-de-mae-adnan-e-preso-apos-denuncia-de-irmak\/\" class=\"_self\" target=\"_self\" >Em Cora\u00e7\u00e3o de M\u00e3e: Adnan \u00e9 preso ap\u00f3s denuncia de Irmak<\/a><\/h4><\/div><\/div>\n<div class=\"col-md-12 col-sm-12 col-xs-12 pt-cv-content-item pt-cv-1-col\" ><div class='pt-cv-ifield'><h4 class=\"pt-cv-title\"><a href=\"https:\/\/www.tvnovelas.com.br\/tvnews\/coracao-de-mae-atilla-forca-karsu-a-ouvir-suas-explicacoes\/\" class=\"_self\" target=\"_self\" >Cora\u00e7\u00e3o de M\u00e3e: Atilla for\u00e7a Karsu a ouvir suas explica\u00e7\u00f5es<\/a><\/h4><\/div><\/div>\n<div class=\"col-md-12 col-sm-12 col-xs-12 pt-cv-content-item pt-cv-1-col\" ><div class='pt-cv-ifield'><h4 class=\"pt-cv-title\"><a href=\"https:\/\/www.tvnovelas.com.br\/tvnews\/coracao-acelerado-mulher-choca-janete-ao-se-apresentar-como-amante-do-palhares\/\" class=\"_self\" target=\"_self\" >Cora\u00e7\u00e3o Acelerado: Mulher choca Janete ao se apresentar como amante do Palhares<\/a><\/h4><\/div><\/div>\n<div class=\"col-md-12 col-sm-12 col-xs-12 pt-cv-content-item pt-cv-1-col\" ><div class='pt-cv-ifield'><h4 class=\"pt-cv-title\"><a href=\"https:\/\/www.tvnovelas.com.br\/tvnews\/a-nobreza-do-amor-jendal-dobra-a-recompensa-por-alika\/\" class=\"_self\" target=\"_self\" >A Nobreza do Amor: Jendal dobra a recompensa por Alika<\/a><\/h4><\/div><\/div>\n<div class=\"col-md-12 col-sm-12 col-xs-12 pt-cv-content-item pt-cv-1-col\" ><div class='pt-cv-ifield'><h4 class=\"pt-cv-title\"><a href=\"https:\/\/www.tvnovelas.com.br\/tvnews\/tres-gracas-bagda-e-preso-por-juquinha\/\" class=\"_self\" target=\"_self\" >Tr\u00eas Gra\u00e7as:  Bagd\u00e1 \u00e9 preso por Juquinha<\/a><\/h4><\/div><\/div><\/div><\/div><\/div><br \/>\n<a href=\"https:\/\/www.tvnovelas.com.br\/novelas\/\"><strong>Confira os resumos da semana de todas novelas<\/strong><\/a><\/p>\n<h3>Confira tamb\u00e9m<\/h3>\n<p><a href=\"https:\/\/www.tvnovelas.com.br\/filmes\/\" target=\"_blank\" rel=\"noopener noreferrer\"><strong>Programa\u00e7\u00e3o de filmes na TV aberta<\/strong><\/a><br \/>\n<a href=\"https:\/\/caetenews.com.br\/semana\/filmes-da-globo-na-sessao-da-tarde-desta-semana\/\" target=\"_blank\" rel=\"noopener\"><strong>Confira os filmes da semana na Sess\u00e3o da Tarde<\/strong><\/a><br \/>\n<a href=\"https:\/\/www.tvnovelas.com.br\/novelas\/\" target=\"_blank\" rel=\"noopener noreferrer\"><strong>Resumos de novelas<\/strong><\/a><\/p>\n","protected":false},"excerpt":{"rendered":"<p>Campeonato Carioca 2023 come\u00e7a quinta, dia 12&#8230; A estreia do Campeonato Carioca est\u00e1 marcada para o dia 12 de janeiro (quinta-feira), com o confronto entre Flamengo&#8230;<\/p>\n","protected":false},"author":1,"featured_media":36598,"comment_status":"closed","ping_status":"closed","sticky":false,"template":"","format":"standard","meta":{"_uf_show_specific_survey":0,"_uf_disable_surveys":false,"_jetpack_memberships_contains_paid_content":false,"footnotes":"","_wp_rev_ctl_limit":""},"categories":[368],"tags":[43,369],"class_list":["post-36597","post","type-post","status-publish","format-standard","has-post-thumbnail","hentry","category-band","tag-band","tag-esportes","wpcat-368-id"],"aioseo_notices":[],"jetpack_featured_media_url":"https:\/\/i0.wp.com\/www.tvnovelas.com.br\/tvnews\/wp-content\/uploads\/2023\/01\/36239.jpg?fit=719%2C442&ssl=1","jetpack_shortlink":"https:\/\/wp.me\/pdP2BO-9wh","jetpack_sharing_enabled":true,"_links":{"self":[{"href":"https:\/\/www.tvnovelas.com.br\/tvnews\/wp-json\/wp\/v2\/posts\/36597","targetHints":{"allow":["GET"]}}],"collection":[{"href":"https:\/\/www.tvnovelas.com.br\/tvnews\/wp-json\/wp\/v2\/posts"}],"about":[{"href":"https:\/\/www.tvnovelas.com.br\/tvnews\/wp-json\/wp\/v2\/types\/post"}],"author":[{"embeddable":true,"href":"https:\/\/www.tvnovelas.com.br\/tvnews\/wp-json\/wp\/v2\/users\/1"}],"replies":[{"embeddable":true,"href":"https:\/\/www.tvnovelas.com.br\/tvnews\/wp-json\/wp\/v2\/comments?post=36597"}],"version-history":[{"count":0,"href":"https:\/\/www.tvnovelas.com.br\/tvnews\/wp-json\/wp\/v2\/posts\/36597\/revisions"}],"wp:featuredmedia":[{"embeddable":true,"href":"https:\/\/www.tvnovelas.com.br\/tvnews\/wp-json\/wp\/v2\/media\/36598"}],"wp:attachment":[{"href":"https:\/\/www.tvnovelas.com.br\/tvnews\/wp-json\/wp\/v2\/media?parent=36597"}],"wp:term":[{"taxonomy":"category","embeddable":true,"href":"https:\/\/www.tvnovelas.com.br\/tvnews\/wp-json\/wp\/v2\/categories?post=36597"},{"taxonomy":"post_tag","embeddable":true,"href":"https:\/\/www.tvnovelas.com.br\/tvnews\/wp-json\/wp\/v2\/tags?post=36597"}],"curies":[{"name":"wp","href":"https:\/\/api.w.org\/{rel}","templated":true}]}}