{"id":36644,"date":"2023-01-11T11:15:31","date_gmt":"2023-01-11T14:15:31","guid":{"rendered":"https:\/\/www.tvnovelas.com.br\/tvnews\/?p=36644"},"modified":"2023-01-11T11:15:31","modified_gmt":"2023-01-11T14:15:31","slug":"record-transmite-o-paulistao-a-partir-de-domingo-dia-15","status":"publish","type":"post","link":"https:\/\/www.tvnovelas.com.br\/tvnews\/record-transmite-o-paulistao-a-partir-de-domingo-dia-15\/","title":{"rendered":"Record transmite o Paulist\u00e3o a partir de domingo, dia 15"},"content":{"rendered":"<p><em>Record transmite o Paulist\u00e3o&#8230;<\/em><br \/>\n<img data-recalc-dims=\"1\" decoding=\"async\" src=\"https:\/\/i0.wp.com\/www.tvnovelas.com.br\/tvnews\/wp-content\/uploads\/2023\/01\/36254.jpg?resize=728%2C530&#038;ssl=1\" alt=\"Foto em Record transmite o Paulist\u00e3o...\" width=\"728\" height=\"530\" class=\"alignnone size-full wp-image-36645\" \/><br \/>\nBragantino e Corinthians, na rodada de abertura da fase de grupos, ser\u00e1 a primeira partida transmida pela Record.<br \/>\nO Paulist\u00e3o 2023 ter\u00e1 transmiss\u00e3o exclusiva da Record TV na TV aberta<br \/>\nA fase de grupos ter\u00e1 12 rodadas, com jogos \u00e0s quartas (21h35) e aos domingos (16h). O VAR estar\u00e1 presente em todos os jogos.<\/p>\n","protected":false},"excerpt":{"rendered":"<p>Record transmite o Paulist\u00e3o a partir de domingo, dia 15&#8230; A fase de grupos ter\u00e1 12 rodadas, com jogos \u00e0s quartas (21h35) e aos domingos (16h). O VAR estar\u00e1 presente&#8230;<\/p>\n","protected":false},"author":1,"featured_media":36645,"comment_status":"closed","ping_status":"closed","sticky":false,"template":"","format":"standard","meta":{"_uf_show_specific_survey":0,"_uf_disable_surveys":false,"_jetpack_memberships_contains_paid_content":false,"footnotes":"","_wp_rev_ctl_limit":""},"categories":[309],"tags":[369,14],"class_list":["post-36644","post","type-post","status-publish","format-standard","has-post-thumbnail","hentry","category-record","tag-esportes","tag-record","wpcat-309-id"],"aioseo_notices":[],"jetpack_featured_media_url":"https:\/\/i0.wp.com\/www.tvnovelas.com.br\/tvnews\/wp-content\/uploads\/2023\/01\/36254.jpg?fit=728%2C530&ssl=1","jetpack_shortlink":"https:\/\/wp.me\/pdP2BO-9x2","jetpack_sharing_enabled":true,"_links":{"self":[{"href":"https:\/\/www.tvnovelas.com.br\/tvnews\/wp-json\/wp\/v2\/posts\/36644","targetHints":{"allow":["GET"]}}],"collection":[{"href":"https:\/\/www.tvnovelas.com.br\/tvnews\/wp-json\/wp\/v2\/posts"}],"about":[{"href":"https:\/\/www.tvnovelas.com.br\/tvnews\/wp-json\/wp\/v2\/types\/post"}],"author":[{"embeddable":true,"href":"https:\/\/www.tvnovelas.com.br\/tvnews\/wp-json\/wp\/v2\/users\/1"}],"replies":[{"embeddable":true,"href":"https:\/\/www.tvnovelas.com.br\/tvnews\/wp-json\/wp\/v2\/comments?post=36644"}],"version-history":[{"count":0,"href":"https:\/\/www.tvnovelas.com.br\/tvnews\/wp-json\/wp\/v2\/posts\/36644\/revisions"}],"wp:featuredmedia":[{"embeddable":true,"href":"https:\/\/www.tvnovelas.com.br\/tvnews\/wp-json\/wp\/v2\/media\/36645"}],"wp:attachment":[{"href":"https:\/\/www.tvnovelas.com.br\/tvnews\/wp-json\/wp\/v2\/media?parent=36644"}],"wp:term":[{"taxonomy":"category","embeddable":true,"href":"https:\/\/www.tvnovelas.com.br\/tvnews\/wp-json\/wp\/v2\/categories?post=36644"},{"taxonomy":"post_tag","embeddable":true,"href":"https:\/\/www.tvnovelas.com.br\/tvnews\/wp-json\/wp\/v2\/tags?post=36644"}],"curies":[{"name":"wp","href":"https:\/\/api.w.org\/{rel}","templated":true}]}}