{"id":37322,"date":"2023-01-28T14:40:29","date_gmt":"2023-01-28T17:40:29","guid":{"rendered":"https:\/\/www.tvnovelas.com.br\/tvnews\/?p=37322"},"modified":"2023-01-28T14:44:17","modified_gmt":"2023-01-28T17:44:17","slug":"o-que-tem-em-vai-na-fe-na-semana-30-a-04-de-fevereiro","status":"publish","type":"post","link":"https:\/\/www.tvnovelas.com.br\/tvnews\/o-que-tem-em-vai-na-fe-na-semana-30-a-04-de-fevereiro\/","title":{"rendered":"O que tem em Vai na F\u00e9 na semana 30 a 04 de fevereiro"},"content":{"rendered":"<p><em>Resumos de Vai na F\u00e9 na semana 30 a 04 de fevereiro<\/em><\/p>\n<blockquote><p>Theo se prende no elevador com Sol, que se apavora; Fred convence Guiga a voltar para casa; Sol volta para casa e descobre que a filha est\u00e1 desaparecida; Kate e Hugo fingem namorar para fugir de policiais; Carl\u00e3o pede para Jairo tomar conta de sua esposa; \u00c9rika obriga Lui a pedir desculpas para todas as mulheres que prejudicou<\/p><\/blockquote>\n<p><img data-recalc-dims=\"1\" decoding=\"async\" class=\"alignnone wp-image-37323 size-full\" title=\"(Foto: Globo\/Vai na F\u00e9)\" src=\"https:\/\/i0.wp.com\/www.tvnovelas.com.br\/tvnews\/wp-content\/uploads\/2023\/01\/36421.jpg?resize=728%2C410&#038;ssl=1\" alt=\"Foto em Vai na F\u00e9 na semana 30 a 04 de fevereiro\" width=\"728\" height=\"410\" srcset=\"https:\/\/i0.wp.com\/www.tvnovelas.com.br\/tvnews\/wp-content\/uploads\/2023\/01\/36421.jpg?w=728&amp;ssl=1 728w, https:\/\/i0.wp.com\/www.tvnovelas.com.br\/tvnews\/wp-content\/uploads\/2023\/01\/36421.jpg?resize=678%2C381&amp;ssl=1 678w\" sizes=\"(max-width: 728px) 100vw, 728px\" \/><br \/>\n<strong>Resumo de segunda-feira, 30 de janeiro<\/strong><br \/>\nCarl\u00e3o discute com Sol. Theo manipula Orfeu. Ivy sugere que Wilma pague um motorista para levar a banda para casa, e Sol tenta falar com o marido. Gilmar repreende Carl\u00e3o por sua conduta com os clientes. Fred tenta saber com Lumiar o paradeiro de Guiga. Lui ouve Sol comentar sobre o sonho que teve com ele. Ot\u00e1vio convida Jenifer para sair. Theo descobre que Sol dar\u00e1 uma entrevista em uma r\u00e1dio. Lui faz propaganda das quentinhas nas redes. Carl\u00e3o busca Sol na mans\u00e3o de Lui e se chateia por n\u00e3o encontrar a esposa. Sol e Lui d\u00e3o entrevista. Theo vai at\u00e9 a r\u00e1dio onde Sol est\u00e1 com Lui. Theo se prende no elevador com Sol, que se apavora.<\/p>\n<p><strong>Resumo de ter\u00e7a-feira, 31 de janeiro<\/strong><br \/>\nTheo se insinua para Sol. Carl\u00e3o estranha a demora da esposa em sair da r\u00e1dio. Sol consegue liberar o elevador e foge de Theo. Carl\u00e3o agride Theo. Theo pensa em denunciar Carl\u00e3o, mas Ben n\u00e3o acredita na hist\u00f3ria que o amigo conta. Jenifer beija Ot\u00e1vio no cinema. Theo \u00e9 indicado para ganhar um pr\u00eamio. Carl\u00e3o aceita ser o motorista da banda de Lui. Carl\u00e3o n\u00e3o gosta de ver Sol dan\u00e7ando com Lui e Wilma o repreende. Ivy se insinua para Carl\u00e3o. Fred convence Guiga a voltar para casa. Dora aconselha Lumiar a contar para Ben que n\u00e3o quer viajar com ele. Wilma avisa que a banda de Lui far\u00e1 uma turn\u00ea de um m\u00eas na Bahia, Carl\u00e3o n\u00e3o quer que Sol participe.<\/p>\n<p><img data-recalc-dims=\"1\" decoding=\"async\" class=\"alignnone wp-image-37324 size-full\" title=\"(Foto: Globo\/Vai na F\u00e9)\" src=\"https:\/\/i0.wp.com\/www.tvnovelas.com.br\/tvnews\/wp-content\/uploads\/2023\/01\/36421a.jpg?resize=728%2C410&#038;ssl=1\" alt=\"Foto em Vai na F\u00e9 na semana 30 a 04 de fevereiro\" width=\"728\" height=\"410\" srcset=\"https:\/\/i0.wp.com\/www.tvnovelas.com.br\/tvnews\/wp-content\/uploads\/2023\/01\/36421a.jpg?w=728&amp;ssl=1 728w, https:\/\/i0.wp.com\/www.tvnovelas.com.br\/tvnews\/wp-content\/uploads\/2023\/01\/36421a.jpg?resize=678%2C381&amp;ssl=1 678w\" sizes=\"(max-width: 728px) 100vw, 728px\" \/><\/p>\n<p><strong>Resumo de quarta-feira, 1\u00ba de fevereiro<\/strong><br \/>\nSol convence Carl\u00e3o a deix\u00e1-la participar da turn\u00ea, e Lui fica enciumado com o beijo do casal. Guiga faz um v\u00eddeo para se despedir do Ref\u00fagio. Sol ouve o desabafo que Duda faz para Carl\u00e3o e se entristece. Yuri beija Jenifer sem seu consentimento e a deixa enfurecida. Theo recebe uma intima\u00e7\u00e3o para comparecer \u00e0 delegacia. Vitinho sugere que Lui use a turn\u00ea para se aproximar de Sol. Duda consegue se controlar para n\u00e3o arrumar confus\u00e3o na escola. Uma nova cliente \u00e9 indicada para o escrit\u00f3rio de Lumiar, mas n\u00e3o aceita que Ben a represente. Lui, Sol e Ivy fazem um v\u00eddeo para a divulga\u00e7\u00e3o da turn\u00ea. Duda se desentende com um colega e foge da escola. Sol volta para casa e descobre que a filha est\u00e1 desaparecida. Duda \u00e9 perseguida por um carro na rua.<\/p>\n<p><strong>Resumo de quinta-feira, 02 de fevereiro<\/strong><br \/>\nMarlene culpa Sol pelo sumi\u00e7o de Duda. Sol decide procurar a filha. Ben convence Dezir\u00ea a deixar que ele a represente. Fred e Guiga debocham do envolvimento de Ot\u00e1vio e Jenifer. Lumiar gosta de ver Ben animado com o caso de Dezir\u00ea. Sol encontra Duda. Marlene tenta disfar\u00e7ar as fortes dores no quadril, mas Sol percebe. Kate pede trabalho para Hugo. Ben e Sol lembram um do outro. Ben fica intrigado com a hist\u00f3ria de Dezir\u00ea. Kate e Hugo fingem namorar para fugir de policiais. Carl\u00e3o pede para Jairo tomar conta de sua esposa e ela se irrita com a conversa. Kate se interessa por um emprego em uma loja pr\u00f3xima do local onde Bruna vende quentinhas. Marlene sente uma forte dor no quadril e cai. Duda liga desesperada para Carl\u00e3o, e Sol ouve.<\/p>\n<p><img data-recalc-dims=\"1\" decoding=\"async\" class=\"alignnone wp-image-37325 size-full\" title=\"(Foto: Globo\/Vai na F\u00e9)\" src=\"https:\/\/i0.wp.com\/www.tvnovelas.com.br\/tvnews\/wp-content\/uploads\/2023\/01\/36421b.jpg?resize=728%2C410&#038;ssl=1\" alt=\"Foto em Vai na F\u00e9 na semana 30 a 04 de fevereiro\" width=\"728\" height=\"410\" srcset=\"https:\/\/i0.wp.com\/www.tvnovelas.com.br\/tvnews\/wp-content\/uploads\/2023\/01\/36421b.jpg?w=728&amp;ssl=1 728w, https:\/\/i0.wp.com\/www.tvnovelas.com.br\/tvnews\/wp-content\/uploads\/2023\/01\/36421b.jpg?resize=678%2C381&amp;ssl=1 678w\" sizes=\"(max-width: 728px) 100vw, 728px\" \/><\/p>\n<p><strong>Resumo de sexta-feira, 03 de fevereiro<\/strong><br \/>\nSol desiste de viajar e volta para casa com Carl\u00e3o. Wilma se enfurece, e Lui tenta apaziguar a situa\u00e7\u00e3o. O trailer de F\u00e1bio desmonta no mec\u00e2nico. Lui avisa a Wilma que comprar\u00e1 uma passagem de avi\u00e3o para Sol ir com ele para a turn\u00ea. Alzira faz conjecturas sobre o neg\u00f3cio de Theo e o deixa irritado. Wilma pede para \u00c9rika voltar a trabalhar com Lui, mas ela rejeita a proposta. Sol sofre por n\u00e3o poder ir para a turn\u00ea. Kate se oferece para trabalhar no caf\u00e9. Orfeu amea\u00e7a Theo ao ver a propaganda sobre o pr\u00eamio ao qual ele foi indicado. Kate troca olhares com Theo. Wilma manda Lui se desculpar com \u00c9rika. Lui vai \u00e0 casa de Sol com uma enfermeira e implora que ela v\u00e1 com ele para a Bahia.<\/p>\n<p><strong>Resumo de s\u00e1bado, 04 de fevereiro<\/strong><br \/>\nSol n\u00e3o aceita a oferta de Lui. Anthony tenta convencer \u00c9rika a aceitar a proposta de Wilma. Lumiar troca confid\u00eancias com Dezir\u00ea. Sol garante a Marlene que n\u00e3o est\u00e1 arrependida de ter desistido da turn\u00ea. Jenifer \u00e9 eleita a monitora da turma e Lumiar decide pagar pelo trabalho. Carl\u00e3o dorme ao volante e acorda assustado com as buzinas dos carros. Lui faz um v\u00eddeo para o site de Anthony, a mando de \u00c9rika. Theo descobre que Sol saiu da banda de Lui e tenta saber com Wilma onde encontrar a mo\u00e7a. \u00c9rika obriga Lui a pedir desculpas para todas as mulheres que prejudicou. Wilma se desespera com o atraso do filho. Vitinho tenta acalmar o produtor da turn\u00ea na Bahia. Kate vai \u00e0 empresa de Theo, que sorri malicioso. Sol v\u00ea o v\u00eddeo do show de Lui e se espanta ao ouvir \u00c9rika dizer que ela voltou para a banda.<br \/>\n<a href=\"https:\/\/www.tvnovelas.com.br\/novelas\/resumos-de-vai-na-fe-2\/\">Confira os resumos de Vai na F\u00e9 da semana 06 a 11 de fevereiro<\/a><br \/>\n<strong style=\"font-size: 120%;\">\u00daltimas not\u00edcias deste canal:<\/strong><br \/>\n<div class=\"pt-cv-wrapper\"><div class=\"pt-cv-view pt-cv-grid pt-cv-colsys\" id=\"pt-cv-view-90991035b3\"><div data-id=\"pt-cv-page-1\" class=\"pt-cv-page\" data-cvc=\"1\"><div class=\"col-md-12 col-sm-12 col-xs-12 pt-cv-content-item pt-cv-1-col\" ><div class='pt-cv-ifield'><h4 class=\"pt-cv-title\"><a href=\"https:\/\/www.tvnovelas.com.br\/tvnews\/guerra-das-rosas-cihan-vibra-com-desistencia-de-gulru-de-casar-com-mert\/\" class=\"_self\" target=\"_self\" >Guerra das Rosas: Cihan vibra com desist\u00eancia de Gulru de casar com Mert<\/a><\/h4><\/div><\/div>\n<div class=\"col-md-12 col-sm-12 col-xs-12 pt-cv-content-item pt-cv-1-col\" ><div class='pt-cv-ifield'><h4 class=\"pt-cv-title\"><a href=\"https:\/\/www.tvnovelas.com.br\/tvnews\/coracao-de-mae-irmak-denuncia-adnan\/\" class=\"_self\" target=\"_self\" >Cora\u00e7\u00e3o de M\u00e3e: Irmak denuncia Adnan<\/a><\/h4><\/div><\/div>\n<div class=\"col-md-12 col-sm-12 col-xs-12 pt-cv-content-item pt-cv-1-col\" ><div class='pt-cv-ifield'><h4 class=\"pt-cv-title\"><a href=\"https:\/\/www.tvnovelas.com.br\/tvnews\/a-nobreza-do-amor-mirinho-e-obrigado-a-resgatar-tonho\/\" class=\"_self\" target=\"_self\" >A Nobreza do Amor: Mirinho \u00e9 obrigado a resgatar Tonho<\/a><\/h4><\/div><\/div>\n<div class=\"col-md-12 col-sm-12 col-xs-12 pt-cv-content-item pt-cv-1-col\" ><div class='pt-cv-ifield'><h4 class=\"pt-cv-title\"><a href=\"https:\/\/www.tvnovelas.com.br\/tvnews\/tres-gracas-paulinho-e-afastado-da-policia-por-causa-de-gerluce\/\" class=\"_self\" target=\"_self\" >Tr\u00eas Gra\u00e7as: Paulinho \u00e9 afastado da pol\u00edcia por causa de Gerluce<\/a><\/h4><\/div><\/div>\n<div class=\"col-md-12 col-sm-12 col-xs-12 pt-cv-content-item pt-cv-1-col\" ><div class='pt-cv-ifield'><h4 class=\"pt-cv-title\"><a href=\"https:\/\/www.tvnovelas.com.br\/tvnews\/coracao-de-mae-irmak-inicia-jogo-arriscado-contra-adnan\/\" class=\"_self\" target=\"_self\" >Cora\u00e7\u00e3o de M\u00e3e: Irmak inicia jogo arriscado contra Adnan<\/a><\/h4><\/div><\/div>\n<div class=\"col-md-12 col-sm-12 col-xs-12 pt-cv-content-item pt-cv-1-col\" ><div class='pt-cv-ifield'><h4 class=\"pt-cv-title\"><a href=\"https:\/\/www.tvnovelas.com.br\/tvnews\/guerra-das-rosas-omer-chama-gulru-vestida-de-noiva-para-fugir\/\" class=\"_self\" target=\"_self\" >Guerra das Rosas: Omer chama Gulru vestida de noiva para fugir<\/a><\/h4><\/div><\/div>\n<div class=\"col-md-12 col-sm-12 col-xs-12 pt-cv-content-item pt-cv-1-col\" ><div class='pt-cv-ifield'><h4 class=\"pt-cv-title\"><a href=\"https:\/\/www.tvnovelas.com.br\/tvnews\/coracao-de-mae-reha-sai-para-jantar-com-selvi\/\" class=\"_self\" target=\"_self\" >Cora\u00e7\u00e3o de M\u00e3e: Reha sai para jantar com Selvi<\/a><\/h4><\/div><\/div>\n<div class=\"col-md-12 col-sm-12 col-xs-12 pt-cv-content-item pt-cv-1-col\" ><div class='pt-cv-ifield'><h4 class=\"pt-cv-title\"><a href=\"https:\/\/www.tvnovelas.com.br\/tvnews\/coracao-acelerado-zila-se-preocupa-com-sua-situacao-apos-separacao\/\" class=\"_self\" target=\"_self\" >Cora\u00e7\u00e3o Acelerado: Zil\u00e1 se preocupa com sua situa\u00e7\u00e3o ap\u00f3s separa\u00e7\u00e3o<\/a><\/h4><\/div><\/div>\n<div class=\"col-md-12 col-sm-12 col-xs-12 pt-cv-content-item pt-cv-1-col\" ><div class='pt-cv-ifield'><h4 class=\"pt-cv-title\"><a href=\"https:\/\/www.tvnovelas.com.br\/tvnews\/a-nobreza-do-amor-tonho-nao-se-curva-diante-de-mirinho\/\" class=\"_self\" target=\"_self\" >A Nobreza do Amor: Tonho n\u00e3o se curva diante de Mirinho<\/a><\/h4><\/div><\/div>\n<div class=\"col-md-12 col-sm-12 col-xs-12 pt-cv-content-item pt-cv-1-col\" ><div class='pt-cv-ifield'><h4 class=\"pt-cv-title\"><a href=\"https:\/\/www.tvnovelas.com.br\/tvnews\/tres-gracas-arminda-surta-ao-confirmar-que-ferette-e-pai-de-raul\/\" class=\"_self\" target=\"_self\" >Tr\u00eas Gra\u00e7as:  Arminda surta ao confirmar que Ferette \u00e9 pai de Raul<\/a><\/h4><\/div><\/div><\/div><\/div><\/div><br \/>\n<a href=\"https:\/\/www.tvnovelas.com.br\/novelas\/\"><strong>Confira os resumos da semana de todas novelas<\/strong><\/a><br \/>\n<a href=\"http:\/\/tvnovelas.com.br\/filmes\" target=\"_blank\" rel=\"noopener\">Veja tamb\u00e9m: Todas as telas: filmes e s\u00e9ries nos streamings<\/a><\/p>\n<h3>Confira tamb\u00e9m<\/h3>\n<p><a href=\"https:\/\/www.tvnovelas.com.br\/filmes\/\" target=\"_blank\" rel=\"noopener noreferrer\"><strong>Programa\u00e7\u00e3o de filmes na TV aberta<\/strong><\/a><br \/>\n<a href=\"https:\/\/caetenews.com.br\/semana\/filmes-da-globo-na-sessao-da-tarde-desta-semana\/\" target=\"_blank\" rel=\"noopener\"><strong>Confira os filmes da semana na Sess\u00e3o da Tarde<\/strong><\/a><br \/>\n<a href=\"https:\/\/www.tvnovelas.com.br\/novelas\/\" target=\"_blank\" rel=\"noopener noreferrer\"><strong>Resumos de novelas<\/strong><\/a><\/p>\n","protected":false},"excerpt":{"rendered":"<p>Em Vai na F\u00e9 na semana 30 a 04 de fevereiro:  Theo se prende no elevador com Sol, que se apavora; Fred convence Guiga a voltar para casa; Sol volta para casa e descobre que a filha est\u00e1 desaparecida; Kate e Hugo fingem namorar para fugir de policiais; Carl\u00e3o pede para Jairo tomar conta de sua esposa; \u00c9rika obriga Lui a pedir desculpas para todas as mulheres que prejudicou&#8230;<\/p>\n","protected":false},"author":1,"featured_media":37323,"comment_status":"closed","ping_status":"closed","sticky":false,"template":"","format":"standard","meta":{"_uf_show_specific_survey":0,"_uf_disable_surveys":false,"_jetpack_memberships_contains_paid_content":false,"footnotes":"","_wp_rev_ctl_limit":""},"categories":[358],"tags":[5,64,359],"class_list":["post-37322","post","type-post","status-publish","format-standard","has-post-thumbnail","hentry","category-vai-na-fe","tag-globo","tag-novelas","tag-vai-na-fe","wpcat-358-id"],"aioseo_notices":[],"jetpack_featured_media_url":"https:\/\/i0.wp.com\/www.tvnovelas.com.br\/tvnews\/wp-content\/uploads\/2023\/01\/36421.jpg?fit=728%2C410&ssl=1","jetpack_shortlink":"https:\/\/wp.me\/pdP2BO-9HY","jetpack_sharing_enabled":true,"_links":{"self":[{"href":"https:\/\/www.tvnovelas.com.br\/tvnews\/wp-json\/wp\/v2\/posts\/37322","targetHints":{"allow":["GET"]}}],"collection":[{"href":"https:\/\/www.tvnovelas.com.br\/tvnews\/wp-json\/wp\/v2\/posts"}],"about":[{"href":"https:\/\/www.tvnovelas.com.br\/tvnews\/wp-json\/wp\/v2\/types\/post"}],"author":[{"embeddable":true,"href":"https:\/\/www.tvnovelas.com.br\/tvnews\/wp-json\/wp\/v2\/users\/1"}],"replies":[{"embeddable":true,"href":"https:\/\/www.tvnovelas.com.br\/tvnews\/wp-json\/wp\/v2\/comments?post=37322"}],"version-history":[{"count":0,"href":"https:\/\/www.tvnovelas.com.br\/tvnews\/wp-json\/wp\/v2\/posts\/37322\/revisions"}],"wp:featuredmedia":[{"embeddable":true,"href":"https:\/\/www.tvnovelas.com.br\/tvnews\/wp-json\/wp\/v2\/media\/37323"}],"wp:attachment":[{"href":"https:\/\/www.tvnovelas.com.br\/tvnews\/wp-json\/wp\/v2\/media?parent=37322"}],"wp:term":[{"taxonomy":"category","embeddable":true,"href":"https:\/\/www.tvnovelas.com.br\/tvnews\/wp-json\/wp\/v2\/categories?post=37322"},{"taxonomy":"post_tag","embeddable":true,"href":"https:\/\/www.tvnovelas.com.br\/tvnews\/wp-json\/wp\/v2\/tags?post=37322"}],"curies":[{"name":"wp","href":"https:\/\/api.w.org\/{rel}","templated":true}]}}