{"id":37406,"date":"2023-01-30T12:35:31","date_gmt":"2023-01-30T15:35:31","guid":{"rendered":"https:\/\/www.tvnovelas.com.br\/tvnews\/?p=37406"},"modified":"2023-01-30T12:35:31","modified_gmt":"2023-01-30T15:35:31","slug":"o-que-acontece-em-chocolate-com-pimenta-na-semana-30-01-a-03-de-fevereiro","status":"publish","type":"post","link":"https:\/\/www.tvnovelas.com.br\/tvnews\/o-que-acontece-em-chocolate-com-pimenta-na-semana-30-01-a-03-de-fevereiro\/","title":{"rendered":"O que acontece em Chocolate com Pimenta na semana 30\/01 a 03 de fevereiro"},"content":{"rendered":"<p><em>Resumos de Chocolate com Pimenta na semana 30\/01 a 03 de fevereiro<\/em><br \/>\n<img data-recalc-dims=\"1\" decoding=\"async\" class=\"alignnone wp-image-37407 size-full\" title=\"(Foto: Reprodu\u00e7\u00e3o\/TV Globo\/Chocolate com Pimenta)\" src=\"https:\/\/i0.wp.com\/www.tvnovelas.com.br\/tvnews\/wp-content\/uploads\/2023\/01\/36438a.jpg?resize=728%2C410&#038;ssl=1\" alt=\"Foto em Chocolate com Pimenta na semana 30\/01 a 03\" width=\"728\" height=\"410\" srcset=\"https:\/\/i0.wp.com\/www.tvnovelas.com.br\/tvnews\/wp-content\/uploads\/2023\/01\/36438a.jpg?w=728&amp;ssl=1 728w, https:\/\/i0.wp.com\/www.tvnovelas.com.br\/tvnews\/wp-content\/uploads\/2023\/01\/36438a.jpg?resize=678%2C381&amp;ssl=1 678w\" sizes=\"(max-width: 728px) 100vw, 728px\" \/><\/p>\n<blockquote><p>Ana aceita o pedido de casamento do Sebastian; Tunico fala que n\u00e3o gosta de Sebastian; Ana anuncia o noivado com Sebastian; Tunico conta para Ana o nome de um dos sequestradores; Danilo diz que quer acabar com o casamento de Ana<\/p><\/blockquote>\n<p><strong>Resumo de segunda, 30 de janeiro<\/strong><br \/>\nAna fala que precisa dar um pai ao Tunico. B\u00e1rbara fala para o \u201cMorcego voador\u201d que vai embora com o circo. Guilherme fala para Danilo que Sebastian quis sair como her\u00f3i para conquistar Ana Francisca. Ana fala que n\u00e3o vai mais vender a f\u00e1brica. Marieta fala para B\u00e1rbara que ela vai destruir a vida da filha. Guilherme convida Gra\u00e7a para assistir o circo com ele. Ana aceita o pedido de casamento do Sebastian. Danilo v\u00ea Ana beijando Sebastian.<\/p>\n<p><strong>Resumo de ter\u00e7a, 31 de janeiro<\/strong><br \/>\nAna conta para Tunico que vai se casar com Sebastian e Tunico fala que n\u00e3o gosta dele. Danilo sofre e fala que vai acabar com o casamento da Ana. B\u00e1rbara se apresenta no circo e a cidade toda fica surpresa. Margarido fala que M\u00e1rcia vai se casar com Vivaldo. Olga conta para o Danilo que B\u00e1rbara fugiu com o circo. Estelinha sofre sem a m\u00e3e.<\/p>\n<p><strong>Resumo de quarta, 1\u00ba de fevereiro<\/strong><br \/>\nMargot fala para Guilherme que a Gra\u00e7a gosta dele. Guilherme fala para Danilo que parece que os sequestradores do Tunico tinham um c\u00famplice. Ana fala para todos que n\u00e3o vai mais vender a f\u00e1brica. Ana anuncia o noivado com Sebastian. Ana fala que sua fam\u00edlia vai ter que aceitar o casamento.<\/p>\n<p><strong>Resumo de quinta, 02 de fevereiro<\/strong><br \/>\nTim\u00f3teo sofre por M\u00e1rcia. Tunico conta para Ana o nome de um dos sequestradores. Ana vai a delegacia e Ter\u00eancio finge que n\u00e3o conhece nenhum Juvenal. Ana e Sebastian v\u00e3o a igreja marcar o casamento. Danilo escuta a conversa entre Olga e Peixoto. Ana fala para Sebastian que n\u00e3o vai esquecer do sequestro e quer todos os envolvidos na cadeia. Danilo fala para o Peixoto contar toda a verdade. Peixoto conta tudo que sabe para Danilo.<\/p>\n<p><strong>Resumo de sexta, 03 de fevereiro<\/strong><br \/>\nGra\u00e7a fala para o Conde que est\u00e1 do lado dele e fala para ele comprar a tiara. Gra\u00e7a mente para Danilo. Jezebel fala para Ana que pensa em se casar com Vivaldo. Ana alerta M\u00e1rcia sobre Vivaldo e Jezebel. Danilo fala para o detetive que quer acabar com o casamento da Ana com o Sebastian.<\/p>\n","protected":false},"excerpt":{"rendered":"<p>Em Chocolate com Pimenta na semana 30\/01 a 03, Ana aceita o pedido de casamento do Sebastian; Tunico fala que n\u00e3o gosta de Sebastian; Ana anuncia o noivado com Sebastian; Tunico conta para Ana o nome de um dos sequestradores; Danilo diz que quer acabar com o casamento de Ana&#8230; <\/p>\n","protected":false},"author":1,"featured_media":37407,"comment_status":"closed","ping_status":"closed","sticky":false,"template":"","format":"standard","meta":{"_uf_show_specific_survey":0,"_uf_disable_surveys":false,"_jetpack_memberships_contains_paid_content":false,"footnotes":"","_wp_rev_ctl_limit":""},"categories":[236],"tags":[210,5,64],"class_list":["post-37406","post","type-post","status-publish","format-standard","has-post-thumbnail","hentry","category-globo","tag-chocolate-com-pimenta","tag-globo","tag-novelas","wpcat-236-id"],"aioseo_notices":[],"jetpack_featured_media_url":"https:\/\/i0.wp.com\/www.tvnovelas.com.br\/tvnews\/wp-content\/uploads\/2023\/01\/36438a.jpg?fit=728%2C410&ssl=1","jetpack_shortlink":"https:\/\/wp.me\/pdP2BO-9Jk","jetpack_sharing_enabled":true,"_links":{"self":[{"href":"https:\/\/www.tvnovelas.com.br\/tvnews\/wp-json\/wp\/v2\/posts\/37406","targetHints":{"allow":["GET"]}}],"collection":[{"href":"https:\/\/www.tvnovelas.com.br\/tvnews\/wp-json\/wp\/v2\/posts"}],"about":[{"href":"https:\/\/www.tvnovelas.com.br\/tvnews\/wp-json\/wp\/v2\/types\/post"}],"author":[{"embeddable":true,"href":"https:\/\/www.tvnovelas.com.br\/tvnews\/wp-json\/wp\/v2\/users\/1"}],"replies":[{"embeddable":true,"href":"https:\/\/www.tvnovelas.com.br\/tvnews\/wp-json\/wp\/v2\/comments?post=37406"}],"version-history":[{"count":0,"href":"https:\/\/www.tvnovelas.com.br\/tvnews\/wp-json\/wp\/v2\/posts\/37406\/revisions"}],"wp:featuredmedia":[{"embeddable":true,"href":"https:\/\/www.tvnovelas.com.br\/tvnews\/wp-json\/wp\/v2\/media\/37407"}],"wp:attachment":[{"href":"https:\/\/www.tvnovelas.com.br\/tvnews\/wp-json\/wp\/v2\/media?parent=37406"}],"wp:term":[{"taxonomy":"category","embeddable":true,"href":"https:\/\/www.tvnovelas.com.br\/tvnews\/wp-json\/wp\/v2\/categories?post=37406"},{"taxonomy":"post_tag","embeddable":true,"href":"https:\/\/www.tvnovelas.com.br\/tvnews\/wp-json\/wp\/v2\/tags?post=37406"}],"curies":[{"name":"wp","href":"https:\/\/api.w.org\/{rel}","templated":true}]}}