{"id":37774,"date":"2023-02-04T13:20:18","date_gmt":"2023-02-04T16:20:18","guid":{"rendered":"https:\/\/www.tvnovelas.com.br\/tvnews\/?p=37774"},"modified":"2023-02-04T13:23:51","modified_gmt":"2023-02-04T16:23:51","slug":"o-que-tem-em-vai-na-fe-na-semana-06-a-11-de-fevereiro","status":"publish","type":"post","link":"https:\/\/www.tvnovelas.com.br\/tvnews\/o-que-tem-em-vai-na-fe-na-semana-06-a-11-de-fevereiro\/","title":{"rendered":"O que tem em Vai na F\u00e9 na semana 06 a 11 de fevereiro"},"content":{"rendered":"<p><em>Resumos de Vai na F\u00e9 na semana 06 a 11 de fevereiro<\/em><br \/>\n<img data-recalc-dims=\"1\" decoding=\"async\" class=\"alignnone wp-image-37775 size-full\" title=\"(Foto:  Reprodu\u00e7\u00e3o\/Globo\/Vai na F\u00e9)\" src=\"https:\/\/i0.wp.com\/www.tvnovelas.com.br\/tvnews\/wp-content\/uploads\/2023\/02\/36523a.jpg?resize=728%2C410&#038;ssl=1\" alt=\"Foto em Vai na F\u00e9 na semana 06 a 11 de fevereiro\" width=\"728\" height=\"410\" srcset=\"https:\/\/i0.wp.com\/www.tvnovelas.com.br\/tvnews\/wp-content\/uploads\/2023\/02\/36523a.jpg?w=728&amp;ssl=1 728w, https:\/\/i0.wp.com\/www.tvnovelas.com.br\/tvnews\/wp-content\/uploads\/2023\/02\/36523a.jpg?resize=678%2C381&amp;ssl=1 678w\" sizes=\"(max-width: 728px) 100vw, 728px\" \/><\/p>\n<blockquote><p>Sol e Ben se reencontram; Kate se insinua para Theo; Ot\u00e1vio chega com Jenifer embriagada e Sol se enfurece com ele; Kate leva Theo at\u00e9 a casa de Sol; Orfeu tenta intimidar Carl\u00e3o com sua arma; Carl\u00e3o bate o carro contra o caminh\u00e3o de Romano;Theo fica interessado quando Kate fala que Sol mora ao lado de sua casa&#8230;<\/p><\/blockquote>\n<p><strong>Resumo de segunda-feira, 06 de fevereiro<\/strong><br \/>\nSol tenta disfar\u00e7ar a tristeza na frente de Bruna. O produtor da turn\u00ea elogia o show de Lui e as bailarinas. \u00c9rika ouve o desabafo de Lui por causa de Sol e conta para Anthony, que publica uma mat\u00e9ria em seu blog. Yuri fica emburrado quando Ot\u00e1vio abra\u00e7a Jenifer. Carl\u00e3o sai para trabalhar, e Duda fica chateada. Algumas semanas se passam. Marlene se recupera e Sol volta a trabalhar com Bruna vendendo as quentinhas. Lumiar reencontra um antigo professor com quem teve um relacionamento e fica incomodada. \u00c9rika incentiva Anthony a publicar uma nota acusando Lui de acabar com uma festa. Ben faz uma descoberta sobre o caso de Dezir\u00ea. Lumiar confessa ao marido que n\u00e3o quer ter filhos. Sol e Ben se reencontram.<\/p>\n<p><strong>Resumo de ter\u00e7a-feira, 07 de fevereiro<\/strong><br \/>\nBen fala com Lumiar que viu Sol no carro. Kate se insinua para Theo. Lumiar e Ben perguntam por que Dezir\u00ea continuou comprando itens para o beb\u00ea que havia perdido. Jenifer aceita ir com Ot\u00e1vio para a casa de Fred. Theo reclama de Clara durante uma sess\u00e3o de fotos no pr\u00eamio empres\u00e1rio do ano. Fred vai com os amigos para a casa de Rafael. Guiga prepara um drink para Jenifer, sem que ela veja. Theo perde o pr\u00eamio para Alzira. Ot\u00e1vio descobre que Guiga colocou bebida alc\u00f3olica no drink de Jenifer. Ot\u00e1vio chega com Jenifer embriagada e Sol se enfurece com ele.<\/p>\n<p><img data-recalc-dims=\"1\" decoding=\"async\" class=\"alignnone wp-image-37776 size-full\" title=\"(Foto:  Reprodu\u00e7\u00e3o\/Globo\/Vai na F\u00e9)\" src=\"https:\/\/i0.wp.com\/www.tvnovelas.com.br\/tvnews\/wp-content\/uploads\/2023\/02\/36523.jpg?resize=728%2C410&#038;ssl=1\" alt=\"Foto em Vai na F\u00e9 na semana 06 a 11 de fevereiro\" width=\"728\" height=\"410\" srcset=\"https:\/\/i0.wp.com\/www.tvnovelas.com.br\/tvnews\/wp-content\/uploads\/2023\/02\/36523.jpg?w=728&amp;ssl=1 728w, https:\/\/i0.wp.com\/www.tvnovelas.com.br\/tvnews\/wp-content\/uploads\/2023\/02\/36523.jpg?resize=678%2C381&amp;ssl=1 678w\" sizes=\"(max-width: 728px) 100vw, 728px\" \/><\/p>\n<p><strong>Resumo de quarta-feira, 08 de fevereiro<\/strong><br \/>\nSol e Carl\u00e3o culpam Ot\u00e1vio pela embriaguez de Jenifer. Theo olha para Kate imaginando Sol. Jenifer afirma para a m\u00e3e que Ot\u00e1vio n\u00e3o teve culpa pelo o que aconteceu com ela. Theo destrata Clara. Jenifer confronta Guiga. Ricardo se insinua para Lumiar. Ben descobre porque Dezir\u00ea estava escondendo seu \u00e1libi. Come\u00e7a o julgamento de Dezir\u00ea. \u00c9rika convence Wilma a deixar que ela fa\u00e7a fotos comprometedoras de Lui com Gisela, para conseguir visibilidade para ele. Ben fica aliviado quando consegue a prova de que precisava para ganhar o caso de Dezir\u00ea. Theo fica interessado quando Kate fala que Sol mora ao lado de sua casa. Os alunos de Lumiar vibram com a performance de Ben no tribunal. Kate leva Theo at\u00e9 a casa de Sol.<\/p>\n<p><strong>Resumo de quinta-feira, 09 de fevereiro<\/strong><br \/>\nKate questiona Theo sobre seu interesse em Sol. Neide v\u00ea Kate e Theo no restaurante e conta para Bruna. Theo faz amor com Clara. Lui fala de Sol para Gisela, que fica entediada. \u00c9rika chega \u00e0 mans\u00e3o de Lui, e Gisela come\u00e7a sua atua\u00e7\u00e3o. Theo e Orfeu comentam a semelhan\u00e7a de Kate com Sol. Gisela finge se afogar para se aproximar de Lui. Theo vai com Orfeu at\u00e9 a casa de Sol. Lui fica irritado ao saber que Wilma mandou forjar uma foto dele com Gisela para aumentar sua visibilidade. Lumiar faz um esc\u00e2ndalo no restaurante, e Ricardo fica constrangido. Neide reconhece Theo, mas sente medo de Orfeu. Carl\u00e3o chega em casa e questiona a presen\u00e7a de Theo. Orfeu tenta intimidar Carl\u00e3o com sua arma.<\/p>\n<p><img data-recalc-dims=\"1\" decoding=\"async\" class=\"alignnone wp-image-37777 size-full\" title=\"(Foto:  Reprodu\u00e7\u00e3o\/Globo\/Vai na F\u00e9)\" src=\"https:\/\/i0.wp.com\/www.tvnovelas.com.br\/tvnews\/wp-content\/uploads\/2023\/02\/36523c.jpg?resize=728%2C410&#038;ssl=1\" alt=\"Foto em Vai na F\u00e9 na semana 06 a 11 de fevereiro\" width=\"728\" height=\"410\" srcset=\"https:\/\/i0.wp.com\/www.tvnovelas.com.br\/tvnews\/wp-content\/uploads\/2023\/02\/36523c.jpg?w=728&amp;ssl=1 728w, https:\/\/i0.wp.com\/www.tvnovelas.com.br\/tvnews\/wp-content\/uploads\/2023\/02\/36523c.jpg?resize=678%2C381&amp;ssl=1 678w\" sizes=\"(max-width: 728px) 100vw, 728px\" \/><\/p>\n<p><strong>Resumo de sexta-feira, 10 de fevereiro<\/strong><br \/>\nOrfeu reconhece Carl\u00e3o e vai embora com Theo. Carl\u00e3o conta sobre o ocorrido para Marlene e pede que a sogra n\u00e3o comente com Sol. Lui se recusa a jantar com Gisela, e \u00c9rika tem outra ideia para tentar fotografar os dois. Gisela \u00e9 rejeitada por Lui e exige que \u00c9rika fa\u00e7a uma publica\u00e7\u00e3o contra ele. Sol canta no coral da igreja, e Jenifer grava com o celular. Lumiar se angustia com a anima\u00e7\u00e3o de Ben com o trailer e a viagem que quer fazer com ela. \u00c9rika pensa em lan\u00e7ar fotos sensuais de Lui para desmentir a postagem de Anthony. Anthony e \u00c9rika escolhem a foto que ir\u00e3o postar de Lui. Lumiar acorda irritada pela noite mal dormida no trailer e revela a Ben que n\u00e3o quer viajar com ele.<\/p>\n<p><strong>Resumo de s\u00e1bado, 11 de fevereiro<\/strong><br \/>\nLumiar e Ben discutem, e ela deixa o Ref\u00fagio com Fred e Guiga. F\u00e1bio tenta aconselhar Ben. Lui grava um v\u00eddeo se desculpando pelo suposto vazamento de suas fotos. Bruna mostra para Sol as fotos de Lui. Ben decide voltar para casa, e Dora e F\u00e1bio se preocupam. Dora alerta Lumiar que Ben est\u00e1 voltando para casa. O caminh\u00e3o de Romano tenta for\u00e7ar a passagem atr\u00e1s de Ben na estrada, e ele fica indignado ao ver o ve\u00edculo com as luzes apagadas. Sol tem um mau pressentimento, e Marlene se preocupa. Duda manda uma mensagem para Carl\u00e3o, que acha gra\u00e7a. Romano ultrapassa Ben e segue pela contram\u00e3o na estrada. Carl\u00e3o bate o carro contra o caminh\u00e3o de Romano.<br \/>\n<a href=\"https:\/\/www.tvnovelas.com.br\/novelas\/resumos-de-vai-na-fe\/\">Confira os resumos da semana de Vai na F\u00e9<\/a><br \/>\n<strong style=\"font-size: 120%;\">\u00daltimas not\u00edcias de Vai na F\u00e9:<\/strong><br \/>\n<div class=\"pt-cv-wrapper\"><div class=\"pt-cv-view pt-cv-grid pt-cv-colsys\" id=\"pt-cv-view-8080477fv3\"><div data-id=\"pt-cv-page-1\" class=\"pt-cv-page\" data-cvc=\"1\"><div class=\"col-md-12 col-sm-12 col-xs-12 pt-cv-content-item pt-cv-1-col\" ><div class='pt-cv-ifield'><h4 class=\"pt-cv-title\"><a href=\"https:\/\/www.tvnovelas.com.br\/tvnews\/vai-na-fe-sol-enfrenta-empresario-e-abre-show-de-lui\/\" class=\"_blank\" target=\"_blank\" >Vai na F\u00e9: Sol enfrenta empres\u00e1rio e abre show de Lui<\/a><\/h4><\/div><\/div>\n<div class=\"col-md-12 col-sm-12 col-xs-12 pt-cv-content-item pt-cv-1-col\" ><div class='pt-cv-ifield'><h4 class=\"pt-cv-title\"><a href=\"https:\/\/www.tvnovelas.com.br\/tvnews\/vai-na-fe-theo-muda-visual-e-mata-orfeu\/\" class=\"_blank\" target=\"_blank\" >Vai na F\u00e9: Theo muda visual e mata Orfeu<\/a><\/h4><\/div><\/div>\n<div class=\"col-md-12 col-sm-12 col-xs-12 pt-cv-content-item pt-cv-1-col\" ><div class='pt-cv-ifield'><h4 class=\"pt-cv-title\"><a href=\"https:\/\/www.tvnovelas.com.br\/tvnews\/vai-na-fe-sol-e-impedida-de-abrir-show-de-lui-lorenzo\/\" class=\"_blank\" target=\"_blank\" >Vai na F\u00e9: Sol \u00e9 impedida de abrir show de Lui Lorenzo<\/a><\/h4><\/div><\/div>\n<div class=\"col-md-12 col-sm-12 col-xs-12 pt-cv-content-item pt-cv-1-col\" ><div class='pt-cv-ifield'><h4 class=\"pt-cv-title\"><a href=\"https:\/\/www.tvnovelas.com.br\/tvnews\/vai-na-fe-ben-descobre-envolvimento-de-theo-na-morte-de-carlao\/\" class=\"_blank\" target=\"_blank\" >Vai na F\u00e9: Ben descobre envolvimento de Theo na morte de Carl\u00e3o<\/a><\/h4><\/div><\/div>\n<div class=\"col-md-12 col-sm-12 col-xs-12 pt-cv-content-item pt-cv-1-col\" ><div class='pt-cv-ifield'><h4 class=\"pt-cv-title\"><a href=\"https:\/\/www.tvnovelas.com.br\/tvnews\/vai-na-fe-orfeu-erra-o-tiro-e-theo-atropela-o-ex-socio\/\" class=\"_blank\" target=\"_blank\" >Vai na F\u00e9: Orfeu erra o tiro e Theo atropela o ex-s\u00f3cio<\/a><\/h4><\/div><\/div>\n<div class=\"col-md-12 col-sm-12 col-xs-12 pt-cv-content-item pt-cv-1-col\" ><div class='pt-cv-ifield'><h4 class=\"pt-cv-title\"><a href=\"https:\/\/www.tvnovelas.com.br\/tvnews\/vai-na-fe-orfeu-traido-por-theo-promete-vinganca\/\" class=\"_blank\" target=\"_blank\" >Vai na F\u00e9: Orfeu tra\u00eddo por Theo promete vingan\u00e7a<\/a><\/h4><\/div><\/div><\/div><\/div><\/div><br \/>\n<strong style=\"font-size: 120%;\">\u00daltimas not\u00edcias deste canal:<\/strong><br \/>\n<div class=\"pt-cv-wrapper\"><div class=\"pt-cv-view pt-cv-grid pt-cv-colsys\" id=\"pt-cv-view-90991035b3\"><div data-id=\"pt-cv-page-1\" class=\"pt-cv-page\" data-cvc=\"1\"><div class=\"col-md-12 col-sm-12 col-xs-12 pt-cv-content-item pt-cv-1-col\" ><div class='pt-cv-ifield'><h4 class=\"pt-cv-title\"><a href=\"https:\/\/www.tvnovelas.com.br\/tvnews\/em-a-nobreza-do-amor-na-semana-04-a-09-de-maio\/\" class=\"_self\" target=\"_self\" >Em A Nobreza do Amor na semana 04 a 09 de maio<\/a><\/h4><\/div><\/div>\n<div class=\"col-md-12 col-sm-12 col-xs-12 pt-cv-content-item pt-cv-1-col\" ><div class='pt-cv-ifield'><h4 class=\"pt-cv-title\"><a href=\"https:\/\/www.tvnovelas.com.br\/tvnews\/o-que-acontece-em-tres-gracas-na-semana-04-a-09-de-maio\/\" class=\"_self\" target=\"_self\" >O que acontece em Tr\u00eas Gra\u00e7as na semana 04 a 09 de maio<\/a><\/h4><\/div><\/div>\n<div class=\"col-md-12 col-sm-12 col-xs-12 pt-cv-content-item pt-cv-1-col\" ><div class='pt-cv-ifield'><h4 class=\"pt-cv-title\"><a href=\"https:\/\/www.tvnovelas.com.br\/tvnews\/coracao-de-mae-reha-entra-em-panico-com-a-prisao-de-adnan\/\" class=\"_self\" target=\"_self\" >Cora\u00e7\u00e3o de M\u00e3e: Reha entra em p\u00e2nico com a pris\u00e3o de Adnan<\/a><\/h4><\/div><\/div>\n<div class=\"col-md-12 col-sm-12 col-xs-12 pt-cv-content-item pt-cv-1-col\" ><div class='pt-cv-ifield'><h4 class=\"pt-cv-title\"><a href=\"https:\/\/www.tvnovelas.com.br\/tvnews\/guerra-das-rosas-mert-sequestra-gulru\/\" class=\"_self\" target=\"_self\" >Guerra das Rosas: Mert sequestra Gulru<\/a><\/h4><\/div><\/div>\n<div class=\"col-md-12 col-sm-12 col-xs-12 pt-cv-content-item pt-cv-1-col\" ><div class='pt-cv-ifield'><h4 class=\"pt-cv-title\"><a href=\"https:\/\/www.tvnovelas.com.br\/tvnews\/a-nobreza-do-amor-resistencia-sequestra-noivo-de-kenia-e-o-despacha-de-batanga\/\" class=\"_self\" target=\"_self\" >A Nobreza do Amor: Resist\u00eancia sequestra noivo de K\u00eania e o despacha de Batanga<\/a><\/h4><\/div><\/div>\n<div class=\"col-md-12 col-sm-12 col-xs-12 pt-cv-content-item pt-cv-1-col\" ><div class='pt-cv-ifield'><h4 class=\"pt-cv-title\"><a href=\"https:\/\/www.tvnovelas.com.br\/tvnews\/tres-gracas-joelly-e-gerluce-descobrem-que-filha-de-lena-e-a-bebe-roubada\/\" class=\"_self\" target=\"_self\" >Tr\u00eas Gra\u00e7as: Jo\u00e9lly e Gerluce descobrem que filha de Lena \u00e9 a beb\u00ea roubada<\/a><\/h4><\/div><\/div>\n<div class=\"col-md-12 col-sm-12 col-xs-12 pt-cv-content-item pt-cv-1-col\" ><div class='pt-cv-ifield'><h4 class=\"pt-cv-title\"><a href=\"https:\/\/www.tvnovelas.com.br\/tvnews\/em-coracao-de-mae-nos-proximos-capitulos-04-a-08-5\/\" class=\"_self\" target=\"_self\" >Em Cora\u00e7\u00e3o de M\u00e3e nos pr\u00f3ximos cap\u00edtulos (04 a 08\/5)<\/a><\/h4><\/div><\/div>\n<div class=\"col-md-12 col-sm-12 col-xs-12 pt-cv-content-item pt-cv-1-col\" ><div class='pt-cv-ifield'><h4 class=\"pt-cv-title\"><a href=\"https:\/\/www.tvnovelas.com.br\/tvnews\/coracao-de-mae-hasan-e-filiz-em-piquenique-romantico\/\" class=\"_self\" target=\"_self\" >Cora\u00e7\u00e3o de M\u00e3e: Hasan e Filiz em piquenique rom\u00e2ntico<\/a><\/h4><\/div><\/div>\n<div class=\"col-md-12 col-sm-12 col-xs-12 pt-cv-content-item pt-cv-1-col\" ><div class='pt-cv-ifield'><h4 class=\"pt-cv-title\"><a href=\"https:\/\/www.tvnovelas.com.br\/tvnews\/guerra-das-rosas-cihan-vibra-com-desistencia-de-gulru-de-casar-com-mert\/\" class=\"_self\" target=\"_self\" >Guerra das Rosas: Cihan vibra com desist\u00eancia de Gulru de casar com Mert<\/a><\/h4><\/div><\/div>\n<div class=\"col-md-12 col-sm-12 col-xs-12 pt-cv-content-item pt-cv-1-col\" ><div class='pt-cv-ifield'><h4 class=\"pt-cv-title\"><a href=\"https:\/\/www.tvnovelas.com.br\/tvnews\/coracao-de-mae-irmak-denuncia-adnan\/\" class=\"_self\" target=\"_self\" >Cora\u00e7\u00e3o de M\u00e3e: Irmak denuncia Adnan<\/a><\/h4><\/div><\/div><\/div><\/div><\/div><br \/>\n<a href=\"https:\/\/www.tvnovelas.com.br\/novelas\/\"><strong>Confira os resumos da semana de todas novelas<\/strong><\/a><br \/>\n<a href=\"http:\/\/tvnovelas.com.br\/filmes\" target=\"_blank\" rel=\"noopener\">Veja tamb\u00e9m: Todas as telas: filmes e s\u00e9ries nos streamings<\/a><\/p>\n<h3>Confira tamb\u00e9m<\/h3>\n<p><a href=\"https:\/\/www.tvnovelas.com.br\/filmes\/\" target=\"_blank\" rel=\"noopener noreferrer\"><strong>Programa\u00e7\u00e3o de filmes na TV aberta<\/strong><\/a><br \/>\n<a href=\"https:\/\/caetenews.com.br\/semana\/filmes-da-globo-na-sessao-da-tarde-desta-semana\/\" target=\"_blank\" rel=\"noopener\"><strong>Confira os filmes da semana na Sess\u00e3o da Tarde<\/strong><\/a><br \/>\n<a href=\"https:\/\/www.tvnovelas.com.br\/novelas\/\" target=\"_blank\" rel=\"noopener noreferrer\"><strong>Resumos de novelas<\/strong><\/a><\/p>\n","protected":false},"excerpt":{"rendered":"<p>Em Vai na F\u00e9 na semana 06 a 11 de fevereiro, Sol e Ben se reencontram; Kate se insinua para Theo; Ot\u00e1vio chega com Jenifer embriagada e Sol se enfurece com ele; Kate leva Theo at\u00e9 a casa de Sol; Orfeu tenta intimidar Carl\u00e3o com sua arma; Carl\u00e3o bate o carro contra o caminh\u00e3o de Romano;Theo fica interessado quando Kate fala que Sol mora ao lado de sua casa&#8230; <\/p>\n","protected":false},"author":1,"featured_media":37776,"comment_status":"closed","ping_status":"closed","sticky":false,"template":"","format":"standard","meta":{"_uf_show_specific_survey":0,"_uf_disable_surveys":false,"_jetpack_memberships_contains_paid_content":false,"footnotes":"","_wp_rev_ctl_limit":""},"categories":[358],"tags":[5,64,359],"class_list":["post-37774","post","type-post","status-publish","format-standard","has-post-thumbnail","hentry","category-vai-na-fe","tag-globo","tag-novelas","tag-vai-na-fe","wpcat-358-id"],"aioseo_notices":[],"jetpack_featured_media_url":"https:\/\/i0.wp.com\/www.tvnovelas.com.br\/tvnews\/wp-content\/uploads\/2023\/02\/36523.jpg?fit=728%2C410&ssl=1","jetpack_shortlink":"https:\/\/wp.me\/pdP2BO-9Pg","jetpack_sharing_enabled":true,"_links":{"self":[{"href":"https:\/\/www.tvnovelas.com.br\/tvnews\/wp-json\/wp\/v2\/posts\/37774","targetHints":{"allow":["GET"]}}],"collection":[{"href":"https:\/\/www.tvnovelas.com.br\/tvnews\/wp-json\/wp\/v2\/posts"}],"about":[{"href":"https:\/\/www.tvnovelas.com.br\/tvnews\/wp-json\/wp\/v2\/types\/post"}],"author":[{"embeddable":true,"href":"https:\/\/www.tvnovelas.com.br\/tvnews\/wp-json\/wp\/v2\/users\/1"}],"replies":[{"embeddable":true,"href":"https:\/\/www.tvnovelas.com.br\/tvnews\/wp-json\/wp\/v2\/comments?post=37774"}],"version-history":[{"count":0,"href":"https:\/\/www.tvnovelas.com.br\/tvnews\/wp-json\/wp\/v2\/posts\/37774\/revisions"}],"wp:featuredmedia":[{"embeddable":true,"href":"https:\/\/www.tvnovelas.com.br\/tvnews\/wp-json\/wp\/v2\/media\/37776"}],"wp:attachment":[{"href":"https:\/\/www.tvnovelas.com.br\/tvnews\/wp-json\/wp\/v2\/media?parent=37774"}],"wp:term":[{"taxonomy":"category","embeddable":true,"href":"https:\/\/www.tvnovelas.com.br\/tvnews\/wp-json\/wp\/v2\/categories?post=37774"},{"taxonomy":"post_tag","embeddable":true,"href":"https:\/\/www.tvnovelas.com.br\/tvnews\/wp-json\/wp\/v2\/tags?post=37774"}],"curies":[{"name":"wp","href":"https:\/\/api.w.org\/{rel}","templated":true}]}}