{"id":38182,"date":"2023-02-11T12:10:03","date_gmt":"2023-02-11T15:10:03","guid":{"rendered":"https:\/\/www.tvnovelas.com.br\/tvnews\/?p=38182"},"modified":"2023-02-11T14:12:38","modified_gmt":"2023-02-11T17:12:38","slug":"o-que-rola-em-vai-na-fe-na-semana-13-a-18-de-fevereiro","status":"publish","type":"post","link":"https:\/\/www.tvnovelas.com.br\/tvnews\/o-que-rola-em-vai-na-fe-na-semana-13-a-18-de-fevereiro\/","title":{"rendered":"O que rola em Vai na F\u00e9 na semana 13 a 18 de fevereiro"},"content":{"rendered":"<p><em>Resumos de Vai na F\u00e9 na semana 13 a 18 de fevereiro<\/em><br \/>\n<img data-recalc-dims=\"1\" decoding=\"async\" class=\"alignnone wp-image-38183 size-full\" title=\"(Foto: Reprodu\u00e7\u00e3o\/Globo\/Vai na F\u00e9)\" src=\"https:\/\/i0.wp.com\/www.tvnovelas.com.br\/tvnews\/wp-content\/uploads\/2023\/02\/36607.jpg?resize=728%2C410&#038;ssl=1\" alt=\"Foto em Vai na F\u00e9 na semana 13 a 18 de fevereiro\" width=\"728\" height=\"410\" srcset=\"https:\/\/i0.wp.com\/www.tvnovelas.com.br\/tvnews\/wp-content\/uploads\/2023\/02\/36607.jpg?w=728&amp;ssl=1 728w, https:\/\/i0.wp.com\/www.tvnovelas.com.br\/tvnews\/wp-content\/uploads\/2023\/02\/36607.jpg?resize=678%2C381&amp;ssl=1 678w\" sizes=\"(max-width: 728px) 100vw, 728px\" \/><\/p>\n<blockquote><p>Jenifer descobre que n\u00e3o \u00e9 filha biol\u00f3gica de Carl\u00e3o; Theo questiona Kate sobre Sol; Theo visita Sol, oferece ajuda financeira e ela o expulsa de sua casa; A \u00e1gua da casa de Sol \u00e9 cortada por falta de pagamento; Theo pede para Kate mudar o visual para parecer com Sol quando era mais jovem; Lumiar chora com a possibilidade de Ben encontrar Sol<\/p><\/blockquote>\n<p><strong>Resumo de segunda-feira, 13 de fevereiro<\/strong><br \/>\nNo acidente de tr\u00e2nsito, Ben \u00e9 arremessado para fora da estrada. Orfeu avisa a Theo que Romano se envolveu em um acidente na estrada. Ben caminha at\u00e9 Carl\u00e3o, que pede ajuda. Sol recebe um telefonema e vai com Bruna at\u00e9 o hospital. Lumiar estranha a afli\u00e7\u00e3o de Theo por causa de Ben. Carl\u00e3o \u00e9 levado para uma cirurgia. Jenifer doa sangue para Carl\u00e3o. Ben tem um pesadelo com o acidente. Yuri tenta disfar\u00e7ar a irrita\u00e7\u00e3o quando Tat\u00e1 conta que est\u00e1 namorando Jenifer. Theo fica apreensivo quando ouve Lumiar dizer que investigar\u00e1 o acidente na estrada. Carl\u00e3o volta da cirurgia e tem uma parada card\u00edaca. Jenifer descobre que n\u00e3o \u00e9 filha biol\u00f3gica de Carl\u00e3o.<\/p>\n<p><strong>Resumo de ter\u00e7a-feira, 14 de fevereiro<\/strong><br \/>\nSol recebe a not\u00edcia do falecimento do marido. Jenifer n\u00e3o aceita o fato de n\u00e3o ser filha biol\u00f3gica de Carl\u00e3o. Lumiar afirma a Ben que descobrir\u00e1 quem foram os respons\u00e1veis pelo acidente. Theo se preocupa quando Orfeu amea\u00e7a Lumiar. Kate protege Sol e Jenifer de rep\u00f3rteres na porta do hospital. Lumiar leva Ben para o Ref\u00fagio de F\u00e1bio e Dora. Theo gosta de saber que Sol ficou vi\u00fava. Lumiar estranha que a fam\u00edlia do motorista do caminh\u00e3o tenha sumido. Lui participa de um programa de entrevistas na televis\u00e3o. Lui oferece ajuda para Jenifer, mas \u00e9 destratado por Marlene. Theo questiona Kate sobre Sol. Theo conta a Lumiar que o marido de Sol foi uma v\u00edtima fatal do acidente.<\/p>\n<p><img data-recalc-dims=\"1\" decoding=\"async\" class=\"alignnone wp-image-38184 size-full\" title=\"(Foto: Reprodu\u00e7\u00e3o\/Globo\/Vai na F\u00e9)\" src=\"https:\/\/i0.wp.com\/www.tvnovelas.com.br\/tvnews\/wp-content\/uploads\/2023\/02\/36607b.jpg?resize=728%2C410&#038;ssl=1\" alt=\"Foto em Vai na F\u00e9 na semana 13 a 18 de fevereiro...\" width=\"728\" height=\"410\" srcset=\"https:\/\/i0.wp.com\/www.tvnovelas.com.br\/tvnews\/wp-content\/uploads\/2023\/02\/36607b.jpg?w=728&amp;ssl=1 728w, https:\/\/i0.wp.com\/www.tvnovelas.com.br\/tvnews\/wp-content\/uploads\/2023\/02\/36607b.jpg?resize=678%2C381&amp;ssl=1 678w\" sizes=\"(max-width: 728px) 100vw, 728px\" \/><\/p>\n<p><strong>Resumo de quarta-feira, 15 de fevereiro<\/strong><br \/>\nTheo percebe o inc\u00f4modo de Lumiar ao falar de Sol e tenta convencer a advogada a desistir da investiga\u00e7\u00e3o. Jenifer pede para ver documentos e fotos de Carl\u00e3o. Ben passa por um ritual no Ref\u00fagio e relembra do passado. Lui sofre por causa de Sol e tenta compor uma m\u00fasica. Lumiar conta para Theo que o caminh\u00e3o envolvido no acidente tinha seguro. Kate comenta que Sol est\u00e1 precisando de ajuda financeira, e Theo fica interessado. Jenifer tenta descobrir com Marlene sobre antigos namorados de Sol. Hugo v\u00ea Theo com Kate e avisa a Orfeu. Jenifer pede para conversar com a m\u00e3e. Theo vai \u00e0 casa de Sol.<\/p>\n<p><strong>Resumo de quinta-feira, 16 de fevereiro<\/strong><br \/>\nTheo oferece dinheiro para Sol, que o expulsa de sua casa. Jenifer pede para Kate perguntar para Bruna sobre os namorados de Sol antes de Carl\u00e3o. Theo questiona Lumiar sobre as investiga\u00e7\u00f5es do acidente. A advogada descobre que Jenifer \u00e9 filha de Sol. Orfeu pro\u00edbe Theo de se aproximar de Sol. Theo pede para Kate mudar o visual para parecer com Sol quando era mais jovem. Bruna inventa um pai biol\u00f3gico para Jenifer. Chega o dia do batizado de Duda. Passam-se alguns meses. Jenifer cobra de Bruna uma resposta sobre seu pai biol\u00f3gico. A \u00e1gua da casa de Sol \u00e9 cortada por falta de pagamento. Ben cai de uma \u00e1rvore, e Lumiar se preocupa quando ele anuncia que recuperou a mem\u00f3ria sobre o acidente.<\/p>\n<p><img data-recalc-dims=\"1\" decoding=\"async\" class=\"alignnone wp-image-38185 size-full\" title=\"(Foto: Reprodu\u00e7\u00e3o\/Globo\/Vai na F\u00e9)\" src=\"https:\/\/i0.wp.com\/www.tvnovelas.com.br\/tvnews\/wp-content\/uploads\/2023\/02\/36607a.jpg?resize=728%2C410&#038;ssl=1\" alt=\"Foto em Vai na F\u00e9 na semana 13 a 18 de fevereiro...\" width=\"728\" height=\"410\" srcset=\"https:\/\/i0.wp.com\/www.tvnovelas.com.br\/tvnews\/wp-content\/uploads\/2023\/02\/36607a.jpg?w=728&amp;ssl=1 728w, https:\/\/i0.wp.com\/www.tvnovelas.com.br\/tvnews\/wp-content\/uploads\/2023\/02\/36607a.jpg?resize=678%2C381&amp;ssl=1 678w\" sizes=\"(max-width: 728px) 100vw, 728px\" \/><\/p>\n<p><strong>Resumo de sexta-feira,17 de fevereiro<\/strong><br \/>\nBen afirma a Lumiar que quer encontrar a fam\u00edlia do homem que falou com ele na estrada. Lui \u00e9 chamado para fazer uma despedida de solteira. Guiga oferece dinheiro para Jenifer fazer seu trabalho da faculdade. Lumiar finge engajamento no Ref\u00fagio. Sol se surpreende com a presen\u00e7a de Vitinho em sua casa. Lui pensa em Sol para fazer seu show. Bruna pede para Vitinho ajud\u00e1-la a enganar Jenifer. Lumiar participa de um ritual no Ref\u00fagio e tem uma vis\u00e3o de Ben e Sol juntos. Ben declara que deseja acompanhar as investiga\u00e7\u00f5es do acidente. Bruna mostra para Jenifer a foto de um antigo namorado de Vitinho como sendo seu pai biol\u00f3gico. Ben se espanta ao saber que Lumiar entrou com um recurso para atrasar o processo do acidente.<\/p>\n<p><strong>Resumo de s\u00e1bado, 18 de fevereiro<\/strong><br \/>\nBen reconhece Carl\u00e3o nas fotos sobre o caso. Jenifer entrega o trabalho feito para Guiga e percebe que esqueceu de salvar o seu. Theo se preocupa quando Ben conta que falou com uma das v\u00edtimas do acidente. Lumiar chora com a possibilidade de Ben encontrar Sol, e Theo tenta consolar a amiga. Ben liga para Marlene e fala sobre o seguro do caminh\u00e3o, mas ela acredita tratar-se de um golpe. Lumiar questiona Guiga e Jenifer sobre seus trabalhos. Bruna convence Sol a ir ao escrit\u00f3rio de Ben. Yuri decide ajudar Jenifer a encontrar seu suposto pai. Lumiar se desespera ao descobrir que Ben convidou a fam\u00edlia de uma v\u00edtima do acidente para morar em sua casa.<br \/>\n<a href=\"https:\/\/www.tvnovelas.com.br\/novelas\/resumos-de-vai-na-fe-2\/\">Confira os resumos de Vai na F\u00e9 da semana 20 a 25 de fevereiro<\/a><br \/>\n<strong style=\"font-size: 120%;\">\u00daltimas not\u00edcias de Vai na F\u00e9:<\/strong><br \/>\n<div class=\"pt-cv-wrapper\"><div class=\"pt-cv-view pt-cv-grid pt-cv-colsys\" id=\"pt-cv-view-8080477fv3\"><div data-id=\"pt-cv-page-1\" class=\"pt-cv-page\" data-cvc=\"1\"><div class=\"col-md-12 col-sm-12 col-xs-12 pt-cv-content-item pt-cv-1-col\" ><div class='pt-cv-ifield'><h4 class=\"pt-cv-title\"><a href=\"https:\/\/www.tvnovelas.com.br\/tvnews\/vai-na-fe-sol-enfrenta-empresario-e-abre-show-de-lui\/\" class=\"_blank\" target=\"_blank\" >Vai na F\u00e9: Sol enfrenta empres\u00e1rio e abre show de Lui<\/a><\/h4><\/div><\/div>\n<div class=\"col-md-12 col-sm-12 col-xs-12 pt-cv-content-item pt-cv-1-col\" ><div class='pt-cv-ifield'><h4 class=\"pt-cv-title\"><a href=\"https:\/\/www.tvnovelas.com.br\/tvnews\/vai-na-fe-theo-muda-visual-e-mata-orfeu\/\" class=\"_blank\" target=\"_blank\" >Vai na F\u00e9: Theo muda visual e mata Orfeu<\/a><\/h4><\/div><\/div>\n<div class=\"col-md-12 col-sm-12 col-xs-12 pt-cv-content-item pt-cv-1-col\" ><div class='pt-cv-ifield'><h4 class=\"pt-cv-title\"><a href=\"https:\/\/www.tvnovelas.com.br\/tvnews\/vai-na-fe-sol-e-impedida-de-abrir-show-de-lui-lorenzo\/\" class=\"_blank\" target=\"_blank\" >Vai na F\u00e9: Sol \u00e9 impedida de abrir show de Lui Lorenzo<\/a><\/h4><\/div><\/div>\n<div class=\"col-md-12 col-sm-12 col-xs-12 pt-cv-content-item pt-cv-1-col\" ><div class='pt-cv-ifield'><h4 class=\"pt-cv-title\"><a href=\"https:\/\/www.tvnovelas.com.br\/tvnews\/vai-na-fe-ben-descobre-envolvimento-de-theo-na-morte-de-carlao\/\" class=\"_blank\" target=\"_blank\" >Vai na F\u00e9: Ben descobre envolvimento de Theo na morte de Carl\u00e3o<\/a><\/h4><\/div><\/div>\n<div class=\"col-md-12 col-sm-12 col-xs-12 pt-cv-content-item pt-cv-1-col\" ><div class='pt-cv-ifield'><h4 class=\"pt-cv-title\"><a href=\"https:\/\/www.tvnovelas.com.br\/tvnews\/vai-na-fe-orfeu-erra-o-tiro-e-theo-atropela-o-ex-socio\/\" class=\"_blank\" target=\"_blank\" >Vai na F\u00e9: Orfeu erra o tiro e Theo atropela o ex-s\u00f3cio<\/a><\/h4><\/div><\/div>\n<div class=\"col-md-12 col-sm-12 col-xs-12 pt-cv-content-item pt-cv-1-col\" ><div class='pt-cv-ifield'><h4 class=\"pt-cv-title\"><a href=\"https:\/\/www.tvnovelas.com.br\/tvnews\/vai-na-fe-orfeu-traido-por-theo-promete-vinganca\/\" class=\"_blank\" target=\"_blank\" >Vai na F\u00e9: Orfeu tra\u00eddo por Theo promete vingan\u00e7a<\/a><\/h4><\/div><\/div><\/div><\/div><\/div><br \/>\n<strong style=\"font-size: 120%;\">\u00daltimas not\u00edcias deste canal:<\/strong><br \/>\n<div class=\"pt-cv-wrapper\"><div class=\"pt-cv-view pt-cv-grid pt-cv-colsys\" id=\"pt-cv-view-90991035b3\"><div data-id=\"pt-cv-page-1\" class=\"pt-cv-page\" data-cvc=\"1\"><div class=\"col-md-12 col-sm-12 col-xs-12 pt-cv-content-item pt-cv-1-col\" ><div class='pt-cv-ifield'><h4 class=\"pt-cv-title\"><a href=\"https:\/\/www.tvnovelas.com.br\/tvnews\/guerra-das-rosas-cihan-vibra-com-desistencia-de-gulru-de-casar-com-mert\/\" class=\"_self\" target=\"_self\" >Guerra das Rosas: Cihan vibra com desist\u00eancia de Gulru de casar com Mert<\/a><\/h4><\/div><\/div>\n<div class=\"col-md-12 col-sm-12 col-xs-12 pt-cv-content-item pt-cv-1-col\" ><div class='pt-cv-ifield'><h4 class=\"pt-cv-title\"><a href=\"https:\/\/www.tvnovelas.com.br\/tvnews\/coracao-de-mae-irmak-denuncia-adnan\/\" class=\"_self\" target=\"_self\" >Cora\u00e7\u00e3o de M\u00e3e: Irmak denuncia Adnan<\/a><\/h4><\/div><\/div>\n<div class=\"col-md-12 col-sm-12 col-xs-12 pt-cv-content-item pt-cv-1-col\" ><div class='pt-cv-ifield'><h4 class=\"pt-cv-title\"><a href=\"https:\/\/www.tvnovelas.com.br\/tvnews\/a-nobreza-do-amor-mirinho-e-obrigado-a-resgatar-tonho\/\" class=\"_self\" target=\"_self\" >A Nobreza do Amor: Mirinho \u00e9 obrigado a resgatar Tonho<\/a><\/h4><\/div><\/div>\n<div class=\"col-md-12 col-sm-12 col-xs-12 pt-cv-content-item pt-cv-1-col\" ><div class='pt-cv-ifield'><h4 class=\"pt-cv-title\"><a href=\"https:\/\/www.tvnovelas.com.br\/tvnews\/tres-gracas-paulinho-e-afastado-da-policia-por-causa-de-gerluce\/\" class=\"_self\" target=\"_self\" >Tr\u00eas Gra\u00e7as: Paulinho \u00e9 afastado da pol\u00edcia por causa de Gerluce<\/a><\/h4><\/div><\/div>\n<div class=\"col-md-12 col-sm-12 col-xs-12 pt-cv-content-item pt-cv-1-col\" ><div class='pt-cv-ifield'><h4 class=\"pt-cv-title\"><a href=\"https:\/\/www.tvnovelas.com.br\/tvnews\/coracao-de-mae-irmak-inicia-jogo-arriscado-contra-adnan\/\" class=\"_self\" target=\"_self\" >Cora\u00e7\u00e3o de M\u00e3e: Irmak inicia jogo arriscado contra Adnan<\/a><\/h4><\/div><\/div>\n<div class=\"col-md-12 col-sm-12 col-xs-12 pt-cv-content-item pt-cv-1-col\" ><div class='pt-cv-ifield'><h4 class=\"pt-cv-title\"><a href=\"https:\/\/www.tvnovelas.com.br\/tvnews\/guerra-das-rosas-omer-chama-gulru-vestida-de-noiva-para-fugir\/\" class=\"_self\" target=\"_self\" >Guerra das Rosas: Omer chama Gulru vestida de noiva para fugir<\/a><\/h4><\/div><\/div>\n<div class=\"col-md-12 col-sm-12 col-xs-12 pt-cv-content-item pt-cv-1-col\" ><div class='pt-cv-ifield'><h4 class=\"pt-cv-title\"><a href=\"https:\/\/www.tvnovelas.com.br\/tvnews\/coracao-de-mae-reha-sai-para-jantar-com-selvi\/\" class=\"_self\" target=\"_self\" >Cora\u00e7\u00e3o de M\u00e3e: Reha sai para jantar com Selvi<\/a><\/h4><\/div><\/div>\n<div class=\"col-md-12 col-sm-12 col-xs-12 pt-cv-content-item pt-cv-1-col\" ><div class='pt-cv-ifield'><h4 class=\"pt-cv-title\"><a href=\"https:\/\/www.tvnovelas.com.br\/tvnews\/coracao-acelerado-zila-se-preocupa-com-sua-situacao-apos-separacao\/\" class=\"_self\" target=\"_self\" >Cora\u00e7\u00e3o Acelerado: Zil\u00e1 se preocupa com sua situa\u00e7\u00e3o ap\u00f3s separa\u00e7\u00e3o<\/a><\/h4><\/div><\/div>\n<div class=\"col-md-12 col-sm-12 col-xs-12 pt-cv-content-item pt-cv-1-col\" ><div class='pt-cv-ifield'><h4 class=\"pt-cv-title\"><a href=\"https:\/\/www.tvnovelas.com.br\/tvnews\/a-nobreza-do-amor-tonho-nao-se-curva-diante-de-mirinho\/\" class=\"_self\" target=\"_self\" >A Nobreza do Amor: Tonho n\u00e3o se curva diante de Mirinho<\/a><\/h4><\/div><\/div>\n<div class=\"col-md-12 col-sm-12 col-xs-12 pt-cv-content-item pt-cv-1-col\" ><div class='pt-cv-ifield'><h4 class=\"pt-cv-title\"><a href=\"https:\/\/www.tvnovelas.com.br\/tvnews\/tres-gracas-arminda-surta-ao-confirmar-que-ferette-e-pai-de-raul\/\" class=\"_self\" target=\"_self\" >Tr\u00eas Gra\u00e7as:  Arminda surta ao confirmar que Ferette \u00e9 pai de Raul<\/a><\/h4><\/div><\/div><\/div><\/div><\/div><br \/>\n<a href=\"https:\/\/www.tvnovelas.com.br\/novelas\/\"><strong>Confira os resumos da semana de todas novelas<\/strong><\/a><br \/>\n<a href=\"http:\/\/tvnovelas.com.br\/filmes\" target=\"_blank\" rel=\"noopener\">Veja tamb\u00e9m: Todas as telas: filmes e s\u00e9ries nos streamings<\/a><\/p>\n<h3>Confira tamb\u00e9m<\/h3>\n<p><a href=\"https:\/\/www.tvnovelas.com.br\/filmes\/\" target=\"_blank\" rel=\"noopener noreferrer\"><strong>Programa\u00e7\u00e3o de filmes na TV aberta<\/strong><\/a><br \/>\n<a href=\"https:\/\/caetenews.com.br\/semana\/filmes-da-globo-na-sessao-da-tarde-desta-semana\/\" target=\"_blank\" rel=\"noopener\"><strong>Confira os filmes da semana na Sess\u00e3o da Tarde<\/strong><\/a><br \/>\n<a href=\"https:\/\/www.tvnovelas.com.br\/novelas\/\" target=\"_blank\" rel=\"noopener noreferrer\"><strong>Resumos de novelas<\/strong><\/a><\/p>\n","protected":false},"excerpt":{"rendered":"<p>Em Vai na F\u00e9 na semana 13 a 18 de fevereiro, Jenifer descobre que n\u00e3o \u00e9 filha biol\u00f3gica de Carl\u00e3o; Theo questiona Kate sobre Sol; Theo visita Sol, oferece ajuda financeira e ela o expulsa de sua casa; A \u00e1gua da casa de Sol \u00e9 cortada por falta de pagamento; Theo pede para Kate mudar o visual para parecer com Sol quando era mais jovem; Lumiar chora com a possibilidade de Ben encontrar Sol <\/p>\n","protected":false},"author":1,"featured_media":38183,"comment_status":"closed","ping_status":"closed","sticky":false,"template":"","format":"standard","meta":{"_uf_show_specific_survey":0,"_uf_disable_surveys":false,"_jetpack_memberships_contains_paid_content":false,"footnotes":"","_wp_rev_ctl_limit":""},"categories":[358],"tags":[5,64,359],"class_list":["post-38182","post","type-post","status-publish","format-standard","has-post-thumbnail","hentry","category-vai-na-fe","tag-globo","tag-novelas","tag-vai-na-fe","wpcat-358-id"],"aioseo_notices":[],"jetpack_featured_media_url":"https:\/\/i0.wp.com\/www.tvnovelas.com.br\/tvnews\/wp-content\/uploads\/2023\/02\/36607.jpg?fit=728%2C410&ssl=1","jetpack_shortlink":"https:\/\/wp.me\/pdP2BO-9VQ","jetpack_sharing_enabled":true,"_links":{"self":[{"href":"https:\/\/www.tvnovelas.com.br\/tvnews\/wp-json\/wp\/v2\/posts\/38182","targetHints":{"allow":["GET"]}}],"collection":[{"href":"https:\/\/www.tvnovelas.com.br\/tvnews\/wp-json\/wp\/v2\/posts"}],"about":[{"href":"https:\/\/www.tvnovelas.com.br\/tvnews\/wp-json\/wp\/v2\/types\/post"}],"author":[{"embeddable":true,"href":"https:\/\/www.tvnovelas.com.br\/tvnews\/wp-json\/wp\/v2\/users\/1"}],"replies":[{"embeddable":true,"href":"https:\/\/www.tvnovelas.com.br\/tvnews\/wp-json\/wp\/v2\/comments?post=38182"}],"version-history":[{"count":5,"href":"https:\/\/www.tvnovelas.com.br\/tvnews\/wp-json\/wp\/v2\/posts\/38182\/revisions"}],"predecessor-version":[{"id":38194,"href":"https:\/\/www.tvnovelas.com.br\/tvnews\/wp-json\/wp\/v2\/posts\/38182\/revisions\/38194"}],"wp:featuredmedia":[{"embeddable":true,"href":"https:\/\/www.tvnovelas.com.br\/tvnews\/wp-json\/wp\/v2\/media\/38183"}],"wp:attachment":[{"href":"https:\/\/www.tvnovelas.com.br\/tvnews\/wp-json\/wp\/v2\/media?parent=38182"}],"wp:term":[{"taxonomy":"category","embeddable":true,"href":"https:\/\/www.tvnovelas.com.br\/tvnews\/wp-json\/wp\/v2\/categories?post=38182"},{"taxonomy":"post_tag","embeddable":true,"href":"https:\/\/www.tvnovelas.com.br\/tvnews\/wp-json\/wp\/v2\/tags?post=38182"}],"curies":[{"name":"wp","href":"https:\/\/api.w.org\/{rel}","templated":true}]}}