{"id":38671,"date":"2023-02-19T10:23:28","date_gmt":"2023-02-19T13:23:28","guid":{"rendered":"https:\/\/www.tvnovelas.com.br\/tvnews\/?p=38671"},"modified":"2023-02-20T10:11:36","modified_gmt":"2023-02-20T13:11:36","slug":"em-o-rei-do-gado-nos-proximos-capitulos-20-a-23-2","status":"publish","type":"post","link":"https:\/\/www.tvnovelas.com.br\/tvnews\/em-o-rei-do-gado-nos-proximos-capitulos-20-a-23-2\/","title":{"rendered":"Em O Rei do Gado na semana 20 a 24 de fevereiro"},"content":{"rendered":"<p><em>O Rei do Gado nos pr\u00f3ximos cap\u00edtulos&#8230;<\/em><br \/>\n<img data-recalc-dims=\"1\" decoding=\"async\" src=\"https:\/\/i0.wp.com\/www.tvnovelas.com.br\/tvnews\/wp-content\/uploads\/2023\/02\/36708.jpg?resize=728%2C410&#038;ssl=1\" alt=\"Foto em O Rei do Gado nos pr\u00f3ximos cap\u00edtulos...\" width=\"728\" height=\"410\" class=\"alignnone size-full wp-image-38672\" srcset=\"https:\/\/i0.wp.com\/www.tvnovelas.com.br\/tvnews\/wp-content\/uploads\/2023\/02\/36708.jpg?w=728&amp;ssl=1 728w, https:\/\/i0.wp.com\/www.tvnovelas.com.br\/tvnews\/wp-content\/uploads\/2023\/02\/36708.jpg?resize=678%2C381&amp;ssl=1 678w\" sizes=\"(max-width: 728px) 100vw, 728px\" \/><\/p>\n<blockquote><p>Bruno diz a Luana que o filho deles n\u00e3o vai ter sobrenome Berdinazzi; Rafaela que s\u00f3 viaja para a It\u00e1lia com Germias; L\u00e9ia diz que n\u00e3o quer mais mandar assassinar Luana; Geremias vira suspeito da morte de Fausto&#8230;<\/p><\/blockquote>\n<p><strong>Resumo de segunda-feira, 20 de fevereiro<\/strong><br \/>\nBruno diz a Luana que o filho deles n\u00e3o vai ter sobrenome Berdinazzi. Interessado nos neg\u00f3cios do pai, Marcos pede para sair em comitiva e aprender a tocar o berrante. Um inc\u00eandio criminoso destr\u00f3i o acampamento dos sem-terra.<\/p>\n<p><strong>Resumo de ter\u00e7a-feira, 21 de fevereiro<\/strong><br \/>\nN\u00e3o haver\u00e1 exibi\u00e7\u00e3o<\/p>\n<p><strong>Resumo de quarta-feira, 22 de fevereiro<\/strong><br \/>\nRafaela diz a Geremias que s\u00f3 viajar\u00e1 para a It\u00e1lia se for com ele. Bruno incentiva Z\u00e9 a buscar logo o filho com a av\u00f3. Bruno diz a Donana que lhe trar\u00e1 um rec\u00e9m-nascido se ela aceitar criar tamb\u00e9m uma crian\u00e7a mais velha. Ot\u00e1vio conta ao delegado Valdir que suspeita de Rafaela e pede que ele colha as impress\u00f5es digitais da arma de Geremias. Julia diz que L\u00e9ia est\u00e1 toda hora querendo saber de Luana e Lia estranha. Geremias fica preocupado quando Valdir pede que ele lhe deixe examinar sua arma. O delegado vai embora levando a arma para per\u00edcia.<\/p>\n<p><strong>Resumo de quinta-feira, 23 de fevereiro<\/strong><br \/>\nL\u00e9ia liga para Lia perguntando por Luana. Em seguida, liga para Ralf avisando que n\u00e3o quer mais mandar assassinar Luana. Geremias pergunta a Judite se foi ela quem contou ao delegado sobre a arma que ele tinha em casa. Z\u00e9 chega na comunidade ind\u00edgena onde est\u00e1 o filho Rafael. Z\u00e9 diz a Magu que foi buscar Rafael, mas a av\u00f3 n\u00e3o aceita. Rafael grita pelo pai, mas foge ao ver Bruno. Z\u00e9 diz a Bruno que vai levar Rafael de qualquer forma. Eles saem sem a crian\u00e7a. Rafael diz a av\u00f3 que n\u00e3o quer ir embora.<\/p>\n<p><strong>Resumo de sexta-feira, 24 de fevereiro<\/strong><br \/>\nBruno e Z\u00e9 voltam \u00e0 casa de Magu e conseguem convenc\u00ea-la a deixar Rafael ir com eles. Z\u00e9 explica a Rafael que Donana n\u00e3o pode saber que ele \u00e9 mesmo seu filho. Donana conhece Rafael, que a rejeita, mas gruda em Z\u00e9. Ot\u00e1vio desconfia que Marcos tenha matado Fausto, por ci\u00fame de Rafaela. Ot\u00e1vio confessa a Geremias que foi ele quem contou ao delegado Valdir sobre a arma. Ot\u00e1vio diz a Geremias que acha que Rafaela est\u00e1 envolvida na morte de Oleg\u00e1rio. Judite diz a Rafaela que Marcos n\u00e3o ligou e ela se revolta. Marcos liga para Rafaela e Judite diz que ela n\u00e3o est\u00e1. Valdir diz a Geremias que Fausto foi morto com sua arma e que a descoberta o torna um dos principais suspeitos do crime.<\/p>\n<p><strong style=\"font-size: 120%;\">\u00daltimas not\u00edcias deste canal:<\/strong><br \/>\n<div class=\"pt-cv-wrapper\"><div class=\"pt-cv-view pt-cv-grid pt-cv-colsys\" id=\"pt-cv-view-90991035b3\"><div data-id=\"pt-cv-page-1\" class=\"pt-cv-page\" data-cvc=\"1\"><div class=\"col-md-12 col-sm-12 col-xs-12 pt-cv-content-item pt-cv-1-col\" ><div class='pt-cv-ifield'><h4 class=\"pt-cv-title\"><a href=\"https:\/\/www.tvnovelas.com.br\/tvnews\/guerra-das-rosas-cihan-vibra-com-desistencia-de-gulru-de-casar-com-mert\/\" class=\"_self\" target=\"_self\" >Guerra das Rosas: Cihan vibra com desist\u00eancia de Gulru de casar com Mert<\/a><\/h4><\/div><\/div>\n<div class=\"col-md-12 col-sm-12 col-xs-12 pt-cv-content-item pt-cv-1-col\" ><div class='pt-cv-ifield'><h4 class=\"pt-cv-title\"><a href=\"https:\/\/www.tvnovelas.com.br\/tvnews\/coracao-de-mae-irmak-denuncia-adnan\/\" class=\"_self\" target=\"_self\" >Cora\u00e7\u00e3o de M\u00e3e: Irmak denuncia Adnan<\/a><\/h4><\/div><\/div>\n<div class=\"col-md-12 col-sm-12 col-xs-12 pt-cv-content-item pt-cv-1-col\" ><div class='pt-cv-ifield'><h4 class=\"pt-cv-title\"><a href=\"https:\/\/www.tvnovelas.com.br\/tvnews\/a-nobreza-do-amor-mirinho-e-obrigado-a-resgatar-tonho\/\" class=\"_self\" target=\"_self\" >A Nobreza do Amor: Mirinho \u00e9 obrigado a resgatar Tonho<\/a><\/h4><\/div><\/div>\n<div class=\"col-md-12 col-sm-12 col-xs-12 pt-cv-content-item pt-cv-1-col\" ><div class='pt-cv-ifield'><h4 class=\"pt-cv-title\"><a href=\"https:\/\/www.tvnovelas.com.br\/tvnews\/tres-gracas-paulinho-e-afastado-da-policia-por-causa-de-gerluce\/\" class=\"_self\" target=\"_self\" >Tr\u00eas Gra\u00e7as: Paulinho \u00e9 afastado da pol\u00edcia por causa de Gerluce<\/a><\/h4><\/div><\/div>\n<div class=\"col-md-12 col-sm-12 col-xs-12 pt-cv-content-item pt-cv-1-col\" ><div class='pt-cv-ifield'><h4 class=\"pt-cv-title\"><a href=\"https:\/\/www.tvnovelas.com.br\/tvnews\/coracao-de-mae-irmak-inicia-jogo-arriscado-contra-adnan\/\" class=\"_self\" target=\"_self\" >Cora\u00e7\u00e3o de M\u00e3e: Irmak inicia jogo arriscado contra Adnan<\/a><\/h4><\/div><\/div>\n<div class=\"col-md-12 col-sm-12 col-xs-12 pt-cv-content-item pt-cv-1-col\" ><div class='pt-cv-ifield'><h4 class=\"pt-cv-title\"><a href=\"https:\/\/www.tvnovelas.com.br\/tvnews\/guerra-das-rosas-omer-chama-gulru-vestida-de-noiva-para-fugir\/\" class=\"_self\" target=\"_self\" >Guerra das Rosas: Omer chama Gulru vestida de noiva para fugir<\/a><\/h4><\/div><\/div>\n<div class=\"col-md-12 col-sm-12 col-xs-12 pt-cv-content-item pt-cv-1-col\" ><div class='pt-cv-ifield'><h4 class=\"pt-cv-title\"><a href=\"https:\/\/www.tvnovelas.com.br\/tvnews\/coracao-de-mae-reha-sai-para-jantar-com-selvi\/\" class=\"_self\" target=\"_self\" >Cora\u00e7\u00e3o de M\u00e3e: Reha sai para jantar com Selvi<\/a><\/h4><\/div><\/div>\n<div class=\"col-md-12 col-sm-12 col-xs-12 pt-cv-content-item pt-cv-1-col\" ><div class='pt-cv-ifield'><h4 class=\"pt-cv-title\"><a href=\"https:\/\/www.tvnovelas.com.br\/tvnews\/coracao-acelerado-zila-se-preocupa-com-sua-situacao-apos-separacao\/\" class=\"_self\" target=\"_self\" >Cora\u00e7\u00e3o Acelerado: Zil\u00e1 se preocupa com sua situa\u00e7\u00e3o ap\u00f3s separa\u00e7\u00e3o<\/a><\/h4><\/div><\/div>\n<div class=\"col-md-12 col-sm-12 col-xs-12 pt-cv-content-item pt-cv-1-col\" ><div class='pt-cv-ifield'><h4 class=\"pt-cv-title\"><a href=\"https:\/\/www.tvnovelas.com.br\/tvnews\/a-nobreza-do-amor-tonho-nao-se-curva-diante-de-mirinho\/\" class=\"_self\" target=\"_self\" >A Nobreza do Amor: Tonho n\u00e3o se curva diante de Mirinho<\/a><\/h4><\/div><\/div>\n<div class=\"col-md-12 col-sm-12 col-xs-12 pt-cv-content-item pt-cv-1-col\" ><div class='pt-cv-ifield'><h4 class=\"pt-cv-title\"><a href=\"https:\/\/www.tvnovelas.com.br\/tvnews\/tres-gracas-arminda-surta-ao-confirmar-que-ferette-e-pai-de-raul\/\" class=\"_self\" target=\"_self\" >Tr\u00eas Gra\u00e7as:  Arminda surta ao confirmar que Ferette \u00e9 pai de Raul<\/a><\/h4><\/div><\/div><\/div><\/div><\/div><br \/>\n<a href=\"https:\/\/www.tvnovelas.com.br\/novelas\/\"><strong>\u2605 Confira os resumos da semana de todas novelas<\/strong><\/a><br \/>\n<a href=\"http:\/\/tvnovelas.com.br\/filmes\" target=\"_blank\" rel=\"noopener\">Veja tamb\u00e9m: Todas as telas: filmes e s\u00e9ries nos streamings<\/a><\/p>\n<h3>Confira tamb\u00e9m<\/h3>\n<p><a href=\"https:\/\/www.tvnovelas.com.br\/filmes\/\" target=\"_blank\" rel=\"noopener noreferrer\"><strong>Programa\u00e7\u00e3o de filmes na TV aberta<\/strong><\/a><br \/>\n<a href=\"https:\/\/tvnovelas.com.br\/filmes\/filmes-e-series-ineditos-em-estreia-na-semana-na-netflix\/\" target=\"_blank\" rel=\"noopener noreferrer\"><strong>Estreias da semana na Netflix<\/strong><\/a><br \/>\n<a href=\"https:\/\/caetenews.com.br\/semana\/filmes-da-globo-na-sessao-da-tarde-desta-semana\/\" target=\"_blank\" rel=\"noopener\"><strong>Confira os filmes da semana na Sess\u00e3o da Tarde<\/strong><\/a><br \/>\n<a href=\"\/\/tvnovelas.com.br\/filmes\/filmes-em-estreia-nos-cinemas\/\" target=\"_blank\" rel=\"noopener noreferrer\"><strong>Estreias e novidades no Cinema<\/strong><\/a><br \/>\n<a href=\"https:\/\/www.tvnovelas.com.br\/novelas\/\" target=\"_blank\" rel=\"noopener noreferrer\"><strong>Resumos de novelas<\/strong><\/a><\/p>\n","protected":false},"excerpt":{"rendered":"<p>Em O Rei do Gado nos pr\u00f3ximos cap\u00edtulos&#8230; Bruno diz a Luana que o filho deles n\u00e3o vai ter sobrenome Berdinazzi; Rafaela que s\u00f3 viaja para a It\u00e1lia com Germias; L\u00e9ia diz que n\u00e3o quer mais mandar assassinar Luana&#8230; <\/p>\n","protected":false},"author":1,"featured_media":38672,"comment_status":"closed","ping_status":"closed","sticky":false,"template":"","format":"standard","meta":{"_uf_show_specific_survey":0,"_uf_disable_surveys":false,"_jetpack_memberships_contains_paid_content":false,"footnotes":"","_wp_rev_ctl_limit":""},"categories":[356],"tags":[5,64,355],"class_list":["post-38671","post","type-post","status-publish","format-standard","has-post-thumbnail","hentry","category-o-rei-do-gado","tag-globo","tag-novelas","tag-o-rei-do-gado","wpcat-356-id"],"aioseo_notices":[],"jetpack_featured_media_url":"https:\/\/i0.wp.com\/www.tvnovelas.com.br\/tvnews\/wp-content\/uploads\/2023\/02\/36708.jpg?fit=728%2C410&ssl=1","jetpack_shortlink":"https:\/\/wp.me\/pdP2BO-a3J","jetpack_sharing_enabled":true,"_links":{"self":[{"href":"https:\/\/www.tvnovelas.com.br\/tvnews\/wp-json\/wp\/v2\/posts\/38671","targetHints":{"allow":["GET"]}}],"collection":[{"href":"https:\/\/www.tvnovelas.com.br\/tvnews\/wp-json\/wp\/v2\/posts"}],"about":[{"href":"https:\/\/www.tvnovelas.com.br\/tvnews\/wp-json\/wp\/v2\/types\/post"}],"author":[{"embeddable":true,"href":"https:\/\/www.tvnovelas.com.br\/tvnews\/wp-json\/wp\/v2\/users\/1"}],"replies":[{"embeddable":true,"href":"https:\/\/www.tvnovelas.com.br\/tvnews\/wp-json\/wp\/v2\/comments?post=38671"}],"version-history":[{"count":2,"href":"https:\/\/www.tvnovelas.com.br\/tvnews\/wp-json\/wp\/v2\/posts\/38671\/revisions"}],"predecessor-version":[{"id":38698,"href":"https:\/\/www.tvnovelas.com.br\/tvnews\/wp-json\/wp\/v2\/posts\/38671\/revisions\/38698"}],"wp:featuredmedia":[{"embeddable":true,"href":"https:\/\/www.tvnovelas.com.br\/tvnews\/wp-json\/wp\/v2\/media\/38672"}],"wp:attachment":[{"href":"https:\/\/www.tvnovelas.com.br\/tvnews\/wp-json\/wp\/v2\/media?parent=38671"}],"wp:term":[{"taxonomy":"category","embeddable":true,"href":"https:\/\/www.tvnovelas.com.br\/tvnews\/wp-json\/wp\/v2\/categories?post=38671"},{"taxonomy":"post_tag","embeddable":true,"href":"https:\/\/www.tvnovelas.com.br\/tvnews\/wp-json\/wp\/v2\/tags?post=38671"}],"curies":[{"name":"wp","href":"https:\/\/api.w.org\/{rel}","templated":true}]}}