{"id":38747,"date":"2023-02-21T08:51:58","date_gmt":"2023-02-21T11:51:58","guid":{"rendered":"https:\/\/www.tvnovelas.com.br\/tvnews\/?p=38747"},"modified":"2023-02-21T08:51:58","modified_gmt":"2023-02-21T11:51:58","slug":"travessia-brisa-fica-atordoada-com-pierrot-sem-saber-que-e-oto","status":"publish","type":"post","link":"https:\/\/www.tvnovelas.com.br\/tvnews\/travessia-brisa-fica-atordoada-com-pierrot-sem-saber-que-e-oto\/","title":{"rendered":"Travessia: Brisa fica atordoada com Pierrot, sem saber que \u00e9 Oto"},"content":{"rendered":"<p><em>Not\u00edcias de Travessia: Brisa fica atordoada com Pierrot&#8230;<\/em><br \/>\n<img data-recalc-dims=\"1\" decoding=\"async\" class=\"alignnone wp-image-38748 size-full\" title=\"(Foto: Globo\/Travessia)\" src=\"https:\/\/i0.wp.com\/www.tvnovelas.com.br\/tvnews\/wp-content\/uploads\/2023\/02\/36726.jpg?resize=728%2C410&#038;ssl=1\" alt=\"Foto em Travessia: Brisa fica atordoada com Pierrot\" width=\"728\" height=\"410\" srcset=\"https:\/\/i0.wp.com\/www.tvnovelas.com.br\/tvnews\/wp-content\/uploads\/2023\/02\/36726.jpg?w=728&amp;ssl=1 728w, https:\/\/i0.wp.com\/www.tvnovelas.com.br\/tvnews\/wp-content\/uploads\/2023\/02\/36726.jpg?resize=678%2C381&amp;ssl=1 678w\" sizes=\"(max-width: 728px) 100vw, 728px\" \/><\/p>\n<p>Oto (Romulo Estrela) desiste de seguir o carnaval em Vila Isabel. Mas, ao passar pela multid\u00e3o, ele esbarra com Brisa (Lucy Alves) e os dois se encaram por breves segundos. Como o rapaz est\u00e1 com uma m\u00e1scara de Pierrot, a maranhense n\u00e3o reconhece o ex-namorado. Mesmo assim, ela lembra do hacker e fica t\u00e3o atordoada que perde a passagem do bloco.<\/p>\n<p>Mais tarde, Tininha (Camila Rocha) vai \u00e0 casa da amiga preocupada com o sumi\u00e7o dela. &#8220;Que doideira te deu! Fiquei procurando e n\u00e3o te via mais, Brisa&#8221;, dir\u00e1.<\/p>\n<p>&#8220;Foi muito esquisito&#8230; a hora que aquele Pierrot esbarrou em mim&#8230; a\u00ed, a gente se olhou&#8230; n\u00e3o foi nem meio segundo, mas me deu aquela impress\u00e3o t\u00e3o forte que eu conhecia ele&#8221;, tentar\u00e1 explicar a ex de Ari (Chay Suede).<\/p>\n<p>Para acalm\u00e1-la, Tininha dir\u00e1 que, talvez, o rapaz fosse frequentador do bar Encanto da Vila e, por isso, ela teve a sensa\u00e7\u00e3o de que o conhecia. Mas Brisa a rebater\u00e1 afirmando que a impress\u00e3o era de que o conhecia mesmo, n\u00e3o s\u00f3 de vista.<\/p>\n<p>&#8220;O homem sumiu e eu fiquei ali querendo ir atr\u00e1s dele. O Oto me veio na cabe\u00e7a&#8230;&#8221;, confessar\u00e1.<\/p>\n<p>Tininha, por\u00e9m, vai achar que Brisa est\u00e1 impressionada por causa da fantasia do &#8216;desconhecido&#8217;, &#8220;Tu est\u00e1s fantasiada do par dele, n\u00e3o \u00e9? O par da colombina n\u00e3o \u00e9 o Pierrot? \u00c9 isso, o que tu est\u00e1s sentindo eu sei muito bem: \u00e9 saudade do Oto. A\u00ed, come\u00e7a a lembrar dele em tudo o que enxerga&#8221;, opinar\u00e1 a mo\u00e7a.<\/p>\n<p>&#8220;\u00c9 isso mesmo; me deu saudade, sim! Oto gosta tanto de carnaval, e a gente tinha combinado tanta coisa pra esse carnaval! At\u00e9 na escola a gente ia sair&#8221;, recordar\u00e1 a maranhense.<br \/>\n<!--FIM DO POST--><br \/>\n<a href=\"https:\/\/www.tvnovelas.com.br\/novelas\/resumos-de-travessia\/\">Confira os resumos da semana de Travessia<\/a><br \/>\n<strong>\u00daltimas not\u00edcias de &#8216;Travessia&#8217;:<\/strong><br \/>\n<div class=\"pt-cv-wrapper\"><div class=\"pt-cv-view pt-cv-grid pt-cv-colsys\" id=\"pt-cv-view-61f7fbf2da\"><div data-id=\"pt-cv-page-1\" class=\"pt-cv-page\" data-cvc=\"1\"><div class=\"col-md-12 col-sm-12 col-xs-12 pt-cv-content-item pt-cv-1-col\" ><div class='pt-cv-ifield'><h4 class=\"pt-cv-title\"><a href=\"https:\/\/www.tvnovelas.com.br\/tvnews\/travessia-ari-vai-atras-de-chiara-em-maternidade\/\" class=\"_blank\" target=\"_blank\" >Travessia: Ari vai atr\u00e1s de Chiara em maternidade<\/a><\/h4><\/div><\/div>\n<div class=\"col-md-12 col-sm-12 col-xs-12 pt-cv-content-item pt-cv-1-col\" ><div class='pt-cv-ifield'><h4 class=\"pt-cv-title\"><a href=\"https:\/\/www.tvnovelas.com.br\/tvnews\/travessia-helo-cerca-pedofilo-em-shopping\/\" class=\"_blank\" target=\"_blank\" >Travessia: Hel\u00f4 cerca ped\u00f3filo em shopping<\/a><\/h4><\/div><\/div>\n<div class=\"col-md-12 col-sm-12 col-xs-12 pt-cv-content-item pt-cv-1-col\" ><div class='pt-cv-ifield'><h4 class=\"pt-cv-title\"><a href=\"https:\/\/www.tvnovelas.com.br\/tvnews\/travessia-helo-se-passa-por-menor-para-pegar-o-pedofilo\/\" class=\"_blank\" target=\"_blank\" >Travessia: Hel\u00f4 se passa por menor para pegar o ped\u00f3filo<\/a><\/h4><\/div><\/div>\n<div class=\"col-md-12 col-sm-12 col-xs-12 pt-cv-content-item pt-cv-1-col\" ><div class='pt-cv-ifield'><h4 class=\"pt-cv-title\"><a href=\"https:\/\/www.tvnovelas.com.br\/tvnews\/travessia-chiara-descobre-farsa-de-guerra-sobre-a-mae\/\" class=\"_blank\" target=\"_blank\" >Travessia: Chiara descobre farsa de Guerra sobre a m\u00e3e<\/a><\/h4><\/div><\/div>\n<div class=\"col-md-12 col-sm-12 col-xs-12 pt-cv-content-item pt-cv-1-col\" ><div class='pt-cv-ifield'><h4 class=\"pt-cv-title\"><a href=\"https:\/\/www.tvnovelas.com.br\/tvnews\/travessia-ari-firma-pacto-de-silencio-com-guerra\/\" class=\"_blank\" target=\"_blank\" >Travessia: Ari firma pacto de sil\u00eancio com Guerra<\/a><\/h4><\/div><\/div>\n<div class=\"col-md-12 col-sm-12 col-xs-12 pt-cv-content-item pt-cv-1-col\" ><div class='pt-cv-ifield'><h4 class=\"pt-cv-title\"><a href=\"https:\/\/www.tvnovelas.com.br\/tvnews\/travessia-ari-descobre-que-chiara-e-filha-de-debora\/\" class=\"_blank\" target=\"_blank\" >Travessia: Ari descobre que Chiara \u00e9 filha de D\u00e9bora<\/a><\/h4><\/div><\/div><\/div><\/div><\/div><br \/>\n<strong style=\"font-size: 120%;\">\u00daltimas not\u00edcias deste canal:<\/strong><br \/>\n<div class=\"pt-cv-wrapper\"><div class=\"pt-cv-view pt-cv-grid pt-cv-colsys\" id=\"pt-cv-view-90991035b3\"><div data-id=\"pt-cv-page-1\" class=\"pt-cv-page\" data-cvc=\"1\"><div class=\"col-md-12 col-sm-12 col-xs-12 pt-cv-content-item pt-cv-1-col\" ><div class='pt-cv-ifield'><h4 class=\"pt-cv-title\"><a href=\"https:\/\/www.tvnovelas.com.br\/tvnews\/em-coracao-de-mae-nos-proximos-capitulos-04-a-08-5\/\" class=\"_self\" target=\"_self\" >Em Cora\u00e7\u00e3o de M\u00e3e nos pr\u00f3ximos cap\u00edtulos (04 a 08\/5)<\/a><\/h4><\/div><\/div>\n<div class=\"col-md-12 col-sm-12 col-xs-12 pt-cv-content-item pt-cv-1-col\" ><div class='pt-cv-ifield'><h4 class=\"pt-cv-title\"><a href=\"https:\/\/www.tvnovelas.com.br\/tvnews\/coracao-de-mae-hasan-e-filiz-em-piquenique-romantico\/\" class=\"_self\" target=\"_self\" >Cora\u00e7\u00e3o de M\u00e3e: Hasan e Filiz em piquenique rom\u00e2ntico<\/a><\/h4><\/div><\/div>\n<div class=\"col-md-12 col-sm-12 col-xs-12 pt-cv-content-item pt-cv-1-col\" ><div class='pt-cv-ifield'><h4 class=\"pt-cv-title\"><a href=\"https:\/\/www.tvnovelas.com.br\/tvnews\/guerra-das-rosas-cihan-vibra-com-desistencia-de-gulru-de-casar-com-mert\/\" class=\"_self\" target=\"_self\" >Guerra das Rosas: Cihan vibra com desist\u00eancia de Gulru de casar com Mert<\/a><\/h4><\/div><\/div>\n<div class=\"col-md-12 col-sm-12 col-xs-12 pt-cv-content-item pt-cv-1-col\" ><div class='pt-cv-ifield'><h4 class=\"pt-cv-title\"><a href=\"https:\/\/www.tvnovelas.com.br\/tvnews\/coracao-de-mae-irmak-denuncia-adnan\/\" class=\"_self\" target=\"_self\" >Cora\u00e7\u00e3o de M\u00e3e: Irmak denuncia Adnan<\/a><\/h4><\/div><\/div>\n<div class=\"col-md-12 col-sm-12 col-xs-12 pt-cv-content-item pt-cv-1-col\" ><div class='pt-cv-ifield'><h4 class=\"pt-cv-title\"><a href=\"https:\/\/www.tvnovelas.com.br\/tvnews\/a-nobreza-do-amor-mirinho-e-obrigado-a-resgatar-tonho\/\" class=\"_self\" target=\"_self\" >A Nobreza do Amor: Mirinho \u00e9 obrigado a resgatar Tonho<\/a><\/h4><\/div><\/div>\n<div class=\"col-md-12 col-sm-12 col-xs-12 pt-cv-content-item pt-cv-1-col\" ><div class='pt-cv-ifield'><h4 class=\"pt-cv-title\"><a href=\"https:\/\/www.tvnovelas.com.br\/tvnews\/tres-gracas-paulinho-e-afastado-da-policia-por-causa-de-gerluce\/\" class=\"_self\" target=\"_self\" >Tr\u00eas Gra\u00e7as: Paulinho \u00e9 afastado da pol\u00edcia por causa de Gerluce<\/a><\/h4><\/div><\/div>\n<div class=\"col-md-12 col-sm-12 col-xs-12 pt-cv-content-item pt-cv-1-col\" ><div class='pt-cv-ifield'><h4 class=\"pt-cv-title\"><a href=\"https:\/\/www.tvnovelas.com.br\/tvnews\/coracao-de-mae-irmak-inicia-jogo-arriscado-contra-adnan\/\" class=\"_self\" target=\"_self\" >Cora\u00e7\u00e3o de M\u00e3e: Irmak inicia jogo arriscado contra Adnan<\/a><\/h4><\/div><\/div>\n<div class=\"col-md-12 col-sm-12 col-xs-12 pt-cv-content-item pt-cv-1-col\" ><div class='pt-cv-ifield'><h4 class=\"pt-cv-title\"><a href=\"https:\/\/www.tvnovelas.com.br\/tvnews\/guerra-das-rosas-omer-chama-gulru-vestida-de-noiva-para-fugir\/\" class=\"_self\" target=\"_self\" >Guerra das Rosas: Omer chama Gulru vestida de noiva para fugir<\/a><\/h4><\/div><\/div>\n<div class=\"col-md-12 col-sm-12 col-xs-12 pt-cv-content-item pt-cv-1-col\" ><div class='pt-cv-ifield'><h4 class=\"pt-cv-title\"><a href=\"https:\/\/www.tvnovelas.com.br\/tvnews\/coracao-de-mae-reha-sai-para-jantar-com-selvi\/\" class=\"_self\" target=\"_self\" >Cora\u00e7\u00e3o de M\u00e3e: Reha sai para jantar com Selvi<\/a><\/h4><\/div><\/div>\n<div class=\"col-md-12 col-sm-12 col-xs-12 pt-cv-content-item pt-cv-1-col\" ><div class='pt-cv-ifield'><h4 class=\"pt-cv-title\"><a href=\"https:\/\/www.tvnovelas.com.br\/tvnews\/coracao-acelerado-zila-se-preocupa-com-sua-situacao-apos-separacao\/\" class=\"_self\" target=\"_self\" >Cora\u00e7\u00e3o Acelerado: Zil\u00e1 se preocupa com sua situa\u00e7\u00e3o ap\u00f3s separa\u00e7\u00e3o<\/a><\/h4><\/div><\/div><\/div><\/div><\/div><br \/>\n<a href=\"https:\/\/www.tvnovelas.com.br\/novelas\/\"><strong>Confira os resumos da semana de todas novelas<\/strong><\/a><br \/>\n<a href=\"http:\/\/tvnovelas.com.br\/filmes\" target=\"_blank\" rel=\"noopener\">Veja tamb\u00e9m: Todas as telas: filmes e s\u00e9ries nos streamings<\/a><\/p>\n<h3>Confira tamb\u00e9m<\/h3>\n<p><a href=\"https:\/\/www.tvnovelas.com.br\/filmes\/\" target=\"_blank\" rel=\"noopener noreferrer\"><strong>Programa\u00e7\u00e3o de filmes na TV aberta<\/strong><\/a><br \/>\n<a href=\"https:\/\/caetenews.com.br\/semana\/filmes-da-globo-na-sessao-da-tarde-desta-semana\/\" target=\"_blank\" rel=\"noopener\"><strong>Confira os filmes da semana na Sess\u00e3o da Tarde<\/strong><\/a><br \/>\n<a href=\"https:\/\/www.tvnovelas.com.br\/novelas\/\" target=\"_blank\" rel=\"noopener noreferrer\"><strong>Resumos de novelas<\/strong><\/a><\/p>\n","protected":false},"excerpt":{"rendered":"<p>Travessia: Brisa fica atordoada com Pierrot&#8230; Oto (Romulo Estrela) desiste de seguir o carnaval em Vila Isabel. Mas, ao passar pela multid\u00e3o, ele esbarra&#8230;<\/p>\n","protected":false},"author":1,"featured_media":38748,"comment_status":"closed","ping_status":"closed","sticky":false,"template":"","format":"standard","meta":{"_uf_show_specific_survey":0,"_uf_disable_surveys":false,"_jetpack_memberships_contains_paid_content":false,"footnotes":"","_wp_rev_ctl_limit":""},"categories":[325],"tags":[5,64,326],"class_list":["post-38747","post","type-post","status-publish","format-standard","has-post-thumbnail","hentry","category-travessia","tag-globo","tag-novelas","tag-travessia","wpcat-325-id"],"aioseo_notices":[],"jetpack_featured_media_url":"https:\/\/i0.wp.com\/www.tvnovelas.com.br\/tvnews\/wp-content\/uploads\/2023\/02\/36726.jpg?fit=728%2C410&ssl=1","jetpack_shortlink":"https:\/\/wp.me\/pdP2BO-a4X","jetpack_sharing_enabled":true,"_links":{"self":[{"href":"https:\/\/www.tvnovelas.com.br\/tvnews\/wp-json\/wp\/v2\/posts\/38747","targetHints":{"allow":["GET"]}}],"collection":[{"href":"https:\/\/www.tvnovelas.com.br\/tvnews\/wp-json\/wp\/v2\/posts"}],"about":[{"href":"https:\/\/www.tvnovelas.com.br\/tvnews\/wp-json\/wp\/v2\/types\/post"}],"author":[{"embeddable":true,"href":"https:\/\/www.tvnovelas.com.br\/tvnews\/wp-json\/wp\/v2\/users\/1"}],"replies":[{"embeddable":true,"href":"https:\/\/www.tvnovelas.com.br\/tvnews\/wp-json\/wp\/v2\/comments?post=38747"}],"version-history":[{"count":1,"href":"https:\/\/www.tvnovelas.com.br\/tvnews\/wp-json\/wp\/v2\/posts\/38747\/revisions"}],"predecessor-version":[{"id":38749,"href":"https:\/\/www.tvnovelas.com.br\/tvnews\/wp-json\/wp\/v2\/posts\/38747\/revisions\/38749"}],"wp:featuredmedia":[{"embeddable":true,"href":"https:\/\/www.tvnovelas.com.br\/tvnews\/wp-json\/wp\/v2\/media\/38748"}],"wp:attachment":[{"href":"https:\/\/www.tvnovelas.com.br\/tvnews\/wp-json\/wp\/v2\/media?parent=38747"}],"wp:term":[{"taxonomy":"category","embeddable":true,"href":"https:\/\/www.tvnovelas.com.br\/tvnews\/wp-json\/wp\/v2\/categories?post=38747"},{"taxonomy":"post_tag","embeddable":true,"href":"https:\/\/www.tvnovelas.com.br\/tvnews\/wp-json\/wp\/v2\/tags?post=38747"}],"curies":[{"name":"wp","href":"https:\/\/api.w.org\/{rel}","templated":true}]}}