{"id":39127,"date":"2023-02-26T15:52:41","date_gmt":"2023-02-26T18:52:41","guid":{"rendered":"https:\/\/www.tvnovelas.com.br\/tvnews\/?p=39127"},"modified":"2023-02-27T12:33:23","modified_gmt":"2023-02-27T15:33:23","slug":"o-que-acontece-em-o-rei-do-gado-nos-proximos-capitulos-27-2-a-02-3","status":"publish","type":"post","link":"https:\/\/www.tvnovelas.com.br\/tvnews\/o-que-acontece-em-o-rei-do-gado-nos-proximos-capitulos-27-2-a-02-3\/","title":{"rendered":"O que acontece em O Rei do Gado na semana 27\/2 a 03 de mar\u00e7o"},"content":{"rendered":"<p><em>O Rei do Gado na semana 27\/2 a 03 de mar\u00e7o<\/em><br \/>\n<img data-recalc-dims=\"1\" decoding=\"async\" class=\"alignnone wp-image-39125 size-full\" title=\"(Foto: Reprodu\u00e7\u00e3o\/TV Globo\/O Rei do Gado)\" src=\"https:\/\/i0.wp.com\/www.tvnovelas.com.br\/tvnews\/wp-content\/uploads\/2023\/02\/36809.jpg?resize=728%2C410&#038;ssl=1\" alt=\"Foto em O Rei do Gado O Rei do Gado na semana 27\/2 a 03 de mar\u00e7o...\" width=\"728\" height=\"410\" srcset=\"https:\/\/i0.wp.com\/www.tvnovelas.com.br\/tvnews\/wp-content\/uploads\/2023\/02\/36809.jpg?w=728&amp;ssl=1 728w, https:\/\/i0.wp.com\/www.tvnovelas.com.br\/tvnews\/wp-content\/uploads\/2023\/02\/36809.jpg?resize=678%2C381&amp;ssl=1 678w\" sizes=\"(max-width: 728px) 100vw, 728px\" \/><\/p>\n<blockquote><p>Bruno diz a Marcos que Luana \u00e9 mesmo a verdadeira Marieta Berdinazzi; Rafaela decide ficar na fazenda; Luana e Bruno comemoram que v\u00e3o ter um menino; Liliana conta a Marcos que Rafaela vai se casar;<br \/>\n<strong>Resumo de segunda-feira, 27 de fevereiro<\/strong><br \/>\nMarcos vai a Guaxup\u00e9, entra pela janela e faz as pazes com Rafaela. Eles v\u00e3o para o meio do cafezal. Valdir colhe as impress\u00f5es digitais de todos, mas Rafaela n\u00e3o est\u00e1 e eles pensam que ela fugiu. Bruno diz a Lia que ela pode se casar com Apar\u00edcio. Ot\u00e1vio corre para procurar Rafaela e Marcos sem querer o atropela. Ot\u00e1vio fica furioso, mas escapa ileso do acidente. Geremias diz a Rafaela que a deserdar\u00e1 se ela for embora com Marcos. Ralf rompe com Suzane e ela lhe aponta uma arma. Lia diz a Apar\u00edcio que a dupla Saracura e Pirilampo vai ter que acabar. Rafaela decide ficar na fazenda e Marcos acata sua decis\u00e3o.<\/p>\n<p><strong>Resumo de ter\u00e7a-feira, 28 de fevereiro<\/strong><br \/>\nRafaela diz a Geremias que Luana deve ser uma farsante trabalhando com Bruno. Geremias diz a ela que seria a maior decep\u00e7\u00e3o da vida se ela n\u00e3o for uma Berdinazzi e ela garante ir \u00e0 It\u00e1lia com ele. Z\u00e9 Bento fica aborrecido quando Apar\u00edcio lhe conta que vai se casar com Lia. Rafaela beija Ot\u00e1vio. Favinho chama Z\u00e9 de pai e Donana estranha. Bruno avisa a Marcos que o deserdar\u00e1 se ele puser o sobrenome Berdinazzi em seus filhos. Luana e Bruno comemoram que v\u00e3o ter um menino. Geremias comenta com Ot\u00e1vio e com Rafaela que, se eles se casarem, herdar\u00e3o todos os seus bens.<br \/>\n<img data-recalc-dims=\"1\" decoding=\"async\" class=\"alignnone wp-image-39124 size-full\" title=\"(Foto: Reprodu\u00e7\u00e3o\/TV Globo\/O Rei do Gado)\" src=\"https:\/\/i0.wp.com\/www.tvnovelas.com.br\/tvnews\/wp-content\/uploads\/2023\/02\/36809a.jpg?resize=728%2C410&#038;ssl=1\" alt=\"Foto em O Rei do Gado nos pr\u00f3ximos cap\u00edtulos..\" width=\"728\" height=\"410\" srcset=\"https:\/\/i0.wp.com\/www.tvnovelas.com.br\/tvnews\/wp-content\/uploads\/2023\/02\/36809a.jpg?w=728&amp;ssl=1 728w, https:\/\/i0.wp.com\/www.tvnovelas.com.br\/tvnews\/wp-content\/uploads\/2023\/02\/36809a.jpg?resize=678%2C381&amp;ssl=1 678w\" sizes=\"(max-width: 728px) 100vw, 728px\" \/><\/p>\n<p><strong>Resumo de quarta-feira, 1\u00ba de mar\u00e7o<\/strong><br \/>\nRalf se muda para o apartamento de L\u00e9ia. Rafaela e Ot\u00e1vio decidem se casar para n\u00e3o perder a fortuna. Rafaela e Ot\u00e1vio dizem a Geremias que concordam com as condi\u00e7\u00f5es que ele imp\u00f5e e que est\u00e3o dispostos a se casar. Mezenga diz a Regino que lhe dar\u00e1 um peda\u00e7o de terra se ele o ajudar a formar a fazenda de Luana, mas explica que apenas alguns sem-terra poder\u00e3o participar da empreitada. Jacira diz a Regino que ir\u00e1 deix\u00e1-lo se ele n\u00e3o aceitar a proposta.<\/p>\n<p><strong>Resumo de quinta-feira, 02 de mar\u00e7o<\/strong><br \/>\nJacira convence Regino e ele aceita a proposta de Bruno. Depois de conversar com os sem-terra, Regino desiste de aceitar a proposta de Mezenga. Marcos liga para Rafaela mas ela o trata friamente. O telefone toca novamente e Geremias atende. Aliviada, Rafaela constata que o interlocutor \u00e9 o corretor de seguros de Geremias. Jacira deixa Regino. Regino resolve invadir uma fazenda. Liliana conta a Marcos que Rafaela vai se casar.<\/p>\n<p><strong>Resumo de qsexta-feira, 03 de mar\u00e7o<\/strong><br \/>\nRafaela diz a Marcos que agora se chama Marieta e que tudo acabou entre eles. Jacira e Regino fazem as pazes. Bruno e Luana v\u00e3o ao cart\u00f3rio onde ela foi registrada. Bruno diz a Marcos que Luana \u00e9 mesmo a verdadeira Marieta Berdinazzi. Apar\u00edcio chega em casa b\u00eabado e manda Lia embora. Donana diz a Z\u00e9 que est\u00e1 pensando em pedir a Bruno que leve Favinho embora. Donana descobre que Favinho \u00e9 \u00edndio e fica intrigada.<br \/>\n<!--FIM--><br \/>\n<strong style=\"font-size: 120%;\">\u00daltimas not\u00edcias deste canal:<\/strong><br \/>\n<div class=\"pt-cv-wrapper\"><div class=\"pt-cv-view pt-cv-grid pt-cv-colsys\" id=\"pt-cv-view-90991035b3\"><div data-id=\"pt-cv-page-1\" class=\"pt-cv-page\" data-cvc=\"1\"><div class=\"col-md-12 col-sm-12 col-xs-12 pt-cv-content-item pt-cv-1-col\" ><div class='pt-cv-ifield'><h4 class=\"pt-cv-title\"><a href=\"https:\/\/www.tvnovelas.com.br\/tvnews\/guerra-das-rosas-cihan-vibra-com-desistencia-de-gulru-de-casar-com-mert\/\" class=\"_self\" target=\"_self\" >Guerra das Rosas: Cihan vibra com desist\u00eancia de Gulru de casar com Mert<\/a><\/h4><\/div><\/div>\n<div class=\"col-md-12 col-sm-12 col-xs-12 pt-cv-content-item pt-cv-1-col\" ><div class='pt-cv-ifield'><h4 class=\"pt-cv-title\"><a href=\"https:\/\/www.tvnovelas.com.br\/tvnews\/coracao-de-mae-irmak-denuncia-adnan\/\" class=\"_self\" target=\"_self\" >Cora\u00e7\u00e3o de M\u00e3e: Irmak denuncia Adnan<\/a><\/h4><\/div><\/div>\n<div class=\"col-md-12 col-sm-12 col-xs-12 pt-cv-content-item pt-cv-1-col\" ><div class='pt-cv-ifield'><h4 class=\"pt-cv-title\"><a href=\"https:\/\/www.tvnovelas.com.br\/tvnews\/a-nobreza-do-amor-mirinho-e-obrigado-a-resgatar-tonho\/\" class=\"_self\" target=\"_self\" >A Nobreza do Amor: Mirinho \u00e9 obrigado a resgatar Tonho<\/a><\/h4><\/div><\/div>\n<div class=\"col-md-12 col-sm-12 col-xs-12 pt-cv-content-item pt-cv-1-col\" ><div class='pt-cv-ifield'><h4 class=\"pt-cv-title\"><a href=\"https:\/\/www.tvnovelas.com.br\/tvnews\/tres-gracas-paulinho-e-afastado-da-policia-por-causa-de-gerluce\/\" class=\"_self\" target=\"_self\" >Tr\u00eas Gra\u00e7as: Paulinho \u00e9 afastado da pol\u00edcia por causa de Gerluce<\/a><\/h4><\/div><\/div>\n<div class=\"col-md-12 col-sm-12 col-xs-12 pt-cv-content-item pt-cv-1-col\" ><div class='pt-cv-ifield'><h4 class=\"pt-cv-title\"><a href=\"https:\/\/www.tvnovelas.com.br\/tvnews\/coracao-de-mae-irmak-inicia-jogo-arriscado-contra-adnan\/\" class=\"_self\" target=\"_self\" >Cora\u00e7\u00e3o de M\u00e3e: Irmak inicia jogo arriscado contra Adnan<\/a><\/h4><\/div><\/div>\n<div class=\"col-md-12 col-sm-12 col-xs-12 pt-cv-content-item pt-cv-1-col\" ><div class='pt-cv-ifield'><h4 class=\"pt-cv-title\"><a href=\"https:\/\/www.tvnovelas.com.br\/tvnews\/guerra-das-rosas-omer-chama-gulru-vestida-de-noiva-para-fugir\/\" class=\"_self\" target=\"_self\" >Guerra das Rosas: Omer chama Gulru vestida de noiva para fugir<\/a><\/h4><\/div><\/div>\n<div class=\"col-md-12 col-sm-12 col-xs-12 pt-cv-content-item pt-cv-1-col\" ><div class='pt-cv-ifield'><h4 class=\"pt-cv-title\"><a href=\"https:\/\/www.tvnovelas.com.br\/tvnews\/coracao-de-mae-reha-sai-para-jantar-com-selvi\/\" class=\"_self\" target=\"_self\" >Cora\u00e7\u00e3o de M\u00e3e: Reha sai para jantar com Selvi<\/a><\/h4><\/div><\/div>\n<div class=\"col-md-12 col-sm-12 col-xs-12 pt-cv-content-item pt-cv-1-col\" ><div class='pt-cv-ifield'><h4 class=\"pt-cv-title\"><a href=\"https:\/\/www.tvnovelas.com.br\/tvnews\/coracao-acelerado-zila-se-preocupa-com-sua-situacao-apos-separacao\/\" class=\"_self\" target=\"_self\" >Cora\u00e7\u00e3o Acelerado: Zil\u00e1 se preocupa com sua situa\u00e7\u00e3o ap\u00f3s separa\u00e7\u00e3o<\/a><\/h4><\/div><\/div>\n<div class=\"col-md-12 col-sm-12 col-xs-12 pt-cv-content-item pt-cv-1-col\" ><div class='pt-cv-ifield'><h4 class=\"pt-cv-title\"><a href=\"https:\/\/www.tvnovelas.com.br\/tvnews\/a-nobreza-do-amor-tonho-nao-se-curva-diante-de-mirinho\/\" class=\"_self\" target=\"_self\" >A Nobreza do Amor: Tonho n\u00e3o se curva diante de Mirinho<\/a><\/h4><\/div><\/div>\n<div class=\"col-md-12 col-sm-12 col-xs-12 pt-cv-content-item pt-cv-1-col\" ><div class='pt-cv-ifield'><h4 class=\"pt-cv-title\"><a href=\"https:\/\/www.tvnovelas.com.br\/tvnews\/tres-gracas-arminda-surta-ao-confirmar-que-ferette-e-pai-de-raul\/\" class=\"_self\" target=\"_self\" >Tr\u00eas Gra\u00e7as:  Arminda surta ao confirmar que Ferette \u00e9 pai de Raul<\/a><\/h4><\/div><\/div><\/div><\/div><\/div><br \/>\n<a href=\"https:\/\/www.tvnovelas.com.br\/novelas\/\"><strong>Confira os resumos da semana de todas novelas<\/strong><\/a><br \/>\n<a href=\"http:\/\/tvnovelas.com.br\/filmes\" target=\"_blank\" rel=\"noopener\">Veja tamb\u00e9m: Todas as telas: filmes e s\u00e9ries nos streamings<\/a><\/p>\n<h3>Confira tamb\u00e9m<\/h3>\n<p><a href=\"https:\/\/www.tvnovelas.com.br\/filmes\/\" target=\"_blank\" rel=\"noopener noreferrer\"><strong>Programa\u00e7\u00e3o de filmes na TV aberta<\/strong><\/a><br \/>\n<a href=\"https:\/\/tvnovelas.com.br\/filmes\/filmes-e-series-ineditos-em-estreia-na-semana-na-netflix\/\" target=\"_blank\" rel=\"noopener noreferrer\"><strong>Estreias da semana na Netflix<\/strong><\/a><br \/>\n<a href=\"https:\/\/caetenews.com.br\/semana\/filmes-da-globo-na-sessao-da-tarde-desta-semana\/\" target=\"_blank\" rel=\"noopener\"><strong>Confira os filmes da semana na Sess\u00e3o da Tarde<\/strong><\/a><br \/>\n<a href=\"\/\/tvnovelas.com.br\/filmes\/filmes-em-estreia-nos-cinemas\/\" target=\"_blank\" rel=\"noopener noreferrer\"><strong>Estreias e novidades no Cinema<\/strong><\/a><br \/>\n<a href=\"https:\/\/www.tvnovelas.com.br\/novelas\/\" target=\"_blank\" rel=\"noopener noreferrer\"><strong>Resumos de novelas<\/strong><\/a><\/p>\n","protected":false},"excerpt":{"rendered":"<p>Em O Rei do Gado na semana 27\/2 a 03 de mar\u00e7o, Bruno diz a Marcos que Luana \u00e9 mesmo a verdadeira Marieta Berdinazzi; Rafaela decide ficar na fazenda; Luana e Bruno comemoram que v\u00e3o ter um menino; Rafaela decide ficar na fazenda; Luana e Bruno comemoram que v\u00e3o ter um menino; <\/p>\n","protected":false},"author":1,"featured_media":39125,"comment_status":"closed","ping_status":"closed","sticky":false,"template":"","format":"standard","meta":{"_uf_show_specific_survey":0,"_uf_disable_surveys":false,"_jetpack_memberships_contains_paid_content":false,"footnotes":"","_wp_rev_ctl_limit":""},"categories":[356],"tags":[5,64,355],"class_list":["post-39127","post","type-post","status-publish","format-standard","has-post-thumbnail","hentry","category-o-rei-do-gado","tag-globo","tag-novelas","tag-o-rei-do-gado","wpcat-356-id"],"aioseo_notices":[],"jetpack_featured_media_url":"https:\/\/i0.wp.com\/www.tvnovelas.com.br\/tvnews\/wp-content\/uploads\/2023\/02\/36809.jpg?fit=728%2C410&ssl=1","jetpack_shortlink":"https:\/\/wp.me\/pdP2BO-ab5","jetpack_sharing_enabled":true,"_links":{"self":[{"href":"https:\/\/www.tvnovelas.com.br\/tvnews\/wp-json\/wp\/v2\/posts\/39127","targetHints":{"allow":["GET"]}}],"collection":[{"href":"https:\/\/www.tvnovelas.com.br\/tvnews\/wp-json\/wp\/v2\/posts"}],"about":[{"href":"https:\/\/www.tvnovelas.com.br\/tvnews\/wp-json\/wp\/v2\/types\/post"}],"author":[{"embeddable":true,"href":"https:\/\/www.tvnovelas.com.br\/tvnews\/wp-json\/wp\/v2\/users\/1"}],"replies":[{"embeddable":true,"href":"https:\/\/www.tvnovelas.com.br\/tvnews\/wp-json\/wp\/v2\/comments?post=39127"}],"version-history":[{"count":5,"href":"https:\/\/www.tvnovelas.com.br\/tvnews\/wp-json\/wp\/v2\/posts\/39127\/revisions"}],"predecessor-version":[{"id":39158,"href":"https:\/\/www.tvnovelas.com.br\/tvnews\/wp-json\/wp\/v2\/posts\/39127\/revisions\/39158"}],"wp:featuredmedia":[{"embeddable":true,"href":"https:\/\/www.tvnovelas.com.br\/tvnews\/wp-json\/wp\/v2\/media\/39125"}],"wp:attachment":[{"href":"https:\/\/www.tvnovelas.com.br\/tvnews\/wp-json\/wp\/v2\/media?parent=39127"}],"wp:term":[{"taxonomy":"category","embeddable":true,"href":"https:\/\/www.tvnovelas.com.br\/tvnews\/wp-json\/wp\/v2\/categories?post=39127"},{"taxonomy":"post_tag","embeddable":true,"href":"https:\/\/www.tvnovelas.com.br\/tvnews\/wp-json\/wp\/v2\/tags?post=39127"}],"curies":[{"name":"wp","href":"https:\/\/api.w.org\/{rel}","templated":true}]}}