{"id":39172,"date":"2023-02-27T18:00:29","date_gmt":"2023-02-27T21:00:29","guid":{"rendered":"https:\/\/www.tvnovelas.com.br\/tvnews\/?p=39172"},"modified":"2023-02-27T15:23:24","modified_gmt":"2023-02-27T18:23:24","slug":"mar-do-sertao-jose-e-fuba-mimoso-ficam-frente-a-frente","status":"publish","type":"post","link":"https:\/\/www.tvnovelas.com.br\/tvnews\/mar-do-sertao-jose-e-fuba-mimoso-ficam-frente-a-frente\/","title":{"rendered":"Mar do Sert\u00e3o: Jos\u00e9 e Fub\u00e1 Mimoso ficam frente a frente"},"content":{"rendered":"<p><em>Em Mar do Sert\u00e3o: Jos\u00e9 e Fub\u00e1 Mimoso&#8230; No cap\u00edtulo desta ter\u00e7a, 28&#8230;<\/em><br \/>\n<img data-recalc-dims=\"1\" decoding=\"async\" class=\"alignnone wp-image-39173 size-full\" title=\"(Foto: TV Globo\/Mar do Sert\u00e3o)\" src=\"https:\/\/i0.wp.com\/www.tvnovelas.com.br\/tvnews\/wp-content\/uploads\/2023\/02\/36818.jpg?resize=728%2C410&#038;ssl=1\" alt=\"Foto em Mar do Sert\u00e3o: Jos\u00e9 e Fub\u00e1 Mimoso...\" width=\"728\" height=\"410\" srcset=\"https:\/\/i0.wp.com\/www.tvnovelas.com.br\/tvnews\/wp-content\/uploads\/2023\/02\/36818.jpg?w=728&amp;ssl=1 728w, https:\/\/i0.wp.com\/www.tvnovelas.com.br\/tvnews\/wp-content\/uploads\/2023\/02\/36818.jpg?resize=678%2C381&amp;ssl=1 678w\" sizes=\"(max-width: 728px) 100vw, 728px\" \/><\/p>\n<p>No cap\u00edtulo desta ter\u00e7a, 28, Firmino avisa a Jos\u00e9 sobre Fub\u00e1 Mimoso. Candoca tenta convencer Jos\u00e9 a n\u00e3o ir atr\u00e1s de Fub\u00e1 Mimoso. Firmino se encontra com Fub\u00e1 Mimoso. Xaviera fala da desconfian\u00e7a que teve com No\u00e9 para Tertulinho. Coronel oferece dinheiro para No\u00e9 deixar Canta Pedra. Sab\u00e1 se desespera quando Timb\u00f3 quase descobre uma de suas c\u00e2meras. Deodora convence Mirinho a assinar um documento que o incrimina de desvio de dinheiro da prefeitura, e Floro fica incomodado. O Coronel revela seu plano contra No\u00e9 para Cat\u00e3o. Jos\u00e9 e Fub\u00e1 Mimoso ficam frente a frente.<br \/>\n<!--FIM DO POST--><br \/>\n<a href=\"https:\/\/www.tvnovelas.com.br\/novelas\/resumos-de-mar-do-sertao\/\">Confira os resumos da semana de &#8216;Mar do Sert\u00e3o&#8217;<\/a><br \/>\n<strong>\u00daltimas not\u00edcias de &#8216;Mar do Sert\u00e3o&#8217;:<\/strong><br \/>\n<div class=\"pt-cv-wrapper\"><div class=\"pt-cv-view pt-cv-grid pt-cv-colsys\" id=\"pt-cv-view-054665bpli\"><div data-id=\"pt-cv-page-1\" class=\"pt-cv-page\" data-cvc=\"1\"><div class=\"col-md-12 col-sm-12 col-xs-12 pt-cv-content-item pt-cv-1-col\" ><div class='pt-cv-ifield'><h4 class=\"pt-cv-title\"><a href=\"https:\/\/www.tvnovelas.com.br\/tvnews\/mar-do-sertao-candoca-conta-para-ze-paulino-que-esta-gravida\/\" class=\"_blank\" target=\"_blank\" >Mar do Sert\u00e3o: Candoca conta para Z\u00e9 Paulino que est\u00e1 gr\u00e1vida<\/a><\/h4><\/div><\/div>\n<div class=\"col-md-12 col-sm-12 col-xs-12 pt-cv-content-item pt-cv-1-col\" ><div class='pt-cv-ifield'><h4 class=\"pt-cv-title\"><a href=\"https:\/\/www.tvnovelas.com.br\/tvnews\/mar-do-sertao-pajeu-e-fuba-mimoso-impedem-lingua-de-sogra-de-atirar-em-jose\/\" class=\"_blank\" target=\"_blank\" >Mar do Sert\u00e3o: Paje\u00fa e Fub\u00e1 Mimoso impedem L\u00edngua de Sogra de atirar em Jos\u00e9<\/a><\/h4><\/div><\/div>\n<div class=\"col-md-12 col-sm-12 col-xs-12 pt-cv-content-item pt-cv-1-col\" ><div class='pt-cv-ifield'><h4 class=\"pt-cv-title\"><a href=\"https:\/\/www.tvnovelas.com.br\/tvnews\/mar-do-sertao-tertulinho-pede-xaviera-em-casamento-ela-diz-nao\/\" class=\"_blank\" target=\"_blank\" >Mar do Sert\u00e3o: Tertulinho pede Xaviera em casamento. Ela diz n\u00e3o.<\/a><\/h4><\/div><\/div>\n<div class=\"col-md-12 col-sm-12 col-xs-12 pt-cv-content-item pt-cv-1-col\" ><div class='pt-cv-ifield'><h4 class=\"pt-cv-title\"><a href=\"https:\/\/www.tvnovelas.com.br\/tvnews\/mar-do-sertao-mirinho-fica-rico-e-cira-sonha-com-a-europa\/\" class=\"_blank\" target=\"_blank\" >Mar do Sert\u00e3o: Mirinho fica rico e Cira sonha com a Europa<\/a><\/h4><\/div><\/div>\n<div class=\"col-md-12 col-sm-12 col-xs-12 pt-cv-content-item pt-cv-1-col\" ><div class='pt-cv-ifield'><h4 class=\"pt-cv-title\"><a href=\"https:\/\/www.tvnovelas.com.br\/tvnews\/mar-do-sertao-deodora-contrata-servico-do-matador-lingua-de-sogra\/\" class=\"_blank\" target=\"_blank\" >Mar do Sert\u00e3o: Deodora contrata &#8216;servi\u00e7o&#8217; do matador L\u00edngua de Sogra<\/a><\/h4><\/div><\/div><\/div><\/div><\/div><br \/>\n<strong style=\"font-size: 120%;\">\u00daltimas not\u00edcias deste canal:<\/strong><br \/>\n<div class=\"pt-cv-wrapper\"><div class=\"pt-cv-view pt-cv-grid pt-cv-colsys\" id=\"pt-cv-view-90991035b3\"><div data-id=\"pt-cv-page-1\" class=\"pt-cv-page\" data-cvc=\"1\"><div class=\"col-md-12 col-sm-12 col-xs-12 pt-cv-content-item pt-cv-1-col\" ><div class='pt-cv-ifield'><h4 class=\"pt-cv-title\"><a href=\"https:\/\/www.tvnovelas.com.br\/tvnews\/o-que-se-passa-em-guerra-das-rosas-na-semana-04-a-08-de-maio\/\" class=\"_self\" target=\"_self\" >O que se passa em Guerra das Rosas na semana 04 a 08 de maio<\/a><\/h4><\/div><\/div>\n<div class=\"col-md-12 col-sm-12 col-xs-12 pt-cv-content-item pt-cv-1-col\" ><div class='pt-cv-ifield'><h4 class=\"pt-cv-title\"><a href=\"https:\/\/www.tvnovelas.com.br\/tvnews\/a-nobreza-do-amor-kenia-desmaia-apos-ser-abandonada-pelo-noivo\/\" class=\"_self\" target=\"_self\" >A Nobreza do Amor: K\u00eania desmaia ap\u00f3s ser &#8216;abandonada&#8217; pelo noivo<\/a><\/h4><\/div><\/div>\n<div class=\"col-md-12 col-sm-12 col-xs-12 pt-cv-content-item pt-cv-1-col\" ><div class='pt-cv-ifield'><h4 class=\"pt-cv-title\"><a href=\"https:\/\/www.tvnovelas.com.br\/tvnews\/tres-gracas-arminda-sugere-a-ferette-matar-a-bebe-de-joelly\/\" class=\"_self\" target=\"_self\" >Tr\u00eas Gra\u00e7as: Arminda sugere a Ferette matar a beb\u00ea de Jo\u00e9lly<\/a><\/h4><\/div><\/div>\n<div class=\"col-md-12 col-sm-12 col-xs-12 pt-cv-content-item pt-cv-1-col\" ><div class='pt-cv-ifield'><h4 class=\"pt-cv-title\"><a href=\"https:\/\/www.tvnovelas.com.br\/tvnews\/em-a-nobreza-do-amor-na-semana-04-a-09-de-maio\/\" class=\"_self\" target=\"_self\" >Em A Nobreza do Amor na semana 04 a 09 de maio<\/a><\/h4><\/div><\/div>\n<div class=\"col-md-12 col-sm-12 col-xs-12 pt-cv-content-item pt-cv-1-col\" ><div class='pt-cv-ifield'><h4 class=\"pt-cv-title\"><a href=\"https:\/\/www.tvnovelas.com.br\/tvnews\/o-que-acontece-em-tres-gracas-na-semana-04-a-09-de-maio\/\" class=\"_self\" target=\"_self\" >O que acontece em Tr\u00eas Gra\u00e7as na semana 04 a 09 de maio<\/a><\/h4><\/div><\/div>\n<div class=\"col-md-12 col-sm-12 col-xs-12 pt-cv-content-item pt-cv-1-col\" ><div class='pt-cv-ifield'><h4 class=\"pt-cv-title\"><a href=\"https:\/\/www.tvnovelas.com.br\/tvnews\/coracao-de-mae-reha-entra-em-panico-com-a-prisao-de-adnan\/\" class=\"_self\" target=\"_self\" >Cora\u00e7\u00e3o de M\u00e3e: Reha entra em p\u00e2nico com a pris\u00e3o de Adnan<\/a><\/h4><\/div><\/div>\n<div class=\"col-md-12 col-sm-12 col-xs-12 pt-cv-content-item pt-cv-1-col\" ><div class='pt-cv-ifield'><h4 class=\"pt-cv-title\"><a href=\"https:\/\/www.tvnovelas.com.br\/tvnews\/guerra-das-rosas-mert-sequestra-gulru\/\" class=\"_self\" target=\"_self\" >Guerra das Rosas: Mert sequestra Gulru<\/a><\/h4><\/div><\/div>\n<div class=\"col-md-12 col-sm-12 col-xs-12 pt-cv-content-item pt-cv-1-col\" ><div class='pt-cv-ifield'><h4 class=\"pt-cv-title\"><a href=\"https:\/\/www.tvnovelas.com.br\/tvnews\/a-nobreza-do-amor-resistencia-sequestra-noivo-de-kenia-e-o-despacha-de-batanga\/\" class=\"_self\" target=\"_self\" >A Nobreza do Amor: Resist\u00eancia sequestra noivo de K\u00eania e o despacha de Batanga<\/a><\/h4><\/div><\/div>\n<div class=\"col-md-12 col-sm-12 col-xs-12 pt-cv-content-item pt-cv-1-col\" ><div class='pt-cv-ifield'><h4 class=\"pt-cv-title\"><a href=\"https:\/\/www.tvnovelas.com.br\/tvnews\/tres-gracas-joelly-e-gerluce-descobrem-que-filha-de-lena-e-a-bebe-roubada\/\" class=\"_self\" target=\"_self\" >Tr\u00eas Gra\u00e7as: Jo\u00e9lly e Gerluce descobrem que filha de Lena \u00e9 a beb\u00ea roubada<\/a><\/h4><\/div><\/div>\n<div class=\"col-md-12 col-sm-12 col-xs-12 pt-cv-content-item pt-cv-1-col\" ><div class='pt-cv-ifield'><h4 class=\"pt-cv-title\"><a href=\"https:\/\/www.tvnovelas.com.br\/tvnews\/em-coracao-de-mae-nos-proximos-capitulos-04-a-08-5\/\" class=\"_self\" target=\"_self\" >Em Cora\u00e7\u00e3o de M\u00e3e nos pr\u00f3ximos cap\u00edtulos (04 a 08\/5)<\/a><\/h4><\/div><\/div><\/div><\/div><\/div><br \/>\n<a href=\"https:\/\/www.tvnovelas.com.br\/novelas\/\"><strong>Confira os resumos da semana de todas novelas<\/strong><\/a><\/p>\n<h3>Confira tamb\u00e9m<\/h3>\n<p><a href=\"https:\/\/www.tvnovelas.com.br\/filmes\/\" target=\"_blank\" rel=\"noopener noreferrer\"><strong>Programa\u00e7\u00e3o de filmes na TV aberta<\/strong><\/a><br \/>\n<a href=\"https:\/\/caetenews.com.br\/semana\/filmes-da-globo-na-sessao-da-tarde-desta-semana\/\" target=\"_blank\" rel=\"noopener\"><strong>Confira os filmes da semana na Sess\u00e3o da Tarde<\/strong><\/a><br \/>\n<a href=\"https:\/\/www.tvnovelas.com.br\/novelas\/\" target=\"_blank\" rel=\"noopener noreferrer\"><strong>Resumos de novelas<\/strong><\/a><\/p>\n","protected":false},"excerpt":{"rendered":"<p>Mar do Sert\u00e3o: Jos\u00e9 e Fub\u00e1 Mimoso&#8230; No cap\u00edtulo desta ter\u00e7a, 28, Firmino avisa a Jos\u00e9 sobre Fub\u00e1 Mimoso. Candoca tenta convencer Jos\u00e9 a n\u00e3o ir atr\u00e1s&#8230;<\/p>\n","protected":false},"author":1,"featured_media":39173,"comment_status":"closed","ping_status":"closed","sticky":false,"template":"","format":"standard","meta":{"_uf_show_specific_survey":0,"_uf_disable_surveys":false,"_jetpack_memberships_contains_paid_content":false,"footnotes":"","_wp_rev_ctl_limit":""},"categories":[335],"tags":[5,336,64],"class_list":["post-39172","post","type-post","status-publish","format-standard","has-post-thumbnail","hentry","category-mar-do-sertao","tag-globo","tag-mar-do-sertao","tag-novelas","wpcat-335-id"],"aioseo_notices":[],"jetpack_featured_media_url":"https:\/\/i0.wp.com\/www.tvnovelas.com.br\/tvnews\/wp-content\/uploads\/2023\/02\/36818.jpg?fit=728%2C410&ssl=1","jetpack_shortlink":"https:\/\/wp.me\/pdP2BO-abO","jetpack_sharing_enabled":true,"_links":{"self":[{"href":"https:\/\/www.tvnovelas.com.br\/tvnews\/wp-json\/wp\/v2\/posts\/39172","targetHints":{"allow":["GET"]}}],"collection":[{"href":"https:\/\/www.tvnovelas.com.br\/tvnews\/wp-json\/wp\/v2\/posts"}],"about":[{"href":"https:\/\/www.tvnovelas.com.br\/tvnews\/wp-json\/wp\/v2\/types\/post"}],"author":[{"embeddable":true,"href":"https:\/\/www.tvnovelas.com.br\/tvnews\/wp-json\/wp\/v2\/users\/1"}],"replies":[{"embeddable":true,"href":"https:\/\/www.tvnovelas.com.br\/tvnews\/wp-json\/wp\/v2\/comments?post=39172"}],"version-history":[{"count":1,"href":"https:\/\/www.tvnovelas.com.br\/tvnews\/wp-json\/wp\/v2\/posts\/39172\/revisions"}],"predecessor-version":[{"id":39174,"href":"https:\/\/www.tvnovelas.com.br\/tvnews\/wp-json\/wp\/v2\/posts\/39172\/revisions\/39174"}],"wp:featuredmedia":[{"embeddable":true,"href":"https:\/\/www.tvnovelas.com.br\/tvnews\/wp-json\/wp\/v2\/media\/39173"}],"wp:attachment":[{"href":"https:\/\/www.tvnovelas.com.br\/tvnews\/wp-json\/wp\/v2\/media?parent=39172"}],"wp:term":[{"taxonomy":"category","embeddable":true,"href":"https:\/\/www.tvnovelas.com.br\/tvnews\/wp-json\/wp\/v2\/categories?post=39172"},{"taxonomy":"post_tag","embeddable":true,"href":"https:\/\/www.tvnovelas.com.br\/tvnews\/wp-json\/wp\/v2\/tags?post=39172"}],"curies":[{"name":"wp","href":"https:\/\/api.w.org\/{rel}","templated":true}]}}