{"id":40303,"date":"2023-03-18T10:01:49","date_gmt":"2023-03-18T13:01:49","guid":{"rendered":"https:\/\/www.tvnovelas.com.br\/tvnews\/?p=40303"},"modified":"2023-03-18T10:16:27","modified_gmt":"2023-03-18T13:16:27","slug":"40303-2","status":"publish","type":"post","link":"https:\/\/www.tvnovelas.com.br\/tvnews\/40303-2\/","title":{"rendered":"O que rola em Vai na F\u00e9 na semana 20 a 25 de mar\u00e7o"},"content":{"rendered":"<p><em>Resumos de Vai na F\u00e9 na semana 20 a 25 de mar\u00e7o<\/em><br \/>\n<img data-recalc-dims=\"1\" decoding=\"async\" class=\"alignnone wp-image-40317 size-full\" title=\"(Foto: Reprodu\u00e7\u00e3o\/Globo\/Vai na F\u00e9)\" src=\"https:\/\/i0.wp.com\/www.tvnovelas.com.br\/tvnews\/wp-content\/uploads\/2023\/03\/37075.jpg?resize=728%2C410&#038;ssl=1\" alt=\"Foto em Vai na F\u00e9 na semana 20 a 25 de mar\u00e7o...\" width=\"728\" height=\"410\" srcset=\"https:\/\/i0.wp.com\/www.tvnovelas.com.br\/tvnews\/wp-content\/uploads\/2023\/03\/37075.jpg?w=728&amp;ssl=1 728w, https:\/\/i0.wp.com\/www.tvnovelas.com.br\/tvnews\/wp-content\/uploads\/2023\/03\/37075.jpg?resize=678%2C381&amp;ssl=1 678w\" sizes=\"(max-width: 728px) 100vw, 728px\" \/><\/p>\n<blockquote><p>Jenifer pede para Kate se afastar de Theo; Lumiar vai ao encontro de Theo; Sol e Lui se encaram; Lui se declara para Sol; Sol e Lui se beijam; Theo \u00e9 agressivo com Clara; Jenifer questiona Lumiar sobre as tatuagens de Ben; Orfeu amea\u00e7a Kate<\/p><\/blockquote>\n<p><strong>Resumo de segunda-feira, 20 de mar\u00e7o<\/strong><br \/>\nJenifer pede para Kate se afastar de Theo. Lumiar e Theo discutem por causa de Sol. Kate implora que Jenifer n\u00e3o conte para Bruna sobre o seu namorado. Eduardo diz a Jenifer que ela pode acompanh\u00e1-lo \u00e0 Guatemala como mission\u00e1ria. Lumiar conta para Clara sobre o envolvimento que Theo e Ben tiveram com Sol no passado. O pai de Guiga \u00e9 preso novamente. Theo tenta expulsar Kate de seu apart, mas ela faz um esc\u00e2ndalo. Tat\u00e1 discute com Jenifer por causa de Eduardo. F\u00e1bio comenta com Sol sobre o fasc\u00ednio que Ben tem por ela. Marlene encontra a foto de Theo com Jenifer e entrega para Sol. Sol e Bruna descobrem que Theo \u00e9 o namorado misterioso de Kate, e a dan\u00e7arina implora que a amiga n\u00e3o revele seu segredo.<\/p>\n<p><strong>Resumo de ter\u00e7a-feira, 21 de mar\u00e7o<\/strong><br \/>\nBruna tenta convencer Kate a deixar o apart de Theo. Vitinho pede para Sol criar uma coreografia para uma m\u00fasica antiga de Lui para apresentarem em um programa de televis\u00e3o. Lui consegue ficar sozinho com Sol. Orfeu avisa a Theo que eles poder\u00e3o ter problemas com a Receita Federal. Sol e Lui testam a coreografia nova. Bela e Yuri questionam Jenifer sobre a possibilidade de ela abandonar o ICAES e ir para Guatemala com Eduardo. Wilma e Fabio v\u00e3o ao restaurante Charles Pierre. Bem vai com os alunos para o Bar do Simas. Uma forte chuva cai na cidade e Lui tenta convencer Sol a ficar na mans\u00e3o. Lumiar vai ao encontro de Theo. Orfeu aparece no apart e Kate fica apavorada. As luzes da mans\u00e3o se apagam, Sol e Lui se encaram.<br \/>\n<img data-recalc-dims=\"1\" decoding=\"async\" class=\"alignnone wp-image-40318 size-full\" title=\"(Foto: Reprodu\u00e7\u00e3o\/Globo\/Vai na F\u00e9)\" src=\"https:\/\/i0.wp.com\/www.tvnovelas.com.br\/tvnews\/wp-content\/uploads\/2023\/03\/37075a.jpg?resize=728%2C410&#038;ssl=1\" alt=\"Foto em Vai na F\u00e9 na semana 20 a 25 de mar\u00e7o\" width=\"728\" height=\"410\" srcset=\"https:\/\/i0.wp.com\/www.tvnovelas.com.br\/tvnews\/wp-content\/uploads\/2023\/03\/37075a.jpg?w=728&amp;ssl=1 728w, https:\/\/i0.wp.com\/www.tvnovelas.com.br\/tvnews\/wp-content\/uploads\/2023\/03\/37075a.jpg?resize=678%2C381&amp;ssl=1 678w\" sizes=\"(max-width: 728px) 100vw, 728px\" \/><\/p>\n<p><strong>Resumo de quarta-feira, 22 de mar\u00e7o<\/strong><br \/>\nVitinho pede socorro, e Sol e Lui v\u00e3o ao encontro do rapaz. Orfeu amea\u00e7a Kate. Sol avisa a Marlene que est\u00e1 em seguran\u00e7a. Bruna pede aux\u00edlio na igreja. Orfeu manda Kate embora do apart mesmo na chuva. F\u00e1bio e Wilma decidem fazer encena\u00e7\u00f5es teatrais para distrair as pessoas do restaurante, e \u00c9rica fica encantada. Bruna acolhe Kate. Lui se declara para Sol. Vitinho desmaia, aterrorizado pela sombra de um gato. Jenifer conta para Ben que n\u00e3o \u00e9 filha biol\u00f3gica de Carl\u00e3o. Bia fica com Fred no Bar do Simas. Sol n\u00e3o gosta quando Lui fala de sua tatuagem. Ben se senta ao lado de Jenifer, com sua tatuagem \u00e0 mostra.<\/p>\n<p><strong>Resumo de quinta-feira, 23 de mar\u00e7o<\/strong><br \/>\nVini comenta sobre a tatuagem de Ben e chama a aten\u00e7\u00e3o de Jenifer. Bia sofre um acidente no Bar do Simas e o grupo dispersa. No hospital, Bia n\u00e3o v\u00ea Simas dormindo e confessa a ele que ficou com Fred. Theo \u00e9 agressivo com Clara. Lumiar n\u00e3o conta para Ben que j\u00e1 sabia que Jenifer n\u00e3o \u00e9 filha biol\u00f3gica de Carl\u00e3o. Sabrina, m\u00e3e de Bia, chega ao hospital e n\u00e3o gosta de ver Simas com a filha. Wilma e F\u00e1bio falam mal de Lui, sem perceber que ele e Sol ouvem a conversa. Dora \u00e9 carinhosa com Guiga. Wilma e F\u00e1bio passam a noite juntos. Sol tenta animar Lui. Jenifer volta para casa e se surpreende ao encontrar Eduardo. Sol e Lui se beijam.<br \/>\n<img data-recalc-dims=\"1\" decoding=\"async\" class=\"alignnone wp-image-40319 size-full\" title=\"(Foto: Reprodu\u00e7\u00e3o\/Globo\/Vai na F\u00e9)\" src=\"https:\/\/i0.wp.com\/www.tvnovelas.com.br\/tvnews\/wp-content\/uploads\/2023\/03\/37075b.jpg?resize=728%2C410&#038;ssl=1\" alt=\"Foto em Vai na F\u00e9 na semana 20 a 25 de mar\u00e7o\" width=\"728\" height=\"410\" srcset=\"https:\/\/i0.wp.com\/www.tvnovelas.com.br\/tvnews\/wp-content\/uploads\/2023\/03\/37075b.jpg?w=728&amp;ssl=1 728w, https:\/\/i0.wp.com\/www.tvnovelas.com.br\/tvnews\/wp-content\/uploads\/2023\/03\/37075b.jpg?resize=678%2C381&amp;ssl=1 678w\" sizes=\"(max-width: 728px) 100vw, 728px\" \/><\/p>\n<p><strong>Resumo de sexta-feira, 24 de mar\u00e7o<\/strong><br \/>\nSol se sente confusa com o beijo em Lui. Wilma se enfurece quando F\u00e1bio afirma que n\u00e3o ir\u00e1 se separar de Dora. Sol conta para Bruna que ela e Lui se beijaram. Lui perdoa F\u00e1bio. Lui revela a Vitinho que beijou Sol. Kate conversa com Sol sobre a hist\u00f3ria que Bruna contou de Theo. Helena tenta fazer Clara entender que est\u00e1 em um relacionamento abusivo. Theo termina a sociedade com Orfeu. Jenifer questiona Lumiar sobre as tatuagens de Ben. Orfeu pede para conversar com Lumiar. Theo questiona Ben sobre sua rela\u00e7\u00e3o com o ex-s\u00f3cio. F\u00e1bio e Dora acolhem Guiga. Jenifer se decepciona por n\u00e3o encontrar Simas no bar. Orfeu chama Theo de s\u00f3cio na frente de Lumiar.<\/p>\n<p><strong>Resumo de s\u00e1bado, 25 de mar\u00e7o<\/strong><br \/>\nTheo desmente Orfeu e tenta n\u00e3o discutir com ele na frente de Lumiar. Jenifer convence Vini a marcar uma reuni\u00e3o extra do Aquilombados e avisa a Ben. Orfeu afirma a Theo que n\u00e3o acabar\u00e1 com a sociedade deles. Lui \u00e9 carinhoso com Sol, que tenta disfar\u00e7ar seus sentimentos. Theo imp\u00f5e regras para manter a sociedade com Orfeu. Sabrina e Simas s\u00e3o confundidos com um casal. Wilma flagra Sol e Lui quase se beijando. Ivy e Vitinho implicam com Sol por causa de Lui. Jenifer tenta ver as tatuagens de Ben. Lui se apresenta em um programa de televis\u00e3o. Jenifer se emociona ao ver o sol Maori tatuado no bra\u00e7o de Ben.<br \/>\n<a href=\"https:\/\/www.tvnovelas.com.br\/novelas\/resumos-de-vai-na-fe-2\/\">Confira os resumos da semana 27\/03 a 1\u00ba de abril de Vai na F\u00e9<\/a><br \/>\n<strong style=\"font-size: 120%;\">\u00daltimas not\u00edcias de Vai na F\u00e9:<\/strong><br \/>\n<div class=\"pt-cv-wrapper\"><div class=\"pt-cv-view pt-cv-grid pt-cv-colsys\" id=\"pt-cv-view-8080477fv3\"><div data-id=\"pt-cv-page-1\" class=\"pt-cv-page\" data-cvc=\"1\"><div class=\"col-md-12 col-sm-12 col-xs-12 pt-cv-content-item pt-cv-1-col\" ><div class='pt-cv-ifield'><h4 class=\"pt-cv-title\"><a href=\"https:\/\/www.tvnovelas.com.br\/tvnews\/vai-na-fe-sol-enfrenta-empresario-e-abre-show-de-lui\/\" class=\"_blank\" target=\"_blank\" >Vai na F\u00e9: Sol enfrenta empres\u00e1rio e abre show de Lui<\/a><\/h4><\/div><\/div>\n<div class=\"col-md-12 col-sm-12 col-xs-12 pt-cv-content-item pt-cv-1-col\" ><div class='pt-cv-ifield'><h4 class=\"pt-cv-title\"><a href=\"https:\/\/www.tvnovelas.com.br\/tvnews\/vai-na-fe-theo-muda-visual-e-mata-orfeu\/\" class=\"_blank\" target=\"_blank\" >Vai na F\u00e9: Theo muda visual e mata Orfeu<\/a><\/h4><\/div><\/div>\n<div class=\"col-md-12 col-sm-12 col-xs-12 pt-cv-content-item pt-cv-1-col\" ><div class='pt-cv-ifield'><h4 class=\"pt-cv-title\"><a href=\"https:\/\/www.tvnovelas.com.br\/tvnews\/vai-na-fe-sol-e-impedida-de-abrir-show-de-lui-lorenzo\/\" class=\"_blank\" target=\"_blank\" >Vai na F\u00e9: Sol \u00e9 impedida de abrir show de Lui Lorenzo<\/a><\/h4><\/div><\/div>\n<div class=\"col-md-12 col-sm-12 col-xs-12 pt-cv-content-item pt-cv-1-col\" ><div class='pt-cv-ifield'><h4 class=\"pt-cv-title\"><a href=\"https:\/\/www.tvnovelas.com.br\/tvnews\/vai-na-fe-ben-descobre-envolvimento-de-theo-na-morte-de-carlao\/\" class=\"_blank\" target=\"_blank\" >Vai na F\u00e9: Ben descobre envolvimento de Theo na morte de Carl\u00e3o<\/a><\/h4><\/div><\/div>\n<div class=\"col-md-12 col-sm-12 col-xs-12 pt-cv-content-item pt-cv-1-col\" ><div class='pt-cv-ifield'><h4 class=\"pt-cv-title\"><a href=\"https:\/\/www.tvnovelas.com.br\/tvnews\/vai-na-fe-orfeu-erra-o-tiro-e-theo-atropela-o-ex-socio\/\" class=\"_blank\" target=\"_blank\" >Vai na F\u00e9: Orfeu erra o tiro e Theo atropela o ex-s\u00f3cio<\/a><\/h4><\/div><\/div>\n<div class=\"col-md-12 col-sm-12 col-xs-12 pt-cv-content-item pt-cv-1-col\" ><div class='pt-cv-ifield'><h4 class=\"pt-cv-title\"><a href=\"https:\/\/www.tvnovelas.com.br\/tvnews\/vai-na-fe-orfeu-traido-por-theo-promete-vinganca\/\" class=\"_blank\" target=\"_blank\" >Vai na F\u00e9: Orfeu tra\u00eddo por Theo promete vingan\u00e7a<\/a><\/h4><\/div><\/div><\/div><\/div><\/div><br \/>\n<strong style=\"font-size: 120%;\">\u00daltimas not\u00edcias deste canal:<\/strong><br \/>\n<div class=\"pt-cv-wrapper\"><div class=\"pt-cv-view pt-cv-grid pt-cv-colsys\" id=\"pt-cv-view-90991035b3\"><div data-id=\"pt-cv-page-1\" class=\"pt-cv-page\" data-cvc=\"1\"><div class=\"col-md-12 col-sm-12 col-xs-12 pt-cv-content-item pt-cv-1-col\" ><div class='pt-cv-ifield'><h4 class=\"pt-cv-title\"><a href=\"https:\/\/www.tvnovelas.com.br\/tvnews\/em-coracao-de-mae-nos-proximos-capitulos-04-a-08-5\/\" class=\"_self\" target=\"_self\" >Em Cora\u00e7\u00e3o de M\u00e3e nos pr\u00f3ximos cap\u00edtulos (04 a 08\/5)<\/a><\/h4><\/div><\/div>\n<div class=\"col-md-12 col-sm-12 col-xs-12 pt-cv-content-item pt-cv-1-col\" ><div class='pt-cv-ifield'><h4 class=\"pt-cv-title\"><a href=\"https:\/\/www.tvnovelas.com.br\/tvnews\/coracao-de-mae-hasan-e-filiz-em-piquenique-romantico\/\" class=\"_self\" target=\"_self\" >Cora\u00e7\u00e3o de M\u00e3e: Hasan e Filiz em piquenique rom\u00e2ntico<\/a><\/h4><\/div><\/div>\n<div class=\"col-md-12 col-sm-12 col-xs-12 pt-cv-content-item pt-cv-1-col\" ><div class='pt-cv-ifield'><h4 class=\"pt-cv-title\"><a href=\"https:\/\/www.tvnovelas.com.br\/tvnews\/guerra-das-rosas-cihan-vibra-com-desistencia-de-gulru-de-casar-com-mert\/\" class=\"_self\" target=\"_self\" >Guerra das Rosas: Cihan vibra com desist\u00eancia de Gulru de casar com Mert<\/a><\/h4><\/div><\/div>\n<div class=\"col-md-12 col-sm-12 col-xs-12 pt-cv-content-item pt-cv-1-col\" ><div class='pt-cv-ifield'><h4 class=\"pt-cv-title\"><a href=\"https:\/\/www.tvnovelas.com.br\/tvnews\/coracao-de-mae-irmak-denuncia-adnan\/\" class=\"_self\" target=\"_self\" >Cora\u00e7\u00e3o de M\u00e3e: Irmak denuncia Adnan<\/a><\/h4><\/div><\/div>\n<div class=\"col-md-12 col-sm-12 col-xs-12 pt-cv-content-item pt-cv-1-col\" ><div class='pt-cv-ifield'><h4 class=\"pt-cv-title\"><a href=\"https:\/\/www.tvnovelas.com.br\/tvnews\/a-nobreza-do-amor-mirinho-e-obrigado-a-resgatar-tonho\/\" class=\"_self\" target=\"_self\" >A Nobreza do Amor: Mirinho \u00e9 obrigado a resgatar Tonho<\/a><\/h4><\/div><\/div>\n<div class=\"col-md-12 col-sm-12 col-xs-12 pt-cv-content-item pt-cv-1-col\" ><div class='pt-cv-ifield'><h4 class=\"pt-cv-title\"><a href=\"https:\/\/www.tvnovelas.com.br\/tvnews\/tres-gracas-paulinho-e-afastado-da-policia-por-causa-de-gerluce\/\" class=\"_self\" target=\"_self\" >Tr\u00eas Gra\u00e7as: Paulinho \u00e9 afastado da pol\u00edcia por causa de Gerluce<\/a><\/h4><\/div><\/div>\n<div class=\"col-md-12 col-sm-12 col-xs-12 pt-cv-content-item pt-cv-1-col\" ><div class='pt-cv-ifield'><h4 class=\"pt-cv-title\"><a href=\"https:\/\/www.tvnovelas.com.br\/tvnews\/coracao-de-mae-irmak-inicia-jogo-arriscado-contra-adnan\/\" class=\"_self\" target=\"_self\" >Cora\u00e7\u00e3o de M\u00e3e: Irmak inicia jogo arriscado contra Adnan<\/a><\/h4><\/div><\/div>\n<div class=\"col-md-12 col-sm-12 col-xs-12 pt-cv-content-item pt-cv-1-col\" ><div class='pt-cv-ifield'><h4 class=\"pt-cv-title\"><a href=\"https:\/\/www.tvnovelas.com.br\/tvnews\/guerra-das-rosas-omer-chama-gulru-vestida-de-noiva-para-fugir\/\" class=\"_self\" target=\"_self\" >Guerra das Rosas: Omer chama Gulru vestida de noiva para fugir<\/a><\/h4><\/div><\/div>\n<div class=\"col-md-12 col-sm-12 col-xs-12 pt-cv-content-item pt-cv-1-col\" ><div class='pt-cv-ifield'><h4 class=\"pt-cv-title\"><a href=\"https:\/\/www.tvnovelas.com.br\/tvnews\/coracao-de-mae-reha-sai-para-jantar-com-selvi\/\" class=\"_self\" target=\"_self\" >Cora\u00e7\u00e3o de M\u00e3e: Reha sai para jantar com Selvi<\/a><\/h4><\/div><\/div>\n<div class=\"col-md-12 col-sm-12 col-xs-12 pt-cv-content-item pt-cv-1-col\" ><div class='pt-cv-ifield'><h4 class=\"pt-cv-title\"><a href=\"https:\/\/www.tvnovelas.com.br\/tvnews\/coracao-acelerado-zila-se-preocupa-com-sua-situacao-apos-separacao\/\" class=\"_self\" target=\"_self\" >Cora\u00e7\u00e3o Acelerado: Zil\u00e1 se preocupa com sua situa\u00e7\u00e3o ap\u00f3s separa\u00e7\u00e3o<\/a><\/h4><\/div><\/div><\/div><\/div><\/div><br \/>\n<a href=\"https:\/\/www.tvnovelas.com.br\/novelas\/\"><strong>Confira os resumos da semana de todas novelas<\/strong><\/a><br \/>\n<a href=\"http:\/\/tvnovelas.com.br\/filmes\" target=\"_blank\" rel=\"noopener\">Veja tamb\u00e9m: Todas as telas: filmes e s\u00e9ries nos streamings<\/a><\/p>\n<h3>Confira tamb\u00e9m<\/h3>\n<p><a href=\"https:\/\/www.tvnovelas.com.br\/filmes\/\" target=\"_blank\" rel=\"noopener noreferrer\"><strong>Programa\u00e7\u00e3o de filmes na TV aberta<\/strong><\/a><br \/>\n<a href=\"https:\/\/caetenews.com.br\/semana\/filmes-da-globo-na-sessao-da-tarde-desta-semana\/\" target=\"_blank\" rel=\"noopener\"><strong>Confira os filmes da semana na Sess\u00e3o da Tarde<\/strong><\/a><br \/>\n<a href=\"https:\/\/www.tvnovelas.com.br\/novelas\/\" target=\"_blank\" rel=\"noopener noreferrer\"><strong>Resumos de novelas<\/strong><\/a><\/p>\n","protected":false},"excerpt":{"rendered":"<p>Em Vai na F\u00e9 na semana 20 a 25 de mar\u00e7o, Jenifer pede para Kate se afastar de Theo; Lumiar vai ao encontro de Theo; Sol e Lui se encaram; Lui se declara para Sol; Sol e Lui se beijam; Theo \u00e9 agressivo com Clara; Jenifer questiona Lumiar sobre as tatuagens de Ben; Orfeu amea\u00e7a Kate<\/p>\n","protected":false},"author":1,"featured_media":40317,"comment_status":"closed","ping_status":"closed","sticky":false,"template":"","format":"standard","meta":{"_uf_show_specific_survey":0,"_uf_disable_surveys":false,"_jetpack_memberships_contains_paid_content":false,"footnotes":"","_wp_rev_ctl_limit":""},"categories":[358],"tags":[5,64,359],"class_list":["post-40303","post","type-post","status-publish","format-standard","has-post-thumbnail","hentry","category-vai-na-fe","tag-globo","tag-novelas","tag-vai-na-fe","wpcat-358-id"],"aioseo_notices":[],"jetpack_featured_media_url":"https:\/\/i0.wp.com\/www.tvnovelas.com.br\/tvnews\/wp-content\/uploads\/2023\/03\/37075.jpg?fit=728%2C410&ssl=1","jetpack_shortlink":"https:\/\/wp.me\/pdP2BO-au3","jetpack_sharing_enabled":true,"_links":{"self":[{"href":"https:\/\/www.tvnovelas.com.br\/tvnews\/wp-json\/wp\/v2\/posts\/40303","targetHints":{"allow":["GET"]}}],"collection":[{"href":"https:\/\/www.tvnovelas.com.br\/tvnews\/wp-json\/wp\/v2\/posts"}],"about":[{"href":"https:\/\/www.tvnovelas.com.br\/tvnews\/wp-json\/wp\/v2\/types\/post"}],"author":[{"embeddable":true,"href":"https:\/\/www.tvnovelas.com.br\/tvnews\/wp-json\/wp\/v2\/users\/1"}],"replies":[{"embeddable":true,"href":"https:\/\/www.tvnovelas.com.br\/tvnews\/wp-json\/wp\/v2\/comments?post=40303"}],"version-history":[{"count":5,"href":"https:\/\/www.tvnovelas.com.br\/tvnews\/wp-json\/wp\/v2\/posts\/40303\/revisions"}],"predecessor-version":[{"id":40322,"href":"https:\/\/www.tvnovelas.com.br\/tvnews\/wp-json\/wp\/v2\/posts\/40303\/revisions\/40322"}],"wp:featuredmedia":[{"embeddable":true,"href":"https:\/\/www.tvnovelas.com.br\/tvnews\/wp-json\/wp\/v2\/media\/40317"}],"wp:attachment":[{"href":"https:\/\/www.tvnovelas.com.br\/tvnews\/wp-json\/wp\/v2\/media?parent=40303"}],"wp:term":[{"taxonomy":"category","embeddable":true,"href":"https:\/\/www.tvnovelas.com.br\/tvnews\/wp-json\/wp\/v2\/categories?post=40303"},{"taxonomy":"post_tag","embeddable":true,"href":"https:\/\/www.tvnovelas.com.br\/tvnews\/wp-json\/wp\/v2\/tags?post=40303"}],"curies":[{"name":"wp","href":"https:\/\/api.w.org\/{rel}","templated":true}]}}