{"id":40341,"date":"2023-03-18T14:01:35","date_gmt":"2023-03-18T17:01:35","guid":{"rendered":"https:\/\/www.tvnovelas.com.br\/tvnews\/?p=40341"},"modified":"2023-03-18T14:07:16","modified_gmt":"2023-03-18T17:07:16","slug":"o-que-chega-em-tres-vezes-ana-na-semana-20-a-24-de-marco","status":"publish","type":"post","link":"https:\/\/www.tvnovelas.com.br\/tvnews\/o-que-chega-em-tres-vezes-ana-na-semana-20-a-24-de-marco\/","title":{"rendered":"O que chega em Tr\u00eas Vezes Ana na semana 20 a 24 de mar\u00e7o"},"content":{"rendered":"<p><em>Resumos de Tr\u00eas Vezes Ana na semana 20 a 24 de mar\u00e7o<\/em><br \/>\n<img data-recalc-dims=\"1\" decoding=\"async\" src=\"https:\/\/i0.wp.com\/www.tvnovelas.com.br\/tvnews\/wp-content\/uploads\/2023\/03\/37079.jpg?resize=728%2C410&#038;ssl=1\" alt=\"Foto em Tr\u00eas Vezes Ana na semana 20 a 24 de mar\u00e7o\" width=\"728\" height=\"410\" class=\"alignnone size-full wp-image-40344\" srcset=\"https:\/\/i0.wp.com\/www.tvnovelas.com.br\/tvnews\/wp-content\/uploads\/2023\/03\/37079.jpg?w=728&amp;ssl=1 728w, https:\/\/i0.wp.com\/www.tvnovelas.com.br\/tvnews\/wp-content\/uploads\/2023\/03\/37079.jpg?resize=678%2C381&amp;ssl=1 678w\" sizes=\"(max-width: 728px) 100vw, 728px\" \/><\/p>\n<blockquote><p>Ramiro acusa Marcelo de estar fingindo amn\u00e9sia; Isaac e Ana Let\u00edcia se beijam; Ana Let\u00edcia diz a Daniel que Marcelo n\u00e3o morreu, voltou e quer se vingar; Marcelo diz que ama Ana Let\u00edcia e Ana L\u00facia, mas precisa desistir das duas;  Ana Let\u00edcia confessa a Isaac que amou Marcelo&#8230;<\/p><\/blockquote>\n<p><strong>Resumo de segunda-feira, 20 de mar\u00e7o<\/strong><br \/>\nValentin oferece \u00e1gua a Leonor mas se d\u00e1 conta que sumiram todas as garrafas e a colagem que Ramiro havia comentado. Leonor fica desconcertada. Soledade vai at\u00e9 a boutique de Veridiana e d\u00e1 os p\u00easames \u00e0 Mariano. Ana L\u00facia est\u00e1 nervosa com a estreia do espet\u00e1culo por que Soledade n\u00e3o sabe de nada. Ana Let\u00edcia quer assumir o papel da senhora da casa de Mariano. A fam\u00edlia e os funcion\u00e1rios da imobili\u00e1ria comparecem \u00e0 missa em homenagem a Jennifer. Ramiro aparece mas cumprimenta Ana Let\u00edcia. Mariano adverte Valentin para que se afaste de sua sobrinha. Leonor comenta que n\u00e3o viu nada suspeito na casa de Valentin, mas Ramiro est\u00e1 decidido a encontrar algo que o incrimine. Orlando e Evaristo aceitam o dinheiro de Ramiro e entregam a ele o envelope onde supostamente est\u00e1 a foto de Ana L\u00facia. Veridiana decide contratar Soledade. Ana Let\u00edcia tem pesadelos do acidente de sua fam\u00edlia, o assassinato de Marcelo. Mariano a consola. Santiago procurar Isaac. Ramiro o v\u00ea no elevador, o reconhece com Marcelo e fica surpreso.<\/p>\n<p><strong>Resumo de ter\u00e7a-feira, 21 de mar\u00e7o<\/strong><br \/>\nRamiro se emociona ao ver Marcelo e tenta abra\u00e7a-lo, mas Marcelo n\u00e3o permite. Isaac pergunta se eles se conhecem. Ramiro responde que sim mas Marcelo afirma que seu nome \u00e9 Santiago. Ramiro insiste que o conhece por outro nome. Santiago diz que acaba de descobrir que seu verdadeiro nome \u00e9 Marcelo Salvaterra. Mariano diz a Ana Let\u00edcia que chegou o momento de voltar a viver com sua av\u00f3, mas ela insiste que quer vier com ele. Isaac diz a Marcelo que ele esteve casado com Ana Let\u00edcia e era milion\u00e1rio. Ramiro afirma que eles continuam sendo marido e mulher. Rem\u00e9dios diz a Soledade que ela n\u00e3o tem direito de impedir que Ana L\u00facia realize seus sonhos. Soledade diz que n\u00e3o quer que ela seja famosa por que sua fam\u00edlia poderia reconhece-la. Rem\u00e9dios critica a atitude de Soledade e diz que ela \u00e9 injusta e ego\u00edsta. Marcelo e Ramiro falam sobre suas vidas mas desconfiando um do outro por causa das mentiras que Evaristo contou colocando um contra o outro. Ramiro diz a Marcelo que sua amizade significava muito para ele. Marcelo responde que n\u00e3o se lembra de nada mas sente que ele n\u00e3o est\u00e1 sendo sincero.. Ramiro o acusa de estar fingindo amn\u00e9sia.<br \/>\n<img data-recalc-dims=\"1\" decoding=\"async\" src=\"https:\/\/i0.wp.com\/www.tvnovelas.com.br\/tvnews\/wp-content\/uploads\/2023\/03\/37079a.jpg?resize=728%2C410&#038;ssl=1\" alt=\"Foto em Tr\u00eas Vezes Ana na semana 20 a 24 de mar\u00e7o...\" width=\"728\" height=\"410\" class=\"alignnone size-full wp-image-40345\" srcset=\"https:\/\/i0.wp.com\/www.tvnovelas.com.br\/tvnews\/wp-content\/uploads\/2023\/03\/37079a.jpg?w=728&amp;ssl=1 728w, https:\/\/i0.wp.com\/www.tvnovelas.com.br\/tvnews\/wp-content\/uploads\/2023\/03\/37079a.jpg?resize=678%2C381&amp;ssl=1 678w\" sizes=\"(max-width: 728px) 100vw, 728px\" \/><\/p>\n<p><strong>Resumo de quarta-feira, 22 de mar\u00e7o<\/strong><br \/>\nMariano prop\u00f5e a Ana Laura que v\u00e1 estudar em Veneza. Ela responde que n\u00e3o pensa e sair do pa\u00eds e admite que sua decis\u00e3o tem a ver com Valentin. Marcelo diz a Ramiro que encontrou Jennifer agonizando na entrada do edif\u00edcio em constru\u00e7\u00e3o e, quando a tomou em seus bra\u00e7os ela disse seu nome e foi assim que soube que se chama Marcelo. Soledade se surpreende ao ver Orlando e ele afirma que Ana L\u00facia n\u00e3o \u00e9 sua filha. Ramiro diz a Marcelo que n\u00e3o entende por que o acusa deter algo a ver com a morte de Jennifer e tamb\u00e9m n\u00e3o tem assassinos de aluguel. Ele acusa Marcelo de ter fingido a pr\u00f3pria morte e que esteve por tr\u00e1s de tudo que aconteceu com Gina. Marcelo afirma que lhe disseram que esteve procurando Ana L\u00facia mas n\u00e3o vai permitir que lhe fa\u00e7a mal. Marcelo diz que Ana L\u00facia est\u00e1 apaixonada por Santiago e ele por ela, mas Marcelo continua amando Ana Let\u00edcia. Orlando pede a Ana L\u00facia que volte a conviver com seus amigos Isaac e Ana Let\u00edcia se beijam.<\/p>\n<p><strong>Resumo de quinta-feira, 23 de mar\u00e7o<\/strong><br \/>\nDepois de se beijarem, Ana Let\u00edcia diz a Isaac que ela \u00e9 um trof\u00e9u cobi\u00e7ado que ele gostaria de ter por\u00e9m vai ter que se conformar com um beijo, pois agora cada um deve seguir sua vida. Isaac diz que sempre consegue o que quer e um dia ela se apaixonar\u00e1 por ele. Quando Orlando fica sabendo que Santiago foi procurar sua esposa, ele sente que essa \u00e9 a oportunidade para tentar conquistar Ana L\u00facia. Valentin se revolta ao descobrir que Mariano quer que Ana Laura para estudar em Veneza. Isaac se surpreende ao ver Ana L\u00facia. Ramiro pede a Marcelo que lhe d\u00ea o endere\u00e7o de Ana L\u00facia. Ana Let\u00edcia diz a Daniel que Marcelo n\u00e3o morreu, que ele voltou e quer se vingar. Marcelo diz a Isaac que ama Ana Let\u00edcia e tamb\u00e9m ama Ana L\u00facia, mas precisa desistir das duas. Isaac o aconselha a esquecer Marcelo Salvaterra e viva seu amor com Ana L\u00facia.<br \/>\n<img data-recalc-dims=\"1\" decoding=\"async\" src=\"https:\/\/i0.wp.com\/www.tvnovelas.com.br\/tvnews\/wp-content\/uploads\/2023\/03\/37079b.jpg?resize=728%2C411&#038;ssl=1\" alt=\"Foto em Tr\u00eas Vezes Ana na semana 20 a 24 de mar\u00e7o\" width=\"728\" height=\"411\" class=\"alignnone size-full wp-image-40346\" \/><\/p>\n<p><strong>Resumo de sexta-feira, 24 de mar\u00e7o<\/strong><br \/>\nTodos est\u00e3o prontos para irem \u00e0 apresenta\u00e7\u00e3o de Ana L\u00facia. Alguns quase disfar\u00e7ados, como Marcelo. Toda a fam\u00edlia de Ana L\u00facia, mas Ana Let\u00edcia d\u00e1 uma desculpa e sai para jantar com Isaac. Ramiro intercepta Ana Laura, diz que a ama e que ela est\u00e1 com um homem que pode lhe fazer muito mal, se referindo a Valentin. Isaac e Ana Let\u00edcia se beijam. Ele pergunta se ela amou Marcelo. Ela responde que sim. Marcelo encontra Orlando que o agride e cr\u00edtica que esteja casado.<br \/>\n<strong style=\"font-size: 120%;\">\u00daltimas not\u00edcias deste canal:<\/strong><br \/>\n<div class=\"pt-cv-wrapper\"><div class=\"pt-cv-view pt-cv-grid pt-cv-colsys\" id=\"pt-cv-view-90991035b3\"><div data-id=\"pt-cv-page-1\" class=\"pt-cv-page\" data-cvc=\"1\"><div class=\"col-md-12 col-sm-12 col-xs-12 pt-cv-content-item pt-cv-1-col\" ><div class='pt-cv-ifield'><h4 class=\"pt-cv-title\"><a href=\"https:\/\/www.tvnovelas.com.br\/tvnews\/em-coracao-de-mae-nos-proximos-capitulos-04-a-08-5\/\" class=\"_self\" target=\"_self\" >Em Cora\u00e7\u00e3o de M\u00e3e nos pr\u00f3ximos cap\u00edtulos (04 a 08\/5)<\/a><\/h4><\/div><\/div>\n<div class=\"col-md-12 col-sm-12 col-xs-12 pt-cv-content-item pt-cv-1-col\" ><div class='pt-cv-ifield'><h4 class=\"pt-cv-title\"><a href=\"https:\/\/www.tvnovelas.com.br\/tvnews\/coracao-de-mae-hasan-e-filiz-em-piquenique-romantico\/\" class=\"_self\" target=\"_self\" >Cora\u00e7\u00e3o de M\u00e3e: Hasan e Filiz em piquenique rom\u00e2ntico<\/a><\/h4><\/div><\/div>\n<div class=\"col-md-12 col-sm-12 col-xs-12 pt-cv-content-item pt-cv-1-col\" ><div class='pt-cv-ifield'><h4 class=\"pt-cv-title\"><a href=\"https:\/\/www.tvnovelas.com.br\/tvnews\/guerra-das-rosas-cihan-vibra-com-desistencia-de-gulru-de-casar-com-mert\/\" class=\"_self\" target=\"_self\" >Guerra das Rosas: Cihan vibra com desist\u00eancia de Gulru de casar com Mert<\/a><\/h4><\/div><\/div>\n<div class=\"col-md-12 col-sm-12 col-xs-12 pt-cv-content-item pt-cv-1-col\" ><div class='pt-cv-ifield'><h4 class=\"pt-cv-title\"><a href=\"https:\/\/www.tvnovelas.com.br\/tvnews\/coracao-de-mae-irmak-denuncia-adnan\/\" class=\"_self\" target=\"_self\" >Cora\u00e7\u00e3o de M\u00e3e: Irmak denuncia Adnan<\/a><\/h4><\/div><\/div>\n<div class=\"col-md-12 col-sm-12 col-xs-12 pt-cv-content-item pt-cv-1-col\" ><div class='pt-cv-ifield'><h4 class=\"pt-cv-title\"><a href=\"https:\/\/www.tvnovelas.com.br\/tvnews\/a-nobreza-do-amor-mirinho-e-obrigado-a-resgatar-tonho\/\" class=\"_self\" target=\"_self\" >A Nobreza do Amor: Mirinho \u00e9 obrigado a resgatar Tonho<\/a><\/h4><\/div><\/div>\n<div class=\"col-md-12 col-sm-12 col-xs-12 pt-cv-content-item pt-cv-1-col\" ><div class='pt-cv-ifield'><h4 class=\"pt-cv-title\"><a href=\"https:\/\/www.tvnovelas.com.br\/tvnews\/tres-gracas-paulinho-e-afastado-da-policia-por-causa-de-gerluce\/\" class=\"_self\" target=\"_self\" >Tr\u00eas Gra\u00e7as: Paulinho \u00e9 afastado da pol\u00edcia por causa de Gerluce<\/a><\/h4><\/div><\/div>\n<div class=\"col-md-12 col-sm-12 col-xs-12 pt-cv-content-item pt-cv-1-col\" ><div class='pt-cv-ifield'><h4 class=\"pt-cv-title\"><a href=\"https:\/\/www.tvnovelas.com.br\/tvnews\/coracao-de-mae-irmak-inicia-jogo-arriscado-contra-adnan\/\" class=\"_self\" target=\"_self\" >Cora\u00e7\u00e3o de M\u00e3e: Irmak inicia jogo arriscado contra Adnan<\/a><\/h4><\/div><\/div>\n<div class=\"col-md-12 col-sm-12 col-xs-12 pt-cv-content-item pt-cv-1-col\" ><div class='pt-cv-ifield'><h4 class=\"pt-cv-title\"><a href=\"https:\/\/www.tvnovelas.com.br\/tvnews\/guerra-das-rosas-omer-chama-gulru-vestida-de-noiva-para-fugir\/\" class=\"_self\" target=\"_self\" >Guerra das Rosas: Omer chama Gulru vestida de noiva para fugir<\/a><\/h4><\/div><\/div>\n<div class=\"col-md-12 col-sm-12 col-xs-12 pt-cv-content-item pt-cv-1-col\" ><div class='pt-cv-ifield'><h4 class=\"pt-cv-title\"><a href=\"https:\/\/www.tvnovelas.com.br\/tvnews\/coracao-de-mae-reha-sai-para-jantar-com-selvi\/\" class=\"_self\" target=\"_self\" >Cora\u00e7\u00e3o de M\u00e3e: Reha sai para jantar com Selvi<\/a><\/h4><\/div><\/div>\n<div class=\"col-md-12 col-sm-12 col-xs-12 pt-cv-content-item pt-cv-1-col\" ><div class='pt-cv-ifield'><h4 class=\"pt-cv-title\"><a href=\"https:\/\/www.tvnovelas.com.br\/tvnews\/coracao-acelerado-zila-se-preocupa-com-sua-situacao-apos-separacao\/\" class=\"_self\" target=\"_self\" >Cora\u00e7\u00e3o Acelerado: Zil\u00e1 se preocupa com sua situa\u00e7\u00e3o ap\u00f3s separa\u00e7\u00e3o<\/a><\/h4><\/div><\/div><\/div><\/div><\/div><br \/>\n<a href=\"https:\/\/www.tvnovelas.com.br\/novelas\/\"><strong>&#9733; Confira os resumos da semana de todas novelas<\/strong><\/a><br \/>\n<a href=\"http:\/\/tvnovelas.com.br\/filmes\" target=\"_blank\" rel=\"noopener\">Veja tamb\u00e9m: Todas as telas: filmes e s\u00e9ries nos streamings<\/a><\/p>\n<h3>Confira tamb\u00e9m<\/h3>\n<p><a href=\"https:\/\/www.tvnovelas.com.br\/filmes\/\" target=\"_blank\" rel=\"noopener noreferrer\"><strong>Programa\u00e7\u00e3o de filmes na TV aberta<\/strong><\/a><br \/>\n<a href=\"https:\/\/tvnovelas.com.br\/filmes\/filmes-e-series-ineditos-em-estreia-na-semana-na-netflix\/\" target=\"_blank\" rel=\"noopener noreferrer\"><strong>Estreias da semana na Netflix<\/strong><\/a><br \/>\n<a href=\"https:\/\/caetenews.com.br\/semana\/filmes-da-globo-na-sessao-da-tarde-desta-semana\/\" target=\"_blank\" rel=\"noopener\"><strong>Confira os filmes da semana na Sess\u00e3o da Tarde<\/strong><\/a><br \/>\n<a href=\"\/\/tvnovelas.com.br\/filmes\/filmes-em-estreia-nos-cinemas\/\" target=\"_blank\" rel=\"noopener noreferrer\"><strong>Estreias e novidades no Cinema<\/strong><\/a><br \/>\n<a href=\"https:\/\/www.tvnovelas.com.br\/novelas\/\" target=\"_blank\" rel=\"noopener noreferrer\"><strong>Resumos de novelas<\/strong><\/a><\/p>\n","protected":false},"excerpt":{"rendered":"<p>Em Tr\u00eas Vezes Ana na semana 20 a 24 de mar\u00e7o, Ramiro acusa Marcelo de estar fingindo amn\u00e9sia; Isaac e Ana Let\u00edcia se beijam; Ana Let\u00edcia diz a Daniel que Marcelo n\u00e3o morreu, voltou e quer se vingar; Marcelo diz que ama Ana Let\u00edcia e Ana L\u00facia, mas precisa desistir das duas;  Ana Let\u00edcia confessa a Isaac que amou Marcelo&#8230;<\/p>\n","protected":false},"author":1,"featured_media":40344,"comment_status":"closed","ping_status":"closed","sticky":false,"template":"","format":"standard","meta":{"_uf_show_specific_survey":0,"_uf_disable_surveys":false,"_jetpack_memberships_contains_paid_content":false,"footnotes":"","_wp_rev_ctl_limit":""},"categories":[232],"tags":[64,13,372],"class_list":["post-40341","post","type-post","status-publish","format-standard","has-post-thumbnail","hentry","category-sbt","tag-novelas","tag-sbt","tag-tres-vezes-ana","wpcat-232-id"],"aioseo_notices":[],"jetpack_featured_media_url":"https:\/\/i0.wp.com\/www.tvnovelas.com.br\/tvnews\/wp-content\/uploads\/2023\/03\/37079.jpg?fit=728%2C410&ssl=1","jetpack_shortlink":"https:\/\/wp.me\/pdP2BO-auF","jetpack_sharing_enabled":true,"_links":{"self":[{"href":"https:\/\/www.tvnovelas.com.br\/tvnews\/wp-json\/wp\/v2\/posts\/40341","targetHints":{"allow":["GET"]}}],"collection":[{"href":"https:\/\/www.tvnovelas.com.br\/tvnews\/wp-json\/wp\/v2\/posts"}],"about":[{"href":"https:\/\/www.tvnovelas.com.br\/tvnews\/wp-json\/wp\/v2\/types\/post"}],"author":[{"embeddable":true,"href":"https:\/\/www.tvnovelas.com.br\/tvnews\/wp-json\/wp\/v2\/users\/1"}],"replies":[{"embeddable":true,"href":"https:\/\/www.tvnovelas.com.br\/tvnews\/wp-json\/wp\/v2\/comments?post=40341"}],"version-history":[{"count":4,"href":"https:\/\/www.tvnovelas.com.br\/tvnews\/wp-json\/wp\/v2\/posts\/40341\/revisions"}],"predecessor-version":[{"id":40343,"href":"https:\/\/www.tvnovelas.com.br\/tvnews\/wp-json\/wp\/v2\/posts\/40341\/revisions\/40343"}],"wp:featuredmedia":[{"embeddable":true,"href":"https:\/\/www.tvnovelas.com.br\/tvnews\/wp-json\/wp\/v2\/media\/40344"}],"wp:attachment":[{"href":"https:\/\/www.tvnovelas.com.br\/tvnews\/wp-json\/wp\/v2\/media?parent=40341"}],"wp:term":[{"taxonomy":"category","embeddable":true,"href":"https:\/\/www.tvnovelas.com.br\/tvnews\/wp-json\/wp\/v2\/categories?post=40341"},{"taxonomy":"post_tag","embeddable":true,"href":"https:\/\/www.tvnovelas.com.br\/tvnews\/wp-json\/wp\/v2\/tags?post=40341"}],"curies":[{"name":"wp","href":"https:\/\/api.w.org\/{rel}","templated":true}]}}