{"id":40537,"date":"2023-03-22T08:44:22","date_gmt":"2023-03-22T11:44:22","guid":{"rendered":"https:\/\/www.tvnovelas.com.br\/tvnews\/?p=40537"},"modified":"2023-03-22T08:44:22","modified_gmt":"2023-03-22T11:44:22","slug":"amor-perfeito-mare-descobre-gravidez-na-cadeia","status":"publish","type":"post","link":"https:\/\/www.tvnovelas.com.br\/tvnews\/amor-perfeito-mare-descobre-gravidez-na-cadeia\/","title":{"rendered":"Amor Perfeito: Mar\u00ea descobre gravidez na cadeia"},"content":{"rendered":"<p><em>Em Amor Perfeito: Mar\u00ea descobre<\/em><br \/>\n<img data-recalc-dims=\"1\" decoding=\"async\" class=\"alignnone wp-image-40538 size-full\" title=\"(Foto: TV Globo\/Amor Perfeito)\" src=\"https:\/\/i0.wp.com\/www.tvnovelas.com.br\/tvnews\/wp-content\/uploads\/2023\/03\/37121.jpg?resize=728%2C410&#038;ssl=1\" alt=\"Foto em Amor Perfeito: Mar\u00ea descobre...\" width=\"728\" height=\"410\" srcset=\"https:\/\/i0.wp.com\/www.tvnovelas.com.br\/tvnews\/wp-content\/uploads\/2023\/03\/37121.jpg?w=728&amp;ssl=1 728w, https:\/\/i0.wp.com\/www.tvnovelas.com.br\/tvnews\/wp-content\/uploads\/2023\/03\/37121.jpg?resize=678%2C381&amp;ssl=1 678w\" sizes=\"(max-width: 728px) 100vw, 728px\" \/><\/p>\n<p>Em Amor Perfeito, Mar\u00ea (Camila Queiroz) \u00e9 julgada e condenada injustamente a 20 anos de pris\u00e3o pelo assassinato do pai, Leonel (Paulo Gorgulho), morto pelas m\u00e3os de Gilda (Mariana Ximenes). A vil\u00e3 moveu mundos e fundos para tirar a enteada da jogada e ficar com toda a fortuna do empres\u00e1rio.<\/p>\n<p>Como se n\u00e3o bastasse, a hero\u00edna da novela das 6 descobre que est\u00e1 esperando um filho de Orlando (Diogo Almeida). O m\u00e9dico parte para o Canad\u00e1 ap\u00f3s uma decep\u00e7\u00e3o amorosa com a amada e fica sem saber que ela est\u00e1 esperando um beb\u00ea.<\/p>\n<p>A \u00fanica pessoa que passa a visitar Mar\u00ea na penitenci\u00e1ria \u00e9 Ol\u00edmpia (Analu Prestes). Sem contar com a ajuda de mais ningu\u00e9m, a jovem implora para a governanta criar o seu filho assim que ele nascer.<\/p>\n<p>&#8220;Eu preciso proteger o meu filho, Ol\u00edmpia. N\u00e3o quero que ningu\u00e9m saiba dessa gravidez. Esse vai ser um segredo entre n\u00f3s. Fique com o meu filho e crie como seu fosse seu neto.&#8221;<\/p>\n<p>Mar\u00ea, j\u00e1 sabendo que Gilda n\u00e3o presta, ressalta a Ol\u00edmpia que nunca fale da crian\u00e7a \u00e0 madrasta:<\/p>\n<p>&#8220;S\u00f3 quero que ele fique bem longe de Gilda. Ela armou essa cilada contra mim, Ol\u00edmpia. Fez isso pra ficar com a fortuna, o hotel, tudo o que era do meu pai \u2014 e meu tamb\u00e9m, por direito! Agora tenho certeza! E morro de medo do que essa mulher possa fazer contra um herdeiro de Leonel Rubi\u00e3o.&#8221;<\/p>\n<p>Ol\u00edmpia acata o pedido de Mar\u00ea e promete ajud\u00e1-la.<\/p>\n<p><strong>Ol\u00edmpia morre na frente de Gilda<\/strong><\/p>\n<p>De volta ao Grande Hotel, Ol\u00edmpia descobre por Catarina (Cristiane Amorim) que Ronaldo (Breno Filippo), o jardineiro, saiu da cidade sem avisar a ningu\u00e9m. A governanta, ent\u00e3o, confronta Gilda e acaba passando mal. Em mais um ataque de vilania, a madame deixa a senhora sem atendimento m\u00e9dico.<\/p>\n<p>&#8220;Cala essa boca! Eu n\u00e3o posso permitir que voc\u00eas duas fiquem conspirando contra mim&#8221;, esbraveja a ruiva.<br \/>\nOl\u00edmpia pede ajuda, mas Gilda ignora e a deixa sozinha, provocando a morte da governanta.<\/p>\n<p>&#8220;Te ajudar, claro! Pra voc\u00ea me acusar de ter matado o meu marido!?&#8221;, ironiza.<\/p>\n<p>Na penitenci\u00e1ria, Mar\u00ea sente pontadas na barriga. Por\u00e9m, como quer manter a gravidez em sigilo, n\u00e3o pede ajuda m\u00e9dica. O quadro piora, ela tem sangramento e \u00e9 levada ao hospital. O m\u00e9dico pergunta por que ela escondeu a gravidez e a jovem afirma que tem medo do que a madrasta possa fazer com o filho dela.<\/p>\n<p>&#8220;Eu lhe imploro: n\u00e3o diga nada ao diretor, doutor! Pelo amor de Deus! Meu beb\u00ea n\u00e3o pode ser entregue a minha madrasta, uma criminosa!&#8221;<br \/>\n<!--FIM DO POST--><br \/>\n<a href=\"https:\/\/www.tvnovelas.com.br\/novelas\/resumos-de-amor-perfeito\/\">Confira os resumos da semana de &#8216;Amor Perfeito&#8217;<\/a><br \/>\n<strong style=\"font-size: 120%;\">\u00daltimas not\u00edcias deste canal:<\/strong><br \/>\n<div class=\"pt-cv-wrapper\"><div class=\"pt-cv-view pt-cv-grid pt-cv-colsys\" id=\"pt-cv-view-90991035b3\"><div data-id=\"pt-cv-page-1\" class=\"pt-cv-page\" data-cvc=\"1\"><div class=\"col-md-12 col-sm-12 col-xs-12 pt-cv-content-item pt-cv-1-col\" ><div class='pt-cv-ifield'><h4 class=\"pt-cv-title\"><a href=\"https:\/\/www.tvnovelas.com.br\/tvnews\/guerra-das-rosas-omer-chama-gulru-vestida-de-noiva-para-fugir\/\" class=\"_self\" target=\"_self\" >Guerra das Rosas: Omer chama Gulru vestida de noiva para fugir<\/a><\/h4><\/div><\/div>\n<div class=\"col-md-12 col-sm-12 col-xs-12 pt-cv-content-item pt-cv-1-col\" ><div class='pt-cv-ifield'><h4 class=\"pt-cv-title\"><a href=\"https:\/\/www.tvnovelas.com.br\/tvnews\/coracao-de-mae-reha-sai-para-jantar-com-selvi\/\" class=\"_self\" target=\"_self\" >Cora\u00e7\u00e3o de M\u00e3e: Reha sai para jantar com Selvi<\/a><\/h4><\/div><\/div>\n<div class=\"col-md-12 col-sm-12 col-xs-12 pt-cv-content-item pt-cv-1-col\" ><div class='pt-cv-ifield'><h4 class=\"pt-cv-title\"><a href=\"https:\/\/www.tvnovelas.com.br\/tvnews\/coracao-acelerado-zila-se-preocupa-com-sua-situacao-apos-separacao\/\" class=\"_self\" target=\"_self\" >Cora\u00e7\u00e3o Acelerado: Zil\u00e1 se preocupa com sua situa\u00e7\u00e3o ap\u00f3s separa\u00e7\u00e3o<\/a><\/h4><\/div><\/div>\n<div class=\"col-md-12 col-sm-12 col-xs-12 pt-cv-content-item pt-cv-1-col\" ><div class='pt-cv-ifield'><h4 class=\"pt-cv-title\"><a href=\"https:\/\/www.tvnovelas.com.br\/tvnews\/a-nobreza-do-amor-tonho-nao-se-curva-diante-de-mirinho\/\" class=\"_self\" target=\"_self\" >A Nobreza do Amor: Tonho n\u00e3o se curva diante de Mirinho<\/a><\/h4><\/div><\/div>\n<div class=\"col-md-12 col-sm-12 col-xs-12 pt-cv-content-item pt-cv-1-col\" ><div class='pt-cv-ifield'><h4 class=\"pt-cv-title\"><a href=\"https:\/\/www.tvnovelas.com.br\/tvnews\/tres-gracas-arminda-surta-ao-confirmar-que-ferette-e-pai-de-raul\/\" class=\"_self\" target=\"_self\" >Tr\u00eas Gra\u00e7as:  Arminda surta ao confirmar que Ferette \u00e9 pai de Raul<\/a><\/h4><\/div><\/div>\n<div class=\"col-md-12 col-sm-12 col-xs-12 pt-cv-content-item pt-cv-1-col\" ><div class='pt-cv-ifield'><h4 class=\"pt-cv-title\"><a href=\"https:\/\/www.tvnovelas.com.br\/tvnews\/coracao-de-mae-atilla-confronta-hasan-e-exige-o-divorcio-de-lale\/\" class=\"_self\" target=\"_self\" >Cora\u00e7\u00e3o de M\u00e3e: Atilla confronta Hasan e exige o div\u00f3rcio de Lale<\/a><\/h4><\/div><\/div>\n<div class=\"col-md-12 col-sm-12 col-xs-12 pt-cv-content-item pt-cv-1-col\" ><div class='pt-cv-ifield'><h4 class=\"pt-cv-title\"><a href=\"https:\/\/www.tvnovelas.com.br\/tvnews\/guerra-das-rosas-gulfem-coloca-gulru-contra-a-parede\/\" class=\"_self\" target=\"_self\" >Guerra das Rosas: Gulfem coloca Gulru contra a parede<\/a><\/h4><\/div><\/div>\n<div class=\"col-md-12 col-sm-12 col-xs-12 pt-cv-content-item pt-cv-1-col\" ><div class='pt-cv-ifield'><h4 class=\"pt-cv-title\"><a href=\"https:\/\/www.tvnovelas.com.br\/tvnews\/coracao-de-mae-atilla-diz-a-lale-que-quer-o-divorcio\/\" class=\"_self\" target=\"_self\" >Cora\u00e7\u00e3o de M\u00e3e: Atilla diz a Lale que quer o div\u00f3rcio<\/a><\/h4><\/div><\/div>\n<div class=\"col-md-12 col-sm-12 col-xs-12 pt-cv-content-item pt-cv-1-col\" ><div class='pt-cv-ifield'><h4 class=\"pt-cv-title\"><a href=\"https:\/\/www.tvnovelas.com.br\/tvnews\/a-nobreza-do-amor-mirinho-garante-noivado-com-virginia-para-atrair-sogro-a-negocio\/\" class=\"_self\" target=\"_self\" >A Nobreza do Amor: Mirinho garante noivado com Virg\u00ednia para atrair sogro a neg\u00f3cio<\/a><\/h4><\/div><\/div>\n<div class=\"col-md-12 col-sm-12 col-xs-12 pt-cv-content-item pt-cv-1-col\" ><div class='pt-cv-ifield'><h4 class=\"pt-cv-title\"><a href=\"https:\/\/www.tvnovelas.com.br\/tvnews\/tres-gracas-joaquim-propoe-fuga-a-arminda-com-o-dinheiro-das-tres-gracas\/\" class=\"_self\" target=\"_self\" >Tr\u00eas Gra\u00e7as:  Joaquim prop\u00f5e fuga a Arminda com o dinheiro das Tr\u00eas Gra\u00e7as<\/a><\/h4><\/div><\/div><\/div><\/div><\/div><br \/>\n<a href=\"https:\/\/www.tvnovelas.com.br\/novelas\/\"><strong>Confira os resumos da semana de todas novelas<\/strong><\/a><\/p>\n<h3>Confira tamb\u00e9m<\/h3>\n<p><a href=\"https:\/\/www.tvnovelas.com.br\/filmes\/\" target=\"_blank\" rel=\"noopener noreferrer\"><strong>Programa\u00e7\u00e3o de filmes na TV aberta<\/strong><\/a><br \/>\n<a href=\"https:\/\/caetenews.com.br\/semana\/filmes-da-globo-na-sessao-da-tarde-desta-semana\/\" target=\"_blank\" rel=\"noopener\"><strong>Confira os filmes da semana na Sess\u00e3o da Tarde<\/strong><\/a><br \/>\n<a href=\"https:\/\/www.tvnovelas.com.br\/novelas\/\" target=\"_blank\" rel=\"noopener noreferrer\"><strong>Resumos de novelas<\/strong><\/a><\/p>\n","protected":false},"excerpt":{"rendered":"<p>Amor Perfeito: Mar\u00ea descobre&#8230;  Em Amor Perfeito, Mar\u00ea (Camila Queiroz) \u00e9 julgada e condenada injustamente a 20 anos de pris\u00e3o pelo assassinato&#8230;<\/p>\n","protected":false},"author":1,"featured_media":40538,"comment_status":"closed","ping_status":"closed","sticky":false,"template":"","format":"standard","meta":{"_uf_show_specific_survey":0,"_uf_disable_surveys":false,"_jetpack_memberships_contains_paid_content":false,"footnotes":"","_wp_rev_ctl_limit":""},"categories":[375],"tags":[376,5,64],"class_list":["post-40537","post","type-post","status-publish","format-standard","has-post-thumbnail","hentry","category-amor-perfeito","tag-amor-perfeito","tag-globo","tag-novelas","wpcat-375-id"],"aioseo_notices":[],"jetpack_featured_media_url":"https:\/\/i0.wp.com\/www.tvnovelas.com.br\/tvnews\/wp-content\/uploads\/2023\/03\/37121.jpg?fit=728%2C410&ssl=1","jetpack_shortlink":"https:\/\/wp.me\/pdP2BO-axP","jetpack_sharing_enabled":true,"_links":{"self":[{"href":"https:\/\/www.tvnovelas.com.br\/tvnews\/wp-json\/wp\/v2\/posts\/40537","targetHints":{"allow":["GET"]}}],"collection":[{"href":"https:\/\/www.tvnovelas.com.br\/tvnews\/wp-json\/wp\/v2\/posts"}],"about":[{"href":"https:\/\/www.tvnovelas.com.br\/tvnews\/wp-json\/wp\/v2\/types\/post"}],"author":[{"embeddable":true,"href":"https:\/\/www.tvnovelas.com.br\/tvnews\/wp-json\/wp\/v2\/users\/1"}],"replies":[{"embeddable":true,"href":"https:\/\/www.tvnovelas.com.br\/tvnews\/wp-json\/wp\/v2\/comments?post=40537"}],"version-history":[{"count":1,"href":"https:\/\/www.tvnovelas.com.br\/tvnews\/wp-json\/wp\/v2\/posts\/40537\/revisions"}],"predecessor-version":[{"id":40539,"href":"https:\/\/www.tvnovelas.com.br\/tvnews\/wp-json\/wp\/v2\/posts\/40537\/revisions\/40539"}],"wp:featuredmedia":[{"embeddable":true,"href":"https:\/\/www.tvnovelas.com.br\/tvnews\/wp-json\/wp\/v2\/media\/40538"}],"wp:attachment":[{"href":"https:\/\/www.tvnovelas.com.br\/tvnews\/wp-json\/wp\/v2\/media?parent=40537"}],"wp:term":[{"taxonomy":"category","embeddable":true,"href":"https:\/\/www.tvnovelas.com.br\/tvnews\/wp-json\/wp\/v2\/categories?post=40537"},{"taxonomy":"post_tag","embeddable":true,"href":"https:\/\/www.tvnovelas.com.br\/tvnews\/wp-json\/wp\/v2\/tags?post=40537"}],"curies":[{"name":"wp","href":"https:\/\/api.w.org\/{rel}","templated":true}]}}