{"id":40617,"date":"2023-03-23T08:37:19","date_gmt":"2023-03-23T11:37:19","guid":{"rendered":"https:\/\/www.tvnovelas.com.br\/tvnews\/?p=40617"},"modified":"2023-03-23T08:37:19","modified_gmt":"2023-03-23T11:37:19","slug":"amor-perfeito-marcelino-e-salvo-por-figura-misteriosa","status":"publish","type":"post","link":"https:\/\/www.tvnovelas.com.br\/tvnews\/amor-perfeito-marcelino-e-salvo-por-figura-misteriosa\/","title":{"rendered":"Amor Perfeito: Marcelino \u00e9 salvo por figura misteriosa"},"content":{"rendered":"<p><em>Em Amor Perfeito: Marcelino \u00e9 salvo&#8230;<\/em><br \/>\n<img data-recalc-dims=\"1\" decoding=\"async\" class=\"alignnone wp-image-40618 size-full\" title=\"(Foto: TV Globo\/Amor Perfeito)\" src=\"https:\/\/i0.wp.com\/www.tvnovelas.com.br\/tvnews\/wp-content\/uploads\/2023\/03\/37140.jpg?resize=728%2C407&#038;ssl=1\" alt=\"Foto em Amor Perfeito: Marcelino \u00e9 salvo...\" width=\"728\" height=\"407\" \/><\/p>\n<p>Mar\u00ea (Camila Queiroz) prefere entregar o seu filho \u00e0s companheiras de cela a v\u00ea-lo nos bra\u00e7os de Gilda (Mariana Ximenes). Por isso, a jovem n\u00e3o hesita e deixa o seu menino, que nasceu na mata, durante a fuga da pris\u00e3o, \u00e0s colegas que continuam o percurso rumo \u00e0 liberdade.<\/p>\n<p>Mas imprevistos acontecem e o beb\u00ea, que recebeu da m\u00e3e o nome de Angelo, \u00e9 deixado numa canoa, ap\u00f3s uma das detentas ser baleada.<\/p>\n<p>Um homem misterioso pega o beb\u00ea da canoa e o deixa, sem ser visto, na porta da igreja de S\u00e3o Jacinto. Quem v\u00ea o menino assim que o dia amanhece \u00e9 Frei Jo\u00e3o (Allan Souza Lima). Com a crian\u00e7a nos bra\u00e7os, ele mostra &#8220;a novidade&#8221; aos outros religiosos, que acreditam ser o filho de Rosa \u2014 trapezista de circo, que tinha dito que deixaria a crian\u00e7a para os freis cuidarem.<\/p>\n<p>Enquanto isso, no pres\u00eddio, algemada \u00e0 maca, Mar\u00ea recebe outra visita nefasta de Gilda. A malvadona anuncia que o filho da enteada sumiu e que a companheira de cela a quem Mar\u00ea entregou a crian\u00e7a morreu.<\/p>\n<p>&#8220;Como voc\u00ea p\u00f4de ser t\u00e3o irrespons\u00e1vel? Fugir dessa maneira, prestes a dar \u00e0 luz! Agora seu filho est\u00e1 desaparecido. Talvez morto. E a culpa \u00e9 sua!&#8221;, diz Gilda.<\/p>\n<p>Aos prantos, Mar\u00ea promete a si que vai encontrar o menino:<\/p>\n<p>&#8220;Eu vou te encontrar, meu filho. N\u00e3o sei como nem quando, mas eu juro que vou te encontrar!&#8221;<\/p>\n<p>Beb\u00ea \u00e9 batizado pelo padres com o nome de Marcelino e se integra \u00e0 fam\u00edlia dos religiosos<\/p>\n<p>J\u00e1 na Irmandade dos religiosos, os freis e padres se encantam pelo menino e decidem batiz\u00e1-lo com o nome de Marcelino.<\/p>\n<p><strong>Oito anos depois<\/strong><br \/>\nPassam-se oito anos e Marcelino (Levi Asaf), integrado aos religiosos, sente falta de sua m\u00e3e e pergunta por ela, deixando os padres sem resposta.<\/p>\n<p>E Mar\u00ea, no pres\u00eddio, recebe uma visita especial. \u00c9 Julio (Daniel Rangel), filho de Ver\u00f4nica (Ana Cec\u00edlia Costa), que se formou em Direito e veio defender a mulher que sempre amou.<\/p>\n<p>&#8220;Eu soube de tudo o que te aconteceu, Mar\u00ea. Lembra do que eu te falei faz oito anos? Que voc\u00ea podia contar comigo sempre? Eu vou te ajudar a sair daqui! Voc\u00ea n\u00e3o t\u00e1 mais sozinha&#8221;, anuncia ele, pra felicidade da mo\u00e7a.<br \/>\n<!--FIM DO POST--><br \/>\n<a href=\"https:\/\/www.tvnovelas.com.br\/novelas\/resumos-de-amor-perfeito\/\">Confira os resumos da semana de &#8216;Amor Perfeito&#8217;<\/a><br \/>\n<strong style=\"font-size: 120%;\">\u00daltimas not\u00edcias deste canal:<\/strong><br \/>\n<div class=\"pt-cv-wrapper\"><div class=\"pt-cv-view pt-cv-grid pt-cv-colsys\" id=\"pt-cv-view-90991035b3\"><div data-id=\"pt-cv-page-1\" class=\"pt-cv-page\" data-cvc=\"1\"><div class=\"col-md-12 col-sm-12 col-xs-12 pt-cv-content-item pt-cv-1-col\" ><div class='pt-cv-ifield'><h4 class=\"pt-cv-title\"><a href=\"https:\/\/www.tvnovelas.com.br\/tvnews\/guerra-das-rosas-omer-chama-gulru-vestida-de-noiva-para-fugir\/\" class=\"_self\" target=\"_self\" >Guerra das Rosas: Omer chama Gulru vestida de noiva para fugir<\/a><\/h4><\/div><\/div>\n<div class=\"col-md-12 col-sm-12 col-xs-12 pt-cv-content-item pt-cv-1-col\" ><div class='pt-cv-ifield'><h4 class=\"pt-cv-title\"><a href=\"https:\/\/www.tvnovelas.com.br\/tvnews\/coracao-de-mae-reha-sai-para-jantar-com-selvi\/\" class=\"_self\" target=\"_self\" >Cora\u00e7\u00e3o de M\u00e3e: Reha sai para jantar com Selvi<\/a><\/h4><\/div><\/div>\n<div class=\"col-md-12 col-sm-12 col-xs-12 pt-cv-content-item pt-cv-1-col\" ><div class='pt-cv-ifield'><h4 class=\"pt-cv-title\"><a href=\"https:\/\/www.tvnovelas.com.br\/tvnews\/coracao-acelerado-zila-se-preocupa-com-sua-situacao-apos-separacao\/\" class=\"_self\" target=\"_self\" >Cora\u00e7\u00e3o Acelerado: Zil\u00e1 se preocupa com sua situa\u00e7\u00e3o ap\u00f3s separa\u00e7\u00e3o<\/a><\/h4><\/div><\/div>\n<div class=\"col-md-12 col-sm-12 col-xs-12 pt-cv-content-item pt-cv-1-col\" ><div class='pt-cv-ifield'><h4 class=\"pt-cv-title\"><a href=\"https:\/\/www.tvnovelas.com.br\/tvnews\/a-nobreza-do-amor-tonho-nao-se-curva-diante-de-mirinho\/\" class=\"_self\" target=\"_self\" >A Nobreza do Amor: Tonho n\u00e3o se curva diante de Mirinho<\/a><\/h4><\/div><\/div>\n<div class=\"col-md-12 col-sm-12 col-xs-12 pt-cv-content-item pt-cv-1-col\" ><div class='pt-cv-ifield'><h4 class=\"pt-cv-title\"><a href=\"https:\/\/www.tvnovelas.com.br\/tvnews\/tres-gracas-arminda-surta-ao-confirmar-que-ferette-e-pai-de-raul\/\" class=\"_self\" target=\"_self\" >Tr\u00eas Gra\u00e7as:  Arminda surta ao confirmar que Ferette \u00e9 pai de Raul<\/a><\/h4><\/div><\/div>\n<div class=\"col-md-12 col-sm-12 col-xs-12 pt-cv-content-item pt-cv-1-col\" ><div class='pt-cv-ifield'><h4 class=\"pt-cv-title\"><a href=\"https:\/\/www.tvnovelas.com.br\/tvnews\/coracao-de-mae-atilla-confronta-hasan-e-exige-o-divorcio-de-lale\/\" class=\"_self\" target=\"_self\" >Cora\u00e7\u00e3o de M\u00e3e: Atilla confronta Hasan e exige o div\u00f3rcio de Lale<\/a><\/h4><\/div><\/div>\n<div class=\"col-md-12 col-sm-12 col-xs-12 pt-cv-content-item pt-cv-1-col\" ><div class='pt-cv-ifield'><h4 class=\"pt-cv-title\"><a href=\"https:\/\/www.tvnovelas.com.br\/tvnews\/guerra-das-rosas-gulfem-coloca-gulru-contra-a-parede\/\" class=\"_self\" target=\"_self\" >Guerra das Rosas: Gulfem coloca Gulru contra a parede<\/a><\/h4><\/div><\/div>\n<div class=\"col-md-12 col-sm-12 col-xs-12 pt-cv-content-item pt-cv-1-col\" ><div class='pt-cv-ifield'><h4 class=\"pt-cv-title\"><a href=\"https:\/\/www.tvnovelas.com.br\/tvnews\/coracao-de-mae-atilla-diz-a-lale-que-quer-o-divorcio\/\" class=\"_self\" target=\"_self\" >Cora\u00e7\u00e3o de M\u00e3e: Atilla diz a Lale que quer o div\u00f3rcio<\/a><\/h4><\/div><\/div>\n<div class=\"col-md-12 col-sm-12 col-xs-12 pt-cv-content-item pt-cv-1-col\" ><div class='pt-cv-ifield'><h4 class=\"pt-cv-title\"><a href=\"https:\/\/www.tvnovelas.com.br\/tvnews\/a-nobreza-do-amor-mirinho-garante-noivado-com-virginia-para-atrair-sogro-a-negocio\/\" class=\"_self\" target=\"_self\" >A Nobreza do Amor: Mirinho garante noivado com Virg\u00ednia para atrair sogro a neg\u00f3cio<\/a><\/h4><\/div><\/div>\n<div class=\"col-md-12 col-sm-12 col-xs-12 pt-cv-content-item pt-cv-1-col\" ><div class='pt-cv-ifield'><h4 class=\"pt-cv-title\"><a href=\"https:\/\/www.tvnovelas.com.br\/tvnews\/tres-gracas-joaquim-propoe-fuga-a-arminda-com-o-dinheiro-das-tres-gracas\/\" class=\"_self\" target=\"_self\" >Tr\u00eas Gra\u00e7as:  Joaquim prop\u00f5e fuga a Arminda com o dinheiro das Tr\u00eas Gra\u00e7as<\/a><\/h4><\/div><\/div><\/div><\/div><\/div><br \/>\n<a href=\"https:\/\/www.tvnovelas.com.br\/novelas\/\"><strong>Confira os resumos da semana de todas novelas<\/strong><\/a><\/p>\n<h3>Confira tamb\u00e9m<\/h3>\n<p><a href=\"https:\/\/www.tvnovelas.com.br\/filmes\/\" target=\"_blank\" rel=\"noopener noreferrer\"><strong>Programa\u00e7\u00e3o de filmes na TV aberta<\/strong><\/a><br \/>\n<a href=\"https:\/\/caetenews.com.br\/semana\/filmes-da-globo-na-sessao-da-tarde-desta-semana\/\" target=\"_blank\" rel=\"noopener\"><strong>Confira os filmes da semana na Sess\u00e3o da Tarde<\/strong><\/a><br \/>\n<a href=\"https:\/\/www.tvnovelas.com.br\/novelas\/\" target=\"_blank\" rel=\"noopener noreferrer\"><strong>Resumos de novelas<\/strong><\/a><\/p>\n","protected":false},"excerpt":{"rendered":"<p>Amor Perfeito: Marcelino \u00e9 salvo&#8230; Mar\u00ea (Camila Queiroz) prefere entregar o seu filho \u00e0s companheiras de cela a v\u00ea-lo nos bra\u00e7os de Gilda (Mariana Ximenes)&#8230;.<\/p>\n","protected":false},"author":1,"featured_media":40618,"comment_status":"closed","ping_status":"closed","sticky":false,"template":"","format":"standard","meta":{"_uf_show_specific_survey":0,"_uf_disable_surveys":false,"_jetpack_memberships_contains_paid_content":false,"footnotes":"","_wp_rev_ctl_limit":""},"categories":[375],"tags":[376,5,64],"class_list":["post-40617","post","type-post","status-publish","format-standard","has-post-thumbnail","hentry","category-amor-perfeito","tag-amor-perfeito","tag-globo","tag-novelas","wpcat-375-id"],"aioseo_notices":[],"jetpack_featured_media_url":"https:\/\/i0.wp.com\/www.tvnovelas.com.br\/tvnews\/wp-content\/uploads\/2023\/03\/37140.jpg?fit=728%2C407&ssl=1","jetpack_shortlink":"https:\/\/wp.me\/pdP2BO-az7","jetpack_sharing_enabled":true,"_links":{"self":[{"href":"https:\/\/www.tvnovelas.com.br\/tvnews\/wp-json\/wp\/v2\/posts\/40617","targetHints":{"allow":["GET"]}}],"collection":[{"href":"https:\/\/www.tvnovelas.com.br\/tvnews\/wp-json\/wp\/v2\/posts"}],"about":[{"href":"https:\/\/www.tvnovelas.com.br\/tvnews\/wp-json\/wp\/v2\/types\/post"}],"author":[{"embeddable":true,"href":"https:\/\/www.tvnovelas.com.br\/tvnews\/wp-json\/wp\/v2\/users\/1"}],"replies":[{"embeddable":true,"href":"https:\/\/www.tvnovelas.com.br\/tvnews\/wp-json\/wp\/v2\/comments?post=40617"}],"version-history":[{"count":1,"href":"https:\/\/www.tvnovelas.com.br\/tvnews\/wp-json\/wp\/v2\/posts\/40617\/revisions"}],"predecessor-version":[{"id":40619,"href":"https:\/\/www.tvnovelas.com.br\/tvnews\/wp-json\/wp\/v2\/posts\/40617\/revisions\/40619"}],"wp:featuredmedia":[{"embeddable":true,"href":"https:\/\/www.tvnovelas.com.br\/tvnews\/wp-json\/wp\/v2\/media\/40618"}],"wp:attachment":[{"href":"https:\/\/www.tvnovelas.com.br\/tvnews\/wp-json\/wp\/v2\/media?parent=40617"}],"wp:term":[{"taxonomy":"category","embeddable":true,"href":"https:\/\/www.tvnovelas.com.br\/tvnews\/wp-json\/wp\/v2\/categories?post=40617"},{"taxonomy":"post_tag","embeddable":true,"href":"https:\/\/www.tvnovelas.com.br\/tvnews\/wp-json\/wp\/v2\/tags?post=40617"}],"curies":[{"name":"wp","href":"https:\/\/api.w.org\/{rel}","templated":true}]}}