{"id":40740,"date":"2023-03-25T10:50:10","date_gmt":"2023-03-25T13:50:10","guid":{"rendered":"https:\/\/www.tvnovelas.com.br\/tvnews\/?p=40740"},"modified":"2023-03-25T11:43:18","modified_gmt":"2023-03-25T14:43:18","slug":"o-que-rola-em-vai-na-fe-na-semana-27-3-a-1o-de-abril","status":"publish","type":"post","link":"https:\/\/www.tvnovelas.com.br\/tvnews\/o-que-rola-em-vai-na-fe-na-semana-27-3-a-1o-de-abril\/","title":{"rendered":"O que rola em Vai na F\u00e9 na semana 27\/3 a 1\u00ba de abril"},"content":{"rendered":"<p><em>Resumos de Vai na F\u00e9 na semana 27\/3 a 1\u00ba de abril<\/em><br \/>\n<img data-recalc-dims=\"1\" decoding=\"async\" class=\"alignnone wp-image-40759 size-full\" title=\"(Foto: Reprodu\u00e7\u00e3o\/TV Globo\/Vai na F\u00e9)\" src=\"https:\/\/i0.wp.com\/www.tvnovelas.com.br\/tvnews\/wp-content\/uploads\/2023\/03\/37172a.jpg?resize=720%2C410&#038;ssl=1\" alt=\"Foto em Vai na F\u00e9 na semana 27\/3 a 1\u00ba de abril\" width=\"720\" height=\"410\" \/><\/p>\n<blockquote><p>Ben vai \u00e0 casa de Sol para falar com ela; Sol garante a Jenifer que Ben n\u00e3o \u00e9 seu pai; Ben afirma a Sol que far\u00e1 um exame de DNA com Jenifer; Sol mente para Ben sobre a paternidade de Jenifer; Sol garante a m\u00e3e que n\u00e3o ficar\u00e1 com Lui; Sol se emociona com a m\u00fasica que Lui comp\u00f4s para ela, e eles se beijam&#8230;<\/p><\/blockquote>\n<p><strong>Resumo de segunda-feira, 27 de mar\u00e7o<\/strong><br \/>\nJenifer questiona Ben sobre sua tatuagem e revela que sua m\u00e3e tem uma igual. Sol faz sucesso durante a apresenta\u00e7\u00e3o no programa. Ben se surpreende com a possibilidade de ser pai de Jenifer. Wilma afirma a Vitinho que n\u00e3o vai deixar Sol e Lui ficarem juntos e exige que o produtor a ajude. Ben diz a Jenifer que precisa conversar com Sol. Lumiar revela para Ben que sabia que Jenifer era filha de Sol. Ben procura Theo. Lumiar liga para Dora, que se preocupa com o estado da filha. Theo se surpreende com a not\u00edcia de que Ben pode ser o pai de Jenifer. Vitinho revela que Sol e Lui se beijaram e Wilma fica furiosa. Theo se oferece para acompanhar Ben. Lumiar n\u00e3o consegue avisar Sol da visita de Ben e chora nos bra\u00e7os de Dora. Sol conversa com o pastor sobre seu envolvimento com Lui. Ben chega para falar com Sol.<\/p>\n<p><strong>Resumo de ter\u00e7a-feira, 28 de mar\u00e7o<\/strong><br \/>\nJenifer avisa que n\u00e3o \u00e9 um bom dia para falar com a m\u00e3e, e Ben vai embora. Lumiar revela a Dora que mentiu para o marido. Hugo tenta falar com Kate. Vini avisa a Yuri que o projeto de revis\u00e3o criminal ser\u00e1 reapresentado para o reitor da faculdade. Theo questiona Ben sobre sua conversa com Sol. Kate pergunta por Eduardo para Jenifer. Os alunos do ICAES descobrem que Lumiar n\u00e3o apresentou o projeto para a reitoria e contam para Ben. F\u00e1bio tenta aconselhar Lumiar. Jenifer revela a Ben que Lumiar sabia de toda a investiga\u00e7\u00e3o que ela estava fazendo para encontrar seu pai biol\u00f3gico. Duda treina boxe com Gil e Bryan. Hugo grafita uma arte com Kate em um muro na frente da casa da mo\u00e7a. Neide conta sobre a visita que Jenifer recebeu para Sol e ela confronta a filha.<br \/>\n<img data-recalc-dims=\"1\" decoding=\"async\" class=\"alignnone wp-image-40760 size-full\" title=\"(Foto: Reprodu\u00e7\u00e3o\/TV Globo\/Vai na F\u00e9)\" src=\"https:\/\/i0.wp.com\/www.tvnovelas.com.br\/tvnews\/wp-content\/uploads\/2023\/03\/37172b.jpg?resize=728%2C455&#038;ssl=1\" alt=\"Foto em Vai na F\u00e9 na semana 27\/3 a 1\u00ba de abril...\" width=\"728\" height=\"455\" \/><\/p>\n<p><strong>Resumo de quarta-feira, 29 de mar\u00e7o<\/strong><br \/>\nSol garante a Jenifer que Ben n\u00e3o \u00e9 seu pai e implora que ela se afaste do advogado. Theo defende Lumiar para Ben. Sol tenta falar com a esposa de Ben. Lumiar pede ajuda a Dora para participar de um ritual comandado por ela. Jenifer vai escondida para a casa de Ben e se decepciona ao encontr\u00e1-lo com Theo e Simas. Sol se desespera ao perceber o sumi\u00e7o da filha mais velha. Clara incentiva Rafa a sair de casa para fotografar. Hugo pede para Jenifer dar um presente dele para Kate. Sol discute com Jenifer e liga para Ben. Lui se angustia com a demora de Sol para chegar \u00e0 mans\u00e3o. Sol vai \u00e0 casa de Ben e ele afirma que far\u00e1 um exame de DNA com Jenifer.<\/p>\n<p><strong>Resumo de quinta-feira, 0 de mar\u00e7o<\/strong><br \/>\nSol mente para Ben sobre a paternidade de Jenifer e implora que ele incentive a mo\u00e7a a esquecer o assunto. Kate finge n\u00e3o gostar do presente de Hugo. Sol chega com Ben \u00e0 mans\u00e3o e Lui fica enciumado. Jenifer marca de se encontrar com Ben. Lui se entristece por n\u00e3o conseguir ajudar Sol. Ben tenta convencer Jenifer a desistir de fazer o exame de DNA e os dois discutem. Lui tem uma ideia para tentar alegrar Sol e pede a ajuda a Vitinho. Jenifer discute com Neide. Sol se aconselha com o Pastor Miguel, e decide mentir novamente para a filha mais velha sobre sua paternidade. Ben afirma a Theo e Simas que n\u00e3o vai procurar Lumiar. Jenifer questiona Neide sobre os antigos namorados da m\u00e3e. Neide faz fofoca de Sol na igreja. Lui manda entregar a surpresa na frente da igreja e Sol se sente humilhada com os olhares dos fi\u00e9is.<br \/>\n<img data-recalc-dims=\"1\" decoding=\"async\" class=\"alignnone wp-image-40761 size-full\" title=\"(Foto: Reprodu\u00e7\u00e3o\/TV Globo\/Vai na F\u00e9)\" src=\"https:\/\/i0.wp.com\/www.tvnovelas.com.br\/tvnews\/wp-content\/uploads\/2023\/03\/37172.jpg?resize=728%2C410&#038;ssl=1\" alt=\"Foto em Vai na F\u00e9 na semana 27\/3 a 1\u00ba de abril...\" width=\"728\" height=\"410\" srcset=\"https:\/\/i0.wp.com\/www.tvnovelas.com.br\/tvnews\/wp-content\/uploads\/2023\/03\/37172.jpg?w=728&amp;ssl=1 728w, https:\/\/i0.wp.com\/www.tvnovelas.com.br\/tvnews\/wp-content\/uploads\/2023\/03\/37172.jpg?resize=678%2C381&amp;ssl=1 678w\" sizes=\"(max-width: 728px) 100vw, 728px\" \/><\/p>\n<p><strong>Resumo de sexta-feira, 31 de mar\u00e7o<\/strong><br \/>\nLui se angustia \u00e0 espera de uma resposta de Sol. Sol garante a m\u00e3e que n\u00e3o ficar\u00e1 com Lui. Neide difama a filha de Marlene na igreja. Sol revela para Vitinho os termos do contrato que Wilma a fez assinar. Jenifer diz que n\u00e3o quer mais participar do laborat\u00f3rio de revis\u00e3o criminal e Ben pede para conversar com ela. Bryan e Gil defendem Duda do bullying no col\u00e9gio. Uma crian\u00e7a pede a ajuda de Ben e Jenifer para tirar o pai da cadeia. Sol diz a Lui que n\u00e3o quer ficar com ele. Erick implica com Duda e ela acredita que a culpa foi de Meire. Jenifer se empolga para trabalhar no caso do pai de Vit\u00f3ria no laborat\u00f3rio de revis\u00e3o criminal e Ben acha gra\u00e7a. Lumiar tenta conversar com Ben. Theo vai at\u00e9 o Ref\u00fagio e questiona Lumiar sobre a paternidade de Jenifer.<\/p>\n<p><strong>Resumo de s\u00e1bado, 1\u00ba de abril<\/strong><br \/>\nLumiar n\u00e3o responde a pergunta de Theo. Dora se incomoda com a presen\u00e7a de Theo no ref\u00fagio e passa mal ao tocar nele. Kate brinca com Duda e Meire. Lui comp\u00f5e uma m\u00fasica e Wilma o menospreza. Jenifer conversa com Ben sobre o caso do pai de Vit\u00f3ria. Sol se emociona quando Lui mostra parte da m\u00fasica que ele comp\u00f4s para ela, e eles acabam se beijando. Ben conversa com Josu\u00e9, pai de Vit\u00f3ria, e se empolga quando Jenifer descobre uma brecha para que eles revisem o caso. Guiga questiona Jenifer sobre o baile funk pr\u00f3ximo \u00e0 sua casa. Theo se afasta com Lumiar de uma cerim\u00f4nia e Dora se preocupa. Jenifer encontra um presente que Ben deu para Sol quando eram namorados. Theo entra escondido com um vinho no quarto de Lumiar. Jenifer pede para Kate lev\u00e1-la ao baile funk. Theo consegue a informa\u00e7\u00e3o que queria sobre Sol com Lumiar.<br \/>\n<a href=\"https:\/\/www.tvnovelas.com.br\/novelas\/resumos-de-vai-na-fe\/\">Confira os resumos da semana de Vai na F\u00e9<\/a><br \/>\n<strong style=\"font-size: 120%;\">\u00daltimas not\u00edcias de Vai na F\u00e9:<\/strong><br \/>\n<div class=\"pt-cv-wrapper\"><div class=\"pt-cv-view pt-cv-grid pt-cv-colsys\" id=\"pt-cv-view-8080477fv3\"><div data-id=\"pt-cv-page-1\" class=\"pt-cv-page\" data-cvc=\"1\"><div class=\"col-md-12 col-sm-12 col-xs-12 pt-cv-content-item pt-cv-1-col\" ><div class='pt-cv-ifield'><h4 class=\"pt-cv-title\"><a href=\"https:\/\/www.tvnovelas.com.br\/tvnews\/vai-na-fe-sol-enfrenta-empresario-e-abre-show-de-lui\/\" class=\"_blank\" target=\"_blank\" >Vai na F\u00e9: Sol enfrenta empres\u00e1rio e abre show de Lui<\/a><\/h4><\/div><\/div>\n<div class=\"col-md-12 col-sm-12 col-xs-12 pt-cv-content-item pt-cv-1-col\" ><div class='pt-cv-ifield'><h4 class=\"pt-cv-title\"><a href=\"https:\/\/www.tvnovelas.com.br\/tvnews\/vai-na-fe-theo-muda-visual-e-mata-orfeu\/\" class=\"_blank\" target=\"_blank\" >Vai na F\u00e9: Theo muda visual e mata Orfeu<\/a><\/h4><\/div><\/div>\n<div class=\"col-md-12 col-sm-12 col-xs-12 pt-cv-content-item pt-cv-1-col\" ><div class='pt-cv-ifield'><h4 class=\"pt-cv-title\"><a href=\"https:\/\/www.tvnovelas.com.br\/tvnews\/vai-na-fe-sol-e-impedida-de-abrir-show-de-lui-lorenzo\/\" class=\"_blank\" target=\"_blank\" >Vai na F\u00e9: Sol \u00e9 impedida de abrir show de Lui Lorenzo<\/a><\/h4><\/div><\/div>\n<div class=\"col-md-12 col-sm-12 col-xs-12 pt-cv-content-item pt-cv-1-col\" ><div class='pt-cv-ifield'><h4 class=\"pt-cv-title\"><a href=\"https:\/\/www.tvnovelas.com.br\/tvnews\/vai-na-fe-ben-descobre-envolvimento-de-theo-na-morte-de-carlao\/\" class=\"_blank\" target=\"_blank\" >Vai na F\u00e9: Ben descobre envolvimento de Theo na morte de Carl\u00e3o<\/a><\/h4><\/div><\/div>\n<div class=\"col-md-12 col-sm-12 col-xs-12 pt-cv-content-item pt-cv-1-col\" ><div class='pt-cv-ifield'><h4 class=\"pt-cv-title\"><a href=\"https:\/\/www.tvnovelas.com.br\/tvnews\/vai-na-fe-orfeu-erra-o-tiro-e-theo-atropela-o-ex-socio\/\" class=\"_blank\" target=\"_blank\" >Vai na F\u00e9: Orfeu erra o tiro e Theo atropela o ex-s\u00f3cio<\/a><\/h4><\/div><\/div>\n<div class=\"col-md-12 col-sm-12 col-xs-12 pt-cv-content-item pt-cv-1-col\" ><div class='pt-cv-ifield'><h4 class=\"pt-cv-title\"><a href=\"https:\/\/www.tvnovelas.com.br\/tvnews\/vai-na-fe-orfeu-traido-por-theo-promete-vinganca\/\" class=\"_blank\" target=\"_blank\" >Vai na F\u00e9: Orfeu tra\u00eddo por Theo promete vingan\u00e7a<\/a><\/h4><\/div><\/div><\/div><\/div><\/div><br \/>\n<strong style=\"font-size: 120%;\">\u00daltimas not\u00edcias deste canal:<\/strong><br \/>\n<div class=\"pt-cv-wrapper\"><div class=\"pt-cv-view pt-cv-grid pt-cv-colsys\" id=\"pt-cv-view-90991035b3\"><div data-id=\"pt-cv-page-1\" class=\"pt-cv-page\" data-cvc=\"1\"><div class=\"col-md-12 col-sm-12 col-xs-12 pt-cv-content-item pt-cv-1-col\" ><div class='pt-cv-ifield'><h4 class=\"pt-cv-title\"><a href=\"https:\/\/www.tvnovelas.com.br\/tvnews\/em-coracao-de-mae-nos-proximos-capitulos-04-a-08-5\/\" class=\"_self\" target=\"_self\" >Em Cora\u00e7\u00e3o de M\u00e3e nos pr\u00f3ximos cap\u00edtulos (04 a 08\/5)<\/a><\/h4><\/div><\/div>\n<div class=\"col-md-12 col-sm-12 col-xs-12 pt-cv-content-item pt-cv-1-col\" ><div class='pt-cv-ifield'><h4 class=\"pt-cv-title\"><a href=\"https:\/\/www.tvnovelas.com.br\/tvnews\/coracao-de-mae-hasan-e-filiz-em-piquenique-romantico\/\" class=\"_self\" target=\"_self\" >Cora\u00e7\u00e3o de M\u00e3e: Hasan e Filiz em piquenique rom\u00e2ntico<\/a><\/h4><\/div><\/div>\n<div class=\"col-md-12 col-sm-12 col-xs-12 pt-cv-content-item pt-cv-1-col\" ><div class='pt-cv-ifield'><h4 class=\"pt-cv-title\"><a href=\"https:\/\/www.tvnovelas.com.br\/tvnews\/guerra-das-rosas-cihan-vibra-com-desistencia-de-gulru-de-casar-com-mert\/\" class=\"_self\" target=\"_self\" >Guerra das Rosas: Cihan vibra com desist\u00eancia de Gulru de casar com Mert<\/a><\/h4><\/div><\/div>\n<div class=\"col-md-12 col-sm-12 col-xs-12 pt-cv-content-item pt-cv-1-col\" ><div class='pt-cv-ifield'><h4 class=\"pt-cv-title\"><a href=\"https:\/\/www.tvnovelas.com.br\/tvnews\/coracao-de-mae-irmak-denuncia-adnan\/\" class=\"_self\" target=\"_self\" >Cora\u00e7\u00e3o de M\u00e3e: Irmak denuncia Adnan<\/a><\/h4><\/div><\/div>\n<div class=\"col-md-12 col-sm-12 col-xs-12 pt-cv-content-item pt-cv-1-col\" ><div class='pt-cv-ifield'><h4 class=\"pt-cv-title\"><a href=\"https:\/\/www.tvnovelas.com.br\/tvnews\/a-nobreza-do-amor-mirinho-e-obrigado-a-resgatar-tonho\/\" class=\"_self\" target=\"_self\" >A Nobreza do Amor: Mirinho \u00e9 obrigado a resgatar Tonho<\/a><\/h4><\/div><\/div>\n<div class=\"col-md-12 col-sm-12 col-xs-12 pt-cv-content-item pt-cv-1-col\" ><div class='pt-cv-ifield'><h4 class=\"pt-cv-title\"><a href=\"https:\/\/www.tvnovelas.com.br\/tvnews\/tres-gracas-paulinho-e-afastado-da-policia-por-causa-de-gerluce\/\" class=\"_self\" target=\"_self\" >Tr\u00eas Gra\u00e7as: Paulinho \u00e9 afastado da pol\u00edcia por causa de Gerluce<\/a><\/h4><\/div><\/div>\n<div class=\"col-md-12 col-sm-12 col-xs-12 pt-cv-content-item pt-cv-1-col\" ><div class='pt-cv-ifield'><h4 class=\"pt-cv-title\"><a href=\"https:\/\/www.tvnovelas.com.br\/tvnews\/coracao-de-mae-irmak-inicia-jogo-arriscado-contra-adnan\/\" class=\"_self\" target=\"_self\" >Cora\u00e7\u00e3o de M\u00e3e: Irmak inicia jogo arriscado contra Adnan<\/a><\/h4><\/div><\/div>\n<div class=\"col-md-12 col-sm-12 col-xs-12 pt-cv-content-item pt-cv-1-col\" ><div class='pt-cv-ifield'><h4 class=\"pt-cv-title\"><a href=\"https:\/\/www.tvnovelas.com.br\/tvnews\/guerra-das-rosas-omer-chama-gulru-vestida-de-noiva-para-fugir\/\" class=\"_self\" target=\"_self\" >Guerra das Rosas: Omer chama Gulru vestida de noiva para fugir<\/a><\/h4><\/div><\/div>\n<div class=\"col-md-12 col-sm-12 col-xs-12 pt-cv-content-item pt-cv-1-col\" ><div class='pt-cv-ifield'><h4 class=\"pt-cv-title\"><a href=\"https:\/\/www.tvnovelas.com.br\/tvnews\/coracao-de-mae-reha-sai-para-jantar-com-selvi\/\" class=\"_self\" target=\"_self\" >Cora\u00e7\u00e3o de M\u00e3e: Reha sai para jantar com Selvi<\/a><\/h4><\/div><\/div>\n<div class=\"col-md-12 col-sm-12 col-xs-12 pt-cv-content-item pt-cv-1-col\" ><div class='pt-cv-ifield'><h4 class=\"pt-cv-title\"><a href=\"https:\/\/www.tvnovelas.com.br\/tvnews\/coracao-acelerado-zila-se-preocupa-com-sua-situacao-apos-separacao\/\" class=\"_self\" target=\"_self\" >Cora\u00e7\u00e3o Acelerado: Zil\u00e1 se preocupa com sua situa\u00e7\u00e3o ap\u00f3s separa\u00e7\u00e3o<\/a><\/h4><\/div><\/div><\/div><\/div><\/div><br \/>\n<a href=\"https:\/\/www.tvnovelas.com.br\/novelas\/\"><strong>Confira os resumos da semana de todas novelas<\/strong><\/a><br \/>\n<a href=\"http:\/\/tvnovelas.com.br\/filmes\" target=\"_blank\" rel=\"noopener\">Veja tamb\u00e9m: Todas as telas: filmes e s\u00e9ries nos streamings<\/a><\/p>\n<h3>Confira tamb\u00e9m<\/h3>\n<p><a href=\"https:\/\/www.tvnovelas.com.br\/filmes\/\" target=\"_blank\" rel=\"noopener noreferrer\"><strong>Programa\u00e7\u00e3o de filmes na TV aberta<\/strong><\/a><br \/>\n<a href=\"https:\/\/caetenews.com.br\/semana\/filmes-da-globo-na-sessao-da-tarde-desta-semana\/\" target=\"_blank\" rel=\"noopener\"><strong>Confira os filmes da semana na Sess\u00e3o da Tarde<\/strong><\/a><br \/>\n<a href=\"https:\/\/www.tvnovelas.com.br\/novelas\/\" target=\"_blank\" rel=\"noopener noreferrer\"><strong>Resumos de novelas<\/strong><\/a><\/p>\n","protected":false},"excerpt":{"rendered":"<p>Em Vai na F\u00e9 na semana 27\/3 a 1\u00ba de abril, Sol garante a Jenifer que Ben n\u00e3o \u00e9 seu pai; Ben afirma a Sol que far\u00e1 um exame de DNA com Jenifer; Sol mente para Ben sobre a paternidade de Jenifer; Sol se emociona com a m\u00fasica que Lui comp\u00f4s para ela, e eles se beijam&#8230;<\/p>\n","protected":false},"author":1,"featured_media":40759,"comment_status":"closed","ping_status":"closed","sticky":false,"template":"","format":"standard","meta":{"_uf_show_specific_survey":0,"_uf_disable_surveys":false,"_jetpack_memberships_contains_paid_content":false,"footnotes":"","_wp_rev_ctl_limit":""},"categories":[358],"tags":[64,359],"class_list":["post-40740","post","type-post","status-publish","format-standard","has-post-thumbnail","hentry","category-vai-na-fe","tag-novelas","tag-vai-na-fe","wpcat-358-id"],"aioseo_notices":[],"jetpack_featured_media_url":"https:\/\/i0.wp.com\/www.tvnovelas.com.br\/tvnews\/wp-content\/uploads\/2023\/03\/37172a.jpg?fit=720%2C410&ssl=1","jetpack_shortlink":"https:\/\/wp.me\/pdP2BO-aB6","jetpack_sharing_enabled":true,"_links":{"self":[{"href":"https:\/\/www.tvnovelas.com.br\/tvnews\/wp-json\/wp\/v2\/posts\/40740","targetHints":{"allow":["GET"]}}],"collection":[{"href":"https:\/\/www.tvnovelas.com.br\/tvnews\/wp-json\/wp\/v2\/posts"}],"about":[{"href":"https:\/\/www.tvnovelas.com.br\/tvnews\/wp-json\/wp\/v2\/types\/post"}],"author":[{"embeddable":true,"href":"https:\/\/www.tvnovelas.com.br\/tvnews\/wp-json\/wp\/v2\/users\/1"}],"replies":[{"embeddable":true,"href":"https:\/\/www.tvnovelas.com.br\/tvnews\/wp-json\/wp\/v2\/comments?post=40740"}],"version-history":[{"count":5,"href":"https:\/\/www.tvnovelas.com.br\/tvnews\/wp-json\/wp\/v2\/posts\/40740\/revisions"}],"predecessor-version":[{"id":40804,"href":"https:\/\/www.tvnovelas.com.br\/tvnews\/wp-json\/wp\/v2\/posts\/40740\/revisions\/40804"}],"wp:featuredmedia":[{"embeddable":true,"href":"https:\/\/www.tvnovelas.com.br\/tvnews\/wp-json\/wp\/v2\/media\/40759"}],"wp:attachment":[{"href":"https:\/\/www.tvnovelas.com.br\/tvnews\/wp-json\/wp\/v2\/media?parent=40740"}],"wp:term":[{"taxonomy":"category","embeddable":true,"href":"https:\/\/www.tvnovelas.com.br\/tvnews\/wp-json\/wp\/v2\/categories?post=40740"},{"taxonomy":"post_tag","embeddable":true,"href":"https:\/\/www.tvnovelas.com.br\/tvnews\/wp-json\/wp\/v2\/tags?post=40740"}],"curies":[{"name":"wp","href":"https:\/\/api.w.org\/{rel}","templated":true}]}}