{"id":41184,"date":"2023-04-01T11:11:57","date_gmt":"2023-04-01T14:11:57","guid":{"rendered":"https:\/\/www.tvnovelas.com.br\/tvnews\/?p=41184"},"modified":"2023-04-01T11:49:15","modified_gmt":"2023-04-01T14:49:15","slug":"o-que-se-passa-em-vai-na-fe-na-semana-03-a-08-de-abril","status":"publish","type":"post","link":"https:\/\/www.tvnovelas.com.br\/tvnews\/o-que-se-passa-em-vai-na-fe-na-semana-03-a-08-de-abril\/","title":{"rendered":"O que se passa em Vai na F\u00e9 na semana 03 a 08 de abril"},"content":{"rendered":"<p><em>Resumos de Vai na F\u00e9 na semana 03 a 08 de abril<\/em><br \/>\n<img data-recalc-dims=\"1\" decoding=\"async\" class=\"alignnone wp-image-41186 size-full\" title=\"(Foto: TV Globo\/Vai na F\u00e9)\" src=\"https:\/\/i0.wp.com\/www.tvnovelas.com.br\/tvnews\/wp-content\/uploads\/2023\/04\/37266.jpg?resize=728%2C410&#038;ssl=1\" alt=\"Foto em Vai na F\u00e9 na semana 03 a 08 de abril\" width=\"728\" height=\"410\" srcset=\"https:\/\/i0.wp.com\/www.tvnovelas.com.br\/tvnews\/wp-content\/uploads\/2023\/04\/37266.jpg?w=728&amp;ssl=1 728w, https:\/\/i0.wp.com\/www.tvnovelas.com.br\/tvnews\/wp-content\/uploads\/2023\/04\/37266.jpg?resize=678%2C381&amp;ssl=1 678w\" sizes=\"(max-width: 728px) 100vw, 728px\" \/><\/p>\n<blockquote><p>Ben decide sair de casa depois de discutir com Lumiar; \ud835\udc13\ud835\udc21\ud835\udc1e\ud835\udc28 \ud835\udc2b\ud835\udc1e\ud835\udc2f\ud835\udc1e\ud835\udc25\ud835\udc1a \ud835\udc1a \ud835\udc0a\ud835\udc1a\ud835\udc2d\ud835\udc1e \ud835\udc2c\ud835\udc2e\ud835\udc1a \ud835\udc28\ud835\udc1b\ud835\udc2c\ud835\udc1e\ud835\udc2c\ud835\udc2c\u00e3\ud835\udc28 \ud835\udc29\ud835\udc28\ud835\udc2b \ud835\udc12\ud835\udc28\ud835\udc25; Jenifer confirma com Lumiar a possibilidade de Theo ser seu pai; \ud835\udc0f\ud835\udc2b\ud835\udc1e\ud835\udc2c\ud835\udc2c\ud835\udc22\ud835\udc28\ud835\udc27\ud835\udc1a\ud835\udc1d\ud835\udc1a, \ud835\udc12\ud835\udc28\ud835\udc25 \ud835\udc2b\ud835\udc1e\ud835\udc2f\ud835\udc1e\ud835\udc25\ud835\udc1a \ud835\udc1a \ud835\udc09\ud835\udc1e\ud835\udc27\ud835\udc22\ud835\udc1f\ud835\udc1e\ud835\udc2b \ud835\udc2a\ud835\udc2e\ud835\udc1e \ud835\udc01\ud835\udc1e\ud835\udc27 \u00e9 \ud835\udc2c\ud835\udc1e\ud835\udc2e \ud835\udc29\ud835\udc1a\ud835\udc22 \ud835\udc1b\ud835\udc22\ud835\udc28\ud835\udc25\u00f3\ud835\udc20\ud835\udc22\ud835\udc1c\ud835\udc28; Jenifer e Ben trocam um abra\u00e7o emocionado; Sol beija Lui&#8230;<\/p><\/blockquote>\n<p><strong>Resumo de segunda-feira, 03 de abril<\/strong><br \/>\nTheo acaricia o rosto de Lumiar, e a observa dormir. Kate arruma Jenifer para ir ao baile funk. Kate descobre que ganhou de Hugo um presente roubado. Jenifer questiona o DJ Bel-Air sobre Ben e Sol. Lui manda um v\u00eddeo cantando a m\u00fasica que fez para Sol, e ela se emociona. Kate v\u00ea Hugo beijando Guiga e tira satisfa\u00e7\u00e3o com os dois. Kate posta o v\u00eddeo em que foi humilhada por Guiga. Theo conta para Ben sobre a alian\u00e7a de Lumiar e Sol para esconder a paternidade de Jenifer. Guiga perde seguidores por causa do v\u00eddeo e tenta fazer um acordo com Kate. Theo vai atr\u00e1s de Sol. Hugo tenta se desculpar com Kate. Kate pede para Hugo dar uma li\u00e7\u00e3o em Theo.<\/p>\n<p><strong>Resumo de ter\u00e7a-feira, 04 de abril<\/strong><br \/>\nHugo fala com Orfeu, que manda o afilhado dar um susto em Theo. Kate se desespera e tenta ajudar o \u2018ex-namorado\u2019. Jenifer conta para Ben que conversou com DJ Bel-Air sobre ele e a m\u00e3e. Vini convida Yuri para ir ao cinema. Vitinho v\u00ea Lui e Sol se beijando e tenta chamar a aten\u00e7\u00e3o do casal para que Wilma n\u00e3o os veja. Ben decide sair de casa depois de discutir com Lumiar. Sol n\u00e3o consegue se desfazer do presente que ganhou de Ben quando eram namorados. Theo descobre que Kate est\u00e1 no apart de Guiga. Lumiar desabafa com Clara. Theo revela a Kate sua obsess\u00e3o por Sol.<br \/>\n<img data-recalc-dims=\"1\" decoding=\"async\" class=\"alignnone wp-image-41188 size-full\" title=\"(Foto: TV Globo\/Vai na F\u00e9)\" src=\"https:\/\/i0.wp.com\/www.tvnovelas.com.br\/tvnews\/wp-content\/uploads\/2023\/04\/37266a.jpg?resize=728%2C410&#038;ssl=1\" alt=\"Foto em Vai na F\u00e9 na semana 03 a 08 de abril\" width=\"728\" height=\"410\" srcset=\"https:\/\/i0.wp.com\/www.tvnovelas.com.br\/tvnews\/wp-content\/uploads\/2023\/04\/37266a.jpg?w=728&amp;ssl=1 728w, https:\/\/i0.wp.com\/www.tvnovelas.com.br\/tvnews\/wp-content\/uploads\/2023\/04\/37266a.jpg?resize=678%2C381&amp;ssl=1 678w\" sizes=\"(max-width: 728px) 100vw, 728px\" \/><\/p>\n<p><strong>Resumo de quarta-feira, 05 de abril<\/strong><br \/>\nKate pensa em uma forma de se vingar de Theo. Ben reclama de Lumiar para Theo. Kate decide fazer um v\u00eddeo para ajudar Guiga. Clara e Lumiar n\u00e3o conseguem se entender. Clara tenta ajudar Rafa. Hugo avisa a Sol que Theo est\u00e1 proibido de ir at\u00e9 Piedade. Kate pensa em contar para Jenifer que Theo tamb\u00e9m se envolveu com Sol. Bia decide acabar seu caso com Fred. Ben diz a Theo e Simas que sua hist\u00f3ria com Sol ficou mal resolvida. Bruna n\u00e3o consegue impedir Kate de ir \u00e0 casa de Sol falar com Jenifer. Clara questiona Theo sobre a possibilidade de ele ser o pai de Jenifer. Lumiar pensa em Ben. Ben apresenta a revis\u00e3o do caso de Josu\u00e9 para os desembargadores, que ficam perplexos. Clara vai \u00e0 casa de Sol.<\/p>\n<p><strong>Resumo de quinta-feira, 06 de abril<\/strong><br \/>\nClara pergunta a Sol se Theo \u00e9 o pai de Jenifer. Jenifer percebe a afli\u00e7\u00e3o de Ben \u00e0 espera do resultado da revis\u00e3o criminal de Josu\u00e9. Sol garante a Clara que Theo n\u00e3o \u00e9 o pai de sua filha. Ben comunica a Helen a senten\u00e7a de Josu\u00e9. Bruna revela a Marlene que Sol e Ben namoraram quando eram jovens. Jennifer, Yuri, Bela e outros alunos do projeto de revis\u00e3o criminal se retiram da sala quando Lumiar entra para dar aula. Lui \u00e9 frio com Sol. Lumiar pede para conversar com Jenifer. Ben leva Josu\u00e9 ao ICAES para comemorar com os alunos do grupo de revis\u00e3o criminal. Kate muda seu visual e marca um encontro com Jenifer. Yuri se irrita com uma brincadeira que Tat\u00e1 faz sobre ele e Vini. Kate revela a Jenifer que Theo pode ser o seu pai.<br \/>\n<img data-recalc-dims=\"1\" decoding=\"async\" class=\"alignnone wp-image-41189 size-full\" title=\"(Foto: TV Globo\/Vai na F\u00e9)\" src=\"https:\/\/i0.wp.com\/www.tvnovelas.com.br\/tvnews\/wp-content\/uploads\/2023\/04\/37266b.jpg?resize=728%2C410&#038;ssl=1\" alt=\"Foto em Vai na F\u00e9 na semana 03 a 08 de abril\" width=\"728\" height=\"410\" srcset=\"https:\/\/i0.wp.com\/www.tvnovelas.com.br\/tvnews\/wp-content\/uploads\/2023\/04\/37266b.jpg?w=728&amp;ssl=1 728w, https:\/\/i0.wp.com\/www.tvnovelas.com.br\/tvnews\/wp-content\/uploads\/2023\/04\/37266b.jpg?resize=678%2C381&amp;ssl=1 678w\" sizes=\"(max-width: 728px) 100vw, 728px\" \/><\/p>\n<p><strong>Resumo de sexta-feira, 07 de abril<\/strong><br \/>\nJenifer fica sem saber como lidar com sua descoberta. Kate grava Fred assediando Guiga. Jenifer exige que a amiga conte o que sabe sobre o relacionamento de Theo e Sol. Kate envia a Guiga o v\u00eddeo que fez de Fred a assediando. Jenifer vai \u00e0 casa de Theo, e Rafa descobre que pode ter uma irm\u00e3. Guiga mostra o v\u00eddeo do ass\u00e9dio para Fred, e fala com Lumiar sobre poder process\u00e1-lo. \u00c9rika chantageia William para que seja seu agente. Jenifer confirma com Lumiar a possibilidade de Theo ser seu pai biol\u00f3gico. Sol tira satisfa\u00e7\u00f5es com Lui pela forma como ele a est\u00e1 tratando. Theo garante a Orfeu que n\u00e3o ir\u00e1 mais trabalhar com os produtos il\u00edcitos indicados por ele. Rafa fica ansioso para saber quando Jenifer far\u00e1 o exame de DNA. Jenifer questiona Sol sobre Theo. Lumiar conta para Ben que Jenifer a procurou para saber sobre Theo. Pressionada, Sol revela a Jenifer que Ben \u00e9 seu pai biol\u00f3gico.<\/p>\n<p><strong>Resumo de s\u00e1bado, 08 de abril<\/strong><br \/>\nJenifer pede para Sol falar para Ben que ele \u00e9 seu pai biol\u00f3gico. Theo difama Sol para Clara. Jenifer leva Sol para falar com Ben e se surpreende com o desabafo da m\u00e3e. Lui se anima com a possibilidade de ficar sozinho na mans\u00e3o com Sol. Jenifer e Ben trocam um abra\u00e7o emocionado. Sol beija Lui. Lumiar n\u00e3o acredita quando Ben confirma que \u00e9 pai de Jenifer. A advogada liga para Sol, que se irrita e interrompe a chamada. Theo garante para Ben que Sol mentiu sobre a paternidade de Jenifer e sugere que eles fa\u00e7am um exame de DNA com a mo\u00e7a. Ben revela para Yuri e Bela que \u00e9 pai de Jenifer. Theo diz a Lumiar que quer fazer um exame de DNA com Jenifer e pede para ela ser sua advogada.<br \/>\n<a href=\"https:\/\/www.tvnovelas.com.br\/novelas\/resumos-de-vai-na-fe-2\/\">Confira os resumos de Vai na F\u00e9 da semana 10 a 15 de abril<\/a><br \/>\n<strong style=\"font-size: 120%;\">\u00daltimas not\u00edcias de Vai na F\u00e9:<\/strong><br \/>\n<div class=\"pt-cv-wrapper\"><div class=\"pt-cv-view pt-cv-grid pt-cv-colsys\" id=\"pt-cv-view-8080477fv3\"><div data-id=\"pt-cv-page-1\" class=\"pt-cv-page\" data-cvc=\"1\"><div class=\"col-md-12 col-sm-12 col-xs-12 pt-cv-content-item pt-cv-1-col\" ><div class='pt-cv-ifield'><h4 class=\"pt-cv-title\"><a href=\"https:\/\/www.tvnovelas.com.br\/tvnews\/vai-na-fe-sol-enfrenta-empresario-e-abre-show-de-lui\/\" class=\"_blank\" target=\"_blank\" >Vai na F\u00e9: Sol enfrenta empres\u00e1rio e abre show de Lui<\/a><\/h4><\/div><\/div>\n<div class=\"col-md-12 col-sm-12 col-xs-12 pt-cv-content-item pt-cv-1-col\" ><div class='pt-cv-ifield'><h4 class=\"pt-cv-title\"><a href=\"https:\/\/www.tvnovelas.com.br\/tvnews\/vai-na-fe-theo-muda-visual-e-mata-orfeu\/\" class=\"_blank\" target=\"_blank\" >Vai na F\u00e9: Theo muda visual e mata Orfeu<\/a><\/h4><\/div><\/div>\n<div class=\"col-md-12 col-sm-12 col-xs-12 pt-cv-content-item pt-cv-1-col\" ><div class='pt-cv-ifield'><h4 class=\"pt-cv-title\"><a href=\"https:\/\/www.tvnovelas.com.br\/tvnews\/vai-na-fe-sol-e-impedida-de-abrir-show-de-lui-lorenzo\/\" class=\"_blank\" target=\"_blank\" >Vai na F\u00e9: Sol \u00e9 impedida de abrir show de Lui Lorenzo<\/a><\/h4><\/div><\/div>\n<div class=\"col-md-12 col-sm-12 col-xs-12 pt-cv-content-item pt-cv-1-col\" ><div class='pt-cv-ifield'><h4 class=\"pt-cv-title\"><a href=\"https:\/\/www.tvnovelas.com.br\/tvnews\/vai-na-fe-ben-descobre-envolvimento-de-theo-na-morte-de-carlao\/\" class=\"_blank\" target=\"_blank\" >Vai na F\u00e9: Ben descobre envolvimento de Theo na morte de Carl\u00e3o<\/a><\/h4><\/div><\/div>\n<div class=\"col-md-12 col-sm-12 col-xs-12 pt-cv-content-item pt-cv-1-col\" ><div class='pt-cv-ifield'><h4 class=\"pt-cv-title\"><a href=\"https:\/\/www.tvnovelas.com.br\/tvnews\/vai-na-fe-orfeu-erra-o-tiro-e-theo-atropela-o-ex-socio\/\" class=\"_blank\" target=\"_blank\" >Vai na F\u00e9: Orfeu erra o tiro e Theo atropela o ex-s\u00f3cio<\/a><\/h4><\/div><\/div>\n<div class=\"col-md-12 col-sm-12 col-xs-12 pt-cv-content-item pt-cv-1-col\" ><div class='pt-cv-ifield'><h4 class=\"pt-cv-title\"><a href=\"https:\/\/www.tvnovelas.com.br\/tvnews\/vai-na-fe-orfeu-traido-por-theo-promete-vinganca\/\" class=\"_blank\" target=\"_blank\" >Vai na F\u00e9: Orfeu tra\u00eddo por Theo promete vingan\u00e7a<\/a><\/h4><\/div><\/div><\/div><\/div><\/div><br \/>\n<strong style=\"font-size: 120%;\">\u00daltimas not\u00edcias deste canal:<\/strong><br \/>\n<div class=\"pt-cv-wrapper\"><div class=\"pt-cv-view pt-cv-grid pt-cv-colsys\" id=\"pt-cv-view-90991035b3\"><div data-id=\"pt-cv-page-1\" class=\"pt-cv-page\" data-cvc=\"1\"><div class=\"col-md-12 col-sm-12 col-xs-12 pt-cv-content-item pt-cv-1-col\" ><div class='pt-cv-ifield'><h4 class=\"pt-cv-title\"><a href=\"https:\/\/www.tvnovelas.com.br\/tvnews\/coracao-de-mae-atilla-confronta-hasan-e-exige-o-divorcio-de-lale\/\" class=\"_self\" target=\"_self\" >Cora\u00e7\u00e3o de M\u00e3e: Atilla confronta Hasan e exige o div\u00f3rcio de Lale<\/a><\/h4><\/div><\/div>\n<div class=\"col-md-12 col-sm-12 col-xs-12 pt-cv-content-item pt-cv-1-col\" ><div class='pt-cv-ifield'><h4 class=\"pt-cv-title\"><a href=\"https:\/\/www.tvnovelas.com.br\/tvnews\/guerra-das-rosas-gulfem-coloca-gulru-contra-a-parede\/\" class=\"_self\" target=\"_self\" >Guerra das Rosas: Gulfem coloca Gulru contra a parede<\/a><\/h4><\/div><\/div>\n<div class=\"col-md-12 col-sm-12 col-xs-12 pt-cv-content-item pt-cv-1-col\" ><div class='pt-cv-ifield'><h4 class=\"pt-cv-title\"><a href=\"https:\/\/www.tvnovelas.com.br\/tvnews\/coracao-de-mae-atilla-diz-a-lale-que-quer-o-divorcio\/\" class=\"_self\" target=\"_self\" >Cora\u00e7\u00e3o de M\u00e3e: Atilla diz a Lale que quer o div\u00f3rcio<\/a><\/h4><\/div><\/div>\n<div class=\"col-md-12 col-sm-12 col-xs-12 pt-cv-content-item pt-cv-1-col\" ><div class='pt-cv-ifield'><h4 class=\"pt-cv-title\"><a href=\"https:\/\/www.tvnovelas.com.br\/tvnews\/a-nobreza-do-amor-mirinho-garante-noivado-com-virginia-para-atrair-sogro-a-negocio\/\" class=\"_self\" target=\"_self\" >A Nobreza do Amor: Mirinho garante noivado com Virg\u00ednia para atrair sogro a neg\u00f3cio<\/a><\/h4><\/div><\/div>\n<div class=\"col-md-12 col-sm-12 col-xs-12 pt-cv-content-item pt-cv-1-col\" ><div class='pt-cv-ifield'><h4 class=\"pt-cv-title\"><a href=\"https:\/\/www.tvnovelas.com.br\/tvnews\/tres-gracas-joaquim-propoe-fuga-a-arminda-com-o-dinheiro-das-tres-gracas\/\" class=\"_self\" target=\"_self\" >Tr\u00eas Gra\u00e7as:  Joaquim prop\u00f5e fuga a Arminda com o dinheiro das Tr\u00eas Gra\u00e7as<\/a><\/h4><\/div><\/div>\n<div class=\"col-md-12 col-sm-12 col-xs-12 pt-cv-content-item pt-cv-1-col\" ><div class='pt-cv-ifield'><h4 class=\"pt-cv-title\"><a href=\"https:\/\/www.tvnovelas.com.br\/tvnews\/coracao-de-mae-atilla-decide-abrir-o-jogo-com-karsu\/\" class=\"_self\" target=\"_self\" >Cora\u00e7\u00e3o de M\u00e3e: Atilla decide abrir o jogo com Karsu<\/a><\/h4><\/div><\/div>\n<div class=\"col-md-12 col-sm-12 col-xs-12 pt-cv-content-item pt-cv-1-col\" ><div class='pt-cv-ifield'><h4 class=\"pt-cv-title\"><a href=\"https:\/\/www.tvnovelas.com.br\/tvnews\/coracao-de-mae-adnan-e-preso-apos-denuncia-de-irmak\/\" class=\"_self\" target=\"_self\" >Em Cora\u00e7\u00e3o de M\u00e3e: Adnan \u00e9 preso ap\u00f3s denuncia de Irmak<\/a><\/h4><\/div><\/div>\n<div class=\"col-md-12 col-sm-12 col-xs-12 pt-cv-content-item pt-cv-1-col\" ><div class='pt-cv-ifield'><h4 class=\"pt-cv-title\"><a href=\"https:\/\/www.tvnovelas.com.br\/tvnews\/coracao-de-mae-atilla-forca-karsu-a-ouvir-suas-explicacoes\/\" class=\"_self\" target=\"_self\" >Cora\u00e7\u00e3o de M\u00e3e: Atilla for\u00e7a Karsu a ouvir suas explica\u00e7\u00f5es<\/a><\/h4><\/div><\/div>\n<div class=\"col-md-12 col-sm-12 col-xs-12 pt-cv-content-item pt-cv-1-col\" ><div class='pt-cv-ifield'><h4 class=\"pt-cv-title\"><a href=\"https:\/\/www.tvnovelas.com.br\/tvnews\/coracao-acelerado-mulher-choca-janete-ao-se-apresentar-como-amante-do-palhares\/\" class=\"_self\" target=\"_self\" >Cora\u00e7\u00e3o Acelerado: Mulher choca Janete ao se apresentar como amante do Palhares<\/a><\/h4><\/div><\/div>\n<div class=\"col-md-12 col-sm-12 col-xs-12 pt-cv-content-item pt-cv-1-col\" ><div class='pt-cv-ifield'><h4 class=\"pt-cv-title\"><a href=\"https:\/\/www.tvnovelas.com.br\/tvnews\/a-nobreza-do-amor-jendal-dobra-a-recompensa-por-alika\/\" class=\"_self\" target=\"_self\" >A Nobreza do Amor: Jendal dobra a recompensa por Alika<\/a><\/h4><\/div><\/div><\/div><\/div><\/div><br \/>\n<a href=\"https:\/\/www.tvnovelas.com.br\/novelas\/\"><strong>Confira os resumos da semana de todas novelas<\/strong><\/a><br \/>\n<a href=\"http:\/\/tvnovelas.com.br\/filmes\" target=\"_blank\" rel=\"noopener\">Veja tamb\u00e9m: Todas as telas: filmes e s\u00e9ries nos streamings<\/a><\/p>\n<h3>Confira tamb\u00e9m<\/h3>\n<p><a href=\"https:\/\/www.tvnovelas.com.br\/filmes\/\" target=\"_blank\" rel=\"noopener noreferrer\"><strong>Programa\u00e7\u00e3o de filmes na TV aberta<\/strong><\/a><br \/>\n<a href=\"https:\/\/caetenews.com.br\/semana\/filmes-da-globo-na-sessao-da-tarde-desta-semana\/\" target=\"_blank\" rel=\"noopener\"><strong>Confira os filmes da semana na Sess\u00e3o da Tarde<\/strong><\/a><br \/>\n<a href=\"https:\/\/www.tvnovelas.com.br\/novelas\/\" target=\"_blank\" rel=\"noopener noreferrer\"><strong>Resumos de novelas<\/strong><\/a><\/p>\n","protected":false},"excerpt":{"rendered":"<p>Em Vai na F\u00e9 na semana 03 a 08 de abril, Ben decide sair de casa depois de discutir com Lumiar; \ud835\udc13\ud835\udc21\ud835\udc1e\ud835\udc28 \ud835\udc2b\ud835\udc1e\ud835\udc2f\ud835\udc1e\ud835\udc25\ud835\udc1a \ud835\udc1a \ud835\udc0a\ud835\udc1a\ud835\udc2d\ud835\udc1e \ud835\udc2c\ud835\udc2e\ud835\udc1a \ud835\udc28\ud835\udc1b\ud835\udc2c\ud835\udc1e\ud835\udc2c\ud835\udc2c\u00e3\ud835\udc28 \ud835\udc29\ud835\udc28\ud835\udc2b \ud835\udc12\ud835\udc28\ud835\udc25; Jenifer confirma com Lumiar a possibilidade de Theo ser seu pai; \ud835\udc0f\ud835\udc2b\ud835\udc1e\ud835\udc2c\ud835\udc2c\ud835\udc22\ud835\udc28\ud835\udc27\ud835\udc1a\ud835\udc1d\ud835\udc1a, \ud835\udc12\ud835\udc28\ud835\udc25 \ud835\udc2b\ud835\udc1e\ud835\udc2f\ud835\udc1e\ud835\udc25\ud835\udc1a \ud835\udc1a \ud835\udc09\ud835\udc1e\ud835\udc27\ud835\udc22\ud835\udc1f\ud835\udc1e\ud835\udc2b \ud835\udc2a\ud835\udc2e\ud835\udc1e \ud835\udc01\ud835\udc1e\ud835\udc27 \u00e9 \ud835\udc2c\ud835\udc1e\ud835\udc2e \ud835\udc29\ud835\udc1a\ud835\udc22 \ud835\udc1b\ud835\udc22\ud835\udc28\ud835\udc25\u00f3\ud835\udc20\ud835\udc22\ud835\udc1c\ud835\udc28; Jenifer e Ben trocam um abra\u00e7o emocionado; Sol beija Lui&#8230;<\/p>\n","protected":false},"author":1,"featured_media":41186,"comment_status":"closed","ping_status":"closed","sticky":false,"template":"","format":"standard","meta":{"_uf_show_specific_survey":0,"_uf_disable_surveys":false,"_jetpack_memberships_contains_paid_content":false,"footnotes":"","_wp_rev_ctl_limit":""},"categories":[358],"tags":[5,64,359],"class_list":["post-41184","post","type-post","status-publish","format-standard","has-post-thumbnail","hentry","category-vai-na-fe","tag-globo","tag-novelas","tag-vai-na-fe","wpcat-358-id"],"aioseo_notices":[],"jetpack_featured_media_url":"https:\/\/i0.wp.com\/www.tvnovelas.com.br\/tvnews\/wp-content\/uploads\/2023\/04\/37266.jpg?fit=728%2C410&ssl=1","jetpack_shortlink":"https:\/\/wp.me\/pdP2BO-aIg","jetpack_sharing_enabled":true,"_links":{"self":[{"href":"https:\/\/www.tvnovelas.com.br\/tvnews\/wp-json\/wp\/v2\/posts\/41184","targetHints":{"allow":["GET"]}}],"collection":[{"href":"https:\/\/www.tvnovelas.com.br\/tvnews\/wp-json\/wp\/v2\/posts"}],"about":[{"href":"https:\/\/www.tvnovelas.com.br\/tvnews\/wp-json\/wp\/v2\/types\/post"}],"author":[{"embeddable":true,"href":"https:\/\/www.tvnovelas.com.br\/tvnews\/wp-json\/wp\/v2\/users\/1"}],"replies":[{"embeddable":true,"href":"https:\/\/www.tvnovelas.com.br\/tvnews\/wp-json\/wp\/v2\/comments?post=41184"}],"version-history":[{"count":3,"href":"https:\/\/www.tvnovelas.com.br\/tvnews\/wp-json\/wp\/v2\/posts\/41184\/revisions"}],"predecessor-version":[{"id":41225,"href":"https:\/\/www.tvnovelas.com.br\/tvnews\/wp-json\/wp\/v2\/posts\/41184\/revisions\/41225"}],"wp:featuredmedia":[{"embeddable":true,"href":"https:\/\/www.tvnovelas.com.br\/tvnews\/wp-json\/wp\/v2\/media\/41186"}],"wp:attachment":[{"href":"https:\/\/www.tvnovelas.com.br\/tvnews\/wp-json\/wp\/v2\/media?parent=41184"}],"wp:term":[{"taxonomy":"category","embeddable":true,"href":"https:\/\/www.tvnovelas.com.br\/tvnews\/wp-json\/wp\/v2\/categories?post=41184"},{"taxonomy":"post_tag","embeddable":true,"href":"https:\/\/www.tvnovelas.com.br\/tvnews\/wp-json\/wp\/v2\/tags?post=41184"}],"curies":[{"name":"wp","href":"https:\/\/api.w.org\/{rel}","templated":true}]}}