{"id":41603,"date":"2023-04-08T11:15:39","date_gmt":"2023-04-08T14:15:39","guid":{"rendered":"https:\/\/www.tvnovelas.com.br\/tvnews\/?p=41603"},"modified":"2023-04-08T11:23:23","modified_gmt":"2023-04-08T14:23:23","slug":"o-que-rola-em-vai-na-fe-na-semana-10-a-15-de-abril","status":"publish","type":"post","link":"https:\/\/www.tvnovelas.com.br\/tvnews\/o-que-rola-em-vai-na-fe-na-semana-10-a-15-de-abril\/","title":{"rendered":"O que rola em Vai na F\u00e9 na semana 10 a 15 de abril"},"content":{"rendered":"<p><em>O que rola em Vai na F\u00e9 na semana 10 a 15 de abril<\/em><br \/>\n<img data-recalc-dims=\"1\" decoding=\"async\" class=\"alignnone wp-image-41604 size-full\" title=\"(Foto : TV Globo\/Vai na F\u00e9)\" src=\"https:\/\/i0.wp.com\/www.tvnovelas.com.br\/tvnews\/wp-content\/uploads\/2023\/04\/37364c.jpg?resize=728%2C410&#038;ssl=1\" alt=\"Foto em Vai na F\u00e9 na semana 10 a 15 de abril\" width=\"728\" height=\"410\" srcset=\"https:\/\/i0.wp.com\/www.tvnovelas.com.br\/tvnews\/wp-content\/uploads\/2023\/04\/37364c.jpg?w=728&amp;ssl=1 728w, https:\/\/i0.wp.com\/www.tvnovelas.com.br\/tvnews\/wp-content\/uploads\/2023\/04\/37364c.jpg?resize=678%2C381&amp;ssl=1 678w\" sizes=\"(max-width: 728px) 100vw, 728px\" \/><\/p>\n<blockquote><p>\ud835\udc0b\ud835\udc2e\ud835\udc22 \ud835\udc29\ud835\udc1e\ud835\udc1d\ud835\udc1e \ud835\udc29\ud835\udc1a\ud835\udc2b\ud835\udc1a \ud835\udc27\ud835\udc1a\ud835\udc26\ud835\udc28\ud835\udc2b\ud835\udc1a\ud835\udc2b \ud835\udc12\ud835\udc28\ud835\udc25, Theo entra com processo reconhecimento de paternidade de Jenifer, \ud835\udc09\ud835\udc1e\ud835\udc27\ud835\udc22\ud835\udc1f\ud835\udc1e\ud835\udc2b \ud835\udc29\ud835\udc2b\ud835\udc28\ud835\udc2f\ud835\udc28\ud835\udc1c\ud835\udc1a \ud835\udc0b\ud835\udc2e\ud835\udc26\ud835\udc22\ud835\udc1a\ud835\udc2b, Ben discute com Lumiar e Theo por causa do processo de paternidade, \ud835\udc01\ud835\udc1e\ud835\udc27 \ud835\udc2d\ud835\udc1e\ud835\udc2b\ud835\udc26\ud835\udc22\ud835\udc27\ud835\udc1a \ud835\udc2c\ud835\udc1e\ud835\udc2e \ud835\udc1c\ud835\udc1a\ud835\udc2c\ud835\udc1a\ud835\udc26\ud835\udc1e\ud835\udc27\ud835\udc2d\ud835\udc28 \ud835\udc1c\ud835\udc28\ud835\udc26 \ud835\udc0b\ud835\udc2e\ud835\udc26\ud835\udc22\ud835\udc1a\ud835\udc2b, Theo seduz Lumiar&#8230;<\/p><\/blockquote>\n<p><strong>Resumo de segunda-feira, 10 de abril<\/strong><br \/>\nTheo tenta manipular Lumiar. Duda se enfurece ao saber que Ben \u00e9 o pai de Jenifer, e Sol tenta acalmar a menina. Jenifer v\u00ea fotos de Eduardo e fica constrangida. Clara tenta desabafar com Helena. Anthony e William ficam admirados com a interpreta\u00e7\u00e3o de \u00c9rika. Ben diz a Lumiar que o escrit\u00f3rio n\u00e3o ir\u00e1 representar Theo no processo de paternidade. Clara descobre as arma\u00e7\u00f5es de Theo e Rafa tenta consol\u00e1-la. Sol diz para Jenifer que n\u00e3o se relacionar\u00e1 novamente com Ben. Lumiar fica incomodada com a presen\u00e7a de Ben no clube de debate. \u00c9rika pede a ajuda de Wilma para um teste que ir\u00e1 fazer. Ben e Lumiar se enfrentam no clube de debates. Lui pede para namorar Sol.<\/p>\n<p><strong>Resumo de ter\u00e7a-feira, 11 de abril<\/strong><br \/>\nSol aceita namorar Lui escondido, e os dois se beijam. Jenifer n\u00e3o gosta de ver Ben e Lumiar pr\u00f3ximos. Lumiar pede para Ben voltar para casa. Dora consola a filha. Ben sonha com Lumiar e Sol mais jovens e acorda confuso. Wilma ensina \u00c9rika a interpretar. Sol se emociona com a surpresa que Lui prepara para ela no Charles Pierre. Clara decide sair com Theo e Rafa. Lumiar encontra Ben em casa arrumando a mala. Theo v\u00ea Sol e Lui juntos e fala mal dela para Clara. Marlene namora Hor\u00e1cio. Theo pressiona Lumiar para entrar com o processo de paternidade. Jenifer recebe uma notifica\u00e7\u00e3o de investiga\u00e7\u00e3o de paternidade movida por Theo, e Sol se desespera.<br \/>\n<img data-recalc-dims=\"1\" decoding=\"async\" class=\"alignnone wp-image-41605 size-full\" title=\"(Foto : TV Globo\/Vai na F\u00e9)\" src=\"https:\/\/i0.wp.com\/www.tvnovelas.com.br\/tvnews\/wp-content\/uploads\/2023\/04\/37363a.jpg?resize=728%2C410&#038;ssl=1\" alt=\"Foto em Vai na F\u00e9 na semana 10 a 15 de abril\" width=\"728\" height=\"410\" srcset=\"https:\/\/i0.wp.com\/www.tvnovelas.com.br\/tvnews\/wp-content\/uploads\/2023\/04\/37363a.jpg?w=728&amp;ssl=1 728w, https:\/\/i0.wp.com\/www.tvnovelas.com.br\/tvnews\/wp-content\/uploads\/2023\/04\/37363a.jpg?resize=678%2C381&amp;ssl=1 678w\" sizes=\"(max-width: 728px) 100vw, 728px\" \/><\/p>\n<p><strong>Resumo de quarta-feira, 12 de abril<\/strong><br \/>\nJenifer fala com Ben sobre a notifica\u00e7\u00e3o. Rafa ouve Lumiar, Clara e Theo falando sobre sua suposta irm\u00e3. Ben tenta apoiar Sol. Ben discute com Lumiar e Theo por causa do processo de paternidade. Sol e Lui namoram antes do ensaio. Jenifer discute com Theo no ICAES. Rafa resolve ir com Fred at\u00e9 a faculdade para falar com Jenifer. Kate decide vender sandu\u00edches no ICAES. Jenifer provoca Lumiar. Todos no est\u00fadio se emocionam com o teste de Wilma e \u00c9rika. Guiga discute com Fred. Kate \u00e9 repreendida pelo seguran\u00e7a do ICAES ao oferecer sandu\u00edche para Rafa.<\/p>\n<p><strong>Resumo de quinta-feira, 13 de abril<\/strong><br \/>\nRafa livra Kate do seguran\u00e7a do ICAES. Wilma e \u00c9rika n\u00e3o conseguem os pap\u00e9is para o filme. Rafa ajuda Kate a vender os sandu\u00edches. \u00c9rika faz fotos comprometedoras de William e Lui. Ben pro\u00edbe Fabr\u00edcio e Bia de ajuizar o processo de paternidade de Theo. Kate incentiva Rafa a voltar para a faculdade. Ben tem uma s\u00e9ria discuss\u00e3o com Theo. Fred se emociona quando Rafa avisa que planeja voltar a estudar. Jenifer conta para Kate que Rafa \u00e9 filho de Theo. \u00c9rika publica a foto que tirou de William e Lui. Lui leva Sol a uma praia de nudismo. Vitinho sugere que Lui fa\u00e7a um v\u00eddeo para abafar a not\u00edcia publicada por \u00c9rika. Wilma se surpreende quando ouve Lui dizer que est\u00e1 namorando.<br \/>\n<img data-recalc-dims=\"1\" decoding=\"async\" class=\"alignnone wp-image-41606 size-full\" title=\"(Foto : TV Globo\/Vai na F\u00e9)\" src=\"https:\/\/i0.wp.com\/www.tvnovelas.com.br\/tvnews\/wp-content\/uploads\/2023\/04\/37363.jpg?resize=728%2C409&#038;ssl=1\" alt=\"Foto em Vai na F\u00e9 na semana 10 a 15 de abril\" width=\"728\" height=\"409\" srcset=\"https:\/\/i0.wp.com\/www.tvnovelas.com.br\/tvnews\/wp-content\/uploads\/2023\/04\/37363.jpg?w=728&amp;ssl=1 728w, https:\/\/i0.wp.com\/www.tvnovelas.com.br\/tvnews\/wp-content\/uploads\/2023\/04\/37363.jpg?resize=678%2C381&amp;ssl=1 678w\" sizes=\"(max-width: 728px) 100vw, 728px\" \/><\/p>\n<p><strong>Resumo de sexta-feira, 14 de abril<\/strong><br \/>\nLui se recusa a contar para Wilma quem \u00e9 sua namorada. Sol n\u00e3o aceita expor seu namoro com Lui. Wilma manda Cid\u00e3o fotografar Ivy e Lui como se fossem namorados, e Sol fica enciumada. Tat\u00e1 explica como Kate pode se comunicar com Rafa. Lumiar avisa a Theo e Clara que deu entrada no processo de reconhecimento de paternidade de Jenifer. Vitinho mostra para Lui a repercuss\u00e3o do v\u00eddeo que ele fez para internet. Clara enfrenta Theo ap\u00f3s falar com Helena. Rafa se anima com o coment\u00e1rio de Kate. Clara se insinua para Orfeu, e Sheila alerta Theo. Marlene avisa que Jenifer recebeu uma intima\u00e7\u00e3o, e Sol se desespera. Theo flagra Clara e Orfeu.<\/p>\n<p><strong>Resumo de s\u00e1bado, 15 de abril<\/strong><br \/>\nTheo tenta agredir Orfeu. Jenifer recebe uma intima\u00e7\u00e3o e questiona Lumiar durante a aula. Sol afirma a Ben que n\u00e3o o traiu com Theo. Fred assiste \u00e0 aula do curso sobre ass\u00e9dio e viol\u00eancia contra a mulher. Dora n\u00e3o conta o resultado de seus exames para Lumiar. Fred se assusta ao perceber que Theo \u00e9 abusivo com Clara e comenta com Rafa, que fica mexido. Theo expulsa Orfeu de seu escrit\u00f3rio. Ben tenta tranquilizar Sol no tribunal. Uma nova audi\u00eancia \u00e9 marcada e Lumiar e Theo se enfurecem quando veem Ben apoiando Sol e Jenifer. F\u00e1bio se preocupa com a sa\u00fade de Dora. Ben termina seu casamento com Lumiar. Theo seduz Lumiar.<br \/>\n<a href=\"https:\/\/www.tvnovelas.com.br\/novelas\/resumos-de-vai-na-fe-2\/\">Confira os resumos de Vai na F\u00e9 da semana 17 a 22 de abril<\/a><br \/>\n<strong style=\"font-size: 120%;\">\u00daltimas not\u00edcias de Vai na F\u00e9:<\/strong><br \/>\n<div class=\"pt-cv-wrapper\"><div class=\"pt-cv-view pt-cv-grid pt-cv-colsys\" id=\"pt-cv-view-8080477fv3\"><div data-id=\"pt-cv-page-1\" class=\"pt-cv-page\" data-cvc=\"1\"><div class=\"col-md-12 col-sm-12 col-xs-12 pt-cv-content-item pt-cv-1-col\" ><div class='pt-cv-ifield'><h4 class=\"pt-cv-title\"><a href=\"https:\/\/www.tvnovelas.com.br\/tvnews\/vai-na-fe-sol-enfrenta-empresario-e-abre-show-de-lui\/\" class=\"_blank\" target=\"_blank\" >Vai na F\u00e9: Sol enfrenta empres\u00e1rio e abre show de Lui<\/a><\/h4><\/div><\/div>\n<div class=\"col-md-12 col-sm-12 col-xs-12 pt-cv-content-item pt-cv-1-col\" ><div class='pt-cv-ifield'><h4 class=\"pt-cv-title\"><a href=\"https:\/\/www.tvnovelas.com.br\/tvnews\/vai-na-fe-theo-muda-visual-e-mata-orfeu\/\" class=\"_blank\" target=\"_blank\" >Vai na F\u00e9: Theo muda visual e mata Orfeu<\/a><\/h4><\/div><\/div>\n<div class=\"col-md-12 col-sm-12 col-xs-12 pt-cv-content-item pt-cv-1-col\" ><div class='pt-cv-ifield'><h4 class=\"pt-cv-title\"><a href=\"https:\/\/www.tvnovelas.com.br\/tvnews\/vai-na-fe-sol-e-impedida-de-abrir-show-de-lui-lorenzo\/\" class=\"_blank\" target=\"_blank\" >Vai na F\u00e9: Sol \u00e9 impedida de abrir show de Lui Lorenzo<\/a><\/h4><\/div><\/div>\n<div class=\"col-md-12 col-sm-12 col-xs-12 pt-cv-content-item pt-cv-1-col\" ><div class='pt-cv-ifield'><h4 class=\"pt-cv-title\"><a href=\"https:\/\/www.tvnovelas.com.br\/tvnews\/vai-na-fe-ben-descobre-envolvimento-de-theo-na-morte-de-carlao\/\" class=\"_blank\" target=\"_blank\" >Vai na F\u00e9: Ben descobre envolvimento de Theo na morte de Carl\u00e3o<\/a><\/h4><\/div><\/div>\n<div class=\"col-md-12 col-sm-12 col-xs-12 pt-cv-content-item pt-cv-1-col\" ><div class='pt-cv-ifield'><h4 class=\"pt-cv-title\"><a href=\"https:\/\/www.tvnovelas.com.br\/tvnews\/vai-na-fe-orfeu-erra-o-tiro-e-theo-atropela-o-ex-socio\/\" class=\"_blank\" target=\"_blank\" >Vai na F\u00e9: Orfeu erra o tiro e Theo atropela o ex-s\u00f3cio<\/a><\/h4><\/div><\/div>\n<div class=\"col-md-12 col-sm-12 col-xs-12 pt-cv-content-item pt-cv-1-col\" ><div class='pt-cv-ifield'><h4 class=\"pt-cv-title\"><a href=\"https:\/\/www.tvnovelas.com.br\/tvnews\/vai-na-fe-orfeu-traido-por-theo-promete-vinganca\/\" class=\"_blank\" target=\"_blank\" >Vai na F\u00e9: Orfeu tra\u00eddo por Theo promete vingan\u00e7a<\/a><\/h4><\/div><\/div><\/div><\/div><\/div><br \/>\n<strong style=\"font-size: 120%;\">\u00daltimas not\u00edcias deste canal:<\/strong><br \/>\n<div class=\"pt-cv-wrapper\"><div class=\"pt-cv-view pt-cv-grid pt-cv-colsys\" id=\"pt-cv-view-90991035b3\"><div data-id=\"pt-cv-page-1\" class=\"pt-cv-page\" data-cvc=\"1\"><div class=\"col-md-12 col-sm-12 col-xs-12 pt-cv-content-item pt-cv-1-col\" ><div class='pt-cv-ifield'><h4 class=\"pt-cv-title\"><a href=\"https:\/\/www.tvnovelas.com.br\/tvnews\/coracao-de-mae-irmak-inicia-jogo-arriscado-contra-adnan\/\" class=\"_self\" target=\"_self\" >Cora\u00e7\u00e3o de M\u00e3e: Irmak inicia jogo arriscado contra Adnan<\/a><\/h4><\/div><\/div>\n<div class=\"col-md-12 col-sm-12 col-xs-12 pt-cv-content-item pt-cv-1-col\" ><div class='pt-cv-ifield'><h4 class=\"pt-cv-title\"><a href=\"https:\/\/www.tvnovelas.com.br\/tvnews\/guerra-das-rosas-omer-chama-gulru-vestida-de-noiva-para-fugir\/\" class=\"_self\" target=\"_self\" >Guerra das Rosas: Omer chama Gulru vestida de noiva para fugir<\/a><\/h4><\/div><\/div>\n<div class=\"col-md-12 col-sm-12 col-xs-12 pt-cv-content-item pt-cv-1-col\" ><div class='pt-cv-ifield'><h4 class=\"pt-cv-title\"><a href=\"https:\/\/www.tvnovelas.com.br\/tvnews\/coracao-de-mae-reha-sai-para-jantar-com-selvi\/\" class=\"_self\" target=\"_self\" >Cora\u00e7\u00e3o de M\u00e3e: Reha sai para jantar com Selvi<\/a><\/h4><\/div><\/div>\n<div class=\"col-md-12 col-sm-12 col-xs-12 pt-cv-content-item pt-cv-1-col\" ><div class='pt-cv-ifield'><h4 class=\"pt-cv-title\"><a href=\"https:\/\/www.tvnovelas.com.br\/tvnews\/coracao-acelerado-zila-se-preocupa-com-sua-situacao-apos-separacao\/\" class=\"_self\" target=\"_self\" >Cora\u00e7\u00e3o Acelerado: Zil\u00e1 se preocupa com sua situa\u00e7\u00e3o ap\u00f3s separa\u00e7\u00e3o<\/a><\/h4><\/div><\/div>\n<div class=\"col-md-12 col-sm-12 col-xs-12 pt-cv-content-item pt-cv-1-col\" ><div class='pt-cv-ifield'><h4 class=\"pt-cv-title\"><a href=\"https:\/\/www.tvnovelas.com.br\/tvnews\/a-nobreza-do-amor-tonho-nao-se-curva-diante-de-mirinho\/\" class=\"_self\" target=\"_self\" >A Nobreza do Amor: Tonho n\u00e3o se curva diante de Mirinho<\/a><\/h4><\/div><\/div>\n<div class=\"col-md-12 col-sm-12 col-xs-12 pt-cv-content-item pt-cv-1-col\" ><div class='pt-cv-ifield'><h4 class=\"pt-cv-title\"><a href=\"https:\/\/www.tvnovelas.com.br\/tvnews\/tres-gracas-arminda-surta-ao-confirmar-que-ferette-e-pai-de-raul\/\" class=\"_self\" target=\"_self\" >Tr\u00eas Gra\u00e7as:  Arminda surta ao confirmar que Ferette \u00e9 pai de Raul<\/a><\/h4><\/div><\/div>\n<div class=\"col-md-12 col-sm-12 col-xs-12 pt-cv-content-item pt-cv-1-col\" ><div class='pt-cv-ifield'><h4 class=\"pt-cv-title\"><a href=\"https:\/\/www.tvnovelas.com.br\/tvnews\/coracao-de-mae-atilla-confronta-hasan-e-exige-o-divorcio-de-lale\/\" class=\"_self\" target=\"_self\" >Cora\u00e7\u00e3o de M\u00e3e: Atilla confronta Hasan e exige o div\u00f3rcio de Lale<\/a><\/h4><\/div><\/div>\n<div class=\"col-md-12 col-sm-12 col-xs-12 pt-cv-content-item pt-cv-1-col\" ><div class='pt-cv-ifield'><h4 class=\"pt-cv-title\"><a href=\"https:\/\/www.tvnovelas.com.br\/tvnews\/guerra-das-rosas-gulfem-coloca-gulru-contra-a-parede\/\" class=\"_self\" target=\"_self\" >Guerra das Rosas: Gulfem coloca Gulru contra a parede<\/a><\/h4><\/div><\/div>\n<div class=\"col-md-12 col-sm-12 col-xs-12 pt-cv-content-item pt-cv-1-col\" ><div class='pt-cv-ifield'><h4 class=\"pt-cv-title\"><a href=\"https:\/\/www.tvnovelas.com.br\/tvnews\/coracao-de-mae-atilla-diz-a-lale-que-quer-o-divorcio\/\" class=\"_self\" target=\"_self\" >Cora\u00e7\u00e3o de M\u00e3e: Atilla diz a Lale que quer o div\u00f3rcio<\/a><\/h4><\/div><\/div>\n<div class=\"col-md-12 col-sm-12 col-xs-12 pt-cv-content-item pt-cv-1-col\" ><div class='pt-cv-ifield'><h4 class=\"pt-cv-title\"><a href=\"https:\/\/www.tvnovelas.com.br\/tvnews\/a-nobreza-do-amor-mirinho-garante-noivado-com-virginia-para-atrair-sogro-a-negocio\/\" class=\"_self\" target=\"_self\" >A Nobreza do Amor: Mirinho garante noivado com Virg\u00ednia para atrair sogro a neg\u00f3cio<\/a><\/h4><\/div><\/div><\/div><\/div><\/div><br \/>\n<a href=\"https:\/\/www.tvnovelas.com.br\/novelas\/\"><strong>Confira os resumos da semana de todas novelas<\/strong><\/a><br \/>\n<a href=\"http:\/\/tvnovelas.com.br\/filmes\" target=\"_blank\" rel=\"noopener\">Veja tamb\u00e9m: Todas as telas: filmes e s\u00e9ries nos streamings<\/a><\/p>\n<h3>Confira tamb\u00e9m<\/h3>\n<p><a href=\"https:\/\/www.tvnovelas.com.br\/filmes\/\" target=\"_blank\" rel=\"noopener noreferrer\"><strong>Programa\u00e7\u00e3o de filmes na TV aberta<\/strong><\/a><br \/>\n<a href=\"https:\/\/caetenews.com.br\/semana\/filmes-da-globo-na-sessao-da-tarde-desta-semana\/\" target=\"_blank\" rel=\"noopener\"><strong>Confira os filmes da semana na Sess\u00e3o da Tarde<\/strong><\/a><br \/>\n<a href=\"https:\/\/www.tvnovelas.com.br\/novelas\/\" target=\"_blank\" rel=\"noopener noreferrer\"><strong>Resumos de novelas<\/strong><\/a><\/p>\n","protected":false},"excerpt":{"rendered":"<p>Em Vai na F\u00e9 na semana 10 a 15 de abril, \ud835\udc0b\ud835\udc2e\ud835\udc22 \ud835\udc29\ud835\udc1e\ud835\udc1d\ud835\udc1e \ud835\udc29\ud835\udc1a\ud835\udc2b\ud835\udc1a \ud835\udc27\ud835\udc1a\ud835\udc26\ud835\udc28\ud835\udc2b\ud835\udc1a\ud835\udc2b \ud835\udc12\ud835\udc28\ud835\udc25, Theo entra com processo reconhecimento de paternidade de Jenifer, \ud835\udc09\ud835\udc1e\ud835\udc27\ud835\udc22\ud835\udc1f\ud835\udc1e\ud835\udc2b \ud835\udc29\ud835\udc2b\ud835\udc28\ud835\udc2f\ud835\udc28\ud835\udc1c\ud835\udc1a \ud835\udc0b\ud835\udc2e\ud835\udc26\ud835\udc22\ud835\udc1a\ud835\udc2b, Ben discute com Lumiar e Theo por causa do processo de paternidade, \ud835\udc01\ud835\udc1e\ud835\udc27 \ud835\udc2d\ud835\udc1e\ud835\udc2b\ud835\udc26\ud835\udc22\ud835\udc27\ud835\udc1a \ud835\udc2c\ud835\udc1e\ud835\udc2e \ud835\udc1c\ud835\udc1a\ud835\udc2c\ud835\udc1a\ud835\udc26\ud835\udc1e\ud835\udc27\ud835\udc2d\ud835\udc28 \ud835\udc1c\ud835\udc28\ud835\udc26 \ud835\udc0b\ud835\udc2e\ud835\udc26\ud835\udc22\ud835\udc1a\ud835\udc2b, Theo seduz Lumiar&#8230;<\/p>\n","protected":false},"author":1,"featured_media":41604,"comment_status":"closed","ping_status":"closed","sticky":false,"template":"","format":"standard","meta":{"_uf_show_specific_survey":0,"_uf_disable_surveys":false,"_jetpack_memberships_contains_paid_content":false,"footnotes":"","_wp_rev_ctl_limit":""},"categories":[358],"tags":[5,64,359],"class_list":["post-41603","post","type-post","status-publish","format-standard","has-post-thumbnail","hentry","category-vai-na-fe","tag-globo","tag-novelas","tag-vai-na-fe","wpcat-358-id"],"aioseo_notices":[],"jetpack_featured_media_url":"https:\/\/i0.wp.com\/www.tvnovelas.com.br\/tvnews\/wp-content\/uploads\/2023\/04\/37364c.jpg?fit=728%2C410&ssl=1","jetpack_shortlink":"https:\/\/wp.me\/pdP2BO-aP1","jetpack_sharing_enabled":true,"_links":{"self":[{"href":"https:\/\/www.tvnovelas.com.br\/tvnews\/wp-json\/wp\/v2\/posts\/41603","targetHints":{"allow":["GET"]}}],"collection":[{"href":"https:\/\/www.tvnovelas.com.br\/tvnews\/wp-json\/wp\/v2\/posts"}],"about":[{"href":"https:\/\/www.tvnovelas.com.br\/tvnews\/wp-json\/wp\/v2\/types\/post"}],"author":[{"embeddable":true,"href":"https:\/\/www.tvnovelas.com.br\/tvnews\/wp-json\/wp\/v2\/users\/1"}],"replies":[{"embeddable":true,"href":"https:\/\/www.tvnovelas.com.br\/tvnews\/wp-json\/wp\/v2\/comments?post=41603"}],"version-history":[{"count":4,"href":"https:\/\/www.tvnovelas.com.br\/tvnews\/wp-json\/wp\/v2\/posts\/41603\/revisions"}],"predecessor-version":[{"id":41680,"href":"https:\/\/www.tvnovelas.com.br\/tvnews\/wp-json\/wp\/v2\/posts\/41603\/revisions\/41680"}],"wp:featuredmedia":[{"embeddable":true,"href":"https:\/\/www.tvnovelas.com.br\/tvnews\/wp-json\/wp\/v2\/media\/41604"}],"wp:attachment":[{"href":"https:\/\/www.tvnovelas.com.br\/tvnews\/wp-json\/wp\/v2\/media?parent=41603"}],"wp:term":[{"taxonomy":"category","embeddable":true,"href":"https:\/\/www.tvnovelas.com.br\/tvnews\/wp-json\/wp\/v2\/categories?post=41603"},{"taxonomy":"post_tag","embeddable":true,"href":"https:\/\/www.tvnovelas.com.br\/tvnews\/wp-json\/wp\/v2\/tags?post=41603"}],"curies":[{"name":"wp","href":"https:\/\/api.w.org\/{rel}","templated":true}]}}