{"id":41624,"date":"2023-04-08T14:15:13","date_gmt":"2023-04-08T17:15:13","guid":{"rendered":"https:\/\/www.tvnovelas.com.br\/tvnews\/?p=41624"},"modified":"2023-04-08T15:19:41","modified_gmt":"2023-04-08T18:19:41","slug":"o-que-pinta-em-poliana-moca-na-semana-10-a-15-de-abril","status":"publish","type":"post","link":"https:\/\/www.tvnovelas.com.br\/tvnews\/o-que-pinta-em-poliana-moca-na-semana-10-a-15-de-abril\/","title":{"rendered":"O que pinta em Poliana Mo\u00e7a na semana 10 a 15 de abril"},"content":{"rendered":"<p><em>Resumos de Poliana Mo\u00e7a na semana 10 a 15 de abril<\/em><\/p>\n<blockquote><p>Ti\u00e3o captura Jo\u00e3o e o leva para o Cear\u00e1; Poliana arruma a mala alegando que vai para o Cear\u00e1; Jo\u00e3o salva Ti\u00e3o de acidente na escada; Ti\u00e3o pede para Jo\u00e3o fugir e n\u00e3o revelar o local dele&#8230; Celeste admite \u00e0 Raquel a sedu\u00e7\u00e3o a Andr\u00e9 e diz que ele \u00e9 um cafajeste&#8230;<\/p><\/blockquote>\n<p><img data-recalc-dims=\"1\" decoding=\"async\" class=\"alignnone wp-image-41682 size-full\" title=\"(Foto: SBT\/Poliana Mo\u00e7a)\" src=\"https:\/\/i0.wp.com\/www.tvnovelas.com.br\/tvnews\/wp-content\/uploads\/2023\/04\/37381.jpg?resize=728%2C409&#038;ssl=1\" alt=\"Foto em Poliana Mo\u00e7a na semana 10 a 15 de abril....\" width=\"728\" height=\"409\" srcset=\"https:\/\/i0.wp.com\/www.tvnovelas.com.br\/tvnews\/wp-content\/uploads\/2023\/04\/37381.jpg?w=728&amp;ssl=1 728w, https:\/\/i0.wp.com\/www.tvnovelas.com.br\/tvnews\/wp-content\/uploads\/2023\/04\/37381.jpg?resize=678%2C381&amp;ssl=1 678w\" sizes=\"(max-width: 728px) 100vw, 728px\" \/><br \/>\n<strong>Resumo de segunda-feira, 10 de abril<\/strong><br \/>\nDavi explica para Eug\u00eania que se Zezinho for o pai biol\u00f3gico de Pedro e Chloe, ele tem o direito de conviver com as crian\u00e7as. Andr\u00e9 recebe o v\u00eddeo de Chayene no momento que recebe o urso de pel\u00facia e fica preocupado se Raquel vai receber tamb\u00e9m. Ti\u00e3o captura Jo\u00e3o e arrasta o garoto para o sagu\u00e3o do aeroporto. Ti\u00e3o leva Jo\u00e3o para o Cear\u00e1. Ruth, Lu\u00edsa e Otto chegam em seguida e procuram voos para o Cear\u00e1. Andr\u00e9 fica preocupado com a origem dessa Chayene, Formiga sugere para Andr\u00e9 encontrar a menina para ver quem ela \u00e9. Pessoalmente, Edite agradece Renato pela tarde que passaram juntos e por explicar todo o sistema da Escola Ruth Goulart. Edite pede mais um encontro com Renato, ele aceita, mas pede para n\u00e3o contar para Ruth. Nanci depara com Celeste na rua, esbarra com ela e Celeste derruba a bolsa, deixando cair uma peruca loira. Otto vai para casa e avisa Poliana que Ti\u00e3o fugiu com Jo\u00e3o. Celeste veste a peruca, coloca celular escondido e grava momento com Andr\u00e9. Desconhecendo ser Celeste, o cowboy devolve o urso de pel\u00facia e pede para ela n\u00e3o o procurar mais. Poliana implora para Otto ir para o Cear\u00e1, mas o pai n\u00e3o gosta da ideia. Os g\u00eameos ficam preocupados porque Lorena est\u00e1 fazendo muita maquiagem por inseguran\u00e7a do corpo. Raquel recebe imagens de Andr\u00e9 com Chayne. Raquel mostra o v\u00eddeo de Andr\u00e9 para Brenda e chora acreditando em uma poss\u00edvel trai\u00e7\u00e3o.<\/p>\n<p><strong>Resumo de ter\u00e7a-feira, 11 de abril<\/strong><br \/>\nO delegado aprova o plano de Gleyce contra T\u00e2nia e pede para Gleyce avisar um capanga que se o Cobra n\u00e3o se encontrar com ela, ela vai fechar o CLL e colocar a culpa no l\u00edder da comunidade. Ruth e Lu\u00edsa j\u00e1 est\u00e3o hospedadas em um hotel no Cear\u00e1 em busca por Jo\u00e3o. Na mans\u00e3o em S\u00e3o Paulo, Poliana arruma a mala alegando que vai para o Cear\u00e1. Ti\u00e3o leva Jo\u00e3o para uma casa remota no meio do sert\u00e3o. Raquel n\u00e3o acredita nas desculpas de Andr\u00e9 e termina o namoro. Celeste nota que Raquel n\u00e3o namora mais Andr\u00e9 e fica muito feliz. Na \u201cLuc4Tech\u201d, Brenda pede para Raquel considerar que Andr\u00e9 esteja falando a verdade, Celeste chega na conversa e finge ser amiga para confortar Raquel. Ti\u00e3o obriga Jo\u00e3o a ajud\u00e1-lo a arrumar o telhado. Poliana relembra como conheceu Jo\u00e3o l\u00e1 no Cear\u00e1. Com ajuda do Pin\u00f3quio, Poliana tenta buscar por contatos no Cear\u00e1. Jo\u00e3o questiona como Ti\u00e3o conseguiu o peda\u00e7o de terra, sendo que nem tinha o que comer.<br \/>\n<img data-recalc-dims=\"1\" decoding=\"async\" class=\"alignnone wp-image-41683 size-full\" title=\"(Foto: Reprodu\u00e7\u00e3o\/SBT\/Poliana Mo\u00e7a)\" src=\"https:\/\/i0.wp.com\/www.tvnovelas.com.br\/tvnews\/wp-content\/uploads\/2023\/04\/37379.jpg?resize=728%2C410&#038;ssl=1\" alt=\"Foto em Poliana Mo\u00e7a na semana 10 a 15 de abril\" width=\"728\" height=\"410\" srcset=\"https:\/\/i0.wp.com\/www.tvnovelas.com.br\/tvnews\/wp-content\/uploads\/2023\/04\/37379.jpg?w=728&amp;ssl=1 728w, https:\/\/i0.wp.com\/www.tvnovelas.com.br\/tvnews\/wp-content\/uploads\/2023\/04\/37379.jpg?resize=678%2C381&amp;ssl=1 678w\" sizes=\"(max-width: 728px) 100vw, 728px\" \/><\/p>\n<p><strong>Resumo de quarta-feira, 12 de abril<\/strong><br \/>\nJo\u00e3o avista um carro de um comerciante passando pela regi\u00e3o e tenta pedir socorro; Ti\u00e3o surge no momento e afasta Jo\u00e3o. Poliana se comunica com um parente no Cear\u00e1. Andr\u00e9 insiste em conversar com Raquel. Otto avisa a Poliana que a filha vai junto com ele at\u00e9 o Cear\u00e1. Henrique alerta Lorena que seu desempenho na aula declinou muito. Ruth e Lu\u00edsa buscam por informa\u00e7\u00f5es de Jo\u00e3o na rua; elas notam que est\u00e3o sendo monitoradas e seguidas por um homem. Jo\u00e3o tenta roubar o celular do Ti\u00e3o. Eug\u00eania e Davi prop\u00f5em um teste de DNA para identificar se, de fato, Zezinho \u00e9 pai das crian\u00e7as. Otto e Poliana chegam no Cear\u00e1 e se encontram com Ruth e Lu\u00edsa. T\u00e2nia \u00e9 informada de tudo e sabe que toda fam\u00edlia de Poliana est\u00e1 no Cear\u00e1 atr\u00e1s do Jo\u00e3o. Gleyce joga isca para capanga de Cobra e declara que quer falar com o chefe. Um dos amigos da m\u00e3e de Poliana liga para ela e passa o endere\u00e7o de um primo do Ti\u00e3o, mal ela sabe que esse contato \u00e9 um capanga do Cobra disfar\u00e7ado. Ti\u00e3o sobe no telhado, a escada quebra e ele fica pendurado nas alturas entre a vida e a morte.<\/p>\n<p><strong>Resumo de quinta-feira, 13 de abril<\/strong><br \/>\nNanci conversa com Raquel sobre Andr\u00e9 e pede para ela dar uma chance para ele se explicar. Jo\u00e3o decide salvar Ti\u00e3o. Atrav\u00e9s do v\u00eddeo, Nanci reconhece a peruca da Celeste e notifica Raquel. Nanci fala que Celeste tamb\u00e9m estava com a mesma roupa. Otto e fam\u00edlia v\u00e3o atr\u00e1s do endere\u00e7o que foram informados, eles percebem que ca\u00edram em uma emboscada. Um capanga do Cobra segue a fam\u00edlia de Poliana. Como forma de agradecimento por salvar a vida, Ti\u00e3o conta para Jo\u00e3o que prometeram dinheiro e que queriam se vingar dele; Jo\u00e3o suspeita de T\u00e2nia. Ti\u00e3o pede para Jo\u00e3o fugir e n\u00e3o revelar o local dele. Otto e fam\u00edlia viram ref\u00e9ns; o bandido pega chave do carro e celulares, alertando que se eles continuarem atr\u00e1s do Jo\u00e3o tudo vai piorar. Jo\u00e3o tenta sobreviver no sol do sert\u00e3o. Raquel fala para Andr\u00e9 que Celeste armou toda sedu\u00e7\u00e3o e pede desculpa. Desidratado e cansado, Jo\u00e3o desmaia. Eug\u00eania e Davi conversam com os filhos que existe a possibilidade do Zezinho ser pai deles; Pedro n\u00e3o gosta da ideia. Jo\u00e3o machuca o p\u00e9. Otto, Lu\u00edsa, Ruth e Poliana mostram sinal de f\u00e9 diante da situa\u00e7\u00e3o de sobreviv\u00eancia.<br \/>\n<img data-recalc-dims=\"1\" decoding=\"async\" class=\"alignnone wp-image-41684 size-full\" title=\"(Foto: Reprodu\u00e7\u00e3o\/SBT\/Poliana Mo\u00e7a)\" src=\"https:\/\/i0.wp.com\/www.tvnovelas.com.br\/tvnews\/wp-content\/uploads\/2023\/04\/37380.jpg?resize=728%2C410&#038;ssl=1\" alt=\"Foto em Poliana Mo\u00e7a na semana 10 a 15 de abril...\" width=\"728\" height=\"410\" srcset=\"https:\/\/i0.wp.com\/www.tvnovelas.com.br\/tvnews\/wp-content\/uploads\/2023\/04\/37380.jpg?w=728&amp;ssl=1 728w, https:\/\/i0.wp.com\/www.tvnovelas.com.br\/tvnews\/wp-content\/uploads\/2023\/04\/37380.jpg?resize=678%2C381&amp;ssl=1 678w\" sizes=\"(max-width: 728px) 100vw, 728px\" \/><\/p>\n<p><strong>Resumo de sexta-feira, 14 de abril<\/strong><br \/>\nPara acessar o laborat\u00f3rio, Pin\u00f3quio tranca Sara no arm\u00e1rio. Celeste vai at\u00e9 a padaria para provocar Andr\u00e9, ele diz que voltou com Raquel e Celeste fica surpresa. Pin\u00f3quio conecta com as c\u00e2meras de seguran\u00e7a da \u2018Luc4Tech\u2019 e invade o sistema do LUC2. Pedro fala para Eug\u00eania que tem medo do Zezinho levar ele e Chloe para longe. Pin\u00f3quio consegue trazer LUC2 para casa. O carro do comerciante, o mesmo que encontrou Jo\u00e3o, passa por Otto e fam\u00edlia; o rapaz diz que se for pago vai ajud\u00e1-los. Celeste resolve admitir \u00e0 Raquel sobre perfil falso e sedu\u00e7\u00e3o no Andr\u00e9, mas alega que fez isso pelo bem, porque Andr\u00e9 \u00e9 um cafajeste. Com o celular do comerciante, Otto consegue ligar para pol\u00edcia. O comerciante conserta o carro de Otto. Poliana mostra para o comerciante a foto de Jo\u00e3o e Ti\u00e3o; o homem reconhece Jo\u00e3o e passa a localiza\u00e7\u00e3o do garoto. Abandonado no sert\u00e3o, Jo\u00e3o dorme e sonha com a m\u00e3e. Lorena perde o hor\u00e1rio da aula para se maquiar; Durval nota a cena e a pro\u00edbe de se maquiar. A pol\u00edcia escolta o carro de Otto at\u00e9 a dire\u00e7\u00e3o da casa de Ti\u00e3o.<\/p>\n<p><strong>Resumo de s\u00e1bado, 15 de abril<\/strong><br \/>\nResumo dos cap\u00edtulos da semana<br \/>\n<strong>\u00daltimas not\u00edcias de &#8216;Poliana Mo\u00e7a&#8217;:<\/strong><br \/>\n<div class=\"pt-cv-wrapper\"><div class=\"pt-cv-view pt-cv-grid pt-cv-colsys\" id=\"pt-cv-view-6c60cc7jat\"><div data-id=\"pt-cv-page-1\" class=\"pt-cv-page\" data-cvc=\"1\"><div class=\"col-md-12 col-sm-12 col-xs-12 pt-cv-content-item pt-cv-1-col\" ><div class='pt-cv-ifield'><h4 class=\"pt-cv-title\"><a href=\"https:\/\/www.tvnovelas.com.br\/tvnews\/poliana-moca-renato-descobre-a-fraude-de-song\/\" class=\"_self\" target=\"_self\" >Poliana Mo\u00e7a: Renato descobre a fraude de Song<\/a><\/h4><\/div><\/div>\n<div class=\"col-md-12 col-sm-12 col-xs-12 pt-cv-content-item pt-cv-1-col\" ><div class='pt-cv-ifield'><h4 class=\"pt-cv-title\"><a href=\"https:\/\/www.tvnovelas.com.br\/tvnews\/poliana-moca-celeste-e-formiga-flertam\/\" class=\"_self\" target=\"_self\" >Poliana Mo\u00e7a: Celeste e Formiga flertam<\/a><\/h4><\/div><\/div>\n<div class=\"col-md-12 col-sm-12 col-xs-12 pt-cv-content-item pt-cv-1-col\" ><div class='pt-cv-ifield'><h4 class=\"pt-cv-title\"><a href=\"https:\/\/www.tvnovelas.com.br\/tvnews\/poliana-moca-celeste-pede-a-ajuda-de-gloria\/\" class=\"_self\" target=\"_self\" >Poliana Mo\u00e7a: Celeste pede a ajuda de Gl\u00f3ria<\/a><\/h4><\/div><\/div>\n<div class=\"col-md-12 col-sm-12 col-xs-12 pt-cv-content-item pt-cv-1-col\" ><div class='pt-cv-ifield'><h4 class=\"pt-cv-title\"><a href=\"https:\/\/www.tvnovelas.com.br\/tvnews\/poliana-moca-otto-fica-bravo-ao-encontrar-celeste-na-casa-dele\/\" class=\"_self\" target=\"_self\" >Poliana Mo\u00e7a: Otto fica bravo ao encontrar Celeste na casa dele<\/a><\/h4><\/div><\/div><\/div><\/div><\/div><br \/>\n<strong style=\"font-size: 120%;\">\u00daltimas not\u00edcias deste canal:<\/strong><br \/>\n<div class=\"pt-cv-wrapper\"><div class=\"pt-cv-view pt-cv-grid pt-cv-colsys\" id=\"pt-cv-view-90991035b3\"><div data-id=\"pt-cv-page-1\" class=\"pt-cv-page\" data-cvc=\"1\"><div class=\"col-md-12 col-sm-12 col-xs-12 pt-cv-content-item pt-cv-1-col\" ><div class='pt-cv-ifield'><h4 class=\"pt-cv-title\"><a href=\"https:\/\/www.tvnovelas.com.br\/tvnews\/guerra-das-rosas-omer-chama-gulru-vestida-de-noiva-para-fugir\/\" class=\"_self\" target=\"_self\" >Guerra das Rosas: Omer chama Gulru vestida de noiva para fugir<\/a><\/h4><\/div><\/div>\n<div class=\"col-md-12 col-sm-12 col-xs-12 pt-cv-content-item pt-cv-1-col\" ><div class='pt-cv-ifield'><h4 class=\"pt-cv-title\"><a href=\"https:\/\/www.tvnovelas.com.br\/tvnews\/coracao-de-mae-reha-sai-para-jantar-com-selvi\/\" class=\"_self\" target=\"_self\" >Cora\u00e7\u00e3o de M\u00e3e: Reha sai para jantar com Selvi<\/a><\/h4><\/div><\/div>\n<div class=\"col-md-12 col-sm-12 col-xs-12 pt-cv-content-item pt-cv-1-col\" ><div class='pt-cv-ifield'><h4 class=\"pt-cv-title\"><a href=\"https:\/\/www.tvnovelas.com.br\/tvnews\/coracao-acelerado-zila-se-preocupa-com-sua-situacao-apos-separacao\/\" class=\"_self\" target=\"_self\" >Cora\u00e7\u00e3o Acelerado: Zil\u00e1 se preocupa com sua situa\u00e7\u00e3o ap\u00f3s separa\u00e7\u00e3o<\/a><\/h4><\/div><\/div>\n<div class=\"col-md-12 col-sm-12 col-xs-12 pt-cv-content-item pt-cv-1-col\" ><div class='pt-cv-ifield'><h4 class=\"pt-cv-title\"><a href=\"https:\/\/www.tvnovelas.com.br\/tvnews\/a-nobreza-do-amor-tonho-nao-se-curva-diante-de-mirinho\/\" class=\"_self\" target=\"_self\" >A Nobreza do Amor: Tonho n\u00e3o se curva diante de Mirinho<\/a><\/h4><\/div><\/div>\n<div class=\"col-md-12 col-sm-12 col-xs-12 pt-cv-content-item pt-cv-1-col\" ><div class='pt-cv-ifield'><h4 class=\"pt-cv-title\"><a href=\"https:\/\/www.tvnovelas.com.br\/tvnews\/tres-gracas-arminda-surta-ao-confirmar-que-ferette-e-pai-de-raul\/\" class=\"_self\" target=\"_self\" >Tr\u00eas Gra\u00e7as:  Arminda surta ao confirmar que Ferette \u00e9 pai de Raul<\/a><\/h4><\/div><\/div>\n<div class=\"col-md-12 col-sm-12 col-xs-12 pt-cv-content-item pt-cv-1-col\" ><div class='pt-cv-ifield'><h4 class=\"pt-cv-title\"><a href=\"https:\/\/www.tvnovelas.com.br\/tvnews\/coracao-de-mae-atilla-confronta-hasan-e-exige-o-divorcio-de-lale\/\" class=\"_self\" target=\"_self\" >Cora\u00e7\u00e3o de M\u00e3e: Atilla confronta Hasan e exige o div\u00f3rcio de Lale<\/a><\/h4><\/div><\/div>\n<div class=\"col-md-12 col-sm-12 col-xs-12 pt-cv-content-item pt-cv-1-col\" ><div class='pt-cv-ifield'><h4 class=\"pt-cv-title\"><a href=\"https:\/\/www.tvnovelas.com.br\/tvnews\/guerra-das-rosas-gulfem-coloca-gulru-contra-a-parede\/\" class=\"_self\" target=\"_self\" >Guerra das Rosas: Gulfem coloca Gulru contra a parede<\/a><\/h4><\/div><\/div>\n<div class=\"col-md-12 col-sm-12 col-xs-12 pt-cv-content-item pt-cv-1-col\" ><div class='pt-cv-ifield'><h4 class=\"pt-cv-title\"><a href=\"https:\/\/www.tvnovelas.com.br\/tvnews\/coracao-de-mae-atilla-diz-a-lale-que-quer-o-divorcio\/\" class=\"_self\" target=\"_self\" >Cora\u00e7\u00e3o de M\u00e3e: Atilla diz a Lale que quer o div\u00f3rcio<\/a><\/h4><\/div><\/div>\n<div class=\"col-md-12 col-sm-12 col-xs-12 pt-cv-content-item pt-cv-1-col\" ><div class='pt-cv-ifield'><h4 class=\"pt-cv-title\"><a href=\"https:\/\/www.tvnovelas.com.br\/tvnews\/a-nobreza-do-amor-mirinho-garante-noivado-com-virginia-para-atrair-sogro-a-negocio\/\" class=\"_self\" target=\"_self\" >A Nobreza do Amor: Mirinho garante noivado com Virg\u00ednia para atrair sogro a neg\u00f3cio<\/a><\/h4><\/div><\/div>\n<div class=\"col-md-12 col-sm-12 col-xs-12 pt-cv-content-item pt-cv-1-col\" ><div class='pt-cv-ifield'><h4 class=\"pt-cv-title\"><a href=\"https:\/\/www.tvnovelas.com.br\/tvnews\/tres-gracas-joaquim-propoe-fuga-a-arminda-com-o-dinheiro-das-tres-gracas\/\" class=\"_self\" target=\"_self\" >Tr\u00eas Gra\u00e7as:  Joaquim prop\u00f5e fuga a Arminda com o dinheiro das Tr\u00eas Gra\u00e7as<\/a><\/h4><\/div><\/div><\/div><\/div><\/div><br \/>\n<a href=\"https:\/\/www.tvnovelas.com.br\/novelas\/\"><strong>Confira os resumos da semana de todas novelas<\/strong><\/a><br \/>\n<a href=\"http:\/\/tvnovelas.com.br\/filmes\" target=\"_blank\" rel=\"noopener\">Veja tamb\u00e9m: Todas as telas: filmes e s\u00e9ries nos streamings<\/a><\/p>\n<h3>Confira tamb\u00e9m<\/h3>\n<p><a href=\"https:\/\/www.tvnovelas.com.br\/filmes\/\" target=\"_blank\" rel=\"noopener noreferrer\"><strong>Programa\u00e7\u00e3o de filmes na TV aberta<\/strong><\/a><br \/>\n<a href=\"https:\/\/tvnovelas.com.br\/filmes\/filmes-e-series-ineditos-em-estreia-na-semana-na-netflix\/\" target=\"_blank\" rel=\"noopener noreferrer\"><strong>Estreias da semana na Netflix<\/strong><\/a><br \/>\n<a href=\"https:\/\/caetenews.com.br\/semana\/filmes-da-globo-na-sessao-da-tarde-desta-semana\/\" target=\"_blank\" rel=\"noopener\"><strong>Confira os filmes da semana na Sess\u00e3o da Tarde<\/strong><\/a><br \/>\n<a href=\"\/\/tvnovelas.com.br\/filmes\/filmes-em-estreia-nos-cinemas\/\" target=\"_blank\" rel=\"noopener noreferrer\"><strong>Estreias e novidades no Cinema<\/strong><\/a><br \/>\n<a href=\"https:\/\/www.tvnovelas.com.br\/novelas\/\" target=\"_blank\" rel=\"noopener noreferrer\"><strong>Resumos de novelas<\/strong><\/a><\/p>\n","protected":false},"excerpt":{"rendered":"<p>Em Poliana Mo\u00e7a na semana 10 a 15 de abril, Ti\u00e3o captura Jo\u00e3o e o leva para o Cear\u00e1; Poliana arruma a mala alegando que vai para o Cear\u00e1; Jo\u00e3o salva Ti\u00e3o de acidente na escada; Ti\u00e3o pede para Jo\u00e3o fugir e n\u00e3o revelar o local dele&#8230; Celeste admite \u00e0 Raquel a sedu\u00e7\u00e3o a Andr\u00e9 e diz que ele \u00e9 um cafajeste&#8230;<\/p>\n","protected":false},"author":1,"featured_media":41682,"comment_status":"closed","ping_status":"closed","sticky":false,"template":"","format":"standard","meta":{"_uf_show_specific_survey":0,"_uf_disable_surveys":false,"_jetpack_memberships_contains_paid_content":false,"footnotes":"","_wp_rev_ctl_limit":""},"categories":[312],"tags":[64,311,13],"class_list":["post-41624","post","type-post","status-publish","format-standard","has-post-thumbnail","hentry","category-poliana-moca","tag-novelas","tag-poliana-moca","tag-sbt","wpcat-312-id"],"aioseo_notices":[],"jetpack_featured_media_url":"https:\/\/i0.wp.com\/www.tvnovelas.com.br\/tvnews\/wp-content\/uploads\/2023\/04\/37381.jpg?fit=728%2C409&ssl=1","jetpack_shortlink":"https:\/\/wp.me\/pdP2BO-aPm","jetpack_sharing_enabled":true,"_links":{"self":[{"href":"https:\/\/www.tvnovelas.com.br\/tvnews\/wp-json\/wp\/v2\/posts\/41624","targetHints":{"allow":["GET"]}}],"collection":[{"href":"https:\/\/www.tvnovelas.com.br\/tvnews\/wp-json\/wp\/v2\/posts"}],"about":[{"href":"https:\/\/www.tvnovelas.com.br\/tvnews\/wp-json\/wp\/v2\/types\/post"}],"author":[{"embeddable":true,"href":"https:\/\/www.tvnovelas.com.br\/tvnews\/wp-json\/wp\/v2\/users\/1"}],"replies":[{"embeddable":true,"href":"https:\/\/www.tvnovelas.com.br\/tvnews\/wp-json\/wp\/v2\/comments?post=41624"}],"version-history":[{"count":5,"href":"https:\/\/www.tvnovelas.com.br\/tvnews\/wp-json\/wp\/v2\/posts\/41624\/revisions"}],"predecessor-version":[{"id":41687,"href":"https:\/\/www.tvnovelas.com.br\/tvnews\/wp-json\/wp\/v2\/posts\/41624\/revisions\/41687"}],"wp:featuredmedia":[{"embeddable":true,"href":"https:\/\/www.tvnovelas.com.br\/tvnews\/wp-json\/wp\/v2\/media\/41682"}],"wp:attachment":[{"href":"https:\/\/www.tvnovelas.com.br\/tvnews\/wp-json\/wp\/v2\/media?parent=41624"}],"wp:term":[{"taxonomy":"category","embeddable":true,"href":"https:\/\/www.tvnovelas.com.br\/tvnews\/wp-json\/wp\/v2\/categories?post=41624"},{"taxonomy":"post_tag","embeddable":true,"href":"https:\/\/www.tvnovelas.com.br\/tvnews\/wp-json\/wp\/v2\/tags?post=41624"}],"curies":[{"name":"wp","href":"https:\/\/api.w.org\/{rel}","templated":true}]}}