{"id":42077,"date":"2023-04-15T12:40:06","date_gmt":"2023-04-15T15:40:06","guid":{"rendered":"https:\/\/www.tvnovelas.com.br\/tvnews\/?p=42077"},"modified":"2023-04-15T12:33:14","modified_gmt":"2023-04-15T15:33:14","slug":"o-que-rola-em-vai-na-fe-na-semana-17-a-22-de-abril","status":"publish","type":"post","link":"https:\/\/www.tvnovelas.com.br\/tvnews\/o-que-rola-em-vai-na-fe-na-semana-17-a-22-de-abril\/","title":{"rendered":"O que rola em Vai na F\u00e9 na semana 17 a 22 de abril"},"content":{"rendered":"<p><em>Resumos de Vai na F\u00e9 na semana 17 a 22 de abril<\/em><br \/>\n<img data-recalc-dims=\"1\" decoding=\"async\" class=\"alignnone wp-image-42084 size-full\" title=\"(Foto: Reprodu\u00e7\u00e3o\/TV Globo\/Vai na F\u00e9)\" src=\"https:\/\/i0.wp.com\/www.tvnovelas.com.br\/tvnews\/wp-content\/uploads\/2023\/04\/37473a.jpg?resize=728%2C410&#038;ssl=1\" alt=\"Foto em Vai na F\u00e9 na semana 17 a 22 de abril\" width=\"728\" height=\"410\" srcset=\"https:\/\/i0.wp.com\/www.tvnovelas.com.br\/tvnews\/wp-content\/uploads\/2023\/04\/37473a.jpg?w=728&amp;ssl=1 728w, https:\/\/i0.wp.com\/www.tvnovelas.com.br\/tvnews\/wp-content\/uploads\/2023\/04\/37473a.jpg?resize=678%2C381&amp;ssl=1 678w\" sizes=\"(max-width: 728px) 100vw, 728px\" \/><\/p>\n<blockquote><p>Jenifer afirma que n\u00e3o far\u00e1 um exame de DNA; Sol e Lui tentam se conhecer melhor; Jenifer e Tat\u00e1 passam a noite juntos; Wilma decide processar \u00c9rika; Ben se surpreende com Sol e Lui juntos; Yuri decide denunciar Tat\u00e1 por fraudar a bolsa no ICAES<\/p><\/blockquote>\n<p><strong>Resumo de segunda-feira, 17 de abril<\/strong><br \/>\nLumiar se lembra de Ben e se afasta de Theo. Jenifer afirma que n\u00e3o far\u00e1 um exame de DNA, e Sol reage aliviada. Rafa se incomoda com a obsess\u00e3o de Theo em querer ser o pai de Jenifer. Ben cogita a ideia de morar em Piedade. Os alunos organizam o ICAES para os Jogos Jur\u00eddicos. Ricardo percebe o desentendimento entre Lumiar e Bem, e tenta se aproximar da ex-namorada. Ben lembra de quando sofreu racismo. Kate se emociona com a foto que Rafa faz dela. O time de Jenifer ganha do time de Ricardo. Fred se anima com o progresso de Rafa e comemora com Kate. O muro do ICAES amanhece pichado com ofensas racistas, e Ben e os alunos se revoltam.<\/p>\n<p><strong>Resumo de ter\u00e7a-feira, 18 de abril<\/strong><br \/>\nBen vai com outros professores falar com o reitor do ICAES. Theo ajuda Lumiar a organizar os objetos de Ben. Os alunos se unem e pintam o muro da faculdade. Lumiar cede \u00e0s investidas de Theo. Clara se insinua para Helena. Ben vai \u00e0 delegacia. Os alunos decidem fazer uma manifesta\u00e7\u00e3o no ICAES contra o crime de racismo. Sol e Lui tentam se conhecer melhor. Guiga se incomoda ao ver Fred conversando com Bela. Vini tenta beijar Yuri. Marlene v\u00ea Sol e Lui juntos e se afasta com Duda e Neide. Fred e Bela se beijam. Guiga tenta desabafar com Yuri. Marlene exige explica\u00e7\u00f5es de Sol sobre Lui.<br \/>\n<img data-recalc-dims=\"1\" decoding=\"async\" class=\"alignnone wp-image-42085 size-full\" title=\"(Foto: Reprodu\u00e7\u00e3o\/TV Globo\/Vai na F\u00e9)\" src=\"https:\/\/i0.wp.com\/www.tvnovelas.com.br\/tvnews\/wp-content\/uploads\/2023\/04\/37473.jpg?resize=728%2C410&#038;ssl=1\" alt=\"Foto em Vai na F\u00e9 na semana 17 a 22 de abril...\" width=\"728\" height=\"410\" srcset=\"https:\/\/i0.wp.com\/www.tvnovelas.com.br\/tvnews\/wp-content\/uploads\/2023\/04\/37473.jpg?w=728&amp;ssl=1 728w, https:\/\/i0.wp.com\/www.tvnovelas.com.br\/tvnews\/wp-content\/uploads\/2023\/04\/37473.jpg?resize=678%2C381&amp;ssl=1 678w\" sizes=\"(max-width: 728px) 100vw, 728px\" \/><\/p>\n<p><strong>Resumo de quarta-feira, 19 de abril<\/strong><br \/>\nSol n\u00e3o consegue se explicar para Marlene. Jenifer e Tat\u00e1 passam a noite juntos. Ben avisa aos alunos que o v\u00eddeo da c\u00e2mera de vigil\u00e2ncia do ICAES j\u00e1 est\u00e1 com a pol\u00edcia e todos comemoram. Kate estranha o comportamento de Jenifer. Ben e Lumiar discutem com Ricardo ao descobrirem que ele defender\u00e1 o aluno que pichou o Icaes. Jenifer conta para Kate que se arrependeu de ter passado a noite com Tat\u00e1. Clara ouve Rafa falar com Kate e fica animada. Ben decide alugar o quarto na casa de Bruna. Os pais de Tat\u00e1, Isabel e Leonardo, v\u00e3o almo\u00e7ar com a fam\u00edlia de Jenifer. Hugo observa Rafa chegar \u00e0 casa de Kate. Jenifer questiona Tat\u00e1 sobre sua bolsa de estudos.<\/p>\n<p><strong>Resumo de quinta-feira, 20 de abril<\/strong><br \/>\nTat\u00e1 tenta se aproximar de Jenifer, que o repele. Leonardo e Isabel questionam o filho sobre o comportamento da namorada. Kate repreende Jenifer por procurar um motivo para brigar com Tat\u00e1. Rafa prepara Clara para fotograf\u00e1-la, mas Theo atrapalha os dois. Lumiar se entristece ao saber que Ben ir\u00e1 morar em Piedade. Jenifer discute com Tat\u00e1. Lumiar avisa a Theo que precisa preparar as testemunhas para a audi\u00eancia de paternidade. Bela ajuda Fred a gravar seu pedido de desculpas para Guiga. Lumiar fala para Ben que planeja vender o apartamento deles. Sol avisa que Ben pode chamar Vitinho para testemunhar na audi\u00eancia de paternidade. Lui fica inseguro ao ver Sol chegar com Ben \u00e0 mans\u00e3o. Lui e Sol namoram escondidos. Vitinho insinua que Ben e Sol est\u00e3o juntos, e Lui fica arrasado.<br \/>\n<img data-recalc-dims=\"1\" decoding=\"async\" class=\"alignnone wp-image-42087 size-full\" title=\"(Foto: Reprodu\u00e7\u00e3o\/TV Globo\/Vai na F\u00e9)\" src=\"https:\/\/i0.wp.com\/www.tvnovelas.com.br\/tvnews\/wp-content\/uploads\/2023\/04\/37473b.jpg?resize=728%2C410&#038;ssl=1\" alt=\"Foto em Vai na F\u00e9 na semana 17 a 22 de abril\" width=\"728\" height=\"410\" srcset=\"https:\/\/i0.wp.com\/www.tvnovelas.com.br\/tvnews\/wp-content\/uploads\/2023\/04\/37473b.jpg?w=728&amp;ssl=1 728w, https:\/\/i0.wp.com\/www.tvnovelas.com.br\/tvnews\/wp-content\/uploads\/2023\/04\/37473b.jpg?resize=678%2C381&amp;ssl=1 678w\" sizes=\"(max-width: 728px) 100vw, 728px\" \/><\/p>\n<p><strong>Resumo de sexta-feira, 21 de abril<\/strong><br \/>\nVitinho tenta explicar o desespero de Lui para Wilma. Sol marca de se encontrar com Ben para falar sobre a audi\u00eancia. Jenifer decide ir \u00e0 escola que Tat\u00e1 estudou. Ben simula o interrogat\u00f3rio com Sol e se emociona com seu relato. Wilma decide processar \u00c9rika. Sol se desespera quando Ben a questiona sobre Theo. Lui \u00e9 hostil com Sol quando ela chega para o ensaio. Lumiar entrevista Simas e fica abalada com o depoimento dele sobre Ben e Sol. Jenifer n\u00e3o consegue se entender com Tat\u00e1. Yuri descobre que Guiga fez uma postagem sem o seu consentimento. Sol discute com Lui. Ben conversa com Wilma sobre o processo contra \u00c9rika. Ben se surpreende com Sol e Lui juntos.<\/p>\n<p><strong>Resumo de s\u00e1bado, 22 de abril<\/strong><br \/>\nSol e Lui pedem para Ben n\u00e3o contar que os viu juntos. Yuri tira satisfa\u00e7\u00f5es com Guiga. A diretora da escola de Tat\u00e1 n\u00e3o passa as informa\u00e7\u00f5es do rapaz para Jenifer. Guiga se desculpa com Yuri. Bruna ajuda Marlene. Duda convida Ben para ir a sua apresenta\u00e7\u00e3o. Sol sorri ao ver Ben conversar com Jenifer. Theo se oferece para comprar o apartamento de Lumiar. Wilma publica seu v\u00eddeo de resposta na p\u00e1gina de \u00c9rika e todos se emocionam. Yuri decide denunciar Tat\u00e1 ao descobrir que ele fraudou a bolsa no ICAES e Jenifer pede para conversar com o namorado. Lui se oferece para ir \u00e0 apresenta\u00e7\u00e3o de Duda com Sol. Wilma se incomoda ao saber que ela e a banda ter\u00e3o que passar a noite no ref\u00fagio de F\u00e1bio. Jenifer confronta Tat\u00e1.<br \/>\n<a href=\"https:\/\/www.tvnovelas.com.br\/novelas\/resumos-de-vai-na-fe-2\/\">Confira os resumos de Vai na F\u00e9 da semana 24 a 29 de abril<\/a><br \/>\n<strong style=\"font-size: 120%;\">\u00daltimas not\u00edcias de Vai na F\u00e9:<\/strong><br \/>\n<div class=\"pt-cv-wrapper\"><div class=\"pt-cv-view pt-cv-grid pt-cv-colsys\" id=\"pt-cv-view-8080477fv3\"><div data-id=\"pt-cv-page-1\" class=\"pt-cv-page\" data-cvc=\"1\"><div class=\"col-md-12 col-sm-12 col-xs-12 pt-cv-content-item pt-cv-1-col\" ><div class='pt-cv-ifield'><h4 class=\"pt-cv-title\"><a href=\"https:\/\/www.tvnovelas.com.br\/tvnews\/vai-na-fe-sol-enfrenta-empresario-e-abre-show-de-lui\/\" class=\"_blank\" target=\"_blank\" >Vai na F\u00e9: Sol enfrenta empres\u00e1rio e abre show de Lui<\/a><\/h4><\/div><\/div>\n<div class=\"col-md-12 col-sm-12 col-xs-12 pt-cv-content-item pt-cv-1-col\" ><div class='pt-cv-ifield'><h4 class=\"pt-cv-title\"><a href=\"https:\/\/www.tvnovelas.com.br\/tvnews\/vai-na-fe-theo-muda-visual-e-mata-orfeu\/\" class=\"_blank\" target=\"_blank\" >Vai na F\u00e9: Theo muda visual e mata Orfeu<\/a><\/h4><\/div><\/div>\n<div class=\"col-md-12 col-sm-12 col-xs-12 pt-cv-content-item pt-cv-1-col\" ><div class='pt-cv-ifield'><h4 class=\"pt-cv-title\"><a href=\"https:\/\/www.tvnovelas.com.br\/tvnews\/vai-na-fe-sol-e-impedida-de-abrir-show-de-lui-lorenzo\/\" class=\"_blank\" target=\"_blank\" >Vai na F\u00e9: Sol \u00e9 impedida de abrir show de Lui Lorenzo<\/a><\/h4><\/div><\/div>\n<div class=\"col-md-12 col-sm-12 col-xs-12 pt-cv-content-item pt-cv-1-col\" ><div class='pt-cv-ifield'><h4 class=\"pt-cv-title\"><a href=\"https:\/\/www.tvnovelas.com.br\/tvnews\/vai-na-fe-ben-descobre-envolvimento-de-theo-na-morte-de-carlao\/\" class=\"_blank\" target=\"_blank\" >Vai na F\u00e9: Ben descobre envolvimento de Theo na morte de Carl\u00e3o<\/a><\/h4><\/div><\/div>\n<div class=\"col-md-12 col-sm-12 col-xs-12 pt-cv-content-item pt-cv-1-col\" ><div class='pt-cv-ifield'><h4 class=\"pt-cv-title\"><a href=\"https:\/\/www.tvnovelas.com.br\/tvnews\/vai-na-fe-orfeu-erra-o-tiro-e-theo-atropela-o-ex-socio\/\" class=\"_blank\" target=\"_blank\" >Vai na F\u00e9: Orfeu erra o tiro e Theo atropela o ex-s\u00f3cio<\/a><\/h4><\/div><\/div>\n<div class=\"col-md-12 col-sm-12 col-xs-12 pt-cv-content-item pt-cv-1-col\" ><div class='pt-cv-ifield'><h4 class=\"pt-cv-title\"><a href=\"https:\/\/www.tvnovelas.com.br\/tvnews\/vai-na-fe-orfeu-traido-por-theo-promete-vinganca\/\" class=\"_blank\" target=\"_blank\" >Vai na F\u00e9: Orfeu tra\u00eddo por Theo promete vingan\u00e7a<\/a><\/h4><\/div><\/div><\/div><\/div><\/div><br \/>\n<strong style=\"font-size: 120%;\">\u00daltimas not\u00edcias deste canal:<\/strong><br \/>\n<div class=\"pt-cv-wrapper\"><div class=\"pt-cv-view pt-cv-grid pt-cv-colsys\" id=\"pt-cv-view-90991035b3\"><div data-id=\"pt-cv-page-1\" class=\"pt-cv-page\" data-cvc=\"1\"><div class=\"col-md-12 col-sm-12 col-xs-12 pt-cv-content-item pt-cv-1-col\" ><div class='pt-cv-ifield'><h4 class=\"pt-cv-title\"><a href=\"https:\/\/www.tvnovelas.com.br\/tvnews\/coracao-de-mae-irmak-inicia-jogo-arriscado-contra-adnan\/\" class=\"_self\" target=\"_self\" >Cora\u00e7\u00e3o de M\u00e3e: Irmak inicia jogo arriscado contra Adnan<\/a><\/h4><\/div><\/div>\n<div class=\"col-md-12 col-sm-12 col-xs-12 pt-cv-content-item pt-cv-1-col\" ><div class='pt-cv-ifield'><h4 class=\"pt-cv-title\"><a href=\"https:\/\/www.tvnovelas.com.br\/tvnews\/guerra-das-rosas-omer-chama-gulru-vestida-de-noiva-para-fugir\/\" class=\"_self\" target=\"_self\" >Guerra das Rosas: Omer chama Gulru vestida de noiva para fugir<\/a><\/h4><\/div><\/div>\n<div class=\"col-md-12 col-sm-12 col-xs-12 pt-cv-content-item pt-cv-1-col\" ><div class='pt-cv-ifield'><h4 class=\"pt-cv-title\"><a href=\"https:\/\/www.tvnovelas.com.br\/tvnews\/coracao-de-mae-reha-sai-para-jantar-com-selvi\/\" class=\"_self\" target=\"_self\" >Cora\u00e7\u00e3o de M\u00e3e: Reha sai para jantar com Selvi<\/a><\/h4><\/div><\/div>\n<div class=\"col-md-12 col-sm-12 col-xs-12 pt-cv-content-item pt-cv-1-col\" ><div class='pt-cv-ifield'><h4 class=\"pt-cv-title\"><a href=\"https:\/\/www.tvnovelas.com.br\/tvnews\/coracao-acelerado-zila-se-preocupa-com-sua-situacao-apos-separacao\/\" class=\"_self\" target=\"_self\" >Cora\u00e7\u00e3o Acelerado: Zil\u00e1 se preocupa com sua situa\u00e7\u00e3o ap\u00f3s separa\u00e7\u00e3o<\/a><\/h4><\/div><\/div>\n<div class=\"col-md-12 col-sm-12 col-xs-12 pt-cv-content-item pt-cv-1-col\" ><div class='pt-cv-ifield'><h4 class=\"pt-cv-title\"><a href=\"https:\/\/www.tvnovelas.com.br\/tvnews\/a-nobreza-do-amor-tonho-nao-se-curva-diante-de-mirinho\/\" class=\"_self\" target=\"_self\" >A Nobreza do Amor: Tonho n\u00e3o se curva diante de Mirinho<\/a><\/h4><\/div><\/div>\n<div class=\"col-md-12 col-sm-12 col-xs-12 pt-cv-content-item pt-cv-1-col\" ><div class='pt-cv-ifield'><h4 class=\"pt-cv-title\"><a href=\"https:\/\/www.tvnovelas.com.br\/tvnews\/tres-gracas-arminda-surta-ao-confirmar-que-ferette-e-pai-de-raul\/\" class=\"_self\" target=\"_self\" >Tr\u00eas Gra\u00e7as:  Arminda surta ao confirmar que Ferette \u00e9 pai de Raul<\/a><\/h4><\/div><\/div>\n<div class=\"col-md-12 col-sm-12 col-xs-12 pt-cv-content-item pt-cv-1-col\" ><div class='pt-cv-ifield'><h4 class=\"pt-cv-title\"><a href=\"https:\/\/www.tvnovelas.com.br\/tvnews\/coracao-de-mae-atilla-confronta-hasan-e-exige-o-divorcio-de-lale\/\" class=\"_self\" target=\"_self\" >Cora\u00e7\u00e3o de M\u00e3e: Atilla confronta Hasan e exige o div\u00f3rcio de Lale<\/a><\/h4><\/div><\/div>\n<div class=\"col-md-12 col-sm-12 col-xs-12 pt-cv-content-item pt-cv-1-col\" ><div class='pt-cv-ifield'><h4 class=\"pt-cv-title\"><a href=\"https:\/\/www.tvnovelas.com.br\/tvnews\/guerra-das-rosas-gulfem-coloca-gulru-contra-a-parede\/\" class=\"_self\" target=\"_self\" >Guerra das Rosas: Gulfem coloca Gulru contra a parede<\/a><\/h4><\/div><\/div>\n<div class=\"col-md-12 col-sm-12 col-xs-12 pt-cv-content-item pt-cv-1-col\" ><div class='pt-cv-ifield'><h4 class=\"pt-cv-title\"><a href=\"https:\/\/www.tvnovelas.com.br\/tvnews\/coracao-de-mae-atilla-diz-a-lale-que-quer-o-divorcio\/\" class=\"_self\" target=\"_self\" >Cora\u00e7\u00e3o de M\u00e3e: Atilla diz a Lale que quer o div\u00f3rcio<\/a><\/h4><\/div><\/div>\n<div class=\"col-md-12 col-sm-12 col-xs-12 pt-cv-content-item pt-cv-1-col\" ><div class='pt-cv-ifield'><h4 class=\"pt-cv-title\"><a href=\"https:\/\/www.tvnovelas.com.br\/tvnews\/a-nobreza-do-amor-mirinho-garante-noivado-com-virginia-para-atrair-sogro-a-negocio\/\" class=\"_self\" target=\"_self\" >A Nobreza do Amor: Mirinho garante noivado com Virg\u00ednia para atrair sogro a neg\u00f3cio<\/a><\/h4><\/div><\/div><\/div><\/div><\/div><br \/>\n<a href=\"https:\/\/www.tvnovelas.com.br\/novelas\/\"><strong>Confira os resumos da semana de todas novelas<\/strong><\/a><br \/>\n<a href=\"http:\/\/tvnovelas.com.br\/filmes\" target=\"_blank\" rel=\"noopener\">Veja tamb\u00e9m: Todas as telas: filmes e s\u00e9ries nos streamings<\/a><\/p>\n<h3>Confira tamb\u00e9m<\/h3>\n<p><a href=\"https:\/\/www.tvnovelas.com.br\/filmes\/\" target=\"_blank\" rel=\"noopener noreferrer\"><strong>Programa\u00e7\u00e3o de filmes na TV aberta<\/strong><\/a><br \/>\n<a href=\"https:\/\/caetenews.com.br\/semana\/filmes-da-globo-na-sessao-da-tarde-desta-semana\/\" target=\"_blank\" rel=\"noopener\"><strong>Confira os filmes da semana na Sess\u00e3o da Tarde<\/strong><\/a><br \/>\n<a href=\"https:\/\/www.tvnovelas.com.br\/novelas\/\" target=\"_blank\" rel=\"noopener noreferrer\"><strong>Resumos de novelas<\/strong><\/a><\/p>\n","protected":false},"excerpt":{"rendered":"<p>\ud835\udc09\ud835\udc1e\ud835\udc27\ud835\udc22\ud835\udc1f\ud835\udc1e\ud835\udc2b \ud835\udc1a\ud835\udc1f\ud835\udc22\ud835\udc2b\ud835\udc26\ud835\udc1a \ud835\udc2a\ud835\udc2e\ud835\udc1e \ud835\udc27\u00e3\ud835\udc28 \ud835\udc1f\ud835\udc1a\ud835\udc2b\u00e1 \ud835\udc2e\ud835\udc26 \ud835\udc1e\ud835\udc31\ud835\udc1a\ud835\udc26\ud835\udc1e \ud835\udc1d\ud835\udc1e \ud835\udc03\ud835\udc0d\ud835\udc00; Sol e Lui tentam se conhecer melhor; Jenifer e Tat\u00e1 passam a noite juntos; Wilma decide processar \u00c9rika; \ud835\udc01\ud835\udc1e\ud835\udc27 \ud835\udc2c\ud835\udc1e \ud835\udc2c\ud835\udc2e\ud835\udc2b\ud835\udc29\ud835\udc2b\ud835\udc1e\ud835\udc1e\ud835\udc27\ud835\udc1d\ud835\udc1e \ud835\udc1c\ud835\udc28\ud835\udc26 \ud835\udc12\ud835\udc28\ud835\udc25 \ud835\udc1e \ud835\udc0b\ud835\udc2e\ud835\udc22 \ud835\udc23\ud835\udc2e\ud835\udc27\ud835\udc2d\ud835\udc28\ud835\udc2c; Yuri decide denunciar Tat\u00e1 por fraudar a bolsa no ICAES<\/p>\n","protected":false},"author":1,"featured_media":42084,"comment_status":"closed","ping_status":"closed","sticky":false,"template":"","format":"standard","meta":{"_uf_show_specific_survey":0,"_uf_disable_surveys":false,"_jetpack_memberships_contains_paid_content":false,"footnotes":"","_wp_rev_ctl_limit":""},"categories":[358],"tags":[5,64,359],"class_list":["post-42077","post","type-post","status-publish","format-standard","has-post-thumbnail","hentry","category-vai-na-fe","tag-globo","tag-novelas","tag-vai-na-fe","wpcat-358-id"],"aioseo_notices":[],"jetpack_featured_media_url":"https:\/\/i0.wp.com\/www.tvnovelas.com.br\/tvnews\/wp-content\/uploads\/2023\/04\/37473a.jpg?fit=728%2C410&ssl=1","jetpack_shortlink":"https:\/\/wp.me\/pdP2BO-aWF","jetpack_sharing_enabled":true,"_links":{"self":[{"href":"https:\/\/www.tvnovelas.com.br\/tvnews\/wp-json\/wp\/v2\/posts\/42077","targetHints":{"allow":["GET"]}}],"collection":[{"href":"https:\/\/www.tvnovelas.com.br\/tvnews\/wp-json\/wp\/v2\/posts"}],"about":[{"href":"https:\/\/www.tvnovelas.com.br\/tvnews\/wp-json\/wp\/v2\/types\/post"}],"author":[{"embeddable":true,"href":"https:\/\/www.tvnovelas.com.br\/tvnews\/wp-json\/wp\/v2\/users\/1"}],"replies":[{"embeddable":true,"href":"https:\/\/www.tvnovelas.com.br\/tvnews\/wp-json\/wp\/v2\/comments?post=42077"}],"version-history":[{"count":5,"href":"https:\/\/www.tvnovelas.com.br\/tvnews\/wp-json\/wp\/v2\/posts\/42077\/revisions"}],"predecessor-version":[{"id":42118,"href":"https:\/\/www.tvnovelas.com.br\/tvnews\/wp-json\/wp\/v2\/posts\/42077\/revisions\/42118"}],"wp:featuredmedia":[{"embeddable":true,"href":"https:\/\/www.tvnovelas.com.br\/tvnews\/wp-json\/wp\/v2\/media\/42084"}],"wp:attachment":[{"href":"https:\/\/www.tvnovelas.com.br\/tvnews\/wp-json\/wp\/v2\/media?parent=42077"}],"wp:term":[{"taxonomy":"category","embeddable":true,"href":"https:\/\/www.tvnovelas.com.br\/tvnews\/wp-json\/wp\/v2\/categories?post=42077"},{"taxonomy":"post_tag","embeddable":true,"href":"https:\/\/www.tvnovelas.com.br\/tvnews\/wp-json\/wp\/v2\/tags?post=42077"}],"curies":[{"name":"wp","href":"https:\/\/api.w.org\/{rel}","templated":true}]}}