{"id":42127,"date":"2023-04-15T15:40:09","date_gmt":"2023-04-15T18:40:09","guid":{"rendered":"https:\/\/www.tvnovelas.com.br\/tvnews\/?p=42127"},"modified":"2023-04-15T15:41:08","modified_gmt":"2023-04-15T18:41:08","slug":"o-que-acontece-em-tres-vezes-ana-na-semana-17-a-21-de-abril","status":"publish","type":"post","link":"https:\/\/www.tvnovelas.com.br\/tvnews\/o-que-acontece-em-tres-vezes-ana-na-semana-17-a-21-de-abril\/","title":{"rendered":"O que acontece em Tr\u00eas Vezes Ana na semana 17 a 21 de abril"},"content":{"rendered":"<p><em>Resumos de Tr\u00eas Vezes Ana na semana 17 a 21 de abril<\/em><br \/>\n<img data-recalc-dims=\"1\" decoding=\"async\" class=\"alignnone wp-image-42128 size-full\" title=\"(Foto: Reprodu\u00e7\u00e3o\/SBT\/Tr\u00eas Vezes Ana)\" src=\"https:\/\/i0.wp.com\/www.tvnovelas.com.br\/tvnews\/wp-content\/uploads\/2023\/04\/37481b.jpg?resize=714%2C410&#038;ssl=1\" alt=\"Foto em Tr\u00eas Vezes Ana na semana 17 a 21 de abril\" width=\"714\" height=\"410\" \/><\/p>\n<blockquote><p>Marcelo diz a Ana L\u00facia que tudo indica que ele assassinou o amante de sua esposa; Ernestina pede a Evaristo que procure sua neta Ana L\u00facia; Isaac diz a Marcelo que Julieta \u00e9 sua m\u00e3e; Soledade diz a Fernando que seu filho Marcelo \u00e9 um assassino&#8230;<\/p><\/blockquote>\n<p><strong>Resumo de segunda-feira, 17 de abril<\/strong><br \/>\nJulieta diz a Isaac que se afaste de Daniel e tamb\u00e9m vai afasta-lo de Ana Let\u00edcia por que ela \u00e9 uma m\u00e1 pessoa. Marcelo diz a Daniel que vai se divorciar de Ana Let\u00edcia e pede que seja testemunha da infidelidade de sua esposa. No tribunal, Mariano, fora de si, diz a Ana Let\u00edcia que ela \u00e9 cruel e mentirosa e que, a partir de agora Ramiro e Ana Laura contam com seu apoio e aprova\u00e7\u00e3o. Ana Let\u00edcia diz a Ramiro que a enganou. Ele reconhece que sim pois era \u00fanica maneira de limpar sua reputa\u00e7\u00e3o diante da mulher que ama e de sua fam\u00edlia. Ele afirma que Ana Laura \u00e9 seu grande amor. Ana Let\u00edcia d\u00e1 uma bofetada em Ana Laura e acusa de trai\u00e7\u00e3o. Logo depois pede perd\u00e3o e pede a Ana Laura que n\u00e3o comente com ningu\u00e9m que a agrediu. Ela diz \u00e0 irm\u00e3 que Ramiro n\u00e3o lhe interessa e s\u00f3 se aproximou para obter informa\u00e7\u00f5es sobre Marcelo, por que seu marido n\u00e3o est\u00e1 morto e tem certeza que Ramiro sabe onde ele se esconde. Marcelo diz a Ana L\u00facia que tudo indica que ele assassinou o amante de sua esposa. Ela tenta acalma-lo e diz que ele deve ter tido um pesadelo. Ramiro diz a Valentin que \u00e9 verdade que Gina era sua amante e leva um choque quando ele afirma que Marcelo a assassinou a sangue frio.<\/p>\n<p><strong>Resumo de ter\u00e7a-feira, 18 de abril<\/strong><br \/>\nRamiro n\u00e3o acredita que Marcelo seja o assassino de Gina embora Evaristo tenha dito a mesma coisa. Valentin diz que ele n\u00e3o conhece realmente seu amigo. Ramiro diz que n\u00e3o permitir\u00e1 que ele fa\u00e7a mal a Ana Laura. Valentin diz a Ramiro que mesmo estando em uma cadeira de rodas vai lhe tirar o amor da sua vida. Ernestina diz a Miranda que foi muito injusta com Ramiro e agora ele lhe d\u00e1 a esperan\u00e7a de recuperar sua neta, Ana L\u00facia. Miranda diz que ela deve confiar em Ramiro pois se ele n\u00e3o comentou mais nada sobre sua neta \u00e9 por que deve ter gente perigosa envolvida. Ernestina pede a Evaristo que procure sua neta Ana L\u00facia. Ramiro mostra a Marcelo a prova do suic\u00eddio de Gina. Marcelo consegue recordar que foi ele quem ditou essa nota enquanto apontava uma arma para sua cabe\u00e7a. Ramiro, fora de s\u00ed, pergunta porque ele fez isso. Marcelo responde que s\u00f3 se lembra que Mariano estava presente ent\u00e3o ele \u00e9 o \u00fanico que pode esclarecer quem matou Gina. Julieta diz a Isaac que seu filho foi agredido brutalmente e precisa de um doador para realizar o transplante. Samuel diz a Mariano que tem algo muito grave para lhe dizer mas no momento est\u00e1 de m\u00e3os atadas. Julieta suplica a Isaac que seja o doador para seu filho. Ele se recusa e diz que n\u00e3o arriscaria por ningu\u00e9m. Julieta revela que Daniel \u00e9 seu irm\u00e3o e ela sua m\u00e3e. Isaac fica fora de si com a revela\u00e7\u00e3o e diz a Julieta que a despreza. Fernando se assusta ao ver Marcelo.<br \/>\n<img data-recalc-dims=\"1\" decoding=\"async\" class=\"alignnone wp-image-42129 size-full\" title=\"(Foto: Reprodu\u00e7\u00e3o\/SBT\/Tr\u00eas Vezes Ana)\" src=\"https:\/\/i0.wp.com\/www.tvnovelas.com.br\/tvnews\/wp-content\/uploads\/2023\/04\/37481a.jpg?resize=728%2C410&#038;ssl=1\" alt=\"Foto em Tr\u00eas Vezes Ana na semana 17 a 21 de abril\" width=\"728\" height=\"410\" srcset=\"https:\/\/i0.wp.com\/www.tvnovelas.com.br\/tvnews\/wp-content\/uploads\/2023\/04\/37481a.jpg?w=728&amp;ssl=1 728w, https:\/\/i0.wp.com\/www.tvnovelas.com.br\/tvnews\/wp-content\/uploads\/2023\/04\/37481a.jpg?resize=678%2C381&amp;ssl=1 678w\" sizes=\"(max-width: 728px) 100vw, 728px\" \/><\/p>\n<p><strong>Resumo de quarta-feira, 19 de abril<\/strong><br \/>\nFernando se emociona ao ver o filho, mas Marcelo n\u00e3o sente nenhuma emo\u00e7\u00e3o ao v\u00ea-lo. Ana Laura diz a Valentin que lhe abriu se cora\u00e7\u00e3o e ele s\u00f3 queria se vingar do que aconteceu com Gina. Valentin rebate as acusa\u00e7\u00f5es de Ana, diz que sua hist\u00f3ria com Gina acabou muito antes quando ela o deixou por ter ficado preso a uma cadeira de rodas e se casou com Ramiro. Ana Laura diz a Valentin que est\u00e1 convencida do amor de Ramiro. Ramiro exige que Mariano conte tudo que aconteceu com Gina, pois j\u00e1 sabe que ele estava com Marcelo quando Gina escreveu o bilhete suicida. Mariano afirma que Marcelo n\u00e3o disparou a arma que matou Gina, mas de alguma forma \u00e9 t\u00e3o respons\u00e1vel quanto eles. Ramiro diz que precisa saber a verdade por que Valentin quer se vingar deles usando Ana Laura. Ana Let\u00edcia quer saber o que Julieta disse a Isaac que o deixou t\u00e3o alterado, Isaac diz que s\u00f3 responder\u00e1 se ela responder se teve algo a ver com o que aconteceu com Jennifer. Ana Let\u00edcia diz a Valentin que pode contar com seu apoio para que Ana Laura se reconcilie com ele.<\/p>\n<p><strong>Resumo de quinta-feira, 20 de abril<\/strong><br \/>\nAna Let\u00edcia, astuta, consegue convencer a av\u00f3 e Ana Laura que aceitou Ramiro para descobrir se ajudou Marcelo a fingir sua morte e se est\u00e1 ajudando-o a se esconder e se diz v\u00edtima do abandono de Marcelo. Marcelo diz a Rem\u00e9dios e Ana L\u00facia que encontrou seu pai e a \u00fanica coisa que sentiu foi pena pela dor de perder um filho. Ele afirma que n\u00e3o pretende voltar a ver o pai. Ana L\u00facia diz que ele deveria se dar a oportunidade de conviver com seu pai. Fernando diz a Rodrigo que seu filho, Marcelo est\u00e1 vivo, mas se converteu num homem que n\u00e3o reconhece e que renega seu sobrenome. Isaac diz a Marcelo que Julieta \u00e9 sua m\u00e3e. Julieta confessa a Ana Let\u00edcia que Isaac \u00e9 seu filho e pede que a ajude a convence-lo a ser o doador para o transplante de Daniel. Isaac diz \u00e0 m\u00e3e que ser\u00e1 o doador em troca de uma grande quantia em dinheiro. Marcelo se surpreende ao ver o pai. Ana Laura diz a Ramiro que Ana Let\u00edcia aceitou ser sua namorada para que ca\u00edsse numa armadilha porque sabe que Marcelo est\u00e1 vivo e que ele, Ramiro, o est\u00e1 ajudando a se esconder e tamb\u00e9m o ajudou a fingir sua morte. Ramiro diz que Marcelo n\u00e3o fingiu sua morte e ele o encontrou faz pouco tempo. Ele explica que n\u00e3o comentou nada \u00e0 pedido do pr\u00f3prio Marcelo e n\u00e3o podia trai-lo.<br \/>\n<img data-recalc-dims=\"1\" decoding=\"async\" class=\"alignnone wp-image-42130 size-full\" title=\"(Foto: Reprodu\u00e7\u00e3o\/SBT\/Tr\u00eas Vezes Ana)\" src=\"https:\/\/i0.wp.com\/www.tvnovelas.com.br\/tvnews\/wp-content\/uploads\/2023\/04\/37481.jpg?resize=728%2C410&#038;ssl=1\" alt=\"Foto em Tr\u00eas Vezes Ana na semana 17 a 21 de abril\" width=\"728\" height=\"410\" srcset=\"https:\/\/i0.wp.com\/www.tvnovelas.com.br\/tvnews\/wp-content\/uploads\/2023\/04\/37481.jpg?w=728&amp;ssl=1 728w, https:\/\/i0.wp.com\/www.tvnovelas.com.br\/tvnews\/wp-content\/uploads\/2023\/04\/37481.jpg?resize=678%2C381&amp;ssl=1 678w\" sizes=\"(max-width: 728px) 100vw, 728px\" \/><\/p>\n<p><strong>Resumo de sexta-feira, 21 de abril<\/strong><br \/>\nAna Laura diz que se realmente ele a ama ter\u00e1 que leva-la at\u00e9 Marcelo. Fernando diz a Marcelo que decidiu viver na pens\u00e3o para ficar perto dele. Marcelo pergunta ao pai se n\u00e3o ficou surpreso ao conhecer Ana L\u00facia. Ele diz que com toda certeza ela \u00e9 a menina que se perdeu no acidente. Marcelo pede ao pai que seja discreto por que Ana L\u00facia desconhece que existe uma fam\u00edlia procurando por ela. Marcelo conta ao pai que ama Ana L\u00facia e vai se divorciar de Ana Let\u00edcia para se casar com ela.. Leonor descobre que Ana Let\u00edcia se disfar\u00e7ou de Ana Laura para ir falar com Marcelo e n\u00e3o concorda com sua atitude. Ana Laura diz a ela que sua irm\u00e3 precisa falar com seu marido e por isso decidiu ajuda-la. Marcelo, acreditando que est\u00e1 falando com Ana Laura afirma ter certeza que seu acidente foi provocado e que sua vida ainda corre perigo, diz que tentou falar com Ana Let\u00edcia e ela quis atropela-lo, por isso tem certeza que ela n\u00e3o o quer de volta em sua vida. Ana Let\u00edcia se surpreende mas consegue disfar\u00e7ar. Marcelo pede a ela que diga a sua irm\u00e3 que ele n\u00e3o \u00e9 mais o mesmo e quer que ela lhe d\u00ea o div\u00f3rcio pois est\u00e1 apaixonado por outra mulher. Ana Let\u00edcia, chorosa , exige que ele lhe diga quem \u00e9 essa mulher. Marcelo diz a \u201cAna Laura\u201d que aceitou falar com ela para atender um pedido de Ramiro mas n\u00e3o pretende lhe dizer mais nada e n\u00e3o entende sua rea\u00e7\u00e3o. Ana Let\u00edcia, debochada, diz a Isaac que sua m\u00e3e telefonou para agradecer por ter salvado a vida de Daniel. Marcelo sonha que mata Daniel. Ana Let\u00edcia contrata Evaristo para que mate Daniel. Julieta e Isaac ficam chocados quando o m\u00e9dico diz que Daniel faleceu durante a madrugada. Ana Laura diz a Ana Let\u00edcia que Ramiro est\u00e1 ajudando Marcelo a se esconder mas n\u00e3o fingiu sua morte e aceitou leva-la para falar com ele. Ana Let\u00edcia, astuta, a convence que deve ir em seu lugar. Fernando acusa Soledade de ser uma delinquente por ter sequestrado uma crian\u00e7a e a separado de sua verdadeira fam\u00edlia. Soledade diz a Fernando que seu filho Marcelo \u00e9 um assassino e lamenta que Ana L\u00facia tenha se apaixonado por ele. Ana Let\u00edcia caracterizada de Ana Laura chega ao povoado e v\u00ea Marcelo.<br \/>\n<strong style=\"font-size: 120%;\">\u00daltimas not\u00edcias deste canal:<\/strong><br \/>\n<div class=\"pt-cv-wrapper\"><div class=\"pt-cv-view pt-cv-grid pt-cv-colsys\" id=\"pt-cv-view-90991035b3\"><div data-id=\"pt-cv-page-1\" class=\"pt-cv-page\" data-cvc=\"1\"><div class=\"col-md-12 col-sm-12 col-xs-12 pt-cv-content-item pt-cv-1-col\" ><div class='pt-cv-ifield'><h4 class=\"pt-cv-title\"><a href=\"https:\/\/www.tvnovelas.com.br\/tvnews\/em-coracao-de-mae-nos-proximos-capitulos-04-a-08-5\/\" class=\"_self\" target=\"_self\" >Em Cora\u00e7\u00e3o de M\u00e3e nos pr\u00f3ximos cap\u00edtulos (04 a 08\/5)<\/a><\/h4><\/div><\/div>\n<div class=\"col-md-12 col-sm-12 col-xs-12 pt-cv-content-item pt-cv-1-col\" ><div class='pt-cv-ifield'><h4 class=\"pt-cv-title\"><a href=\"https:\/\/www.tvnovelas.com.br\/tvnews\/coracao-de-mae-hasan-e-filiz-em-piquenique-romantico\/\" class=\"_self\" target=\"_self\" >Cora\u00e7\u00e3o de M\u00e3e: Hasan e Filiz em piquenique rom\u00e2ntico<\/a><\/h4><\/div><\/div>\n<div class=\"col-md-12 col-sm-12 col-xs-12 pt-cv-content-item pt-cv-1-col\" ><div class='pt-cv-ifield'><h4 class=\"pt-cv-title\"><a href=\"https:\/\/www.tvnovelas.com.br\/tvnews\/guerra-das-rosas-cihan-vibra-com-desistencia-de-gulru-de-casar-com-mert\/\" class=\"_self\" target=\"_self\" >Guerra das Rosas: Cihan vibra com desist\u00eancia de Gulru de casar com Mert<\/a><\/h4><\/div><\/div>\n<div class=\"col-md-12 col-sm-12 col-xs-12 pt-cv-content-item pt-cv-1-col\" ><div class='pt-cv-ifield'><h4 class=\"pt-cv-title\"><a href=\"https:\/\/www.tvnovelas.com.br\/tvnews\/coracao-de-mae-irmak-denuncia-adnan\/\" class=\"_self\" target=\"_self\" >Cora\u00e7\u00e3o de M\u00e3e: Irmak denuncia Adnan<\/a><\/h4><\/div><\/div>\n<div class=\"col-md-12 col-sm-12 col-xs-12 pt-cv-content-item pt-cv-1-col\" ><div class='pt-cv-ifield'><h4 class=\"pt-cv-title\"><a href=\"https:\/\/www.tvnovelas.com.br\/tvnews\/a-nobreza-do-amor-mirinho-e-obrigado-a-resgatar-tonho\/\" class=\"_self\" target=\"_self\" >A Nobreza do Amor: Mirinho \u00e9 obrigado a resgatar Tonho<\/a><\/h4><\/div><\/div>\n<div class=\"col-md-12 col-sm-12 col-xs-12 pt-cv-content-item pt-cv-1-col\" ><div class='pt-cv-ifield'><h4 class=\"pt-cv-title\"><a href=\"https:\/\/www.tvnovelas.com.br\/tvnews\/tres-gracas-paulinho-e-afastado-da-policia-por-causa-de-gerluce\/\" class=\"_self\" target=\"_self\" >Tr\u00eas Gra\u00e7as: Paulinho \u00e9 afastado da pol\u00edcia por causa de Gerluce<\/a><\/h4><\/div><\/div>\n<div class=\"col-md-12 col-sm-12 col-xs-12 pt-cv-content-item pt-cv-1-col\" ><div class='pt-cv-ifield'><h4 class=\"pt-cv-title\"><a href=\"https:\/\/www.tvnovelas.com.br\/tvnews\/coracao-de-mae-irmak-inicia-jogo-arriscado-contra-adnan\/\" class=\"_self\" target=\"_self\" >Cora\u00e7\u00e3o de M\u00e3e: Irmak inicia jogo arriscado contra Adnan<\/a><\/h4><\/div><\/div>\n<div class=\"col-md-12 col-sm-12 col-xs-12 pt-cv-content-item pt-cv-1-col\" ><div class='pt-cv-ifield'><h4 class=\"pt-cv-title\"><a href=\"https:\/\/www.tvnovelas.com.br\/tvnews\/guerra-das-rosas-omer-chama-gulru-vestida-de-noiva-para-fugir\/\" class=\"_self\" target=\"_self\" >Guerra das Rosas: Omer chama Gulru vestida de noiva para fugir<\/a><\/h4><\/div><\/div>\n<div class=\"col-md-12 col-sm-12 col-xs-12 pt-cv-content-item pt-cv-1-col\" ><div class='pt-cv-ifield'><h4 class=\"pt-cv-title\"><a href=\"https:\/\/www.tvnovelas.com.br\/tvnews\/coracao-de-mae-reha-sai-para-jantar-com-selvi\/\" class=\"_self\" target=\"_self\" >Cora\u00e7\u00e3o de M\u00e3e: Reha sai para jantar com Selvi<\/a><\/h4><\/div><\/div>\n<div class=\"col-md-12 col-sm-12 col-xs-12 pt-cv-content-item pt-cv-1-col\" ><div class='pt-cv-ifield'><h4 class=\"pt-cv-title\"><a href=\"https:\/\/www.tvnovelas.com.br\/tvnews\/coracao-acelerado-zila-se-preocupa-com-sua-situacao-apos-separacao\/\" class=\"_self\" target=\"_self\" >Cora\u00e7\u00e3o Acelerado: Zil\u00e1 se preocupa com sua situa\u00e7\u00e3o ap\u00f3s separa\u00e7\u00e3o<\/a><\/h4><\/div><\/div><\/div><\/div><\/div><br \/>\n<a href=\"https:\/\/www.tvnovelas.com.br\/novelas\/\"><strong>&#9733; Confira os resumos da semana de todas novelas<\/strong><\/a><br \/>\n<a href=\"http:\/\/tvnovelas.com.br\/filmes\" target=\"_blank\" rel=\"noopener\">Veja tamb\u00e9m: Todas as telas: filmes e s\u00e9ries nos streamings<\/a><\/p>\n<h3>Confira tamb\u00e9m<\/h3>\n<p><a href=\"https:\/\/www.tvnovelas.com.br\/filmes\/\" target=\"_blank\" rel=\"noopener noreferrer\"><strong>Programa\u00e7\u00e3o de filmes na TV aberta<\/strong><\/a><br \/>\n<a href=\"https:\/\/tvnovelas.com.br\/filmes\/filmes-e-series-ineditos-em-estreia-na-semana-na-netflix\/\" target=\"_blank\" rel=\"noopener noreferrer\"><strong>Estreias da semana na Netflix<\/strong><\/a><br \/>\n<a href=\"https:\/\/caetenews.com.br\/semana\/filmes-da-globo-na-sessao-da-tarde-desta-semana\/\" target=\"_blank\" rel=\"noopener\"><strong>Confira os filmes da semana na Sess\u00e3o da Tarde<\/strong><\/a><br \/>\n<a href=\"\/\/tvnovelas.com.br\/filmes\/filmes-em-estreia-nos-cinemas\/\" target=\"_blank\" rel=\"noopener noreferrer\"><strong>Estreias e novidades no Cinema<\/strong><\/a><br \/>\n<a href=\"https:\/\/www.tvnovelas.com.br\/novelas\/\" target=\"_blank\" rel=\"noopener noreferrer\"><strong>Resumos de novelas<\/strong><\/a><\/p>\n","protected":false},"excerpt":{"rendered":"<p>Marcelo diz a Ana L\u00facia que tudo indica que ele assassinou o amante de sua esposa; Ernestina pede a Evaristo que procure sua neta Ana L\u00facia; Isaac diz a Marcelo que Julieta \u00e9 sua m\u00e3e; Soledade diz a Fernando que seu filho Marcelo \u00e9 um assassino&#8230;<\/p>\n","protected":false},"author":1,"featured_media":42128,"comment_status":"closed","ping_status":"closed","sticky":false,"template":"","format":"standard","meta":{"_uf_show_specific_survey":0,"_uf_disable_surveys":false,"_jetpack_memberships_contains_paid_content":false,"footnotes":"","_wp_rev_ctl_limit":""},"categories":[232],"tags":[64,13,372],"class_list":["post-42127","post","type-post","status-publish","format-standard","has-post-thumbnail","hentry","category-sbt","tag-novelas","tag-sbt","tag-tres-vezes-ana","wpcat-232-id"],"aioseo_notices":[],"jetpack_featured_media_url":"https:\/\/i0.wp.com\/www.tvnovelas.com.br\/tvnews\/wp-content\/uploads\/2023\/04\/37481b.jpg?fit=714%2C410&ssl=1","jetpack_shortlink":"https:\/\/wp.me\/pdP2BO-aXt","jetpack_sharing_enabled":true,"_links":{"self":[{"href":"https:\/\/www.tvnovelas.com.br\/tvnews\/wp-json\/wp\/v2\/posts\/42127","targetHints":{"allow":["GET"]}}],"collection":[{"href":"https:\/\/www.tvnovelas.com.br\/tvnews\/wp-json\/wp\/v2\/posts"}],"about":[{"href":"https:\/\/www.tvnovelas.com.br\/tvnews\/wp-json\/wp\/v2\/types\/post"}],"author":[{"embeddable":true,"href":"https:\/\/www.tvnovelas.com.br\/tvnews\/wp-json\/wp\/v2\/users\/1"}],"replies":[{"embeddable":true,"href":"https:\/\/www.tvnovelas.com.br\/tvnews\/wp-json\/wp\/v2\/comments?post=42127"}],"version-history":[{"count":1,"href":"https:\/\/www.tvnovelas.com.br\/tvnews\/wp-json\/wp\/v2\/posts\/42127\/revisions"}],"predecessor-version":[{"id":42131,"href":"https:\/\/www.tvnovelas.com.br\/tvnews\/wp-json\/wp\/v2\/posts\/42127\/revisions\/42131"}],"wp:featuredmedia":[{"embeddable":true,"href":"https:\/\/www.tvnovelas.com.br\/tvnews\/wp-json\/wp\/v2\/media\/42128"}],"wp:attachment":[{"href":"https:\/\/www.tvnovelas.com.br\/tvnews\/wp-json\/wp\/v2\/media?parent=42127"}],"wp:term":[{"taxonomy":"category","embeddable":true,"href":"https:\/\/www.tvnovelas.com.br\/tvnews\/wp-json\/wp\/v2\/categories?post=42127"},{"taxonomy":"post_tag","embeddable":true,"href":"https:\/\/www.tvnovelas.com.br\/tvnews\/wp-json\/wp\/v2\/tags?post=42127"}],"curies":[{"name":"wp","href":"https:\/\/api.w.org\/{rel}","templated":true}]}}