{"id":42139,"date":"2023-04-15T17:26:32","date_gmt":"2023-04-15T20:26:32","guid":{"rendered":"https:\/\/www.tvnovelas.com.br\/tvnews\/?p=42139"},"modified":"2023-04-15T17:26:15","modified_gmt":"2023-04-15T20:26:15","slug":"o-qu3e-se-passa-em-o-rei-do-gado-na-semana-17-a-21-de-abril","status":"publish","type":"post","link":"https:\/\/www.tvnovelas.com.br\/tvnews\/o-qu3e-se-passa-em-o-rei-do-gado-na-semana-17-a-21-de-abril\/","title":{"rendered":"O que se passa em O Rei do Gado na semana 17 a 21 de abril"},"content":{"rendered":"<p><em>Resumos dos cap\u00edtulos de Chocolate Com Pimenta na semana 17 a 21 de abril<\/em><br \/>\n<img data-recalc-dims=\"1\" decoding=\"async\" class=\"alignnone wp-image-42140 size-full\" title=\"(Foto: Reprodu\u00e7\u00e3o\/ TV Gloo\/ O Rei do Gado)\" src=\"https:\/\/i0.wp.com\/www.tvnovelas.com.br\/tvnews\/wp-content\/uploads\/2023\/04\/37483b.jpg?resize=728%2C410&#038;ssl=1\" alt=\"Foto em O Rei do Gado na semana 17 a 21 de abril\" width=\"728\" height=\"410\" srcset=\"https:\/\/i0.wp.com\/www.tvnovelas.com.br\/tvnews\/wp-content\/uploads\/2023\/04\/37483b.jpg?w=728&amp;ssl=1 728w, https:\/\/i0.wp.com\/www.tvnovelas.com.br\/tvnews\/wp-content\/uploads\/2023\/04\/37483b.jpg?resize=678%2C381&amp;ssl=1 678w\" sizes=\"(max-width: 728px) 100vw, 728px\" \/><\/p>\n<blockquote><p>Geremias suspeita de Luana\/Marieta; \ud835\udc11\ud835\udc1a\ud835\udc1f\ud835\udc1a\ud835\udc1e\ud835\udc25\ud835\udc1a \ud835\udc1e\ud835\udc27\ud835\udc2f\ud835\udc1e\ud835\udc27\ud835\udc1e\ud835\udc27\ud835\udc1a \ud835\udc06\ud835\udc1e\ud835\udc2b\ud835\udc1e\ud835\udc26\ud835\udc22\ud835\udc1a\ud835\udc2c; Pressionada e sob suspei\u00e7\u00e3o, Luana foge; \ud835\udc11\ud835\udc1a\ud835\udc1f\ud835\udc1a\ud835\udc1e\ud835\udc25\ud835\udc1a \ud835\udc1d\ud835\udc22\ud835\udc33 \ud835\udc2a\ud835\udc2e\ud835\udc1e \ud835\udc0b\ud835\udc2e\ud835\udc1a\ud835\udc27\ud835\udc1a\/\ud835\udc0c\ud835\udc1a\ud835\udc2b\ud835\udc22\ud835\udc1e\ud835\udc2d\ud835\udc1a \ud835\udc1f\ud835\udc2e\ud835\udc20\ud835\udc22\ud835\udc2e \ud835\udc29\ud835\udc1a\ud835\udc2b\ud835\udc1a \ud835\udc27\u00e3\ud835\udc28 \ud835\udc1e\ud835\udc27\ud835\udc1c\ud835\udc1a\ud835\udc2b\ud835\udc1a\ud835\udc2b \ud835\udc1a \ud835\udc1c\ud835\udc2e\ud835\udc25\ud835\udc29\ud835\udc1a; Judite garante que Luana n\u00e3o est\u00e1 com os Mezenga<\/p><\/blockquote>\n<p><strong>Resumo de segunda-feira, 17 de abril<\/strong><br \/>\nJudite diz a Luana que Geremias sobreviveu ao tiro, mas est\u00e1 morto por dentro. Geremias diz a Tavinho que n\u00e3o carregou a arma que disparou sem querer e suspeita de Luana\/Marieta. Ele conta a Tavinho que foi Rafaela quem deu a arma para Marcos matar Fausto. Judite defende Geremias para Luana\/Marieta e revela que o tio est\u00e1 suspeitando dela. Luana fica indignada e ofendida com a suspeita. Cl\u00f3vis tenta convencer Josimar que foram Bruno e L\u00e9ia que mataram Ralf.<\/p>\n<p><strong>Resumo de ter\u00e7a-feira, 18 de abril<\/strong><br \/>\nLuana nega a Judite que ela e Bruno tenham feito qualquer coisa. Ela diz que n\u00e3o tem medo de Geremias e que se o tio acus\u00e1-la, vai cair no mundo. Rafaela envenena Geremias, insistindo que foi Marcos quem matou Fausto e que viu Bruno saindo com um objeto que parecia ser uma arma. Geremias finalmente encara Luana\/Marieta. Emocionado, ele pergunta se ela ajudou Bruno. Ela chora e diz que jamais teria coragem de fazer isso. Marita pressiona L\u00e9ia sobre as mentiras que ela contou \u00e0 pol\u00edcia e L\u00e9ia amea\u00e7a contar \u00e0 pol\u00edcia sobre as amea\u00e7as de morte que Marita fez a Ralf. Judite diz a Luana\/Marieta que Geremias n\u00e3o est\u00e1 acreditando que foi ela. Elas comentam que Rafaela \u00e9 perigosa. Marcos pede para fazer ultrassom junto com Liliana.<br \/>\n<img data-recalc-dims=\"1\" decoding=\"async\" class=\"alignnone wp-image-42141 size-full\" title=\"(Foto: Reprodu\u00e7\u00e3o\/ TV Gloo\/ O Rei do Gado)\" src=\"https:\/\/i0.wp.com\/www.tvnovelas.com.br\/tvnews\/wp-content\/uploads\/2023\/04\/37483a.jpg?resize=728%2C410&#038;ssl=1\" alt=\"Foto em O Rei do Gado na semana 17 a 21 de abril\" width=\"728\" height=\"410\" srcset=\"https:\/\/i0.wp.com\/www.tvnovelas.com.br\/tvnews\/wp-content\/uploads\/2023\/04\/37483a.jpg?w=728&amp;ssl=1 728w, https:\/\/i0.wp.com\/www.tvnovelas.com.br\/tvnews\/wp-content\/uploads\/2023\/04\/37483a.jpg?resize=678%2C381&amp;ssl=1 678w\" sizes=\"(max-width: 728px) 100vw, 728px\" \/><\/p>\n<p><strong>Resumo de quarta-feira, 19 de abril<\/strong><br \/>\nRafaela mostra a Tavinho e Geremias onde supostamente viu Luana\/Marieta enterrando alguma coisa. Tavinho cava. Judite aconselha Luana a ter calma e confiar em Geremias, pois Rafaela est\u00e1 mostrando toda sua maldade. Tavinho encontra a bala que atravessou o corpo de Geremias. Rafaela diz para Ot\u00e1vio n\u00e3o se fazer de inocente pois ambos sempre souberam que o casamento deles \u00e9 uma farsa. Ela diz que ainda gosta de Marcos. Uer\u00e9 chama Donana de m\u00e3e. Marcos e Liliana v\u00e3o ao m\u00e9dico e descobrem que ser\u00e3o pais de um menino. Ao descobrir que a bala saiu mesmo da arma de Geremias, Valdir diz a Rafaela que ela est\u00e1 encrencada e vai ter que responder por ter sido c\u00famplice de Marcos. Geremias diz que s\u00f3 queria morrer (de desgosto). Valdir exige explica\u00e7\u00f5es de Luana, que se defende das acusa\u00e7\u00f5es. Judite e Geremias batem na porta de Luana\/Marieta, mas ela n\u00e3o responde. Eles decidem arrombar a porta e veem que ela fugiu. Luana foge pelos cafezais decidida a n\u00e3o ter o filho no meio do \u00f3dio.<\/p>\n<p><strong>Resumo de quinta-feira, 20 de abril<\/strong><br \/>\nRafaela diz que Luana\/Marieta fugiu para n\u00e3o encarar a culpa. Eles especulam que ela tenha ido para junto dos Mezenga. Marcos e Bruno chegam \u00e0 delegacia de Valdir. Ele liga para Geremias para que Marieta e Rafaela v\u00e3o at\u00e9 l\u00e1, e descobre que Luana\/Marieta fugiu. Valdir diz com isso Luana assinou a confiss\u00e3o de culpa e que Marcos est\u00e1 preso pelo assassinato de Fausto. Rafaela chega \u00e0 delegacia e confirma a vers\u00e3o de Valdir. O delegado aconselha que os Mezenga procurem um bom advogado. Luana pega carona em um caminh\u00e3o. Rafaela dep\u00f5e como ela entregou a arma a Marcos e atocaiou Fausto. Josimar interroga Geraldino. Geremias n\u00e3o entende por que Luana\/Marieta quis atirar nele.<br \/>\n<img data-recalc-dims=\"1\" decoding=\"async\" class=\"alignnone wp-image-42142 size-full\" title=\"(Foto: Reprodu\u00e7\u00e3o\/TV Globo\/O Rei do Gado)\" src=\"https:\/\/i0.wp.com\/www.tvnovelas.com.br\/tvnews\/wp-content\/uploads\/2023\/04\/37483.jpg?resize=728%2C410&#038;ssl=1\" alt=\"Foto em O Rei do Gado na semana 17 a 21 de abril\" width=\"728\" height=\"410\" srcset=\"https:\/\/i0.wp.com\/www.tvnovelas.com.br\/tvnews\/wp-content\/uploads\/2023\/04\/37483.jpg?w=728&amp;ssl=1 728w, https:\/\/i0.wp.com\/www.tvnovelas.com.br\/tvnews\/wp-content\/uploads\/2023\/04\/37483.jpg?resize=678%2C381&amp;ssl=1 678w\" sizes=\"(max-width: 728px) 100vw, 728px\" \/><\/p>\n<p><strong>Resumo de sexta-feira, 21 de abril<\/strong><br \/>\nJulia e Marcos torcem para Luana voltar, pois s\u00f3 ela pode livrar a cara deles. Rafaela diz a Judite que a herdeira de verdade \u00e9 ela. Marita confirma a Josimar e Cl\u00f3vis que esteva no Iate Clube no dia em que Ralf morreu. Judite garante que Luana n\u00e3o est\u00e1 com os Mezenga. Valdir diz a Bruno que se Luana\/Marieta n\u00e3o aparecer eles est\u00e3o encrencados. Bruno diz a Marcos que precisa encontrar Luana e o filho que ela est\u00e1 esperando. Tavinho diz a Judite que seu casamento com Rafaela acabou. Ela se pergunta quem \u00e9 a herdeira de Geremias, j\u00e1 que ambas se chamam Marieta. Luana reaparece no corte de cana e sofre com o peso do trabalho.<br \/>\n<!--FIM--><br \/>\n<strong style=\"font-size: 120%;\">\u00daltimas not\u00edcias deste canal:<\/strong><br \/>\n<div class=\"pt-cv-wrapper\"><div class=\"pt-cv-view pt-cv-grid pt-cv-colsys\" id=\"pt-cv-view-90991035b3\"><div data-id=\"pt-cv-page-1\" class=\"pt-cv-page\" data-cvc=\"1\"><div class=\"col-md-12 col-sm-12 col-xs-12 pt-cv-content-item pt-cv-1-col\" ><div class='pt-cv-ifield'><h4 class=\"pt-cv-title\"><a href=\"https:\/\/www.tvnovelas.com.br\/tvnews\/coracao-de-mae-irmak-inicia-jogo-arriscado-contra-adnan\/\" class=\"_self\" target=\"_self\" >Cora\u00e7\u00e3o de M\u00e3e: Irmak inicia jogo arriscado contra Adnan<\/a><\/h4><\/div><\/div>\n<div class=\"col-md-12 col-sm-12 col-xs-12 pt-cv-content-item pt-cv-1-col\" ><div class='pt-cv-ifield'><h4 class=\"pt-cv-title\"><a href=\"https:\/\/www.tvnovelas.com.br\/tvnews\/guerra-das-rosas-omer-chama-gulru-vestida-de-noiva-para-fugir\/\" class=\"_self\" target=\"_self\" >Guerra das Rosas: Omer chama Gulru vestida de noiva para fugir<\/a><\/h4><\/div><\/div>\n<div class=\"col-md-12 col-sm-12 col-xs-12 pt-cv-content-item pt-cv-1-col\" ><div class='pt-cv-ifield'><h4 class=\"pt-cv-title\"><a href=\"https:\/\/www.tvnovelas.com.br\/tvnews\/coracao-de-mae-reha-sai-para-jantar-com-selvi\/\" class=\"_self\" target=\"_self\" >Cora\u00e7\u00e3o de M\u00e3e: Reha sai para jantar com Selvi<\/a><\/h4><\/div><\/div>\n<div class=\"col-md-12 col-sm-12 col-xs-12 pt-cv-content-item pt-cv-1-col\" ><div class='pt-cv-ifield'><h4 class=\"pt-cv-title\"><a href=\"https:\/\/www.tvnovelas.com.br\/tvnews\/coracao-acelerado-zila-se-preocupa-com-sua-situacao-apos-separacao\/\" class=\"_self\" target=\"_self\" >Cora\u00e7\u00e3o Acelerado: Zil\u00e1 se preocupa com sua situa\u00e7\u00e3o ap\u00f3s separa\u00e7\u00e3o<\/a><\/h4><\/div><\/div>\n<div class=\"col-md-12 col-sm-12 col-xs-12 pt-cv-content-item pt-cv-1-col\" ><div class='pt-cv-ifield'><h4 class=\"pt-cv-title\"><a href=\"https:\/\/www.tvnovelas.com.br\/tvnews\/a-nobreza-do-amor-tonho-nao-se-curva-diante-de-mirinho\/\" class=\"_self\" target=\"_self\" >A Nobreza do Amor: Tonho n\u00e3o se curva diante de Mirinho<\/a><\/h4><\/div><\/div>\n<div class=\"col-md-12 col-sm-12 col-xs-12 pt-cv-content-item pt-cv-1-col\" ><div class='pt-cv-ifield'><h4 class=\"pt-cv-title\"><a href=\"https:\/\/www.tvnovelas.com.br\/tvnews\/tres-gracas-arminda-surta-ao-confirmar-que-ferette-e-pai-de-raul\/\" class=\"_self\" target=\"_self\" >Tr\u00eas Gra\u00e7as:  Arminda surta ao confirmar que Ferette \u00e9 pai de Raul<\/a><\/h4><\/div><\/div>\n<div class=\"col-md-12 col-sm-12 col-xs-12 pt-cv-content-item pt-cv-1-col\" ><div class='pt-cv-ifield'><h4 class=\"pt-cv-title\"><a href=\"https:\/\/www.tvnovelas.com.br\/tvnews\/coracao-de-mae-atilla-confronta-hasan-e-exige-o-divorcio-de-lale\/\" class=\"_self\" target=\"_self\" >Cora\u00e7\u00e3o de M\u00e3e: Atilla confronta Hasan e exige o div\u00f3rcio de Lale<\/a><\/h4><\/div><\/div>\n<div class=\"col-md-12 col-sm-12 col-xs-12 pt-cv-content-item pt-cv-1-col\" ><div class='pt-cv-ifield'><h4 class=\"pt-cv-title\"><a href=\"https:\/\/www.tvnovelas.com.br\/tvnews\/guerra-das-rosas-gulfem-coloca-gulru-contra-a-parede\/\" class=\"_self\" target=\"_self\" >Guerra das Rosas: Gulfem coloca Gulru contra a parede<\/a><\/h4><\/div><\/div>\n<div class=\"col-md-12 col-sm-12 col-xs-12 pt-cv-content-item pt-cv-1-col\" ><div class='pt-cv-ifield'><h4 class=\"pt-cv-title\"><a href=\"https:\/\/www.tvnovelas.com.br\/tvnews\/coracao-de-mae-atilla-diz-a-lale-que-quer-o-divorcio\/\" class=\"_self\" target=\"_self\" >Cora\u00e7\u00e3o de M\u00e3e: Atilla diz a Lale que quer o div\u00f3rcio<\/a><\/h4><\/div><\/div>\n<div class=\"col-md-12 col-sm-12 col-xs-12 pt-cv-content-item pt-cv-1-col\" ><div class='pt-cv-ifield'><h4 class=\"pt-cv-title\"><a href=\"https:\/\/www.tvnovelas.com.br\/tvnews\/a-nobreza-do-amor-mirinho-garante-noivado-com-virginia-para-atrair-sogro-a-negocio\/\" class=\"_self\" target=\"_self\" >A Nobreza do Amor: Mirinho garante noivado com Virg\u00ednia para atrair sogro a neg\u00f3cio<\/a><\/h4><\/div><\/div><\/div><\/div><\/div><br \/>\n<a href=\"https:\/\/www.tvnovelas.com.br\/novelas\/\"><strong>Confira os resumos da semana de todas novelas<\/strong><\/a><br \/>\n<a href=\"http:\/\/tvnovelas.com.br\/filmes\" target=\"_blank\" rel=\"noopener\">Veja tamb\u00e9m: Todas as telas: filmes e s\u00e9ries nos streamings<\/a><\/p>\n<h3>Confira tamb\u00e9m<\/h3>\n<p><a href=\"https:\/\/www.tvnovelas.com.br\/filmes\/\" target=\"_blank\" rel=\"noopener noreferrer\"><strong>Programa\u00e7\u00e3o de filmes na TV aberta<\/strong><\/a><br \/>\n<a href=\"https:\/\/tvnovelas.com.br\/filmes\/filmes-e-series-ineditos-em-estreia-na-semana-na-netflix\/\" target=\"_blank\" rel=\"noopener noreferrer\"><strong>Estreias da semana na Netflix<\/strong><\/a><br \/>\n<a href=\"https:\/\/caetenews.com.br\/semana\/filmes-da-globo-na-sessao-da-tarde-desta-semana\/\" target=\"_blank\" rel=\"noopener\"><strong>Confira os filmes da semana na Sess\u00e3o da Tarde<\/strong><\/a><br \/>\n<a href=\"\/\/tvnovelas.com.br\/filmes\/filmes-em-estreia-nos-cinemas\/\" target=\"_blank\" rel=\"noopener noreferrer\"><strong>Estreias e novidades no Cinema<\/strong><\/a><br \/>\n<a href=\"https:\/\/www.tvnovelas.com.br\/novelas\/\" target=\"_blank\" rel=\"noopener noreferrer\"><strong>Resumos de novelas<\/strong><\/a><\/p>\n","protected":false},"excerpt":{"rendered":"<p>Geremias suspeita de Luana\/Marieta; \ud835\udc11\ud835\udc1a\ud835\udc1f\ud835\udc1a\ud835\udc1e\ud835\udc25\ud835\udc1a \ud835\udc1e\ud835\udc27\ud835\udc2f\ud835\udc1e\ud835\udc27\ud835\udc1e\ud835\udc27\ud835\udc1a \ud835\udc06\ud835\udc1e\ud835\udc2b\ud835\udc1e\ud835\udc26\ud835\udc22\ud835\udc1a\ud835\udc2c; Pressionada e sob suspei\u00e7\u00e3o, Luana foge; \ud835\udc11\ud835\udc1a\ud835\udc1f\ud835\udc1a\ud835\udc1e\ud835\udc25\ud835\udc1a \ud835\udc1d\ud835\udc22\ud835\udc33 \ud835\udc2a\ud835\udc2e\ud835\udc1e \ud835\udc0b\ud835\udc2e\ud835\udc1a\ud835\udc27\ud835\udc1a\/\ud835\udc0c\ud835\udc1a\ud835\udc2b\ud835\udc22\ud835\udc1e\ud835\udc2d\ud835\udc1a \ud835\udc1f\ud835\udc2e\ud835\udc20\ud835\udc22\ud835\udc2e \ud835\udc29\ud835\udc1a\ud835\udc2b\ud835\udc1a \ud835\udc27\u00e3\ud835\udc28 \ud835\udc1e\ud835\udc27\ud835\udc1c\ud835\udc1a\ud835\udc2b\ud835\udc1a\ud835\udc2b \ud835\udc1a \ud835\udc1c\ud835\udc2e\ud835\udc25\ud835\udc29\ud835\udc1a; Judite garante que Luana n\u00e3o est\u00e1 com os Mezenga&#8230;<\/p>\n","protected":false},"author":1,"featured_media":42140,"comment_status":"closed","ping_status":"closed","sticky":false,"template":"","format":"standard","meta":{"_uf_show_specific_survey":0,"_uf_disable_surveys":false,"_jetpack_memberships_contains_paid_content":false,"footnotes":"","_wp_rev_ctl_limit":""},"categories":[356],"tags":[5,64,355],"class_list":["post-42139","post","type-post","status-publish","format-standard","has-post-thumbnail","hentry","category-o-rei-do-gado","tag-globo","tag-novelas","tag-o-rei-do-gado","wpcat-356-id"],"aioseo_notices":[],"jetpack_featured_media_url":"https:\/\/i0.wp.com\/www.tvnovelas.com.br\/tvnews\/wp-content\/uploads\/2023\/04\/37483b.jpg?fit=728%2C410&ssl=1","jetpack_shortlink":"https:\/\/wp.me\/pdP2BO-aXF","jetpack_sharing_enabled":true,"_links":{"self":[{"href":"https:\/\/www.tvnovelas.com.br\/tvnews\/wp-json\/wp\/v2\/posts\/42139","targetHints":{"allow":["GET"]}}],"collection":[{"href":"https:\/\/www.tvnovelas.com.br\/tvnews\/wp-json\/wp\/v2\/posts"}],"about":[{"href":"https:\/\/www.tvnovelas.com.br\/tvnews\/wp-json\/wp\/v2\/types\/post"}],"author":[{"embeddable":true,"href":"https:\/\/www.tvnovelas.com.br\/tvnews\/wp-json\/wp\/v2\/users\/1"}],"replies":[{"embeddable":true,"href":"https:\/\/www.tvnovelas.com.br\/tvnews\/wp-json\/wp\/v2\/comments?post=42139"}],"version-history":[{"count":2,"href":"https:\/\/www.tvnovelas.com.br\/tvnews\/wp-json\/wp\/v2\/posts\/42139\/revisions"}],"predecessor-version":[{"id":42144,"href":"https:\/\/www.tvnovelas.com.br\/tvnews\/wp-json\/wp\/v2\/posts\/42139\/revisions\/42144"}],"wp:featuredmedia":[{"embeddable":true,"href":"https:\/\/www.tvnovelas.com.br\/tvnews\/wp-json\/wp\/v2\/media\/42140"}],"wp:attachment":[{"href":"https:\/\/www.tvnovelas.com.br\/tvnews\/wp-json\/wp\/v2\/media?parent=42139"}],"wp:term":[{"taxonomy":"category","embeddable":true,"href":"https:\/\/www.tvnovelas.com.br\/tvnews\/wp-json\/wp\/v2\/categories?post=42139"},{"taxonomy":"post_tag","embeddable":true,"href":"https:\/\/www.tvnovelas.com.br\/tvnews\/wp-json\/wp\/v2\/tags?post=42139"}],"curies":[{"name":"wp","href":"https:\/\/api.w.org\/{rel}","templated":true}]}}