{"id":42532,"date":"2023-04-22T13:45:33","date_gmt":"2023-04-22T16:45:33","guid":{"rendered":"https:\/\/www.tvnovelas.com.br\/tvnews\/?p=42532"},"modified":"2023-04-22T14:30:47","modified_gmt":"2023-04-22T17:30:47","slug":"42532-2","status":"publish","type":"post","link":"https:\/\/www.tvnovelas.com.br\/tvnews\/42532-2\/","title":{"rendered":"O que acontece em Vai na F\u00e9 na semana 24 a 29 de abril"},"content":{"rendered":"<p><em>Resumos de Vai na F\u00e9 na semana 24 a 29 de abril<\/em><br \/>\n<img data-recalc-dims=\"1\" decoding=\"async\" class=\"alignnone wp-image-42536 size-full\" title=\"(Foto: Reprodu\u00e7\u00e3o\/TV Globo\/Vai na F\u00e9)\" src=\"https:\/\/i0.wp.com\/www.tvnovelas.com.br\/tvnews\/wp-content\/uploads\/2023\/04\/10001b.jpg?resize=728%2C409&#038;ssl=1\" alt=\"Foto em Vai na F\u00e9 na semana 24 a 29 de abril \" width=\"728\" height=\"409\" srcset=\"https:\/\/i0.wp.com\/www.tvnovelas.com.br\/tvnews\/wp-content\/uploads\/2023\/04\/10001b.jpg?w=728&amp;ssl=1 728w, https:\/\/i0.wp.com\/www.tvnovelas.com.br\/tvnews\/wp-content\/uploads\/2023\/04\/10001b.jpg?resize=678%2C381&amp;ssl=1 678w\" sizes=\"(max-width: 728px) 100vw, 728px\" \/><\/p>\n<blockquote><p>Bruna revela para Ben por que Sol tem pavor de Theo; \ud835\udc01\ud835\udc1e\ud835\udc27 \ud835\udc1a\ud835\udc20\ud835\udc2b\ud835\udc22\ud835\udc1d\ud835\udc1e \ud835\udc13\ud835\udc21\ud835\udc1e\ud835\udc28: Lumiar cuida dos ferimentos de Theo; \ud835\udc01\ud835\udc1e\ud835\udc27 \ud835\udc2b\ud835\udc1e\ud835\udc2f\ud835\udc1e\ud835\udc25\ud835\udc1a \ud835\udc1a \ud835\udc0b\ud835\udc2e\ud835\udc26\ud835\udc22\ud835\udc1a\ud835\udc2b \ud835\udc2a\ud835\udc2e\ud835\udc1e \ud835\udc13\ud835\udc21\ud835\udc1e\ud835\udc28 \ud835\udc1a\ud835\udc1b\ud835\udc2e\ud835\udc2c\ud835\udc28\ud835\udc2e \ud835\udc1d\ud835\udc1e \ud835\udc12\ud835\udc28\ud835\udc25; Ben avisa a Lumiar que far\u00e1 o exame de DNA com Jenifer&#8230;<\/p><\/blockquote>\n<p>]<strong>Resumo de segunda-feira, 24 de abril<\/strong><br \/>\nTat\u00e1 tenta convencer Jenifer a n\u00e3o denunci\u00e1-lo. Yuri e Bela decidem procurar as pessoas que ficaram na lista de espera para receber uma bolsa de estudo. Wilma questiona Lui sobre seu relacionamento com Sol. Wilma implica com Dora, que tenta manter a calma. Simas avisa a Ben que n\u00e3o testemunhar\u00e1 na audi\u00eancia de paternidade. Lui decide entrar na igreja para assistir \u00e0 apresenta\u00e7\u00e3o de Duda e constrange Sol. Kate e Rafa interagem na frente da c\u00e2mera fotogr\u00e1fica. Tat\u00e1 se preocupa ao constatar que Yuri e Bela sabem da fraude que ele cometeu. Bruna revela para Ben por que Sol tem pavor de Theo. Simas chama Ben para ir ao bar se encontrar com ele e Theo. Lumiar mostra o apartamento para um casal. Ben agride Theo.<\/p>\n<p><strong>Resumo de ter\u00e7a-feira, 25 de abril<\/strong><br \/>\nBen tira satisfa\u00e7\u00f5es com Theo. Sol incentiva Lui a abra\u00e7ar F\u00e1bio. Bruna conta para Ben que Sol decidiu se afastar quando percebeu que Theo tamb\u00e9m poderia ser o pai de Jenifer. Lumiar cuida dos ferimentos de Theo. Rafa convida Kate para ir a sua casa, e Jenifer a repreende. Clara desconfia quando Theo avisa que est\u00e1 na casa de Lumiar cuidando de um ferimento causado por Ben. Wilma bebe um ch\u00e1 alucin\u00f3geno no ref\u00fagio e v\u00ea Lui e Sol se beijando. Ben fala com Bruna que teve uma ideia para afastar Theo da vida deles. Theo reclama ao saber que uma poss\u00edvel namorada de Rafa ir\u00e1 em sua casa. Bruna aprova a sugest\u00e3o de Ben. Kate chega \u00e0 casa de Theo.<br \/>\n<img data-recalc-dims=\"1\" decoding=\"async\" class=\"alignnone wp-image-42537 size-full\" title=\"(Foto: Reprodu\u00e7\u00e3o\/TV Globo\/Vai na F\u00e9)\" src=\"https:\/\/i0.wp.com\/www.tvnovelas.com.br\/tvnews\/wp-content\/uploads\/2023\/04\/10001a.jpg?resize=728%2C409&#038;ssl=1\" alt=\"Foto em Vai na F\u00e9 na semana 24 a 29 de abril\" width=\"728\" height=\"409\" srcset=\"https:\/\/i0.wp.com\/www.tvnovelas.com.br\/tvnews\/wp-content\/uploads\/2023\/04\/10001a.jpg?w=728&amp;ssl=1 728w, https:\/\/i0.wp.com\/www.tvnovelas.com.br\/tvnews\/wp-content\/uploads\/2023\/04\/10001a.jpg?resize=678%2C381&amp;ssl=1 678w\" sizes=\"(max-width: 728px) 100vw, 728px\" \/><\/p>\n<p><strong>Resumo de quarta-feira, 26 de abril<\/strong><br \/>\nKate pergunta sobre o pai de Rafa. Theo faz uma oferta para o apartamento de Lumiar. Wilma n\u00e3o deixa Lui e F\u00e1bio conversarem. Hugo se oferece para dar aulas de desenho na igreja. Ben avisa a Lumiar que far\u00e1 o exame de DNA com Jenifer. Tat\u00e1 v\u00ea o v\u00eddeo com os candidatos que perderam a vaga para bolsa de estudos no ICAES. Bruna conversa com Ant\u00f4nio, o funcion\u00e1rio do laborat\u00f3rio que ser\u00e1 indicado por Ben. Tat\u00e1 se entrega para o reitor da faculdade. Lumiar informa a Theo sobre o exame de DNA. Helena incentiva Clara a ser mais independente. Sol ouve Ben falar com Jenifer sobre fazer o exame de DNA e se desespera.<\/p>\n<p><strong>Resumo de quinta-feira, 27 de abril<\/strong><br \/>\nBen tenta tranquilizar Sol. Theo \u00e9 hostil com Helena. Rafa elogia Clara. Sol se aconselha com o pastor Miguel. Ant\u00f4nio pede dinheiro para fazer o servi\u00e7o. Theo leva Clara para trabalhar no galp\u00e3o. Lumiar avisa a Theo que ele n\u00e3o poder\u00e1 ir \u00e0 cl\u00ednica no mesmo hor\u00e1rio que Ben, Jenifer e Sol. Fred conta para Jenifer que Tat\u00e1 est\u00e1 trabalhando no Bar do Simas. Ben e Jenifer recolhem o material para o exame de DNA. Jenifer pensa estar gr\u00e1vida de Tat\u00e1 e confidencia a Kate. Lumiar ouve Ben falando ao telefone e fica desconfiada. Sol chega \u00e0 cl\u00ednica para colher o material para o exame, e se apavora ao encontrar Theo.<br \/>\n<img data-recalc-dims=\"1\" decoding=\"async\" class=\"alignnone wp-image-42538 size-full\" title=\"(Foto: Reprodu\u00e7\u00e3o\/TV Globo\/Vai na F\u00e9)\" src=\"https:\/\/i0.wp.com\/www.tvnovelas.com.br\/tvnews\/wp-content\/uploads\/2023\/04\/10001.jpg?resize=728%2C409&#038;ssl=1\" alt=\"Foto em Vai na F\u00e9 na semana 24 a 29 de abril\" width=\"728\" height=\"409\" srcset=\"https:\/\/i0.wp.com\/www.tvnovelas.com.br\/tvnews\/wp-content\/uploads\/2023\/04\/10001.jpg?w=728&amp;ssl=1 728w, https:\/\/i0.wp.com\/www.tvnovelas.com.br\/tvnews\/wp-content\/uploads\/2023\/04\/10001.jpg?resize=678%2C381&amp;ssl=1 678w\" sizes=\"(max-width: 728px) 100vw, 728px\" \/><\/p>\n<p><strong>Resumo de sexta-feira, 28 de abril<\/strong><br \/>\nAnt\u00f4nio colhe o material de Theo. Jenifer e Kate esperam o resultado do teste de gravidez. Lumiar questiona Ben sobre o telefonema para Ant\u00f4nio. Jenifer e Tat\u00e1 terminam o namoro. Sol chega \u00e0 mans\u00e3o transtornada, e Lui tenta acalmar a parceira. Ben revela a Lumiar que Theo abusou de Sol. Lui se oferece para ir com Sol at\u00e9 a cl\u00ednica. Rafa sofre uma crise de ansiedade na faculdade, e Kate se preocupa. Lui e Sol chegam para a grava\u00e7\u00e3o do clipe. Kate flagra Jenifer assistindo a um v\u00eddeo de Eduardo. Clara se atrapalha com o trabalho que Theo lhe oferece no escrit\u00f3rio. Ben entrega o dinheiro para Ant\u00f4nio. Clara leva Rafa ao psiquiatra. Lumiar avisa a Theo que n\u00e3o quer mais vender seu apartamento. Luiz informa a Ant\u00f4nio que n\u00e3o consegue fazer a altera\u00e7\u00e3o do exame no sistema, e que o mesmo precisar\u00e1 ser refeito.<\/p>\n<p><strong>Resumo de s\u00e1bado, 29 de abril<\/strong><br \/>\nLuiz quer que Ant\u00f4nio desista da fraude. Theo ajuda Lumiar a apagar as lembran\u00e7as de Ben em seu apartamento. Bruna tenta convencer Ant\u00f4nio a manter o acordo e alterar o exame. Lumiar deixa de usar sua alian\u00e7a de casamento, e Ben nota. Theo humilha Clara ap\u00f3s falar com Orfeu. Guiga convida Yuri, Bela, Jenifer e outra pessoas do ICAES para uma festa em sua casa. Helena convida Clara para sair. Kate vai \u00e0 casa de Rafa. Jenifer muda o visual e recebe um elogio de Eduardo. Dois homens desconhecidos tentam flertar com Clara e Helena. Kate e Rafa se beijam. Yuri descobre que Guiga foi paga para usar todos os presentes na festa em uma publica\u00e7\u00e3o. Para afastar os dois homens desconhecidos, Clara surpreende Helena com um beijo.<br \/>\n<!--FIM--><br \/>\n<a href=\"https:\/\/www.tvnovelas.com.br\/novelas\/resumos-de-vai-na-fe-2\/\">Confira os resumos de Vai na F\u00e9 da semana 1\u00ba a 06 de maio<\/a><br \/>\n<strong style=\"font-size: 120%;\">\u00daltimas not\u00edcias de Vai na F\u00e9:<\/strong><br \/>\n<div class=\"pt-cv-wrapper\"><div class=\"pt-cv-view pt-cv-grid pt-cv-colsys\" id=\"pt-cv-view-8080477fv3\"><div data-id=\"pt-cv-page-1\" class=\"pt-cv-page\" data-cvc=\"1\"><div class=\"col-md-12 col-sm-12 col-xs-12 pt-cv-content-item pt-cv-1-col\" ><div class='pt-cv-ifield'><h4 class=\"pt-cv-title\"><a href=\"https:\/\/www.tvnovelas.com.br\/tvnews\/vai-na-fe-sol-enfrenta-empresario-e-abre-show-de-lui\/\" class=\"_blank\" target=\"_blank\" >Vai na F\u00e9: Sol enfrenta empres\u00e1rio e abre show de Lui<\/a><\/h4><\/div><\/div>\n<div class=\"col-md-12 col-sm-12 col-xs-12 pt-cv-content-item pt-cv-1-col\" ><div class='pt-cv-ifield'><h4 class=\"pt-cv-title\"><a href=\"https:\/\/www.tvnovelas.com.br\/tvnews\/vai-na-fe-theo-muda-visual-e-mata-orfeu\/\" class=\"_blank\" target=\"_blank\" >Vai na F\u00e9: Theo muda visual e mata Orfeu<\/a><\/h4><\/div><\/div>\n<div class=\"col-md-12 col-sm-12 col-xs-12 pt-cv-content-item pt-cv-1-col\" ><div class='pt-cv-ifield'><h4 class=\"pt-cv-title\"><a href=\"https:\/\/www.tvnovelas.com.br\/tvnews\/vai-na-fe-sol-e-impedida-de-abrir-show-de-lui-lorenzo\/\" class=\"_blank\" target=\"_blank\" >Vai na F\u00e9: Sol \u00e9 impedida de abrir show de Lui Lorenzo<\/a><\/h4><\/div><\/div>\n<div class=\"col-md-12 col-sm-12 col-xs-12 pt-cv-content-item pt-cv-1-col\" ><div class='pt-cv-ifield'><h4 class=\"pt-cv-title\"><a href=\"https:\/\/www.tvnovelas.com.br\/tvnews\/vai-na-fe-ben-descobre-envolvimento-de-theo-na-morte-de-carlao\/\" class=\"_blank\" target=\"_blank\" >Vai na F\u00e9: Ben descobre envolvimento de Theo na morte de Carl\u00e3o<\/a><\/h4><\/div><\/div>\n<div class=\"col-md-12 col-sm-12 col-xs-12 pt-cv-content-item pt-cv-1-col\" ><div class='pt-cv-ifield'><h4 class=\"pt-cv-title\"><a href=\"https:\/\/www.tvnovelas.com.br\/tvnews\/vai-na-fe-orfeu-erra-o-tiro-e-theo-atropela-o-ex-socio\/\" class=\"_blank\" target=\"_blank\" >Vai na F\u00e9: Orfeu erra o tiro e Theo atropela o ex-s\u00f3cio<\/a><\/h4><\/div><\/div>\n<div class=\"col-md-12 col-sm-12 col-xs-12 pt-cv-content-item pt-cv-1-col\" ><div class='pt-cv-ifield'><h4 class=\"pt-cv-title\"><a href=\"https:\/\/www.tvnovelas.com.br\/tvnews\/vai-na-fe-orfeu-traido-por-theo-promete-vinganca\/\" class=\"_blank\" target=\"_blank\" >Vai na F\u00e9: Orfeu tra\u00eddo por Theo promete vingan\u00e7a<\/a><\/h4><\/div><\/div><\/div><\/div><\/div><br \/>\n<strong style=\"font-size: 120%;\">\u00daltimas not\u00edcias deste canal:<\/strong><br \/>\n<div class=\"pt-cv-wrapper\"><div class=\"pt-cv-view pt-cv-grid pt-cv-colsys\" id=\"pt-cv-view-90991035b3\"><div data-id=\"pt-cv-page-1\" class=\"pt-cv-page\" data-cvc=\"1\"><div class=\"col-md-12 col-sm-12 col-xs-12 pt-cv-content-item pt-cv-1-col\" ><div class='pt-cv-ifield'><h4 class=\"pt-cv-title\"><a href=\"https:\/\/www.tvnovelas.com.br\/tvnews\/coracao-de-mae-irmak-inicia-jogo-arriscado-contra-adnan\/\" class=\"_self\" target=\"_self\" >Cora\u00e7\u00e3o de M\u00e3e: Irmak inicia jogo arriscado contra Adnan<\/a><\/h4><\/div><\/div>\n<div class=\"col-md-12 col-sm-12 col-xs-12 pt-cv-content-item pt-cv-1-col\" ><div class='pt-cv-ifield'><h4 class=\"pt-cv-title\"><a href=\"https:\/\/www.tvnovelas.com.br\/tvnews\/guerra-das-rosas-omer-chama-gulru-vestida-de-noiva-para-fugir\/\" class=\"_self\" target=\"_self\" >Guerra das Rosas: Omer chama Gulru vestida de noiva para fugir<\/a><\/h4><\/div><\/div>\n<div class=\"col-md-12 col-sm-12 col-xs-12 pt-cv-content-item pt-cv-1-col\" ><div class='pt-cv-ifield'><h4 class=\"pt-cv-title\"><a href=\"https:\/\/www.tvnovelas.com.br\/tvnews\/coracao-de-mae-reha-sai-para-jantar-com-selvi\/\" class=\"_self\" target=\"_self\" >Cora\u00e7\u00e3o de M\u00e3e: Reha sai para jantar com Selvi<\/a><\/h4><\/div><\/div>\n<div class=\"col-md-12 col-sm-12 col-xs-12 pt-cv-content-item pt-cv-1-col\" ><div class='pt-cv-ifield'><h4 class=\"pt-cv-title\"><a href=\"https:\/\/www.tvnovelas.com.br\/tvnews\/coracao-acelerado-zila-se-preocupa-com-sua-situacao-apos-separacao\/\" class=\"_self\" target=\"_self\" >Cora\u00e7\u00e3o Acelerado: Zil\u00e1 se preocupa com sua situa\u00e7\u00e3o ap\u00f3s separa\u00e7\u00e3o<\/a><\/h4><\/div><\/div>\n<div class=\"col-md-12 col-sm-12 col-xs-12 pt-cv-content-item pt-cv-1-col\" ><div class='pt-cv-ifield'><h4 class=\"pt-cv-title\"><a href=\"https:\/\/www.tvnovelas.com.br\/tvnews\/a-nobreza-do-amor-tonho-nao-se-curva-diante-de-mirinho\/\" class=\"_self\" target=\"_self\" >A Nobreza do Amor: Tonho n\u00e3o se curva diante de Mirinho<\/a><\/h4><\/div><\/div>\n<div class=\"col-md-12 col-sm-12 col-xs-12 pt-cv-content-item pt-cv-1-col\" ><div class='pt-cv-ifield'><h4 class=\"pt-cv-title\"><a href=\"https:\/\/www.tvnovelas.com.br\/tvnews\/tres-gracas-arminda-surta-ao-confirmar-que-ferette-e-pai-de-raul\/\" class=\"_self\" target=\"_self\" >Tr\u00eas Gra\u00e7as:  Arminda surta ao confirmar que Ferette \u00e9 pai de Raul<\/a><\/h4><\/div><\/div>\n<div class=\"col-md-12 col-sm-12 col-xs-12 pt-cv-content-item pt-cv-1-col\" ><div class='pt-cv-ifield'><h4 class=\"pt-cv-title\"><a href=\"https:\/\/www.tvnovelas.com.br\/tvnews\/coracao-de-mae-atilla-confronta-hasan-e-exige-o-divorcio-de-lale\/\" class=\"_self\" target=\"_self\" >Cora\u00e7\u00e3o de M\u00e3e: Atilla confronta Hasan e exige o div\u00f3rcio de Lale<\/a><\/h4><\/div><\/div>\n<div class=\"col-md-12 col-sm-12 col-xs-12 pt-cv-content-item pt-cv-1-col\" ><div class='pt-cv-ifield'><h4 class=\"pt-cv-title\"><a href=\"https:\/\/www.tvnovelas.com.br\/tvnews\/guerra-das-rosas-gulfem-coloca-gulru-contra-a-parede\/\" class=\"_self\" target=\"_self\" >Guerra das Rosas: Gulfem coloca Gulru contra a parede<\/a><\/h4><\/div><\/div>\n<div class=\"col-md-12 col-sm-12 col-xs-12 pt-cv-content-item pt-cv-1-col\" ><div class='pt-cv-ifield'><h4 class=\"pt-cv-title\"><a href=\"https:\/\/www.tvnovelas.com.br\/tvnews\/coracao-de-mae-atilla-diz-a-lale-que-quer-o-divorcio\/\" class=\"_self\" target=\"_self\" >Cora\u00e7\u00e3o de M\u00e3e: Atilla diz a Lale que quer o div\u00f3rcio<\/a><\/h4><\/div><\/div>\n<div class=\"col-md-12 col-sm-12 col-xs-12 pt-cv-content-item pt-cv-1-col\" ><div class='pt-cv-ifield'><h4 class=\"pt-cv-title\"><a href=\"https:\/\/www.tvnovelas.com.br\/tvnews\/a-nobreza-do-amor-mirinho-garante-noivado-com-virginia-para-atrair-sogro-a-negocio\/\" class=\"_self\" target=\"_self\" >A Nobreza do Amor: Mirinho garante noivado com Virg\u00ednia para atrair sogro a neg\u00f3cio<\/a><\/h4><\/div><\/div><\/div><\/div><\/div><br \/>\n<a href=\"https:\/\/www.tvnovelas.com.br\/novelas\/\"><strong>Confira os resumos da semana de todas novelas<\/strong><\/a><br \/>\n<a href=\"http:\/\/tvnovelas.com.br\/filmes\" target=\"_blank\" rel=\"noopener\">Veja tamb\u00e9m: Todas as telas: filmes e s\u00e9ries nos streamings<\/a><\/p>\n<h3>Confira tamb\u00e9m<\/h3>\n<p><a href=\"https:\/\/www.tvnovelas.com.br\/filmes\/\" target=\"_blank\" rel=\"noopener noreferrer\"><strong>Programa\u00e7\u00e3o de filmes na TV aberta<\/strong><\/a><br \/>\n<a href=\"https:\/\/caetenews.com.br\/semana\/filmes-da-globo-na-sessao-da-tarde-desta-semana\/\" target=\"_blank\" rel=\"noopener\"><strong>Confira os filmes da semana na Sess\u00e3o da Tarde<\/strong><\/a><br \/>\n<a href=\"https:\/\/www.tvnovelas.com.br\/novelas\/\" target=\"_blank\" rel=\"noopener noreferrer\"><strong>Resumos de novelas<\/strong><\/a><\/p>\n","protected":false},"excerpt":{"rendered":"<p>Bruna revela para Ben por que Sol tem pavor de Theo; Ben agride Theo: Lumiar cuida dos ferimentos de Theo; Ben revela a Lumiar que Theo abusou de Sol; Ben avisa a Lumiar que far\u00e1 o exame de DNA com Jenifer&#8230;<\/p>\n","protected":false},"author":1,"featured_media":42536,"comment_status":"closed","ping_status":"closed","sticky":false,"template":"","format":"standard","meta":{"_uf_show_specific_survey":0,"_uf_disable_surveys":false,"_jetpack_memberships_contains_paid_content":false,"footnotes":"","_wp_rev_ctl_limit":""},"categories":[358],"tags":[5,64,359],"class_list":["post-42532","post","type-post","status-publish","format-standard","has-post-thumbnail","hentry","category-vai-na-fe","tag-globo","tag-novelas","tag-vai-na-fe","wpcat-358-id"],"aioseo_notices":[],"jetpack_featured_media_url":"https:\/\/i0.wp.com\/www.tvnovelas.com.br\/tvnews\/wp-content\/uploads\/2023\/04\/10001b.jpg?fit=728%2C409&ssl=1","jetpack_shortlink":"https:\/\/wp.me\/pdP2BO-b40","jetpack_sharing_enabled":true,"_links":{"self":[{"href":"https:\/\/www.tvnovelas.com.br\/tvnews\/wp-json\/wp\/v2\/posts\/42532","targetHints":{"allow":["GET"]}}],"collection":[{"href":"https:\/\/www.tvnovelas.com.br\/tvnews\/wp-json\/wp\/v2\/posts"}],"about":[{"href":"https:\/\/www.tvnovelas.com.br\/tvnews\/wp-json\/wp\/v2\/types\/post"}],"author":[{"embeddable":true,"href":"https:\/\/www.tvnovelas.com.br\/tvnews\/wp-json\/wp\/v2\/users\/1"}],"replies":[{"embeddable":true,"href":"https:\/\/www.tvnovelas.com.br\/tvnews\/wp-json\/wp\/v2\/comments?post=42532"}],"version-history":[{"count":5,"href":"https:\/\/www.tvnovelas.com.br\/tvnews\/wp-json\/wp\/v2\/posts\/42532\/revisions"}],"predecessor-version":[{"id":42593,"href":"https:\/\/www.tvnovelas.com.br\/tvnews\/wp-json\/wp\/v2\/posts\/42532\/revisions\/42593"}],"wp:featuredmedia":[{"embeddable":true,"href":"https:\/\/www.tvnovelas.com.br\/tvnews\/wp-json\/wp\/v2\/media\/42536"}],"wp:attachment":[{"href":"https:\/\/www.tvnovelas.com.br\/tvnews\/wp-json\/wp\/v2\/media?parent=42532"}],"wp:term":[{"taxonomy":"category","embeddable":true,"href":"https:\/\/www.tvnovelas.com.br\/tvnews\/wp-json\/wp\/v2\/categories?post=42532"},{"taxonomy":"post_tag","embeddable":true,"href":"https:\/\/www.tvnovelas.com.br\/tvnews\/wp-json\/wp\/v2\/tags?post=42532"}],"curies":[{"name":"wp","href":"https:\/\/api.w.org\/{rel}","templated":true}]}}