{"id":43002,"date":"2023-04-29T12:00:48","date_gmt":"2023-04-29T15:00:48","guid":{"rendered":"https:\/\/www.tvnovelas.com.br\/tvnews\/?p=43002"},"modified":"2023-04-29T09:57:16","modified_gmt":"2023-04-29T12:57:16","slug":"o-que-rola-em-vai-na-fe-na-semana-1o-a-06-de-maio","status":"publish","type":"post","link":"https:\/\/www.tvnovelas.com.br\/tvnews\/o-que-rola-em-vai-na-fe-na-semana-1o-a-06-de-maio\/","title":{"rendered":"O que rola em Vai na F\u00e9 na semana 1\u00ba a 06 de maio"},"content":{"rendered":"<p><em>Resumos de Vai na F\u00e9 na semana 1\u00ba a 06 de maio<\/em><br \/>\n<img data-recalc-dims=\"1\" decoding=\"async\" class=\"alignnone wp-image-43040 size-full\" title=\"(Foto: Reprodu\u00e7\u00e3o\/TV Globo\/Vai na F\u00e9)\" src=\"https:\/\/i0.wp.com\/www.tvnovelas.com.br\/tvnews\/wp-content\/uploads\/2023\/04\/37674.jpg?resize=728%2C410&#038;ssl=1\" alt=\"Foto em Foto em Vai na F\u00e9 na semana 1\u00ba a 06 de maio...\" width=\"728\" height=\"410\" srcset=\"https:\/\/i0.wp.com\/www.tvnovelas.com.br\/tvnews\/wp-content\/uploads\/2023\/04\/37674.jpg?w=728&amp;ssl=1 728w, https:\/\/i0.wp.com\/www.tvnovelas.com.br\/tvnews\/wp-content\/uploads\/2023\/04\/37674.jpg?resize=678%2C381&amp;ssl=1 678w\" sizes=\"(max-width: 728px) 100vw, 728px\" \/><\/p>\n<blockquote><p>Ben comemora com Sol e Jenifer o resultado do exame de DNA; Ben e Lumiar se beijam; Lui e Sol trocam declara\u00e7\u00f5es amorosas; Orfeu pro\u00edbe Theo de agir contra Sol; No show de Lui, Theo vai ao camarim, sabota a \u00e1gua de Sol e observa no palco&#8230;<\/p><\/blockquote>\n<p><strong>Resumo de segunda-feira, 1\u00ba de maio<\/strong><br \/>\nLumiar redecora seu apartamento. Simone e Paula, m\u00e3e e irm\u00e3 de Ben, conhecem Jenifer e sua fam\u00edlia. Ben pega com Ant\u00f4nio o verdadeiro resultado do exame de DNA e rasga o envelope, sem abrir. Jenifer fica nervosa ao saber por Sol que Theo pode ser seu pai. O Juiz revela o resultado do exame de DNA, e Theo fica furioso. Ben sai para comemorar com Sol e Jenifer. Lui faz uma coletiva para o lan\u00e7amento de seu novo clipe. Theo decide contratar a banda de Lui. Sol e Lui namoram escondidos. Orfeu exige que Theo libere suas mercadorias il\u00edcitas para deixar o show da banda de Lui acontecer na empresa. Theo pede que Clara assine uma procura\u00e7\u00e3o em seu nome. Lumiar exige que Theo cancele o show com a banda de Lui.<\/p>\n<p><strong>Resumo de ter\u00e7a-feira, 02 de maio<\/strong><br \/>\nTheo tenta cancelar o show com a banda para convencer Lumiar. Clara se desculpa com Helena por t\u00ea-la beijado. Wilma \u00e9 convidada para fazer uma participa\u00e7\u00e3o em uma novela. Clara convida Helena para almo\u00e7ar. Lui prepara uma tarde de relaxamento para Sol. Paula v\u00ea Helena com Clara e tira satisfa\u00e7\u00e3o. Guiga e Yuri se beijam, Vicente e Aline filmam. Ben se surpreende com a revela\u00e7\u00e3o que Simone faz sobre Lumiar. Paula comenta com Simas que sente saudades do Rio de Janeiro. Simone questiona Lumiar sobre a possibilidade de ela reatar o casamento com Ben. Sol estranha o figurino enviado pelo contratante do novo show. Theo pega a planta da casa de show. Ben e Lumiar se beijam.<br \/>\n<img data-recalc-dims=\"1\" decoding=\"async\" class=\"alignnone wp-image-43006 size-full\" title=\"(Foto: Reprodu\u00e7\u00e3o\/TV Globo\/Vai na F\u00e9)\" src=\"https:\/\/i0.wp.com\/www.tvnovelas.com.br\/tvnews\/wp-content\/uploads\/2023\/04\/10003.jpg?resize=728%2C410&#038;ssl=1\" alt=\"Foto em Vai na F\u00e9 na semana 1\u00ba a 06 de maio\" width=\"728\" height=\"410\" srcset=\"https:\/\/i0.wp.com\/www.tvnovelas.com.br\/tvnews\/wp-content\/uploads\/2023\/04\/10003.jpg?w=728&amp;ssl=1 728w, https:\/\/i0.wp.com\/www.tvnovelas.com.br\/tvnews\/wp-content\/uploads\/2023\/04\/10003.jpg?resize=678%2C381&amp;ssl=1 678w\" sizes=\"(max-width: 728px) 100vw, 728px\" \/><\/p>\n<p><strong>Resumo de quarta-feira, 03 de maio<\/strong><br \/>\nBen e Lumiar acabam discutindo. Sol comenta com Ben sobre seu passado. Fred revela a Jenifer que gosta de ver Rafa com Kate. Kate pede Rafa em namoro. Lui se prepara para uma entrevista internacional, e Sol fica orgulhosa. Marcos se encanta com Wilma, e a convida para sair. Hugo discute com Kate ao v\u00ea-la com Rafa, que come\u00e7a a passar mal. Sol e Lui namoram. Dora revela para Ben sobre sua doen\u00e7a e pede que ele a ajude a falar com Lumiar. Marcos e Wilma se beijam. Sol e Lui imploram que \u00c9rika n\u00e3o divulgue nada sobre o romance dos dois. Ben conta para Lumiar sobre a doen\u00e7a de Dora.<\/p>\n<p><strong>Resumo de quinta, 04 de maio<\/strong><br \/>\nClara se emociona ao saber que Rafa est\u00e1 namorando, e Theo faz coment\u00e1rios ofensivos sobre o filho. Ben cuida de Lumiar. Theo se surpreende com a presen\u00e7a de Ben no apartamento de Lumiar, e os dois discutem. Lumiar se encontra com Dora. Lui e Sol trocam declara\u00e7\u00f5es amorosas. Rafa ajuda Kate a ir embora, sem que Theo a veja. Bruna leva Simone e Paula ao restaurante onde far\u00e3o o almo\u00e7o de despedida com Ben e a fam\u00edlia de Jenifer, e matriarca estranha a presen\u00e7a de dois homens no local. Kate afirma a Jenifer que gosta de Rafa, mas que ainda quer se vingar de Theo. Metralha e Donato anunciam o assalto ao restaurante, e um tiroteio se inicia. Sol se apavora com o ocorrido no restaurante e pro\u00edbe a fam\u00edlia de ir para o local. Benjamim invade o restaurante, e Sol se desespera.<br \/>\n<img data-recalc-dims=\"1\" decoding=\"async\" class=\"alignnone wp-image-43008 size-full\" title=\"(Foto: Reprodu\u00e7\u00e3o\/TV Globo\/Vai na F\u00e9)\" src=\"https:\/\/i0.wp.com\/www.tvnovelas.com.br\/tvnews\/wp-content\/uploads\/2023\/04\/10003a.jpg?resize=728%2C409&#038;ssl=1\" alt=\"Foto em Vai na F\u00e9 na semana 1\u00ba a 06 de maio\" width=\"728\" height=\"409\" srcset=\"https:\/\/i0.wp.com\/www.tvnovelas.com.br\/tvnews\/wp-content\/uploads\/2023\/04\/10003a.jpg?w=728&amp;ssl=1 728w, https:\/\/i0.wp.com\/www.tvnovelas.com.br\/tvnews\/wp-content\/uploads\/2023\/04\/10003a.jpg?resize=678%2C381&amp;ssl=1 678w\" sizes=\"(max-width: 728px) 100vw, 728px\" \/><\/p>\n<p><strong>Resumo de sexta-feira, 05 de maio<\/strong><br \/>\nBen tenta convencer Metralha e Donato a se entregar. Simone e Paula s\u00e3o libertadas, e Sol as acolhe. Theo tenta disfar\u00e7ar a inveja ao constatar o ato heroico de Ben. Hugo chega \u00e0 igreja para o culto, e todos o repelem, \u00e0 exce\u00e7\u00e3o de Jenifer. Simas reclama da desorganiza\u00e7\u00e3o de Bia. Kate finge para Rafa que nunca esteve no Charles Pierre. Dora pede para Lumiar deixar o ref\u00fagio. Theo descobre como ir para os camarins dos artistas na casa de show. Vitinho repete para a banda a exig\u00eancia do contratante em tirar uma foto com eles ao final do show. Orfeu pro\u00edbe Theo de agir contra Sol. Ben e Jenifer consideram ir ao show de Sol. Theo se surpreende quando recebe a procura\u00e7\u00e3o assinada por Clara. Lumiar pede para Theo ficar com ela em sua casa.<\/p>\n<p><strong>Resumo de s\u00e1bado, 06 de maio<\/strong><br \/>\nTheo atende o pedido de Lumiar. Orfeu chega \u00e0 casa de show. Jenifer flagra Lui e Sol aos beijos, e tem uma s\u00e9ria conversa com a m\u00e3e. A futura advogada desiste de ir ao show de Sol e Ben fica intrigado. Theo conforta Lumiar. Ben confessa a Jenifer que gostaria de voltar a se relacionar com Sol. A banda de Lui chega \u00e0 casa de show, e Sheila os recepciona. Sol v\u00ea Orfeu na plateia e comenta com Vitinho sobre sua desconfian\u00e7a. Lumiar adormece, e Theo segue para o evento da empresa. A banda de Lui inicia seu show. Duda confessa que n\u00e3o implicaria se Ben namorasse Sol e todos se surpreendem. Theo vai ao camarim, sabota a \u00e1gua de Sol e a observa no palco.<br \/>\n<!--FIM--><br \/>\n<a href=\"https:\/\/www.tvnovelas.com.br\/novelas\/resumos-de-vai-na-fe\/\">Confira os resumos da semana de Vai na F\u00e9<\/a><br \/>\n<strong style=\"font-size: 120%;\">\u00daltimas not\u00edcias de Vai na F\u00e9:<\/strong><br \/>\n<div class=\"pt-cv-wrapper\"><div class=\"pt-cv-view pt-cv-grid pt-cv-colsys\" id=\"pt-cv-view-8080477fv3\"><div data-id=\"pt-cv-page-1\" class=\"pt-cv-page\" data-cvc=\"1\"><div class=\"col-md-12 col-sm-12 col-xs-12 pt-cv-content-item pt-cv-1-col\" ><div class='pt-cv-ifield'><h4 class=\"pt-cv-title\"><a href=\"https:\/\/www.tvnovelas.com.br\/tvnews\/vai-na-fe-sol-enfrenta-empresario-e-abre-show-de-lui\/\" class=\"_blank\" target=\"_blank\" >Vai na F\u00e9: Sol enfrenta empres\u00e1rio e abre show de Lui<\/a><\/h4><\/div><\/div>\n<div class=\"col-md-12 col-sm-12 col-xs-12 pt-cv-content-item pt-cv-1-col\" ><div class='pt-cv-ifield'><h4 class=\"pt-cv-title\"><a href=\"https:\/\/www.tvnovelas.com.br\/tvnews\/vai-na-fe-theo-muda-visual-e-mata-orfeu\/\" class=\"_blank\" target=\"_blank\" >Vai na F\u00e9: Theo muda visual e mata Orfeu<\/a><\/h4><\/div><\/div>\n<div class=\"col-md-12 col-sm-12 col-xs-12 pt-cv-content-item pt-cv-1-col\" ><div class='pt-cv-ifield'><h4 class=\"pt-cv-title\"><a href=\"https:\/\/www.tvnovelas.com.br\/tvnews\/vai-na-fe-sol-e-impedida-de-abrir-show-de-lui-lorenzo\/\" class=\"_blank\" target=\"_blank\" >Vai na F\u00e9: Sol \u00e9 impedida de abrir show de Lui Lorenzo<\/a><\/h4><\/div><\/div>\n<div class=\"col-md-12 col-sm-12 col-xs-12 pt-cv-content-item pt-cv-1-col\" ><div class='pt-cv-ifield'><h4 class=\"pt-cv-title\"><a href=\"https:\/\/www.tvnovelas.com.br\/tvnews\/vai-na-fe-ben-descobre-envolvimento-de-theo-na-morte-de-carlao\/\" class=\"_blank\" target=\"_blank\" >Vai na F\u00e9: Ben descobre envolvimento de Theo na morte de Carl\u00e3o<\/a><\/h4><\/div><\/div>\n<div class=\"col-md-12 col-sm-12 col-xs-12 pt-cv-content-item pt-cv-1-col\" ><div class='pt-cv-ifield'><h4 class=\"pt-cv-title\"><a href=\"https:\/\/www.tvnovelas.com.br\/tvnews\/vai-na-fe-orfeu-erra-o-tiro-e-theo-atropela-o-ex-socio\/\" class=\"_blank\" target=\"_blank\" >Vai na F\u00e9: Orfeu erra o tiro e Theo atropela o ex-s\u00f3cio<\/a><\/h4><\/div><\/div>\n<div class=\"col-md-12 col-sm-12 col-xs-12 pt-cv-content-item pt-cv-1-col\" ><div class='pt-cv-ifield'><h4 class=\"pt-cv-title\"><a href=\"https:\/\/www.tvnovelas.com.br\/tvnews\/vai-na-fe-orfeu-traido-por-theo-promete-vinganca\/\" class=\"_blank\" target=\"_blank\" >Vai na F\u00e9: Orfeu tra\u00eddo por Theo promete vingan\u00e7a<\/a><\/h4><\/div><\/div><\/div><\/div><\/div><br \/>\n<strong style=\"font-size: 120%;\">\u00daltimas not\u00edcias deste canal:<\/strong><br \/>\n<div class=\"pt-cv-wrapper\"><div class=\"pt-cv-view pt-cv-grid pt-cv-colsys\" id=\"pt-cv-view-90991035b3\"><div data-id=\"pt-cv-page-1\" class=\"pt-cv-page\" data-cvc=\"1\"><div class=\"col-md-12 col-sm-12 col-xs-12 pt-cv-content-item pt-cv-1-col\" ><div class='pt-cv-ifield'><h4 class=\"pt-cv-title\"><a href=\"https:\/\/www.tvnovelas.com.br\/tvnews\/guerra-das-rosas-omer-chama-gulru-vestida-de-noiva-para-fugir\/\" class=\"_self\" target=\"_self\" >Guerra das Rosas: Omer chama Gulru vestida de noiva para fugir<\/a><\/h4><\/div><\/div>\n<div class=\"col-md-12 col-sm-12 col-xs-12 pt-cv-content-item pt-cv-1-col\" ><div class='pt-cv-ifield'><h4 class=\"pt-cv-title\"><a href=\"https:\/\/www.tvnovelas.com.br\/tvnews\/coracao-de-mae-reha-sai-para-jantar-com-selvi\/\" class=\"_self\" target=\"_self\" >Cora\u00e7\u00e3o de M\u00e3e: Reha sai para jantar com Selvi<\/a><\/h4><\/div><\/div>\n<div class=\"col-md-12 col-sm-12 col-xs-12 pt-cv-content-item pt-cv-1-col\" ><div class='pt-cv-ifield'><h4 class=\"pt-cv-title\"><a href=\"https:\/\/www.tvnovelas.com.br\/tvnews\/coracao-acelerado-zila-se-preocupa-com-sua-situacao-apos-separacao\/\" class=\"_self\" target=\"_self\" >Cora\u00e7\u00e3o Acelerado: Zil\u00e1 se preocupa com sua situa\u00e7\u00e3o ap\u00f3s separa\u00e7\u00e3o<\/a><\/h4><\/div><\/div>\n<div class=\"col-md-12 col-sm-12 col-xs-12 pt-cv-content-item pt-cv-1-col\" ><div class='pt-cv-ifield'><h4 class=\"pt-cv-title\"><a href=\"https:\/\/www.tvnovelas.com.br\/tvnews\/a-nobreza-do-amor-tonho-nao-se-curva-diante-de-mirinho\/\" class=\"_self\" target=\"_self\" >A Nobreza do Amor: Tonho n\u00e3o se curva diante de Mirinho<\/a><\/h4><\/div><\/div>\n<div class=\"col-md-12 col-sm-12 col-xs-12 pt-cv-content-item pt-cv-1-col\" ><div class='pt-cv-ifield'><h4 class=\"pt-cv-title\"><a href=\"https:\/\/www.tvnovelas.com.br\/tvnews\/tres-gracas-arminda-surta-ao-confirmar-que-ferette-e-pai-de-raul\/\" class=\"_self\" target=\"_self\" >Tr\u00eas Gra\u00e7as:  Arminda surta ao confirmar que Ferette \u00e9 pai de Raul<\/a><\/h4><\/div><\/div>\n<div class=\"col-md-12 col-sm-12 col-xs-12 pt-cv-content-item pt-cv-1-col\" ><div class='pt-cv-ifield'><h4 class=\"pt-cv-title\"><a href=\"https:\/\/www.tvnovelas.com.br\/tvnews\/coracao-de-mae-atilla-confronta-hasan-e-exige-o-divorcio-de-lale\/\" class=\"_self\" target=\"_self\" >Cora\u00e7\u00e3o de M\u00e3e: Atilla confronta Hasan e exige o div\u00f3rcio de Lale<\/a><\/h4><\/div><\/div>\n<div class=\"col-md-12 col-sm-12 col-xs-12 pt-cv-content-item pt-cv-1-col\" ><div class='pt-cv-ifield'><h4 class=\"pt-cv-title\"><a href=\"https:\/\/www.tvnovelas.com.br\/tvnews\/guerra-das-rosas-gulfem-coloca-gulru-contra-a-parede\/\" class=\"_self\" target=\"_self\" >Guerra das Rosas: Gulfem coloca Gulru contra a parede<\/a><\/h4><\/div><\/div>\n<div class=\"col-md-12 col-sm-12 col-xs-12 pt-cv-content-item pt-cv-1-col\" ><div class='pt-cv-ifield'><h4 class=\"pt-cv-title\"><a href=\"https:\/\/www.tvnovelas.com.br\/tvnews\/coracao-de-mae-atilla-diz-a-lale-que-quer-o-divorcio\/\" class=\"_self\" target=\"_self\" >Cora\u00e7\u00e3o de M\u00e3e: Atilla diz a Lale que quer o div\u00f3rcio<\/a><\/h4><\/div><\/div>\n<div class=\"col-md-12 col-sm-12 col-xs-12 pt-cv-content-item pt-cv-1-col\" ><div class='pt-cv-ifield'><h4 class=\"pt-cv-title\"><a href=\"https:\/\/www.tvnovelas.com.br\/tvnews\/a-nobreza-do-amor-mirinho-garante-noivado-com-virginia-para-atrair-sogro-a-negocio\/\" class=\"_self\" target=\"_self\" >A Nobreza do Amor: Mirinho garante noivado com Virg\u00ednia para atrair sogro a neg\u00f3cio<\/a><\/h4><\/div><\/div>\n<div class=\"col-md-12 col-sm-12 col-xs-12 pt-cv-content-item pt-cv-1-col\" ><div class='pt-cv-ifield'><h4 class=\"pt-cv-title\"><a href=\"https:\/\/www.tvnovelas.com.br\/tvnews\/tres-gracas-joaquim-propoe-fuga-a-arminda-com-o-dinheiro-das-tres-gracas\/\" class=\"_self\" target=\"_self\" >Tr\u00eas Gra\u00e7as:  Joaquim prop\u00f5e fuga a Arminda com o dinheiro das Tr\u00eas Gra\u00e7as<\/a><\/h4><\/div><\/div><\/div><\/div><\/div><br \/>\n<a href=\"https:\/\/www.tvnovelas.com.br\/novelas\/\"><strong>Confira os resumos da semana de todas novelas<\/strong><\/a><br \/>\n<a href=\"http:\/\/tvnovelas.com.br\/filmes\" target=\"_blank\" rel=\"noopener\">Veja tamb\u00e9m: Todas as telas: filmes e s\u00e9ries nos streamings<\/a><\/p>\n<h3>Confira tamb\u00e9m<\/h3>\n<p><a href=\"https:\/\/www.tvnovelas.com.br\/filmes\/\" target=\"_blank\" rel=\"noopener noreferrer\"><strong>Programa\u00e7\u00e3o de filmes na TV aberta<\/strong><\/a><br \/>\n<a href=\"https:\/\/caetenews.com.br\/semana\/filmes-da-globo-na-sessao-da-tarde-desta-semana\/\" target=\"_blank\" rel=\"noopener\"><strong>Confira os filmes da semana na Sess\u00e3o da Tarde<\/strong><\/a><br \/>\n<a href=\"https:\/\/www.tvnovelas.com.br\/novelas\/\" target=\"_blank\" rel=\"noopener noreferrer\"><strong>Resumos de novelas<\/strong><\/a><\/p>\n","protected":false},"excerpt":{"rendered":"<p>\ud835\udc01\ud835\udc1e\ud835\udc27 \ud835\udc1c\ud835\udc28\ud835\udc26\ud835\udc1e\ud835\udc26\ud835\udc28\ud835\udc2b\ud835\udc1a \ud835\udc1c\ud835\udc28\ud835\udc26 \ud835\udc12\ud835\udc28\ud835\udc25 \ud835\udc1e \ud835\udc09\ud835\udc1e\ud835\udc27\ud835\udc22\ud835\udc1f\ud835\udc1e\ud835\udc2b \ud835\udc28 \ud835\udc2b\ud835\udc1e\ud835\udc2c\ud835\udc2e\ud835\udc25\ud835\udc2d\ud835\udc1a\ud835\udc1d\ud835\udc28 \ud835\udc1d\ud835\udc28 \ud835\udc1e\ud835\udc31\ud835\udc1a\ud835\udc26\ud835\udc1e \ud835\udc1d\ud835\udc1e \ud835\udc03\ud835\udc0d\ud835\udc00; Ben e Lumiar se beijam; Lui e Sol trocam declara\u00e7\u00f5es amorosas; Orfeu pro\u00edbe Theo de agir contra Sol; \ud835\udc0d\ud835\udc28 \ud835\udc2c\ud835\udc21\ud835\udc28\ud835\udc30 \ud835\udc1d\ud835\udc1e \ud835\udc0b\ud835\udc2e\ud835\udc22, \ud835\udc13\ud835\udc21\ud835\udc1e\ud835\udc28 \ud835\udc2f\ud835\udc1a\ud835\udc22 \ud835\udc1a\ud835\udc28 \ud835\udc1c\ud835\udc1a\ud835\udc26\ud835\udc1a\ud835\udc2b\ud835\udc22\ud835\udc26, \ud835\udc2c\ud835\udc1a\ud835\udc1b\ud835\udc28\ud835\udc2d\ud835\udc1a \ud835\udc1a \u00e1\ud835\udc20\ud835\udc2e\ud835\udc1a \ud835\udc1d\ud835\udc1e \ud835\udc12\ud835\udc28\ud835\udc25 \ud835\udc1e \ud835\udc28\ud835\udc1b\ud835\udc2c\ud835\udc1e\ud835\udc2b\ud835\udc2f\ud835\udc1a \ud835\udc27\ud835\udc28 \ud835\udc29\ud835\udc1a\ud835\udc25\ud835\udc1c\ud835\udc28&#8230;<\/p>\n","protected":false},"author":1,"featured_media":43040,"comment_status":"closed","ping_status":"closed","sticky":false,"template":"","format":"standard","meta":{"_uf_show_specific_survey":0,"_uf_disable_surveys":false,"_jetpack_memberships_contains_paid_content":false,"footnotes":"","_wp_rev_ctl_limit":""},"categories":[358],"tags":[5,64,359],"class_list":["post-43002","post","type-post","status-publish","format-standard","has-post-thumbnail","hentry","category-vai-na-fe","tag-globo","tag-novelas","tag-vai-na-fe","wpcat-358-id"],"aioseo_notices":[],"jetpack_featured_media_url":"https:\/\/i0.wp.com\/www.tvnovelas.com.br\/tvnews\/wp-content\/uploads\/2023\/04\/37674.jpg?fit=728%2C410&ssl=1","jetpack_shortlink":"https:\/\/wp.me\/pdP2BO-bbA","jetpack_sharing_enabled":true,"_links":{"self":[{"href":"https:\/\/www.tvnovelas.com.br\/tvnews\/wp-json\/wp\/v2\/posts\/43002","targetHints":{"allow":["GET"]}}],"collection":[{"href":"https:\/\/www.tvnovelas.com.br\/tvnews\/wp-json\/wp\/v2\/posts"}],"about":[{"href":"https:\/\/www.tvnovelas.com.br\/tvnews\/wp-json\/wp\/v2\/types\/post"}],"author":[{"embeddable":true,"href":"https:\/\/www.tvnovelas.com.br\/tvnews\/wp-json\/wp\/v2\/users\/1"}],"replies":[{"embeddable":true,"href":"https:\/\/www.tvnovelas.com.br\/tvnews\/wp-json\/wp\/v2\/comments?post=43002"}],"version-history":[{"count":4,"href":"https:\/\/www.tvnovelas.com.br\/tvnews\/wp-json\/wp\/v2\/posts\/43002\/revisions"}],"predecessor-version":[{"id":43041,"href":"https:\/\/www.tvnovelas.com.br\/tvnews\/wp-json\/wp\/v2\/posts\/43002\/revisions\/43041"}],"wp:featuredmedia":[{"embeddable":true,"href":"https:\/\/www.tvnovelas.com.br\/tvnews\/wp-json\/wp\/v2\/media\/43040"}],"wp:attachment":[{"href":"https:\/\/www.tvnovelas.com.br\/tvnews\/wp-json\/wp\/v2\/media?parent=43002"}],"wp:term":[{"taxonomy":"category","embeddable":true,"href":"https:\/\/www.tvnovelas.com.br\/tvnews\/wp-json\/wp\/v2\/categories?post=43002"},{"taxonomy":"post_tag","embeddable":true,"href":"https:\/\/www.tvnovelas.com.br\/tvnews\/wp-json\/wp\/v2\/tags?post=43002"}],"curies":[{"name":"wp","href":"https:\/\/api.w.org\/{rel}","templated":true}]}}