{"id":43052,"date":"2023-04-29T11:53:18","date_gmt":"2023-04-29T14:53:18","guid":{"rendered":"https:\/\/www.tvnovelas.com.br\/tvnews\/?p=43052"},"modified":"2023-04-29T11:54:36","modified_gmt":"2023-04-29T14:54:36","slug":"chiquititas-volta-as-telas-do-sbt-na-terca-dia-02","status":"publish","type":"post","link":"https:\/\/www.tvnovelas.com.br\/tvnews\/chiquititas-volta-as-telas-do-sbt-na-terca-dia-02\/","title":{"rendered":"&#8216;Chiquititas&#8217; volta as telas do SBT na ter\u00e7a, dia 02"},"content":{"rendered":"<p><em>&#8216;Chiquititas&#8217; volta as telas do SBT<\/em><br \/>\n<img data-recalc-dims=\"1\" decoding=\"async\" class=\"alignnone wp-image-43053 size-full\" title=\"(Foto: Lourival Ribeiro\/SBT)\" src=\"https:\/\/i0.wp.com\/www.tvnovelas.com.br\/tvnews\/wp-content\/uploads\/2023\/04\/37682.jpg?resize=728%2C410&#038;ssl=1\" alt=\"Foto em 'Chiquititas' volta as telas do SBT\" width=\"728\" height=\"410\" srcset=\"https:\/\/i0.wp.com\/www.tvnovelas.com.br\/tvnews\/wp-content\/uploads\/2023\/04\/37682.jpg?w=728&amp;ssl=1 728w, https:\/\/i0.wp.com\/www.tvnovelas.com.br\/tvnews\/wp-content\/uploads\/2023\/04\/37682.jpg?resize=678%2C381&amp;ssl=1 678w\" sizes=\"(max-width: 728px) 100vw, 728px\" \/><\/p>\n<p>Chiquititas, uma das novelas de mais sucesso da emissora est\u00e1 de volta as telas do SBT. Escrita por Iris Abravanel foi exibida originalmente em 2013. A partir da pr\u00f3xima ter\u00e7a-feira (02), a novela volta a ser exibida de segunda-feira a sexta-feira \u00e0s 13h. Nos primeiros dias, a trama ser\u00e1 exibida juntamente com os \u00faltimos cap\u00edtulos de \u201cP\u00edcara Sonhadora\u201d.<\/p>\n<p>\u201cChiquititas\u201d carrega em sua hist\u00f3ria um grande segredo envolvendo a fam\u00edlia e o dono do orfanato, Dr. Jos\u00e9 Ricardo Almeida Campos. Em um per\u00edodo anterior \u00e0 novela, exatos treze anos, sua filha Gabriela se apaixonou e ficou gr\u00e1vida de Miguel, filho de Valentina, empregada da casa dos Almeida Campos. Pouco depois, Jos\u00e9 Ricardo sequestrou sua neta, pois ele n\u00e3o aceitava que sua filha se envolvesse com um empregado. Como sua neta, Milena, apelidada como Mili, precisava de um lugar para morar, ele comprou um casar\u00e3o e fundou um orfanato, o Raio de Luz.<\/p>\n<p>Mili cresceu l\u00e1 com outras garotas que chegaram posteriormente: Bia, Ana, as irm\u00e3s Tati e Vivi, e Cris. Ao decorrer dos anos, elas se tornam uma fam\u00edlia. Elas s\u00e3o supervisionadas por Ernestina, zeladora do orfanato, e Chico, o cozinheiro amado pelas internas. Sofia, ex-governanta da fam\u00edlia Almeida Campos, \u00e9 a diretora do lugar, at\u00e9 que Carmem, irm\u00e3 de Jos\u00e9 Ricardo, entre em seu lugar. Logo no primeiro cap\u00edtulo, Mili conta uma hist\u00f3ria a suas amigas, que acaba por se tornar sua trajet\u00f3ria durante a trama.<\/p>\n<p><img data-recalc-dims=\"1\" decoding=\"async\" class=\"alignnone wp-image-43054 size-full\" title=\"(Foto: Lourival Ribeiro\/SBT)\" src=\"https:\/\/i0.wp.com\/www.tvnovelas.com.br\/tvnews\/wp-content\/uploads\/2023\/04\/37682a.jpg?resize=728%2C410&#038;ssl=1\" alt=\"Foto em 'Chiquititas' volta as telas do SBT\" width=\"728\" height=\"410\" srcset=\"https:\/\/i0.wp.com\/www.tvnovelas.com.br\/tvnews\/wp-content\/uploads\/2023\/04\/37682a.jpg?w=728&amp;ssl=1 728w, https:\/\/i0.wp.com\/www.tvnovelas.com.br\/tvnews\/wp-content\/uploads\/2023\/04\/37682a.jpg?resize=678%2C381&amp;ssl=1 678w\" sizes=\"(max-width: 728px) 100vw, 728px\" \/><br \/>\nChegam ainda mais \u00f3rf\u00e3os: Pata, Mosca, Binho e Rafa, que viviam nas ruas antes de entrarem na institui\u00e7\u00e3o. Pata e Mili tornam-se amigas rapidamente, enquanto Mosca, Binho e Rafa s\u00e3o os primeiros garotos a entrar no abrigo. As crian\u00e7as sem-teto foram ajudadas por uma doce e bela garota que tocam e mudam a vida delas, assim como as das garotas \u00f3rf\u00e3s.<\/p>\n<p>Ela \u00e9 Carolina, uma jovem que trabalha na sede de uma das cafeterias de Jos\u00e9, o Caf\u00e9 Boutique, e \u00e9 estudante de psicologia. Carol vive com sua amiga Let\u00edcia e seu irm\u00e3o Beto. No decorrer da trama, ap\u00f3s a morte de Let\u00edcia devido a um c\u00e2ncer em fase terminal, Clarita se muda para sua casa e ajuda a cuidar de Daniela, a filha de Let\u00edcia que Carol fica como respons\u00e1vel judicial. Em seu trabalho, Carol conhece Junior, o filho mais novo de Jos\u00e9 Ricardo, um economista que vivia em Londres e volta para S\u00e3o Paulo para continuar seus neg\u00f3cios. Ele descobre que sua irm\u00e3, Gabriela, est\u00e1 em estado de choque e culpa seu pai pela crise dela. Junior tamb\u00e9m questiona a benevol\u00eancia de seu pai ao abrir a institui\u00e7\u00e3o de caridade, sendo que Jos\u00e9 sempre demonstrou esnobismo e ego\u00edsmo. Ele e Carol se juntam a Mili para ajud\u00e1-la a desvendar seu passado. Junior e Carol apaixonam-se profundamente um pelo outro, por\u00e9m Jos\u00e9 faz o imposs\u00edvel para separ\u00e1-los. Gabriela entra em estado de choque, pois acredita que teve uma filha natimorta, o que revela-se uma mentira contada por seu pai quando Mili nasceu. Seu estado grave \u00e9 suavizado por ela, ambas inconscientes do parentesco.<\/p>\n<p>Ainda na hist\u00f3ria, h\u00e1 Maria Cec\u00edlia, filha de Eduarda e funcion\u00e1ria do Caf\u00e9 Boutique, que \u00e9 obrigada por sua m\u00e3e a tentar conquistar Junior para herdar sua fortuna. Tobias, empregado do caf\u00e9, se apaixona por ela e faz de tudo para conquist\u00e1-la. Maria Cec\u00edlia diz para sua m\u00e3e que ela e Junior est\u00e3o namorando, e ele descobre. Tenta ajud\u00e1-la com sua m\u00e3e, mas a diz que n\u00e3o poderia ficar fingindo para sempre. Maria come\u00e7a a fingir que est\u00e1 saindo com Junior, enquanto na verdade come\u00e7a a sair com Tobias. Em um desses encontros, se beijam e se apaixonam.<\/p>\n<p><img data-recalc-dims=\"1\" decoding=\"async\" class=\"alignnone wp-image-43055 size-full\" title=\"(Foto: Lourival Ribeiro\/SBT)\" src=\"https:\/\/i0.wp.com\/www.tvnovelas.com.br\/tvnews\/wp-content\/uploads\/2023\/04\/37682b.jpg?resize=728%2C410&#038;ssl=1\" alt=\"Foto em 'Chiquititas' volta as telas do SBT\" width=\"728\" height=\"410\" srcset=\"https:\/\/i0.wp.com\/www.tvnovelas.com.br\/tvnews\/wp-content\/uploads\/2023\/04\/37682b.jpg?w=728&amp;ssl=1 728w, https:\/\/i0.wp.com\/www.tvnovelas.com.br\/tvnews\/wp-content\/uploads\/2023\/04\/37682b.jpg?resize=678%2C381&amp;ssl=1 678w\" sizes=\"(max-width: 728px) 100vw, 728px\" \/><br \/>\nErnestina \u00e9 influenciada por C\u00edntia, que estava no cargo de diretora, e acaba fugindo do orfanato; ela ent\u00e3o \u00e9 substitu\u00edda por Matilde, sua irm\u00e3 g\u00eamea sem que ningu\u00e9m suspeite. Ela faz v\u00e1rias maldades com as crian\u00e7as a pedido de C\u00edntia que sabia de toda a verdade. Carol encontra uma menina abandonada nas ruas, chamada Maria, que acaba sendo levada para o orfanato. Maria mais tarde descobre que sua boneca favorita Laurinha, que acaba ganhando vida. Matias o amor de Vivi, vai viajar para os Estados Unidos para estudar e deixa muitas saudades. Dani ap\u00f3s ir para o orfanato acaba se tornando parapl\u00e9gica ao cair da escada do orfanato, o motivo dessa queda foi o susto que ela levou ao se deparar com Brunilda, a horripilante aranha de Matilde. No fim da temporada Jos\u00e9 Ricardo morre de infarto e Junior viaja para a Amaz\u00f4nia \u00e0 procura de Miguel.<br \/>\n<strong style=\"font-size: 120%;\">\u00daltimas not\u00edcias deste canal:<\/strong><br \/>\n<div class=\"pt-cv-wrapper\"><div class=\"pt-cv-view pt-cv-grid pt-cv-colsys\" id=\"pt-cv-view-90991035b3\"><div data-id=\"pt-cv-page-1\" class=\"pt-cv-page\" data-cvc=\"1\"><div class=\"col-md-12 col-sm-12 col-xs-12 pt-cv-content-item pt-cv-1-col\" ><div class='pt-cv-ifield'><h4 class=\"pt-cv-title\"><a href=\"https:\/\/www.tvnovelas.com.br\/tvnews\/coracao-de-mae-irmak-inicia-jogo-arriscado-contra-adnan\/\" class=\"_self\" target=\"_self\" >Cora\u00e7\u00e3o de M\u00e3e: Irmak inicia jogo arriscado contra Adnan<\/a><\/h4><\/div><\/div>\n<div class=\"col-md-12 col-sm-12 col-xs-12 pt-cv-content-item pt-cv-1-col\" ><div class='pt-cv-ifield'><h4 class=\"pt-cv-title\"><a href=\"https:\/\/www.tvnovelas.com.br\/tvnews\/guerra-das-rosas-omer-chama-gulru-vestida-de-noiva-para-fugir\/\" class=\"_self\" target=\"_self\" >Guerra das Rosas: Omer chama Gulru vestida de noiva para fugir<\/a><\/h4><\/div><\/div>\n<div class=\"col-md-12 col-sm-12 col-xs-12 pt-cv-content-item pt-cv-1-col\" ><div class='pt-cv-ifield'><h4 class=\"pt-cv-title\"><a href=\"https:\/\/www.tvnovelas.com.br\/tvnews\/coracao-de-mae-reha-sai-para-jantar-com-selvi\/\" class=\"_self\" target=\"_self\" >Cora\u00e7\u00e3o de M\u00e3e: Reha sai para jantar com Selvi<\/a><\/h4><\/div><\/div>\n<div class=\"col-md-12 col-sm-12 col-xs-12 pt-cv-content-item pt-cv-1-col\" ><div class='pt-cv-ifield'><h4 class=\"pt-cv-title\"><a href=\"https:\/\/www.tvnovelas.com.br\/tvnews\/coracao-acelerado-zila-se-preocupa-com-sua-situacao-apos-separacao\/\" class=\"_self\" target=\"_self\" >Cora\u00e7\u00e3o Acelerado: Zil\u00e1 se preocupa com sua situa\u00e7\u00e3o ap\u00f3s separa\u00e7\u00e3o<\/a><\/h4><\/div><\/div>\n<div class=\"col-md-12 col-sm-12 col-xs-12 pt-cv-content-item pt-cv-1-col\" ><div class='pt-cv-ifield'><h4 class=\"pt-cv-title\"><a href=\"https:\/\/www.tvnovelas.com.br\/tvnews\/a-nobreza-do-amor-tonho-nao-se-curva-diante-de-mirinho\/\" class=\"_self\" target=\"_self\" >A Nobreza do Amor: Tonho n\u00e3o se curva diante de Mirinho<\/a><\/h4><\/div><\/div>\n<div class=\"col-md-12 col-sm-12 col-xs-12 pt-cv-content-item pt-cv-1-col\" ><div class='pt-cv-ifield'><h4 class=\"pt-cv-title\"><a href=\"https:\/\/www.tvnovelas.com.br\/tvnews\/tres-gracas-arminda-surta-ao-confirmar-que-ferette-e-pai-de-raul\/\" class=\"_self\" target=\"_self\" >Tr\u00eas Gra\u00e7as:  Arminda surta ao confirmar que Ferette \u00e9 pai de Raul<\/a><\/h4><\/div><\/div>\n<div class=\"col-md-12 col-sm-12 col-xs-12 pt-cv-content-item pt-cv-1-col\" ><div class='pt-cv-ifield'><h4 class=\"pt-cv-title\"><a href=\"https:\/\/www.tvnovelas.com.br\/tvnews\/coracao-de-mae-atilla-confronta-hasan-e-exige-o-divorcio-de-lale\/\" class=\"_self\" target=\"_self\" >Cora\u00e7\u00e3o de M\u00e3e: Atilla confronta Hasan e exige o div\u00f3rcio de Lale<\/a><\/h4><\/div><\/div>\n<div class=\"col-md-12 col-sm-12 col-xs-12 pt-cv-content-item pt-cv-1-col\" ><div class='pt-cv-ifield'><h4 class=\"pt-cv-title\"><a href=\"https:\/\/www.tvnovelas.com.br\/tvnews\/guerra-das-rosas-gulfem-coloca-gulru-contra-a-parede\/\" class=\"_self\" target=\"_self\" >Guerra das Rosas: Gulfem coloca Gulru contra a parede<\/a><\/h4><\/div><\/div>\n<div class=\"col-md-12 col-sm-12 col-xs-12 pt-cv-content-item pt-cv-1-col\" ><div class='pt-cv-ifield'><h4 class=\"pt-cv-title\"><a href=\"https:\/\/www.tvnovelas.com.br\/tvnews\/coracao-de-mae-atilla-diz-a-lale-que-quer-o-divorcio\/\" class=\"_self\" target=\"_self\" >Cora\u00e7\u00e3o de M\u00e3e: Atilla diz a Lale que quer o div\u00f3rcio<\/a><\/h4><\/div><\/div>\n<div class=\"col-md-12 col-sm-12 col-xs-12 pt-cv-content-item pt-cv-1-col\" ><div class='pt-cv-ifield'><h4 class=\"pt-cv-title\"><a href=\"https:\/\/www.tvnovelas.com.br\/tvnews\/a-nobreza-do-amor-mirinho-garante-noivado-com-virginia-para-atrair-sogro-a-negocio\/\" class=\"_self\" target=\"_self\" >A Nobreza do Amor: Mirinho garante noivado com Virg\u00ednia para atrair sogro a neg\u00f3cio<\/a><\/h4><\/div><\/div><\/div><\/div><\/div><\/p>\n<h3>Confira tamb\u00e9m<\/h3>\n<p><a href=\"https:\/\/www.tvnovelas.com.br\/novelas\/\"><strong>Confira os resumos da semana de todas novelas<\/strong><\/a><br \/>\n<a href=\"https:\/\/www.tvnovelas.com.br\/filmes\/\" target=\"_blank\" rel=\"noopener noreferrer\"><strong>Programa\u00e7\u00e3o de filmes na TV aberta<\/strong><\/a><br \/>\n<a href=\"https:\/\/caetenews.com.br\/semana\/filmes-da-globo-na-sessao-da-tarde-desta-semana\/\" target=\"_blank\" rel=\"noopener\"><strong>Confira os filmes da semana na Sess\u00e3o da Tarde<\/strong><\/a><\/p>\n","protected":false},"excerpt":{"rendered":"<p>Chiquititas, uma das novelas de mais sucesso da emissora est\u00e1 de volta as telas do SBT. Escrita por Iris Abravanel foi exibida originalmente em 2013. A partir&#8230;<\/p>\n","protected":false},"author":1,"featured_media":43053,"comment_status":"closed","ping_status":"closed","sticky":false,"template":"","format":"standard","meta":{"_uf_show_specific_survey":0,"_uf_disable_surveys":false,"_jetpack_memberships_contains_paid_content":false,"footnotes":"","_wp_rev_ctl_limit":""},"categories":[232],"tags":[113,64,13],"class_list":["post-43052","post","type-post","status-publish","format-standard","has-post-thumbnail","hentry","category-sbt","tag-chiquititas","tag-novelas","tag-sbt","wpcat-232-id"],"aioseo_notices":[],"jetpack_featured_media_url":"https:\/\/i0.wp.com\/www.tvnovelas.com.br\/tvnews\/wp-content\/uploads\/2023\/04\/37682.jpg?fit=728%2C410&ssl=1","jetpack_shortlink":"https:\/\/wp.me\/pdP2BO-bco","jetpack_sharing_enabled":true,"_links":{"self":[{"href":"https:\/\/www.tvnovelas.com.br\/tvnews\/wp-json\/wp\/v2\/posts\/43052","targetHints":{"allow":["GET"]}}],"collection":[{"href":"https:\/\/www.tvnovelas.com.br\/tvnews\/wp-json\/wp\/v2\/posts"}],"about":[{"href":"https:\/\/www.tvnovelas.com.br\/tvnews\/wp-json\/wp\/v2\/types\/post"}],"author":[{"embeddable":true,"href":"https:\/\/www.tvnovelas.com.br\/tvnews\/wp-json\/wp\/v2\/users\/1"}],"replies":[{"embeddable":true,"href":"https:\/\/www.tvnovelas.com.br\/tvnews\/wp-json\/wp\/v2\/comments?post=43052"}],"version-history":[{"count":3,"href":"https:\/\/www.tvnovelas.com.br\/tvnews\/wp-json\/wp\/v2\/posts\/43052\/revisions"}],"predecessor-version":[{"id":43058,"href":"https:\/\/www.tvnovelas.com.br\/tvnews\/wp-json\/wp\/v2\/posts\/43052\/revisions\/43058"}],"wp:featuredmedia":[{"embeddable":true,"href":"https:\/\/www.tvnovelas.com.br\/tvnews\/wp-json\/wp\/v2\/media\/43053"}],"wp:attachment":[{"href":"https:\/\/www.tvnovelas.com.br\/tvnews\/wp-json\/wp\/v2\/media?parent=43052"}],"wp:term":[{"taxonomy":"category","embeddable":true,"href":"https:\/\/www.tvnovelas.com.br\/tvnews\/wp-json\/wp\/v2\/categories?post=43052"},{"taxonomy":"post_tag","embeddable":true,"href":"https:\/\/www.tvnovelas.com.br\/tvnews\/wp-json\/wp\/v2\/tags?post=43052"}],"curies":[{"name":"wp","href":"https:\/\/api.w.org\/{rel}","templated":true}]}}