{"id":43191,"date":"2023-05-02T10:04:31","date_gmt":"2023-05-02T13:04:31","guid":{"rendered":"https:\/\/www.tvnovelas.com.br\/tvnews\/?p=43191"},"modified":"2023-05-02T10:04:31","modified_gmt":"2023-05-02T13:04:31","slug":"amor-perfeito-ex-boxeador-frei-severo-nocauteia-ladrao-na-irmandade","status":"publish","type":"post","link":"https:\/\/www.tvnovelas.com.br\/tvnews\/amor-perfeito-ex-boxeador-frei-severo-nocauteia-ladrao-na-irmandade\/","title":{"rendered":"Amor Perfeito: Ex-boxeador, frei Severo nocauteia ladr\u00e3o na Irmandade"},"content":{"rendered":"<p><em>Em Amor Perfeito: Ex-boxeador, frei Severo&#8230;<\/em><br \/>\n<img data-recalc-dims=\"1\" decoding=\"async\" class=\"alignnone wp-image-43192 size-full\" title=\"(Foto: TV Globo\/Amor Perfeito)\" src=\"https:\/\/i0.wp.com\/www.tvnovelas.com.br\/tvnews\/wp-content\/uploads\/2023\/05\/37711.jpg?resize=728%2C408&#038;ssl=1\" alt=\"Foto em Amor Perfeito: Ex-boxeador, frei Severo...\" width=\"728\" height=\"408\" srcset=\"https:\/\/i0.wp.com\/www.tvnovelas.com.br\/tvnews\/wp-content\/uploads\/2023\/05\/37711.jpg?w=728&amp;ssl=1 728w, https:\/\/i0.wp.com\/www.tvnovelas.com.br\/tvnews\/wp-content\/uploads\/2023\/05\/37711.jpg?resize=678%2C381&amp;ssl=1 678w\" sizes=\"(max-width: 728px) 100vw, 728px\" \/><\/p>\n<p>Frei Severo (Babu Santana) esconde um mist\u00e9rio do passado que agora vai ser revelado, ap\u00f3s nocautear o ladr\u00e3o que invadiu a Irmandade a mando de Gilda (Mariana Ximenes) Ele rev\u00ea sua trajet\u00f3ria anterior ao sacerd\u00f3cio e relembra os tempos de boxeador em que matou um advers\u00e1rio.<\/p>\n<p>tudo come\u00e7a quando ao ouvir os gritos de Marcelino (Levi Asaf) e Mar\u00ea (Camila Queiroz), Severo parte pra cima do ladr\u00e3o, deixando-o desacordado. Marcelino fica impressionado e orgulhoso do padre her\u00f3i e os outros religiosos tamb\u00e9m se surpreendem, mas Severo se penitencia.<\/p>\n<p>Ele s\u00f3 se acalma quando o homem volta a si.<\/p>\n<p>&#8220;Ah, gra\u00e7as a Deus, ele recuperou os sentidos! Como est\u00e1, meu rapaz? Me perdoe, eu n\u00e3o queria te machucar&#8221;, diz ele, que em vez de chamar a pol\u00edcia, prop\u00f5e que o criminoso devolva o que roubou, reze e prometa nunca mais apanhar nada que seja de outra pessoa.<\/p>\n<p><strong>Um frei boxeador<\/strong><br \/>\nOs religiosos ficam interessados em saber como Severo aprendeu a lutar t\u00e3o bem, mas ele se esquiva. Frei Le\u00e3o (Tonico Pereira) percebe o mal-estar e o chama para uma conversa.<\/p>\n<p>&#8220;Como \u00e9 que eu pude fazer uma coisa dessas, frei Le\u00e3o, me diga? N\u00e3o imagina o medo que eu senti quando vi o ladr\u00e3o ca\u00eddo no ch\u00e3o, desmaiado! O fantasma do meu passado voltou na mesma hora, por inteiro!&#8221;, desabafa.<\/p>\n<p>Severo recorda sua \u00faltima luta na qual matou o advers\u00e1rio com um soco certeiro e tem uma crise de choro.<\/p>\n<p>&#8220;Foi o meu punho que tirou a vida dele, frei Le\u00e3o! N\u00e3o se esque\u00e7a que fui acusado de homic\u00eddio culposo! Eu tirei a vida de um homem, e nunca vou me perdoar por isso!&#8221;, exclama Severo.<\/p>\n<p>&#8220;\u00c0s vezes, paro pra pensar e me parece uma afronta estar aqui vestindo essa batina. Eu n\u00e3o mere\u00e7o! Derramei o sangue de um irm\u00e3o!&#8221;, completa ele, que \u00e9 acolhido por Le\u00e3o.<br \/>\n<!--FIM DO POST--><br \/>\n<a href=\"https:\/\/www.tvnovelas.com.br\/novelas\/resumos-de-amor-perfeito\/\">Confira os resumos da semana de &#8216;Amor Perfeito&#8217;<\/a><br \/>\n<strong style=\"font-size: 120%;\">\u00daltimas not\u00edcias de Amor Perfeito:<\/strong><\/p>\n<div id=\"91400-28\"><script src=\"\/\/ads.themoneytizer.com\/s\/gen.js?type=28\"><\/script><script src=\"\/\/ads.themoneytizer.com\/s\/requestform.js?siteId=91400&#038;formatId=28\"><\/script><\/div>\n<p><div class=\"pt-cv-wrapper\"><div class=\"pt-cv-view pt-cv-grid pt-cv-colsys\" id=\"pt-cv-view-04db883axk\"><div data-id=\"pt-cv-page-1\" class=\"pt-cv-page\" data-cvc=\"1\"><div class=\"col-md-12 col-sm-12 col-xs-12 pt-cv-content-item pt-cv-1-col\" ><div class='pt-cv-ifield'><h4 class=\"pt-cv-title\"><a href=\"https:\/\/www.tvnovelas.com.br\/tvnews\/amor-perfeito-mare-e-orlando-se-casam\/\" class=\"_self\" target=\"_self\" >Amor Perfeito: Mar\u00ea e Orlando se casam<\/a><\/h4><\/div><\/div>\n<div class=\"col-md-12 col-sm-12 col-xs-12 pt-cv-content-item pt-cv-1-col\" ><div class='pt-cv-ifield'><h4 class=\"pt-cv-title\"><a href=\"https:\/\/www.tvnovelas.com.br\/tvnews\/amor-perfeito-gilda-emocionada-abraca-marcelino\/\" class=\"_self\" target=\"_self\" >Amor Perfeito: Gilda emocionada abra\u00e7a Marcelino<\/a><\/h4><\/div><\/div>\n<div class=\"col-md-12 col-sm-12 col-xs-12 pt-cv-content-item pt-cv-1-col\" ><div class='pt-cv-ifield'><h4 class=\"pt-cv-title\"><a href=\"https:\/\/www.tvnovelas.com.br\/tvnews\/amor-perfeito-orlando-descobre-que-lucilia-foi-assassinada-a-mando-de-gilda\/\" class=\"_self\" target=\"_self\" >Amor Perfeito: Orlando descobre que Luc\u00edlia foi assassinada a mando de Gilda<\/a><\/h4><\/div><\/div>\n<div class=\"col-md-12 col-sm-12 col-xs-12 pt-cv-content-item pt-cv-1-col\" ><div class='pt-cv-ifield'><h4 class=\"pt-cv-title\"><a href=\"https:\/\/www.tvnovelas.com.br\/tvnews\/amor-perfeito-gilda-e-descoberta-como-mandante-de-assassinato\/\" class=\"_self\" target=\"_self\" >Amor Perfeito: Gilda \u00e9 descoberta como mandante de assassinato<\/a><\/h4><\/div><\/div>\n<div class=\"col-md-12 col-sm-12 col-xs-12 pt-cv-content-item pt-cv-1-col\" ><div class='pt-cv-ifield'><h4 class=\"pt-cv-title\"><a href=\"https:\/\/www.tvnovelas.com.br\/tvnews\/amor-perfeito-gilda-foge-da-cadeia-com-ajuda-de-gaspar\/\" class=\"_self\" target=\"_self\" >Amor Perfeito: Gilda foge da cadeia com ajuda de Gaspar<\/a><\/h4><\/div><\/div>\n<div class=\"col-md-12 col-sm-12 col-xs-12 pt-cv-content-item pt-cv-1-col\" ><div class='pt-cv-ifield'><h4 class=\"pt-cv-title\"><a href=\"https:\/\/www.tvnovelas.com.br\/tvnews\/amor-perfeito-darlene-e-joao-se-casam\/\" class=\"_self\" target=\"_self\" >Amor Perfeito: Darlene e Jo\u00e3o se casam<\/a><\/h4><\/div><\/div><\/div><\/div><\/div><br \/>\n<strong style=\"font-size: 120%;\">\u00daltimas not\u00edcias deste canal:<\/strong><br \/>\n<div class=\"pt-cv-wrapper\"><div class=\"pt-cv-view pt-cv-grid pt-cv-colsys\" id=\"pt-cv-view-90991035b3\"><div data-id=\"pt-cv-page-1\" class=\"pt-cv-page\" data-cvc=\"1\"><div class=\"col-md-12 col-sm-12 col-xs-12 pt-cv-content-item pt-cv-1-col\" ><div class='pt-cv-ifield'><h4 class=\"pt-cv-title\"><a href=\"https:\/\/www.tvnovelas.com.br\/tvnews\/guerra-das-rosas-omer-chama-gulru-vestida-de-noiva-para-fugir\/\" class=\"_self\" target=\"_self\" >Guerra das Rosas: Omer chama Gulru vestida de noiva para fugir<\/a><\/h4><\/div><\/div>\n<div class=\"col-md-12 col-sm-12 col-xs-12 pt-cv-content-item pt-cv-1-col\" ><div class='pt-cv-ifield'><h4 class=\"pt-cv-title\"><a href=\"https:\/\/www.tvnovelas.com.br\/tvnews\/coracao-de-mae-reha-sai-para-jantar-com-selvi\/\" class=\"_self\" target=\"_self\" >Cora\u00e7\u00e3o de M\u00e3e: Reha sai para jantar com Selvi<\/a><\/h4><\/div><\/div>\n<div class=\"col-md-12 col-sm-12 col-xs-12 pt-cv-content-item pt-cv-1-col\" ><div class='pt-cv-ifield'><h4 class=\"pt-cv-title\"><a href=\"https:\/\/www.tvnovelas.com.br\/tvnews\/coracao-acelerado-zila-se-preocupa-com-sua-situacao-apos-separacao\/\" class=\"_self\" target=\"_self\" >Cora\u00e7\u00e3o Acelerado: Zil\u00e1 se preocupa com sua situa\u00e7\u00e3o ap\u00f3s separa\u00e7\u00e3o<\/a><\/h4><\/div><\/div>\n<div class=\"col-md-12 col-sm-12 col-xs-12 pt-cv-content-item pt-cv-1-col\" ><div class='pt-cv-ifield'><h4 class=\"pt-cv-title\"><a href=\"https:\/\/www.tvnovelas.com.br\/tvnews\/a-nobreza-do-amor-tonho-nao-se-curva-diante-de-mirinho\/\" class=\"_self\" target=\"_self\" >A Nobreza do Amor: Tonho n\u00e3o se curva diante de Mirinho<\/a><\/h4><\/div><\/div>\n<div class=\"col-md-12 col-sm-12 col-xs-12 pt-cv-content-item pt-cv-1-col\" ><div class='pt-cv-ifield'><h4 class=\"pt-cv-title\"><a href=\"https:\/\/www.tvnovelas.com.br\/tvnews\/tres-gracas-arminda-surta-ao-confirmar-que-ferette-e-pai-de-raul\/\" class=\"_self\" target=\"_self\" >Tr\u00eas Gra\u00e7as:  Arminda surta ao confirmar que Ferette \u00e9 pai de Raul<\/a><\/h4><\/div><\/div>\n<div class=\"col-md-12 col-sm-12 col-xs-12 pt-cv-content-item pt-cv-1-col\" ><div class='pt-cv-ifield'><h4 class=\"pt-cv-title\"><a href=\"https:\/\/www.tvnovelas.com.br\/tvnews\/coracao-de-mae-atilla-confronta-hasan-e-exige-o-divorcio-de-lale\/\" class=\"_self\" target=\"_self\" >Cora\u00e7\u00e3o de M\u00e3e: Atilla confronta Hasan e exige o div\u00f3rcio de Lale<\/a><\/h4><\/div><\/div>\n<div class=\"col-md-12 col-sm-12 col-xs-12 pt-cv-content-item pt-cv-1-col\" ><div class='pt-cv-ifield'><h4 class=\"pt-cv-title\"><a href=\"https:\/\/www.tvnovelas.com.br\/tvnews\/guerra-das-rosas-gulfem-coloca-gulru-contra-a-parede\/\" class=\"_self\" target=\"_self\" >Guerra das Rosas: Gulfem coloca Gulru contra a parede<\/a><\/h4><\/div><\/div>\n<div class=\"col-md-12 col-sm-12 col-xs-12 pt-cv-content-item pt-cv-1-col\" ><div class='pt-cv-ifield'><h4 class=\"pt-cv-title\"><a href=\"https:\/\/www.tvnovelas.com.br\/tvnews\/coracao-de-mae-atilla-diz-a-lale-que-quer-o-divorcio\/\" class=\"_self\" target=\"_self\" >Cora\u00e7\u00e3o de M\u00e3e: Atilla diz a Lale que quer o div\u00f3rcio<\/a><\/h4><\/div><\/div>\n<div class=\"col-md-12 col-sm-12 col-xs-12 pt-cv-content-item pt-cv-1-col\" ><div class='pt-cv-ifield'><h4 class=\"pt-cv-title\"><a href=\"https:\/\/www.tvnovelas.com.br\/tvnews\/a-nobreza-do-amor-mirinho-garante-noivado-com-virginia-para-atrair-sogro-a-negocio\/\" class=\"_self\" target=\"_self\" >A Nobreza do Amor: Mirinho garante noivado com Virg\u00ednia para atrair sogro a neg\u00f3cio<\/a><\/h4><\/div><\/div>\n<div class=\"col-md-12 col-sm-12 col-xs-12 pt-cv-content-item pt-cv-1-col\" ><div class='pt-cv-ifield'><h4 class=\"pt-cv-title\"><a href=\"https:\/\/www.tvnovelas.com.br\/tvnews\/tres-gracas-joaquim-propoe-fuga-a-arminda-com-o-dinheiro-das-tres-gracas\/\" class=\"_self\" target=\"_self\" >Tr\u00eas Gra\u00e7as:  Joaquim prop\u00f5e fuga a Arminda com o dinheiro das Tr\u00eas Gra\u00e7as<\/a><\/h4><\/div><\/div><\/div><\/div><\/div><br \/>\n<a href=\"https:\/\/www.tvnovelas.com.br\/novelas\/\"><strong>Confira os resumos da semana de todas novelas<\/strong><\/a><\/p>\n<h3>Confira tamb\u00e9m<\/h3>\n<p><a href=\"https:\/\/www.tvnovelas.com.br\/filmes\/\" target=\"_blank\" rel=\"noopener noreferrer\"><strong>Programa\u00e7\u00e3o de filmes na TV aberta<\/strong><\/a><br \/>\n<a href=\"https:\/\/caetenews.com.br\/semana\/filmes-da-globo-na-sessao-da-tarde-desta-semana\/\" target=\"_blank\" rel=\"noopener\"><strong>Confira os filmes da semana na Sess\u00e3o da Tarde<\/strong><\/a><br \/>\n<a href=\"https:\/\/www.tvnovelas.com.br\/novelas\/\" target=\"_blank\" rel=\"noopener noreferrer\"><strong>Resumos de novelas<\/strong><\/a><\/p>\n","protected":false},"excerpt":{"rendered":"<p>Frei Severo (Babu Santana) esconde um mist\u00e9rio do passado que agora vai ser revelado, ap\u00f3s nocautear o ladr\u00e3o que invadiu a Irmandade a mando de Gilda&#8230;<\/p>\n","protected":false},"author":1,"featured_media":43192,"comment_status":"closed","ping_status":"closed","sticky":false,"template":"","format":"standard","meta":{"_uf_show_specific_survey":0,"_uf_disable_surveys":false,"_jetpack_memberships_contains_paid_content":false,"footnotes":"","_wp_rev_ctl_limit":""},"categories":[375],"tags":[376,5,64],"class_list":["post-43191","post","type-post","status-publish","format-standard","has-post-thumbnail","hentry","category-amor-perfeito","tag-amor-perfeito","tag-globo","tag-novelas","wpcat-375-id"],"aioseo_notices":[],"jetpack_featured_media_url":"https:\/\/i0.wp.com\/www.tvnovelas.com.br\/tvnews\/wp-content\/uploads\/2023\/05\/37711.jpg?fit=728%2C408&ssl=1","jetpack_shortlink":"https:\/\/wp.me\/pdP2BO-beD","jetpack_sharing_enabled":true,"_links":{"self":[{"href":"https:\/\/www.tvnovelas.com.br\/tvnews\/wp-json\/wp\/v2\/posts\/43191","targetHints":{"allow":["GET"]}}],"collection":[{"href":"https:\/\/www.tvnovelas.com.br\/tvnews\/wp-json\/wp\/v2\/posts"}],"about":[{"href":"https:\/\/www.tvnovelas.com.br\/tvnews\/wp-json\/wp\/v2\/types\/post"}],"author":[{"embeddable":true,"href":"https:\/\/www.tvnovelas.com.br\/tvnews\/wp-json\/wp\/v2\/users\/1"}],"replies":[{"embeddable":true,"href":"https:\/\/www.tvnovelas.com.br\/tvnews\/wp-json\/wp\/v2\/comments?post=43191"}],"version-history":[{"count":1,"href":"https:\/\/www.tvnovelas.com.br\/tvnews\/wp-json\/wp\/v2\/posts\/43191\/revisions"}],"predecessor-version":[{"id":43193,"href":"https:\/\/www.tvnovelas.com.br\/tvnews\/wp-json\/wp\/v2\/posts\/43191\/revisions\/43193"}],"wp:featuredmedia":[{"embeddable":true,"href":"https:\/\/www.tvnovelas.com.br\/tvnews\/wp-json\/wp\/v2\/media\/43192"}],"wp:attachment":[{"href":"https:\/\/www.tvnovelas.com.br\/tvnews\/wp-json\/wp\/v2\/media?parent=43191"}],"wp:term":[{"taxonomy":"category","embeddable":true,"href":"https:\/\/www.tvnovelas.com.br\/tvnews\/wp-json\/wp\/v2\/categories?post=43191"},{"taxonomy":"post_tag","embeddable":true,"href":"https:\/\/www.tvnovelas.com.br\/tvnews\/wp-json\/wp\/v2\/tags?post=43191"}],"curies":[{"name":"wp","href":"https:\/\/api.w.org\/{rel}","templated":true}]}}