{"id":43233,"date":"2023-05-02T15:53:10","date_gmt":"2023-05-02T18:53:10","guid":{"rendered":"https:\/\/www.tvnovelas.com.br\/tvnews\/?p=43233"},"modified":"2023-05-02T19:38:38","modified_gmt":"2023-05-02T22:38:38","slug":"vai-na-fe-lui-prepara-dia-da-beleza-para-sol-mas-deu-ruim","status":"publish","type":"post","link":"https:\/\/www.tvnovelas.com.br\/tvnews\/vai-na-fe-lui-prepara-dia-da-beleza-para-sol-mas-deu-ruim\/","title":{"rendered":"Vai na F\u00e9: Lui prepara dia da beleza para Sol, mas deu ruim!"},"content":{"rendered":"<p><em>Em Vai na F\u00e9: Lui prepara dia da beleza&#8230;<\/em><br \/>\n<img data-recalc-dims=\"1\" decoding=\"async\" class=\"alignnone wp-image-43234 size-full\" title=\"(Foto: TV Globo\/Vai na F\u00e9)\" src=\"https:\/\/i0.wp.com\/www.tvnovelas.com.br\/tvnews\/wp-content\/uploads\/2023\/05\/37719.jpg?resize=728%2C410&#038;ssl=1\" alt=\"Foto em Vai na F\u00e9: Lui prepara dia da beleza...\" width=\"728\" height=\"410\" srcset=\"https:\/\/i0.wp.com\/www.tvnovelas.com.br\/tvnews\/wp-content\/uploads\/2023\/05\/37719.jpg?w=728&amp;ssl=1 728w, https:\/\/i0.wp.com\/www.tvnovelas.com.br\/tvnews\/wp-content\/uploads\/2023\/05\/37719.jpg?resize=678%2C381&amp;ssl=1 678w\" sizes=\"(max-width: 728px) 100vw, 728px\" \/><\/p>\n<p>Lui Lorenzo (Jos\u00e9 Loreto) \u00e9 um homem apaixonado que n\u00e3o cansa de tentar agradar sua amada em Vai na F\u00e9. No cap\u00edtulo desta ter\u00e7a-feira, 2\/05, o cantor vai preparar um \u201cdia da beleza\u201d para Sol (Sheron Menezzes) relaxar na mans\u00e3o. Mas nem tudo vai sair como esperado&#8230;<\/p>\n<p>\u201cSempre te vejo na correria. Queria que voc\u00ea tirasse pelo menos uma manh\u00e3 s\u00f3 pra relaxar, curtir, aproveitar\u201d, diz Lui, que cancela o ensaio da banda para ter esse momento com a amada.<\/p>\n<p>Primeiro, Sol ter\u00e1 direito a um banho de espuma digno de novela.<\/p>\n<p>\u201cEst\u00e1 gostando, Sol? Curtindo seu banho de banheira&#8230; sozinha?\u201d, pergunta Lui, do outro lado da porta, louco para entrar.<\/p>\n<p>\u201cEstou amando esse momento comigo mesma! Descansar sem culpa&#8230; Obrigada pela surpresa, Lui!\u201d, agradece ela.<\/p>\n<p>Depois, Lui chama Juju, a massoterapeuta \u201cm\u00e3o de fadas\u201d. Mas quando a massagem come\u00e7a, tamb\u00e9m come\u00e7am os primeiros problemas desse \u201cdia da beleza\u201d.<\/p>\n<p>J\u00e1 passeei muito por aquele corpinho, minha filha. Quando ele me ligou pra um day spa de uma hora pra outra achei at\u00e9 que a massagem era pra ele\u201d, afirma Juju.<\/p>\n<p>\u201cVoc\u00ea est\u00e1 falando que j\u00e1 teve um caso com o Lui?\u201d, pergunta Sol, incr\u00e9dula.<\/p>\n<p>\u201cCalma, boba. Quem nunca?\u201d, responde Juju.<\/p>\n<p>Mas n\u00e3o acaba por a\u00ed&#8230; Titi, a manicure chamada por Lui para embelezar as unhas de Sol, tamb\u00e9m \u00e9 caso antigo do astro pop!<\/p>\n<p>\u201cPior foi descobrir que ele tinha devolvido minha calcinha pra pessoa errada\u201d, conta Titi.<\/p>\n<p>J\u00e1 massageada e com as unhas feitas, Sol n\u00e3o estar\u00e1 nenhum pouquinho relaxada quando encontrar Lui&#8230;<\/p>\n<p>\u201cE a\u00ed, Solzinha! Conseguiu relaxar?\u201d, pergunta ele, todo bobo.<\/p>\n<p>\u201cSai de perto de mim, seu canalha!\u201d, grita Sol.<br \/>\n<!--FIM--><br \/>\n<a href=\"https:\/\/www.tvnovelas.com.br\/novelas\/resumos-de-vai-na-fe\/\">Confira os resumos da semana de Vai na F\u00e9<\/a><br \/>\n<strong style=\"font-size: 120%;\">\u00daltimas not\u00edcias de Vai na F\u00e9:<\/strong><br \/>\n<div class=\"pt-cv-wrapper\"><div class=\"pt-cv-view pt-cv-grid pt-cv-colsys\" id=\"pt-cv-view-8080477fv3\"><div data-id=\"pt-cv-page-1\" class=\"pt-cv-page\" data-cvc=\"1\"><div class=\"col-md-12 col-sm-12 col-xs-12 pt-cv-content-item pt-cv-1-col\" ><div class='pt-cv-ifield'><h4 class=\"pt-cv-title\"><a href=\"https:\/\/www.tvnovelas.com.br\/tvnews\/vai-na-fe-sol-enfrenta-empresario-e-abre-show-de-lui\/\" class=\"_blank\" target=\"_blank\" >Vai na F\u00e9: Sol enfrenta empres\u00e1rio e abre show de Lui<\/a><\/h4><\/div><\/div>\n<div class=\"col-md-12 col-sm-12 col-xs-12 pt-cv-content-item pt-cv-1-col\" ><div class='pt-cv-ifield'><h4 class=\"pt-cv-title\"><a href=\"https:\/\/www.tvnovelas.com.br\/tvnews\/vai-na-fe-theo-muda-visual-e-mata-orfeu\/\" class=\"_blank\" target=\"_blank\" >Vai na F\u00e9: Theo muda visual e mata Orfeu<\/a><\/h4><\/div><\/div>\n<div class=\"col-md-12 col-sm-12 col-xs-12 pt-cv-content-item pt-cv-1-col\" ><div class='pt-cv-ifield'><h4 class=\"pt-cv-title\"><a href=\"https:\/\/www.tvnovelas.com.br\/tvnews\/vai-na-fe-sol-e-impedida-de-abrir-show-de-lui-lorenzo\/\" class=\"_blank\" target=\"_blank\" >Vai na F\u00e9: Sol \u00e9 impedida de abrir show de Lui Lorenzo<\/a><\/h4><\/div><\/div>\n<div class=\"col-md-12 col-sm-12 col-xs-12 pt-cv-content-item pt-cv-1-col\" ><div class='pt-cv-ifield'><h4 class=\"pt-cv-title\"><a href=\"https:\/\/www.tvnovelas.com.br\/tvnews\/vai-na-fe-ben-descobre-envolvimento-de-theo-na-morte-de-carlao\/\" class=\"_blank\" target=\"_blank\" >Vai na F\u00e9: Ben descobre envolvimento de Theo na morte de Carl\u00e3o<\/a><\/h4><\/div><\/div>\n<div class=\"col-md-12 col-sm-12 col-xs-12 pt-cv-content-item pt-cv-1-col\" ><div class='pt-cv-ifield'><h4 class=\"pt-cv-title\"><a href=\"https:\/\/www.tvnovelas.com.br\/tvnews\/vai-na-fe-orfeu-erra-o-tiro-e-theo-atropela-o-ex-socio\/\" class=\"_blank\" target=\"_blank\" >Vai na F\u00e9: Orfeu erra o tiro e Theo atropela o ex-s\u00f3cio<\/a><\/h4><\/div><\/div>\n<div class=\"col-md-12 col-sm-12 col-xs-12 pt-cv-content-item pt-cv-1-col\" ><div class='pt-cv-ifield'><h4 class=\"pt-cv-title\"><a href=\"https:\/\/www.tvnovelas.com.br\/tvnews\/vai-na-fe-orfeu-traido-por-theo-promete-vinganca\/\" class=\"_blank\" target=\"_blank\" >Vai na F\u00e9: Orfeu tra\u00eddo por Theo promete vingan\u00e7a<\/a><\/h4><\/div><\/div><\/div><\/div><\/div><br \/>\n<strong style=\"font-size: 120%;\">\u00daltimas not\u00edcias deste canal:<\/strong><br \/>\n<div class=\"pt-cv-wrapper\"><div class=\"pt-cv-view pt-cv-grid pt-cv-colsys\" id=\"pt-cv-view-90991035b3\"><div data-id=\"pt-cv-page-1\" class=\"pt-cv-page\" data-cvc=\"1\"><div class=\"col-md-12 col-sm-12 col-xs-12 pt-cv-content-item pt-cv-1-col\" ><div class='pt-cv-ifield'><h4 class=\"pt-cv-title\"><a href=\"https:\/\/www.tvnovelas.com.br\/tvnews\/coracao-de-mae-atilla-confronta-hasan-e-exige-o-divorcio-de-lale\/\" class=\"_self\" target=\"_self\" >Cora\u00e7\u00e3o de M\u00e3e: Atilla confronta Hasan e exige o div\u00f3rcio de Lale<\/a><\/h4><\/div><\/div>\n<div class=\"col-md-12 col-sm-12 col-xs-12 pt-cv-content-item pt-cv-1-col\" ><div class='pt-cv-ifield'><h4 class=\"pt-cv-title\"><a href=\"https:\/\/www.tvnovelas.com.br\/tvnews\/guerra-das-rosas-gulfem-coloca-gulru-contra-a-parede\/\" class=\"_self\" target=\"_self\" >Guerra das Rosas: Gulfem coloca Gulru contra a parede<\/a><\/h4><\/div><\/div>\n<div class=\"col-md-12 col-sm-12 col-xs-12 pt-cv-content-item pt-cv-1-col\" ><div class='pt-cv-ifield'><h4 class=\"pt-cv-title\"><a href=\"https:\/\/www.tvnovelas.com.br\/tvnews\/coracao-de-mae-atilla-diz-a-lale-que-quer-o-divorcio\/\" class=\"_self\" target=\"_self\" >Cora\u00e7\u00e3o de M\u00e3e: Atilla diz a Lale que quer o div\u00f3rcio<\/a><\/h4><\/div><\/div>\n<div class=\"col-md-12 col-sm-12 col-xs-12 pt-cv-content-item pt-cv-1-col\" ><div class='pt-cv-ifield'><h4 class=\"pt-cv-title\"><a href=\"https:\/\/www.tvnovelas.com.br\/tvnews\/a-nobreza-do-amor-mirinho-garante-noivado-com-virginia-para-atrair-sogro-a-negocio\/\" class=\"_self\" target=\"_self\" >A Nobreza do Amor: Mirinho garante noivado com Virg\u00ednia para atrair sogro a neg\u00f3cio<\/a><\/h4><\/div><\/div>\n<div class=\"col-md-12 col-sm-12 col-xs-12 pt-cv-content-item pt-cv-1-col\" ><div class='pt-cv-ifield'><h4 class=\"pt-cv-title\"><a href=\"https:\/\/www.tvnovelas.com.br\/tvnews\/tres-gracas-joaquim-propoe-fuga-a-arminda-com-o-dinheiro-das-tres-gracas\/\" class=\"_self\" target=\"_self\" >Tr\u00eas Gra\u00e7as:  Joaquim prop\u00f5e fuga a Arminda com o dinheiro das Tr\u00eas Gra\u00e7as<\/a><\/h4><\/div><\/div>\n<div class=\"col-md-12 col-sm-12 col-xs-12 pt-cv-content-item pt-cv-1-col\" ><div class='pt-cv-ifield'><h4 class=\"pt-cv-title\"><a href=\"https:\/\/www.tvnovelas.com.br\/tvnews\/coracao-de-mae-atilla-decide-abrir-o-jogo-com-karsu\/\" class=\"_self\" target=\"_self\" >Cora\u00e7\u00e3o de M\u00e3e: Atilla decide abrir o jogo com Karsu<\/a><\/h4><\/div><\/div>\n<div class=\"col-md-12 col-sm-12 col-xs-12 pt-cv-content-item pt-cv-1-col\" ><div class='pt-cv-ifield'><h4 class=\"pt-cv-title\"><a href=\"https:\/\/www.tvnovelas.com.br\/tvnews\/coracao-de-mae-adnan-e-preso-apos-denuncia-de-irmak\/\" class=\"_self\" target=\"_self\" >Em Cora\u00e7\u00e3o de M\u00e3e: Adnan \u00e9 preso ap\u00f3s denuncia de Irmak<\/a><\/h4><\/div><\/div>\n<div class=\"col-md-12 col-sm-12 col-xs-12 pt-cv-content-item pt-cv-1-col\" ><div class='pt-cv-ifield'><h4 class=\"pt-cv-title\"><a href=\"https:\/\/www.tvnovelas.com.br\/tvnews\/coracao-de-mae-atilla-forca-karsu-a-ouvir-suas-explicacoes\/\" class=\"_self\" target=\"_self\" >Cora\u00e7\u00e3o de M\u00e3e: Atilla for\u00e7a Karsu a ouvir suas explica\u00e7\u00f5es<\/a><\/h4><\/div><\/div>\n<div class=\"col-md-12 col-sm-12 col-xs-12 pt-cv-content-item pt-cv-1-col\" ><div class='pt-cv-ifield'><h4 class=\"pt-cv-title\"><a href=\"https:\/\/www.tvnovelas.com.br\/tvnews\/coracao-acelerado-mulher-choca-janete-ao-se-apresentar-como-amante-do-palhares\/\" class=\"_self\" target=\"_self\" >Cora\u00e7\u00e3o Acelerado: Mulher choca Janete ao se apresentar como amante do Palhares<\/a><\/h4><\/div><\/div>\n<div class=\"col-md-12 col-sm-12 col-xs-12 pt-cv-content-item pt-cv-1-col\" ><div class='pt-cv-ifield'><h4 class=\"pt-cv-title\"><a href=\"https:\/\/www.tvnovelas.com.br\/tvnews\/a-nobreza-do-amor-jendal-dobra-a-recompensa-por-alika\/\" class=\"_self\" target=\"_self\" >A Nobreza do Amor: Jendal dobra a recompensa por Alika<\/a><\/h4><\/div><\/div><\/div><\/div><\/div><br \/>\n<a href=\"https:\/\/www.tvnovelas.com.br\/novelas\/\"><strong>Confira os resumos da semana de todas novelas<\/strong><\/a><br \/>\n<a href=\"http:\/\/tvnovelas.com.br\/filmes\" target=\"_blank\" rel=\"noopener\">Veja tamb\u00e9m: Todas as telas: filmes e s\u00e9ries nos streamings<\/a><\/p>\n<h3>Confira tamb\u00e9m<\/h3>\n<p><a href=\"https:\/\/www.tvnovelas.com.br\/filmes\/\" target=\"_blank\" rel=\"noopener noreferrer\"><strong>Programa\u00e7\u00e3o de filmes na TV aberta<\/strong><\/a><br \/>\n<a href=\"https:\/\/caetenews.com.br\/semana\/filmes-da-globo-na-sessao-da-tarde-desta-semana\/\" target=\"_blank\" rel=\"noopener\"><strong>Confira os filmes da semana na Sess\u00e3o da Tarde<\/strong><\/a><br \/>\n<a href=\"https:\/\/www.tvnovelas.com.br\/novelas\/\" target=\"_blank\" rel=\"noopener noreferrer\"><strong>Resumos de novelas<\/strong><\/a><\/p>\n","protected":false},"excerpt":{"rendered":"<p>Lui Lorenzo (Jos\u00e9 Loreto) \u00e9 um homem apaixonado que n\u00e3o cansa de tentar agradar sua amada em Vai na F\u00e9. No cap\u00edtulo desta ter\u00e7a-feira, 2\/05, o cantor vai&#8230;<\/p>\n","protected":false},"author":1,"featured_media":43234,"comment_status":"closed","ping_status":"closed","sticky":false,"template":"","format":"standard","meta":{"_uf_show_specific_survey":0,"_uf_disable_surveys":false,"_jetpack_memberships_contains_paid_content":false,"footnotes":"","_wp_rev_ctl_limit":""},"categories":[358],"tags":[5,64,359],"class_list":["post-43233","post","type-post","status-publish","format-standard","has-post-thumbnail","hentry","category-vai-na-fe","tag-globo","tag-novelas","tag-vai-na-fe","wpcat-358-id"],"aioseo_notices":[],"jetpack_featured_media_url":"https:\/\/i0.wp.com\/www.tvnovelas.com.br\/tvnews\/wp-content\/uploads\/2023\/05\/37719.jpg?fit=728%2C410&ssl=1","jetpack_shortlink":"https:\/\/wp.me\/pdP2BO-bfj","jetpack_sharing_enabled":true,"_links":{"self":[{"href":"https:\/\/www.tvnovelas.com.br\/tvnews\/wp-json\/wp\/v2\/posts\/43233","targetHints":{"allow":["GET"]}}],"collection":[{"href":"https:\/\/www.tvnovelas.com.br\/tvnews\/wp-json\/wp\/v2\/posts"}],"about":[{"href":"https:\/\/www.tvnovelas.com.br\/tvnews\/wp-json\/wp\/v2\/types\/post"}],"author":[{"embeddable":true,"href":"https:\/\/www.tvnovelas.com.br\/tvnews\/wp-json\/wp\/v2\/users\/1"}],"replies":[{"embeddable":true,"href":"https:\/\/www.tvnovelas.com.br\/tvnews\/wp-json\/wp\/v2\/comments?post=43233"}],"version-history":[{"count":2,"href":"https:\/\/www.tvnovelas.com.br\/tvnews\/wp-json\/wp\/v2\/posts\/43233\/revisions"}],"predecessor-version":[{"id":43249,"href":"https:\/\/www.tvnovelas.com.br\/tvnews\/wp-json\/wp\/v2\/posts\/43233\/revisions\/43249"}],"wp:featuredmedia":[{"embeddable":true,"href":"https:\/\/www.tvnovelas.com.br\/tvnews\/wp-json\/wp\/v2\/media\/43234"}],"wp:attachment":[{"href":"https:\/\/www.tvnovelas.com.br\/tvnews\/wp-json\/wp\/v2\/media?parent=43233"}],"wp:term":[{"taxonomy":"category","embeddable":true,"href":"https:\/\/www.tvnovelas.com.br\/tvnews\/wp-json\/wp\/v2\/categories?post=43233"},{"taxonomy":"post_tag","embeddable":true,"href":"https:\/\/www.tvnovelas.com.br\/tvnews\/wp-json\/wp\/v2\/tags?post=43233"}],"curies":[{"name":"wp","href":"https:\/\/api.w.org\/{rel}","templated":true}]}}