{"id":43523,"date":"2023-05-06T18:00:55","date_gmt":"2023-05-06T21:00:55","guid":{"rendered":"https:\/\/www.tvnovelas.com.br\/tvnews\/?p=43523"},"modified":"2023-05-07T08:45:36","modified_gmt":"2023-05-07T11:45:36","slug":"mulheres-apaixonadas-retorna-no-vale-a-pena-ver-de-novo","status":"publish","type":"post","link":"https:\/\/www.tvnovelas.com.br\/tvnews\/mulheres-apaixonadas-retorna-no-vale-a-pena-ver-de-novo\/","title":{"rendered":"\u2018Mulheres Apaixonadas\u2019 retorna no \u2018Vale a Pena Ver de Novo\u2019"},"content":{"rendered":"<p><em>Mulheres Apaixonadas<\/em><br \/>\n<figure id=\"attachment_43525\" aria-describedby=\"caption-attachment-43525\" style=\"width: 728px\" class=\"wp-caption alignnone\"><img data-recalc-dims=\"1\" decoding=\"async\" class=\"wp-image-43525 size-full\" title=\"(Foto: Globo\/ Renato Rocha Miranda)\" src=\"https:\/\/i0.wp.com\/www.tvnovelas.com.br\/tvnews\/wp-content\/uploads\/2023\/05\/37779.jpg?resize=728%2C410&#038;ssl=1\" alt=\"Foto em Mulheres Apaixonadas\" width=\"728\" height=\"410\" srcset=\"https:\/\/i0.wp.com\/www.tvnovelas.com.br\/tvnews\/wp-content\/uploads\/2023\/05\/37779.jpg?w=728&amp;ssl=1 728w, https:\/\/i0.wp.com\/www.tvnovelas.com.br\/tvnews\/wp-content\/uploads\/2023\/05\/37779.jpg?resize=678%2C381&amp;ssl=1 678w\" sizes=\"(max-width: 728px) 100vw, 728px\" \/><figcaption id=\"caption-attachment-43525\" class=\"wp-caption-text\">Helena (Christiane Torloni), Hilda (Maria Padilha) e Helo\u00edsa (Giulia Gam)<\/figcaption><\/figure><\/p>\n<p>Um cl\u00e1ssico da teledramaturgia brasileira, Mulheres Apaixonadas estar\u00e1 de volta ainda este m\u00eas na TV Globo. Estrelada por nomes como Christiane Torloni, Tony Ramos, Susana Vieira, Vera Holtz, Camila Pitanga, Regiane Alves e grande elenco, \u2018Mulheres Apaixonadas\u2019 ser\u00e1 o pr\u00f3ximo t\u00edtulo do \u2018Vale a Pena Ver de Novo\u2019, com estreia em 29 de maio. <\/p>\n<p>Protagonizada pela sexta Helena de Manoel Carlos, vivida desta vez por Torloni, a trama foi exibida originalmente entre fevereiro e outubro de 2003 e eternizou seus personagens na televis\u00e3o, ainda hoje lembrados pelo p\u00fablico. A obra volta ao ar no ano em que o autor celebra 90 anos de vida. Com dire\u00e7\u00e3o de n\u00facleo e geral de Ricardo Waddington e dire\u00e7\u00e3o geral de Jos\u00e9 Luiz Vilamarim e Rog\u00e9rio Gomes, a novela ambientada na Zona Sul carioca aborda as nuances das rela\u00e7\u00f5es familiares, com mulheres e suas formas de amar no centro da hist\u00f3ria.<\/p>\n<p>Na trama, Helena (Christiane Torloni) vive um casamento de 15 anos e sem grandes emo\u00e7\u00f5es com T\u00e9o (Tony Ramos) quando reencontra C\u00e9sar (Jos\u00e9 Mayer), um amor do passado que refor\u00e7a seus questionamentos sobre a vida conjugal. Abalada, ela divide as incertezas com as irm\u00e3s Helo\u00edsa (Giulia Gam) e Hilda (Maria Padilha). Hilda \u00e9 casada com Leandro (Eduardo Lago), e Helo\u00edsa, com S\u00e9rgio (Marcello Antony), por quem nutre um forte ci\u00fame. Helena \u00e9 diretora da Escola Ribeiro Alves (ERA), cuja dona \u00e9 a cunhada e amiga Lorena (Susana Vieira), irm\u00e3 de T\u00e9o. Helena est\u00e1 cansada da vida que leva com o m\u00fasico, com quem adotou o pequeno Lucas (Victor Curgula). Ela n\u00e3o desconfia, mas, na verdade, o menino \u00e9 filho biol\u00f3gico do marido com Fernanda (Vanessa Gerbelli), antigo caso de T\u00e9o. A rela\u00e7\u00e3o do casal acaba sendo abalada pelo segredo.<\/p>\n<figure id=\"attachment_43526\" aria-describedby=\"caption-attachment-43526\" style=\"width: 728px\" class=\"wp-caption alignnone\"><img data-recalc-dims=\"1\" decoding=\"async\" class=\"wp-image-43526 size-full\" title=\"(foto: Globo\/Renato Rocha Miranda)\" src=\"https:\/\/i0.wp.com\/www.tvnovelas.com.br\/tvnews\/wp-content\/uploads\/2023\/05\/37779a.jpg?resize=728%2C410&#038;ssl=1\" alt=\"Foto em Mulheres Apaixonada\" width=\"728\" height=\"410\" srcset=\"https:\/\/i0.wp.com\/www.tvnovelas.com.br\/tvnews\/wp-content\/uploads\/2023\/05\/37779a.jpg?w=728&amp;ssl=1 728w, https:\/\/i0.wp.com\/www.tvnovelas.com.br\/tvnews\/wp-content\/uploads\/2023\/05\/37779a.jpg?resize=678%2C381&amp;ssl=1 678w\" sizes=\"(max-width: 728px) 100vw, 728px\" \/><figcaption id=\"caption-attachment-43526\" class=\"wp-caption-text\">Helena (Christiane Torloni) e T\u00e9o (Tony Ramos)<\/figcaption><\/figure>\n<p>No momento do reencontro com Helena, C\u00e9sar \u00e9 vi\u00favo e um neurocirurgi\u00e3o conceituado, que trabalha na mesma cl\u00ednica onde Luciana (Camila Pitanga), filha de T\u00e9o, faz resid\u00eancia. C\u00e9sar e Luciana t\u00eam um caso em meio ao romance do m\u00e9dico com sua assistente, Laura (Carolina Kasting), desaprovado pelos filhos Marcinha (Pitty Webo), e Rodrigo (Leonardo Miggiorin).<\/p>\n<p>Dramas vividos por outras mulheres permeiam a trama, como a viol\u00eancia dom\u00e9stica sofrida por Raquel (Helena Ranaldi) e o alcoolismo enfrentado por Santana (Vera Holtz). A novela tamb\u00e9m discute a quest\u00e3o da viol\u00eancia urbana atrav\u00e9s da personagem Fernanda (Vanessa Gerbelli), v\u00edtima de bala perdida, e mostra o tratamento agressivo dado pela jovem D\u00f3ris (Regiane Alves) aos av\u00f3s idosos, o casal Flora (Carmem Silva) e Leopoldo (Oswaldo Louzada). As disparidades sociais tamb\u00e9m ficam evidentes entre alunos da ERA, como Paulinha (Ana Roberta Gualda), que tem vergonha do pai, Oswaldo (Ti\u00e3o D\u2019\u00c1vila), porteiro da escola. Outro assunto que vem \u00e0 tona na trama \u00e9 o preconceito sofrido pelas jovens estudantes Clara (Alinne Moraes) e Rafaela (Paula Picarelli), que vivem uma rela\u00e7\u00e3o homossexual.<\/p>\n<blockquote><p><a href=\"https:\/\/tvnovelas.com.br\/page2\/arquivo\/mulheres-apaixonadas-quem-e-quem\/\" rel=\"noopener\" target=\"_blank\">Quem \u00e9 Quem: Confira\/relembre todos os personagens de Mulheres Apaixonadas<\/a><\/p><\/blockquote>\n<p>A trilha sonora de \u2018Mulheres Apaixonadas\u2019 tamb\u00e9m se tornou um marco ao apresentar ao p\u00fablico sucessos da m\u00fasica nacional e internacional. Come\u00e7ando pelo tema de abertura, \u2018Pela Luz dos Olhos Teus\u2019, interpretada por Tom Jobim e Miucha, passando por &#8216;Velha Inf\u00e2ncia&#8217;, dos Tribalistas, que deu tom ao romance Cl\u00e1udio (Erik Marmo) e Edwiges (Carolina Dieckmann), chegando a \u2018Eu Sou Assim\u2019, de Lu\u00edza Possi, o disco com t\u00edtulos brasileiros contou com m\u00fasicas c\u00e9lebres. Na trilha internacional, os hits \u2018Misunderstood\u2019 (Bon Jovi), \u2018Don\u2019t Know Why\u2019 (Nora Jones) , \u2018I\u2019m With You\u2019 (Avril Lavigne) e \u2018Disease\u2019 (Matchbox Twenty) acrescentaram ainda mais emo\u00e7\u00e3o \u00e0s hist\u00f3rias dos personagens.<br \/>\n<!--FIM DO POST--><br \/>\n<strong style=\"font-size: 120%;\">\u00daltimas not\u00edcias deste canal:<\/strong><br \/>\n<div class=\"pt-cv-wrapper\"><div class=\"pt-cv-view pt-cv-grid pt-cv-colsys\" id=\"pt-cv-view-90991035b3\"><div data-id=\"pt-cv-page-1\" class=\"pt-cv-page\" data-cvc=\"1\"><div class=\"col-md-12 col-sm-12 col-xs-12 pt-cv-content-item pt-cv-1-col\" ><div class='pt-cv-ifield'><h4 class=\"pt-cv-title\"><a href=\"https:\/\/www.tvnovelas.com.br\/tvnews\/guerra-das-rosas-omer-chama-gulru-vestida-de-noiva-para-fugir\/\" class=\"_self\" target=\"_self\" >Guerra das Rosas: Omer chama Gulru vestida de noiva para fugir<\/a><\/h4><\/div><\/div>\n<div class=\"col-md-12 col-sm-12 col-xs-12 pt-cv-content-item pt-cv-1-col\" ><div class='pt-cv-ifield'><h4 class=\"pt-cv-title\"><a href=\"https:\/\/www.tvnovelas.com.br\/tvnews\/coracao-de-mae-reha-sai-para-jantar-com-selvi\/\" class=\"_self\" target=\"_self\" >Cora\u00e7\u00e3o de M\u00e3e: Reha sai para jantar com Selvi<\/a><\/h4><\/div><\/div>\n<div class=\"col-md-12 col-sm-12 col-xs-12 pt-cv-content-item pt-cv-1-col\" ><div class='pt-cv-ifield'><h4 class=\"pt-cv-title\"><a href=\"https:\/\/www.tvnovelas.com.br\/tvnews\/coracao-acelerado-zila-se-preocupa-com-sua-situacao-apos-separacao\/\" class=\"_self\" target=\"_self\" >Cora\u00e7\u00e3o Acelerado: Zil\u00e1 se preocupa com sua situa\u00e7\u00e3o ap\u00f3s separa\u00e7\u00e3o<\/a><\/h4><\/div><\/div>\n<div class=\"col-md-12 col-sm-12 col-xs-12 pt-cv-content-item pt-cv-1-col\" ><div class='pt-cv-ifield'><h4 class=\"pt-cv-title\"><a href=\"https:\/\/www.tvnovelas.com.br\/tvnews\/a-nobreza-do-amor-tonho-nao-se-curva-diante-de-mirinho\/\" class=\"_self\" target=\"_self\" >A Nobreza do Amor: Tonho n\u00e3o se curva diante de Mirinho<\/a><\/h4><\/div><\/div>\n<div class=\"col-md-12 col-sm-12 col-xs-12 pt-cv-content-item pt-cv-1-col\" ><div class='pt-cv-ifield'><h4 class=\"pt-cv-title\"><a href=\"https:\/\/www.tvnovelas.com.br\/tvnews\/tres-gracas-arminda-surta-ao-confirmar-que-ferette-e-pai-de-raul\/\" class=\"_self\" target=\"_self\" >Tr\u00eas Gra\u00e7as:  Arminda surta ao confirmar que Ferette \u00e9 pai de Raul<\/a><\/h4><\/div><\/div>\n<div class=\"col-md-12 col-sm-12 col-xs-12 pt-cv-content-item pt-cv-1-col\" ><div class='pt-cv-ifield'><h4 class=\"pt-cv-title\"><a href=\"https:\/\/www.tvnovelas.com.br\/tvnews\/coracao-de-mae-atilla-confronta-hasan-e-exige-o-divorcio-de-lale\/\" class=\"_self\" target=\"_self\" >Cora\u00e7\u00e3o de M\u00e3e: Atilla confronta Hasan e exige o div\u00f3rcio de Lale<\/a><\/h4><\/div><\/div>\n<div class=\"col-md-12 col-sm-12 col-xs-12 pt-cv-content-item pt-cv-1-col\" ><div class='pt-cv-ifield'><h4 class=\"pt-cv-title\"><a href=\"https:\/\/www.tvnovelas.com.br\/tvnews\/guerra-das-rosas-gulfem-coloca-gulru-contra-a-parede\/\" class=\"_self\" target=\"_self\" >Guerra das Rosas: Gulfem coloca Gulru contra a parede<\/a><\/h4><\/div><\/div>\n<div class=\"col-md-12 col-sm-12 col-xs-12 pt-cv-content-item pt-cv-1-col\" ><div class='pt-cv-ifield'><h4 class=\"pt-cv-title\"><a href=\"https:\/\/www.tvnovelas.com.br\/tvnews\/coracao-de-mae-atilla-diz-a-lale-que-quer-o-divorcio\/\" class=\"_self\" target=\"_self\" >Cora\u00e7\u00e3o de M\u00e3e: Atilla diz a Lale que quer o div\u00f3rcio<\/a><\/h4><\/div><\/div>\n<div class=\"col-md-12 col-sm-12 col-xs-12 pt-cv-content-item pt-cv-1-col\" ><div class='pt-cv-ifield'><h4 class=\"pt-cv-title\"><a href=\"https:\/\/www.tvnovelas.com.br\/tvnews\/a-nobreza-do-amor-mirinho-garante-noivado-com-virginia-para-atrair-sogro-a-negocio\/\" class=\"_self\" target=\"_self\" >A Nobreza do Amor: Mirinho garante noivado com Virg\u00ednia para atrair sogro a neg\u00f3cio<\/a><\/h4><\/div><\/div>\n<div class=\"col-md-12 col-sm-12 col-xs-12 pt-cv-content-item pt-cv-1-col\" ><div class='pt-cv-ifield'><h4 class=\"pt-cv-title\"><a href=\"https:\/\/www.tvnovelas.com.br\/tvnews\/tres-gracas-joaquim-propoe-fuga-a-arminda-com-o-dinheiro-das-tres-gracas\/\" class=\"_self\" target=\"_self\" >Tr\u00eas Gra\u00e7as:  Joaquim prop\u00f5e fuga a Arminda com o dinheiro das Tr\u00eas Gra\u00e7as<\/a><\/h4><\/div><\/div><\/div><\/div><\/div><\/p>\n<h3>Confira tamb\u00e9m<\/h3>\n<p><a href=\"https:\/\/www.tvnovelas.com.br\/novelas\/\"><strong>Confira os resumos da semana de todas novelas<\/strong><\/a><br \/>\n<a href=\"https:\/\/www.tvnovelas.com.br\/filmes\/\" target=\"_blank\" rel=\"noopener noreferrer\"><strong>Programa\u00e7\u00e3o de filmes na TV aberta<\/strong><\/a><br \/>\n<a href=\"https:\/\/caetenews.com.br\/semana\/filmes-da-globo-na-sessao-da-tarde-desta-semana\/\" target=\"_blank\" rel=\"noopener\"><strong>Confira os filmes da semana na Sess\u00e3o da Tarde<\/strong><\/a><\/p>\n","protected":false},"excerpt":{"rendered":"<p>Um cl\u00e1ssico da teledramaturgia brasileira, Mulheres Apaixonadas estar\u00e1 de volta ainda este m\u00eas na TV Globo. Estrelada por nomes como Christiane Torloni&#8230;<\/p>\n","protected":false},"author":1,"featured_media":43525,"comment_status":"closed","ping_status":"closed","sticky":false,"template":"","format":"standard","meta":{"_uf_show_specific_survey":0,"_uf_disable_surveys":false,"_jetpack_memberships_contains_paid_content":false,"footnotes":"","_wp_rev_ctl_limit":""},"categories":[236],"tags":[5,258,64],"class_list":["post-43523","post","type-post","status-publish","format-standard","has-post-thumbnail","hentry","category-globo","tag-globo","tag-mulheres-apaixonadas","tag-novelas","wpcat-236-id"],"aioseo_notices":[],"jetpack_featured_media_url":"https:\/\/i0.wp.com\/www.tvnovelas.com.br\/tvnews\/wp-content\/uploads\/2023\/05\/37779.jpg?fit=728%2C410&ssl=1","jetpack_shortlink":"https:\/\/wp.me\/pdP2BO-bjZ","jetpack_sharing_enabled":true,"_links":{"self":[{"href":"https:\/\/www.tvnovelas.com.br\/tvnews\/wp-json\/wp\/v2\/posts\/43523","targetHints":{"allow":["GET"]}}],"collection":[{"href":"https:\/\/www.tvnovelas.com.br\/tvnews\/wp-json\/wp\/v2\/posts"}],"about":[{"href":"https:\/\/www.tvnovelas.com.br\/tvnews\/wp-json\/wp\/v2\/types\/post"}],"author":[{"embeddable":true,"href":"https:\/\/www.tvnovelas.com.br\/tvnews\/wp-json\/wp\/v2\/users\/1"}],"replies":[{"embeddable":true,"href":"https:\/\/www.tvnovelas.com.br\/tvnews\/wp-json\/wp\/v2\/comments?post=43523"}],"version-history":[{"count":5,"href":"https:\/\/www.tvnovelas.com.br\/tvnews\/wp-json\/wp\/v2\/posts\/43523\/revisions"}],"predecessor-version":[{"id":43531,"href":"https:\/\/www.tvnovelas.com.br\/tvnews\/wp-json\/wp\/v2\/posts\/43523\/revisions\/43531"}],"wp:featuredmedia":[{"embeddable":true,"href":"https:\/\/www.tvnovelas.com.br\/tvnews\/wp-json\/wp\/v2\/media\/43525"}],"wp:attachment":[{"href":"https:\/\/www.tvnovelas.com.br\/tvnews\/wp-json\/wp\/v2\/media?parent=43523"}],"wp:term":[{"taxonomy":"category","embeddable":true,"href":"https:\/\/www.tvnovelas.com.br\/tvnews\/wp-json\/wp\/v2\/categories?post=43523"},{"taxonomy":"post_tag","embeddable":true,"href":"https:\/\/www.tvnovelas.com.br\/tvnews\/wp-json\/wp\/v2\/tags?post=43523"}],"curies":[{"name":"wp","href":"https:\/\/api.w.org\/{rel}","templated":true}]}}