{"id":43875,"date":"2023-05-13T13:00:52","date_gmt":"2023-05-13T16:00:52","guid":{"rendered":"https:\/\/www.tvnovelas.com.br\/tvnews\/?p=43875"},"modified":"2023-05-13T10:09:09","modified_gmt":"2023-05-13T13:09:09","slug":"o-que-se-passa-em-vai-na-fe-na-semana-15-a-20-de-maio","status":"publish","type":"post","link":"https:\/\/www.tvnovelas.com.br\/tvnews\/o-que-se-passa-em-vai-na-fe-na-semana-15-a-20-de-maio\/","title":{"rendered":"O que se passa em Vai na F\u00e9 na semana 15 a 20 de maio"},"content":{"rendered":"<p><em>Eresumo de Vai na F\u00e9 na semana 15 a 20 de maio<\/em><br \/>\n<img data-recalc-dims=\"1\" decoding=\"async\" class=\"alignnone wp-image-43909 size-full\" title=\"(Foto: Reprodu\u00e7\u00e3o\/TV Globo\/Vai na F\u00e9)\" src=\"https:\/\/i0.wp.com\/www.tvnovelas.com.br\/tvnews\/wp-content\/uploads\/2023\/05\/37862.jpg?resize=728%2C410&#038;ssl=1\" alt=\"Foto em Vai na F\u00e9 na semana 15 a 20 de maio...\" width=\"728\" height=\"410\" srcset=\"https:\/\/i0.wp.com\/www.tvnovelas.com.br\/tvnews\/wp-content\/uploads\/2023\/05\/37862.jpg?w=728&amp;ssl=1 728w, https:\/\/i0.wp.com\/www.tvnovelas.com.br\/tvnews\/wp-content\/uploads\/2023\/05\/37862.jpg?resize=678%2C381&amp;ssl=1 678w\" sizes=\"(max-width: 728px) 100vw, 728px\" \/><\/p>\n<blockquote><p>Lui descobre sobre o contrato que Wilma imp\u00f4s a Sol; Lui rompe com Wilma; Theo provoca Sol, Ben e Jenifer na audi\u00eancia; Jenifer \u00e9 hostil com Theo; Sol hostiliza Theo; Lumiar e Geremias s\u00e3o alvejados por tiros; Ben encontra Lumiar ferida&#8230;<\/p><\/blockquote>\n<p><strong>Resumo de segunda-feira, 15 de maio<\/strong><br \/>\nTheo discute com Clara por causa do show de Lui. Jenifer tenta falar com Hugo. Wilma desconfia quando ouve Lui fazer uma declara\u00e7\u00e3o para Sol. Come\u00e7a o show e todos se divertem. Theo assiste ao show com Clara pela TV. Alice e Yuri ficam com ci\u00fames de Vini. Com a ajuda de Ludmilla, Lui surpreende Sol durante o show, e Jenifer fica indignada. Ludmilla chama Kate para dan\u00e7ar no palco. Lui tenta conversar com Sol. \u00c9rika publica sua mat\u00e9ria reveladora, e Vitinho se desespera. Sol vai embora com Ben. Guiga pede dinheiro emprestado para Yuri. Lui descobre sobre o contrato que Wilma obrigou Sol a assinar.<\/p>\n<p><strong>Resumo de ter\u00e7a-feira, 16 de maio<\/strong><br \/>\nLui confronta Wilma. Jenifer pergunta para Sol sobre as consequ\u00eancias do contrato que ela assinou. Ben questiona Bruna sobre o estado de Sol. Lui repreende Vitinho. Clara se assusta com o comportamento de Theo ao falar sobre Sol. Helena n\u00e3o aceita que Clara fale sobre Theo durante a aula. Guiga reclama de Em\u00edlio para Lumiar. Jenifer questiona o Pastor Miguel sobre Hugo. Vitinho descobre que Ivy entregou Wilma para Anthony e \u00c9rika. Sol se aconselha com o Pastor Miguel. Guiga decide fazer um bazar e Yuri a ajuda. Sol tenta se explicar para Lui. Jenifer procura Hugo. Alice fala com Yuri sobre Vini. Lui impede Sol de pagar a multa pelo contrato e rompe com Wilma.<br \/>\n<img data-recalc-dims=\"1\" decoding=\"async\" class=\"alignnone wp-image-43904 size-full\" title=\"(Foto: Reprodu\u00e7\u00e3o\/TV Globo\/Vai na F\u00e9)\" src=\"https:\/\/i0.wp.com\/www.tvnovelas.com.br\/tvnews\/wp-content\/uploads\/2023\/05\/37856c.jpg?resize=728%2C409&#038;ssl=1\" alt=\"foto em resumos de Vai na F\u00e9 na semana 15 a 20 de maio\" width=\"728\" height=\"409\" srcset=\"https:\/\/i0.wp.com\/www.tvnovelas.com.br\/tvnews\/wp-content\/uploads\/2023\/05\/37856c.jpg?w=728&amp;ssl=1 728w, https:\/\/i0.wp.com\/www.tvnovelas.com.br\/tvnews\/wp-content\/uploads\/2023\/05\/37856c.jpg?resize=678%2C381&amp;ssl=1 678w\" sizes=\"(max-width: 728px) 100vw, 728px\" \/><\/p>\n<p><strong>Resumo de quarta-feira, 17 de maio<\/strong><br \/>\nWilma se surpreende com a decis\u00e3o de Lui. Guiga beija Yuri. Jenifer intercede por Hugo com Naldo. Lumiar recebe diversos buqu\u00eas de flores de Theo. Simas descobre que Bia o traiu com Fred e termina o namoro. Hugo pede ajuda para Orfeu. Theo embriaga uma mo\u00e7a, parecida com Sol mais jovem, e a seduz. Jenifer e Hugo se beijam. Lui toma uma decis\u00e3o, e faz uma reuni\u00e3o com a banda. Lumiar avisa a Theo que a nova audi\u00eancia foi marcada. Theo provoca Sol, Ben e Jenifer ao chegar para a audi\u00eancia.<\/p>\n<p><strong>Resumo de quinta-feira, 18 de maio<\/strong><br \/>\nJenifer \u00e9 hostil com Theo. Guiga implora que Yuri a ajude a receber dinheiro por uma publica\u00e7\u00e3o. Rafa tenta ser solid\u00e1rio com Jenifer. Bela ajuda Guiga a gravar um v\u00eddeo dela com Yuri. Vini pede para conversar com Yuri. Clara tenta falar com Sol, que reage com hostilidade. Come\u00e7a a audi\u00eancia de paternidade de Jenifer. Theo pede para Clara assinar um novo contrato social. Ben revela a Sol que sabe o que Theo fez com ela no passado. Bia desabafa com Jenifer. Kate promove um encontro entre Rafa e Jenifer. Ben discute com Lumiar. Orfeu pede para Lumiar atender Geremias, um amigo de car\u00e1ter duvidoso. Ben se aconselha com M\u00e3e Ana. Theo se preocupa com Lumiar ao v\u00ea-la com Geremias. Vitinho arma em encontro com Maiara e Mara\u00edsa para animar Lui.<br \/>\n<img data-recalc-dims=\"1\" decoding=\"async\" class=\"alignnone wp-image-43906 size-full\" title=\"(Foto: Reprodu\u00e7\u00e3o\/TV Globo\/Vai na F\u00e9)\" src=\"https:\/\/i0.wp.com\/www.tvnovelas.com.br\/tvnews\/wp-content\/uploads\/2023\/05\/37856.jpg?resize=728%2C407&#038;ssl=1\" alt=\"Foto em Vai na F\u00e9 na semana 15 a 20 de maio...\" width=\"728\" height=\"407\" \/><\/p>\n<p><strong>Resumo de sexta-feira, 19 de maio<\/strong><br \/>\nMaiara e Mara\u00edsa passam o dia na mans\u00e3o de Lui. Theo amea\u00e7a Orfeu. Sol implora que Bruna n\u00e3o conte para Jenifer o que Theo fez com ela. Jenifer pede perd\u00e3o a Sol. Ben conversa com Simas sobre Theo. Sol hostiliza Theo ao ver o empres\u00e1rio na sua casa. Jenifer questiona a m\u00e3e sobre seu relacionamento com Ben e Theo. Rafa n\u00e3o gosta quando o pai pede para ele ajud\u00e1-lo a se aproximar de Jeni. Ben se preocupa quando Jenifer avisa que Theo esteve em sua casa. Lui decide ir para o Retiro de F\u00e1bio e convida Sol para ir junto. Ben conversa com a procuradora Val\u00e9ria sobre o caso de Em\u00edlio. Yuri entrega o dinheiro da publica\u00e7\u00e3o para Guiga. As contas de Guiga s\u00e3o liberadas. Ben encontra Val\u00e9ria em um restaurante. Geremias sofre um atentado no bar de Orfeu.<\/p>\n<p><strong>Resumo de s\u00e1bado, 20 de maio<\/strong><br \/>\nLumiar e Geremias s\u00e3o alvejados por tiros. Val\u00e9ria avisa a Ben sobre o atentado envolvendo Lumiar. Guiga se desespera ao perceber que foi roubada por Em\u00edlio e tenta falar com seu advogado. Ben chega ao bar de Orfeu e encontra Lumiar ferida. Geremias tenta dar um recado para Lumiar sobre as provas que tem, mas \u00e9 levado para cirurgia. Yuri incentiva Guiga a denunciar Em\u00edlio. Theo se desespera ao saber do atentado sofrido por Lumiar. Orfeu impede Theo de agredi-lo. Lui se despede da banda e de Wilma. Jenifer se encontra com Tat\u00e1 no bar de Simas. Rafa convida Ben para posar para ele. Um falso enfermeiro entra no quarto de Geremias. Vitinho recebe uma grande proposta para a banda. Lumiar \u00e9 informada sobre o agravamento do estado de Geremias.<br \/>\n<!--FIM--><br \/>\n<a href=\"https:\/\/www.tvnovelas.com.br\/novelas\/resumos-de-vai-na-fe-2\/\">Confira os resumos de Vai na F\u00e9 da semana 22 a 27 de maio<\/a><br \/>\n<strong style=\"font-size: 120%;\">\u00daltimas not\u00edcias de Vai na F\u00e9:<\/strong><br \/>\n<div class=\"pt-cv-wrapper\"><div class=\"pt-cv-view pt-cv-grid pt-cv-colsys\" id=\"pt-cv-view-8080477fv3\"><div data-id=\"pt-cv-page-1\" class=\"pt-cv-page\" data-cvc=\"1\"><div class=\"col-md-12 col-sm-12 col-xs-12 pt-cv-content-item pt-cv-1-col\" ><div class='pt-cv-ifield'><h4 class=\"pt-cv-title\"><a href=\"https:\/\/www.tvnovelas.com.br\/tvnews\/vai-na-fe-sol-enfrenta-empresario-e-abre-show-de-lui\/\" class=\"_blank\" target=\"_blank\" >Vai na F\u00e9: Sol enfrenta empres\u00e1rio e abre show de Lui<\/a><\/h4><\/div><\/div>\n<div class=\"col-md-12 col-sm-12 col-xs-12 pt-cv-content-item pt-cv-1-col\" ><div class='pt-cv-ifield'><h4 class=\"pt-cv-title\"><a href=\"https:\/\/www.tvnovelas.com.br\/tvnews\/vai-na-fe-theo-muda-visual-e-mata-orfeu\/\" class=\"_blank\" target=\"_blank\" >Vai na F\u00e9: Theo muda visual e mata Orfeu<\/a><\/h4><\/div><\/div>\n<div class=\"col-md-12 col-sm-12 col-xs-12 pt-cv-content-item pt-cv-1-col\" ><div class='pt-cv-ifield'><h4 class=\"pt-cv-title\"><a href=\"https:\/\/www.tvnovelas.com.br\/tvnews\/vai-na-fe-sol-e-impedida-de-abrir-show-de-lui-lorenzo\/\" class=\"_blank\" target=\"_blank\" >Vai na F\u00e9: Sol \u00e9 impedida de abrir show de Lui Lorenzo<\/a><\/h4><\/div><\/div>\n<div class=\"col-md-12 col-sm-12 col-xs-12 pt-cv-content-item pt-cv-1-col\" ><div class='pt-cv-ifield'><h4 class=\"pt-cv-title\"><a href=\"https:\/\/www.tvnovelas.com.br\/tvnews\/vai-na-fe-ben-descobre-envolvimento-de-theo-na-morte-de-carlao\/\" class=\"_blank\" target=\"_blank\" >Vai na F\u00e9: Ben descobre envolvimento de Theo na morte de Carl\u00e3o<\/a><\/h4><\/div><\/div>\n<div class=\"col-md-12 col-sm-12 col-xs-12 pt-cv-content-item pt-cv-1-col\" ><div class='pt-cv-ifield'><h4 class=\"pt-cv-title\"><a href=\"https:\/\/www.tvnovelas.com.br\/tvnews\/vai-na-fe-orfeu-erra-o-tiro-e-theo-atropela-o-ex-socio\/\" class=\"_blank\" target=\"_blank\" >Vai na F\u00e9: Orfeu erra o tiro e Theo atropela o ex-s\u00f3cio<\/a><\/h4><\/div><\/div>\n<div class=\"col-md-12 col-sm-12 col-xs-12 pt-cv-content-item pt-cv-1-col\" ><div class='pt-cv-ifield'><h4 class=\"pt-cv-title\"><a href=\"https:\/\/www.tvnovelas.com.br\/tvnews\/vai-na-fe-orfeu-traido-por-theo-promete-vinganca\/\" class=\"_blank\" target=\"_blank\" >Vai na F\u00e9: Orfeu tra\u00eddo por Theo promete vingan\u00e7a<\/a><\/h4><\/div><\/div><\/div><\/div><\/div><br \/>\n<strong style=\"font-size: 120%;\">\u00daltimas not\u00edcias deste canal:<\/strong><br \/>\n<div class=\"pt-cv-wrapper\"><div class=\"pt-cv-view pt-cv-grid pt-cv-colsys\" id=\"pt-cv-view-90991035b3\"><div data-id=\"pt-cv-page-1\" class=\"pt-cv-page\" data-cvc=\"1\"><div class=\"col-md-12 col-sm-12 col-xs-12 pt-cv-content-item pt-cv-1-col\" ><div class='pt-cv-ifield'><h4 class=\"pt-cv-title\"><a href=\"https:\/\/www.tvnovelas.com.br\/tvnews\/coracao-de-mae-irmak-inicia-jogo-arriscado-contra-adnan\/\" class=\"_self\" target=\"_self\" >Cora\u00e7\u00e3o de M\u00e3e: Irmak inicia jogo arriscado contra Adnan<\/a><\/h4><\/div><\/div>\n<div class=\"col-md-12 col-sm-12 col-xs-12 pt-cv-content-item pt-cv-1-col\" ><div class='pt-cv-ifield'><h4 class=\"pt-cv-title\"><a href=\"https:\/\/www.tvnovelas.com.br\/tvnews\/guerra-das-rosas-omer-chama-gulru-vestida-de-noiva-para-fugir\/\" class=\"_self\" target=\"_self\" >Guerra das Rosas: Omer chama Gulru vestida de noiva para fugir<\/a><\/h4><\/div><\/div>\n<div class=\"col-md-12 col-sm-12 col-xs-12 pt-cv-content-item pt-cv-1-col\" ><div class='pt-cv-ifield'><h4 class=\"pt-cv-title\"><a href=\"https:\/\/www.tvnovelas.com.br\/tvnews\/coracao-de-mae-reha-sai-para-jantar-com-selvi\/\" class=\"_self\" target=\"_self\" >Cora\u00e7\u00e3o de M\u00e3e: Reha sai para jantar com Selvi<\/a><\/h4><\/div><\/div>\n<div class=\"col-md-12 col-sm-12 col-xs-12 pt-cv-content-item pt-cv-1-col\" ><div class='pt-cv-ifield'><h4 class=\"pt-cv-title\"><a href=\"https:\/\/www.tvnovelas.com.br\/tvnews\/coracao-acelerado-zila-se-preocupa-com-sua-situacao-apos-separacao\/\" class=\"_self\" target=\"_self\" >Cora\u00e7\u00e3o Acelerado: Zil\u00e1 se preocupa com sua situa\u00e7\u00e3o ap\u00f3s separa\u00e7\u00e3o<\/a><\/h4><\/div><\/div>\n<div class=\"col-md-12 col-sm-12 col-xs-12 pt-cv-content-item pt-cv-1-col\" ><div class='pt-cv-ifield'><h4 class=\"pt-cv-title\"><a href=\"https:\/\/www.tvnovelas.com.br\/tvnews\/a-nobreza-do-amor-tonho-nao-se-curva-diante-de-mirinho\/\" class=\"_self\" target=\"_self\" >A Nobreza do Amor: Tonho n\u00e3o se curva diante de Mirinho<\/a><\/h4><\/div><\/div>\n<div class=\"col-md-12 col-sm-12 col-xs-12 pt-cv-content-item pt-cv-1-col\" ><div class='pt-cv-ifield'><h4 class=\"pt-cv-title\"><a href=\"https:\/\/www.tvnovelas.com.br\/tvnews\/tres-gracas-arminda-surta-ao-confirmar-que-ferette-e-pai-de-raul\/\" class=\"_self\" target=\"_self\" >Tr\u00eas Gra\u00e7as:  Arminda surta ao confirmar que Ferette \u00e9 pai de Raul<\/a><\/h4><\/div><\/div>\n<div class=\"col-md-12 col-sm-12 col-xs-12 pt-cv-content-item pt-cv-1-col\" ><div class='pt-cv-ifield'><h4 class=\"pt-cv-title\"><a href=\"https:\/\/www.tvnovelas.com.br\/tvnews\/coracao-de-mae-atilla-confronta-hasan-e-exige-o-divorcio-de-lale\/\" class=\"_self\" target=\"_self\" >Cora\u00e7\u00e3o de M\u00e3e: Atilla confronta Hasan e exige o div\u00f3rcio de Lale<\/a><\/h4><\/div><\/div>\n<div class=\"col-md-12 col-sm-12 col-xs-12 pt-cv-content-item pt-cv-1-col\" ><div class='pt-cv-ifield'><h4 class=\"pt-cv-title\"><a href=\"https:\/\/www.tvnovelas.com.br\/tvnews\/guerra-das-rosas-gulfem-coloca-gulru-contra-a-parede\/\" class=\"_self\" target=\"_self\" >Guerra das Rosas: Gulfem coloca Gulru contra a parede<\/a><\/h4><\/div><\/div>\n<div class=\"col-md-12 col-sm-12 col-xs-12 pt-cv-content-item pt-cv-1-col\" ><div class='pt-cv-ifield'><h4 class=\"pt-cv-title\"><a href=\"https:\/\/www.tvnovelas.com.br\/tvnews\/coracao-de-mae-atilla-diz-a-lale-que-quer-o-divorcio\/\" class=\"_self\" target=\"_self\" >Cora\u00e7\u00e3o de M\u00e3e: Atilla diz a Lale que quer o div\u00f3rcio<\/a><\/h4><\/div><\/div>\n<div class=\"col-md-12 col-sm-12 col-xs-12 pt-cv-content-item pt-cv-1-col\" ><div class='pt-cv-ifield'><h4 class=\"pt-cv-title\"><a href=\"https:\/\/www.tvnovelas.com.br\/tvnews\/a-nobreza-do-amor-mirinho-garante-noivado-com-virginia-para-atrair-sogro-a-negocio\/\" class=\"_self\" target=\"_self\" >A Nobreza do Amor: Mirinho garante noivado com Virg\u00ednia para atrair sogro a neg\u00f3cio<\/a><\/h4><\/div><\/div><\/div><\/div><\/div><br \/>\n<a href=\"https:\/\/www.tvnovelas.com.br\/novelas\/\"><strong>Confira os resumos da semana de todas novelas<\/strong><\/a><br \/>\n<a href=\"http:\/\/tvnovelas.com.br\/filmes\" target=\"_blank\" rel=\"noopener\">Veja tamb\u00e9m: Todas as telas: filmes e s\u00e9ries nos streamings<\/a><\/p>\n<h3>Confira tamb\u00e9m<\/h3>\n<p><a href=\"https:\/\/www.tvnovelas.com.br\/filmes\/\" target=\"_blank\" rel=\"noopener noreferrer\"><strong>Programa\u00e7\u00e3o de filmes na TV aberta<\/strong><\/a><br \/>\n<a href=\"https:\/\/caetenews.com.br\/semana\/filmes-da-globo-na-sessao-da-tarde-desta-semana\/\" target=\"_blank\" rel=\"noopener\"><strong>Confira os filmes da semana na Sess\u00e3o da Tarde<\/strong><\/a><br \/>\n<a href=\"https:\/\/www.tvnovelas.com.br\/novelas\/\" target=\"_blank\" rel=\"noopener noreferrer\"><strong>Resumos de novelas<\/strong><\/a><\/p>\n","protected":false},"excerpt":{"rendered":"<p>\ud835\udc0b\ud835\udc2e\ud835\udc22 \ud835\udc1d\ud835\udc1e\ud835\udc2c\ud835\udc1c\ud835\udc28\ud835\udc1b\ud835\udc2b\ud835\udc1e \ud835\udc2c\ud835\udc28\ud835\udc1b\ud835\udc2b\ud835\udc1e \ud835\udc28 \ud835\udc1c\ud835\udc28\ud835\udc27\ud835\udc2d\ud835\udc2b\ud835\udc1a\ud835\udc2d\ud835\udc28 \ud835\udc2a\ud835\udc2e\ud835\udc1e \ud835\udc16\ud835\udc22\ud835\udc25\ud835\udc26\ud835\udc1a \ud835\udc22\ud835\udc26\ud835\udc29\u00f4\ud835\udc2c \ud835\udc1a \ud835\udc12\ud835\udc28\ud835\udc25; Lui rompe com Wilma; T\ud835\udc21\ud835\udc1e\ud835\udc28 \ud835\udc29\ud835\udc2b\ud835\udc28\ud835\udc2f\ud835\udc28\ud835\udc1c\ud835\udc1a \ud835\udc12\ud835\udc28\ud835\udc25, \ud835\udc01\ud835\udc1e\ud835\udc27 \ud835\udc1e \ud835\udc09\ud835\udc1e\ud835\udc27\ud835\udc22\ud835\udc1f\ud835\udc1e\ud835\udc2b \ud835\udc27\ud835\udc1a \ud835\udc1a\ud835\udc2e\ud835\udc1d\ud835\udc22\u00ea\ud835\udc27\ud835\udc1c\ud835\udc22\ud835\udc1a; Jenifer \u00e9 hostil com Theo; Sol hostiliza Theo; \ud835\udc0b\ud835\udc2e\ud835\udc26\ud835\udc22\ud835\udc1a\ud835\udc2b \ud835\udc1e \ud835\udc06\ud835\udc1e\ud835\udc2b\ud835\udc1e\ud835\udc26\ud835\udc22\ud835\udc1a\ud835\udc2c \ud835\udc2c\u00e3\ud835\udc28 \ud835\udc1a\ud835\udc25\ud835\udc2f\ud835\udc1e\ud835\udc23\ud835\udc1a\ud835\udc1d\ud835\udc28\ud835\udc2c \ud835\udc29\ud835\udc28\ud835\udc2b \ud835\udc2d\ud835\udc22\ud835\udc2b\ud835\udc28\ud835\udc2c; Ben encontra Lumiar ferida&#8230;<\/p>\n","protected":false},"author":1,"featured_media":43909,"comment_status":"closed","ping_status":"closed","sticky":false,"template":"","format":"standard","meta":{"_uf_show_specific_survey":0,"_uf_disable_surveys":false,"_jetpack_memberships_contains_paid_content":false,"footnotes":"","_wp_rev_ctl_limit":""},"categories":[358],"tags":[5,64,359],"class_list":["post-43875","post","type-post","status-publish","format-standard","has-post-thumbnail","hentry","category-vai-na-fe","tag-globo","tag-novelas","tag-vai-na-fe","wpcat-358-id"],"aioseo_notices":[],"jetpack_featured_media_url":"https:\/\/i0.wp.com\/www.tvnovelas.com.br\/tvnews\/wp-content\/uploads\/2023\/05\/37862.jpg?fit=728%2C410&ssl=1","jetpack_shortlink":"https:\/\/wp.me\/pdP2BO-bpF","jetpack_sharing_enabled":true,"_links":{"self":[{"href":"https:\/\/www.tvnovelas.com.br\/tvnews\/wp-json\/wp\/v2\/posts\/43875","targetHints":{"allow":["GET"]}}],"collection":[{"href":"https:\/\/www.tvnovelas.com.br\/tvnews\/wp-json\/wp\/v2\/posts"}],"about":[{"href":"https:\/\/www.tvnovelas.com.br\/tvnews\/wp-json\/wp\/v2\/types\/post"}],"author":[{"embeddable":true,"href":"https:\/\/www.tvnovelas.com.br\/tvnews\/wp-json\/wp\/v2\/users\/1"}],"replies":[{"embeddable":true,"href":"https:\/\/www.tvnovelas.com.br\/tvnews\/wp-json\/wp\/v2\/comments?post=43875"}],"version-history":[{"count":4,"href":"https:\/\/www.tvnovelas.com.br\/tvnews\/wp-json\/wp\/v2\/posts\/43875\/revisions"}],"predecessor-version":[{"id":43910,"href":"https:\/\/www.tvnovelas.com.br\/tvnews\/wp-json\/wp\/v2\/posts\/43875\/revisions\/43910"}],"wp:featuredmedia":[{"embeddable":true,"href":"https:\/\/www.tvnovelas.com.br\/tvnews\/wp-json\/wp\/v2\/media\/43909"}],"wp:attachment":[{"href":"https:\/\/www.tvnovelas.com.br\/tvnews\/wp-json\/wp\/v2\/media?parent=43875"}],"wp:term":[{"taxonomy":"category","embeddable":true,"href":"https:\/\/www.tvnovelas.com.br\/tvnews\/wp-json\/wp\/v2\/categories?post=43875"},{"taxonomy":"post_tag","embeddable":true,"href":"https:\/\/www.tvnovelas.com.br\/tvnews\/wp-json\/wp\/v2\/tags?post=43875"}],"curies":[{"name":"wp","href":"https:\/\/api.w.org\/{rel}","templated":true}]}}