{"id":43913,"date":"2023-05-13T13:00:00","date_gmt":"2023-05-13T16:00:00","guid":{"rendered":"https:\/\/www.tvnovelas.com.br\/tvnews\/?p=43913"},"modified":"2023-05-13T11:09:14","modified_gmt":"2023-05-13T14:09:14","slug":"o-que-acontece-em-terra-e-paixao-na-semana-15-a-20-de-maio","status":"publish","type":"post","link":"https:\/\/www.tvnovelas.com.br\/tvnews\/o-que-acontece-em-terra-e-paixao-na-semana-15-a-20-de-maio\/","title":{"rendered":"O que acontece em Terra e Paix\u00e3o na semana 15 a 20 de maio"},"content":{"rendered":"<p><em>Resumos de Terra e Paix\u00e3o na semana 15 a 20 de maio<\/em><br \/>\n<img data-recalc-dims=\"1\" decoding=\"async\" class=\"alignnone wp-image-43914 size-full\" title=\"(Foto: Reprodu\u00e7\u00e3o\/TV Globo\/Terra e Paix\u00e3o)\" src=\"https:\/\/i0.wp.com\/www.tvnovelas.com.br\/tvnews\/wp-content\/uploads\/2023\/05\/37864c.jpg?resize=728%2C410&#038;ssl=1\" alt=\"Foto em Terra e Paix\u00e3o na semana 15 a 20 de maio\" width=\"728\" height=\"410\" srcset=\"https:\/\/i0.wp.com\/www.tvnovelas.com.br\/tvnews\/wp-content\/uploads\/2023\/05\/37864c.jpg?w=728&amp;ssl=1 728w, https:\/\/i0.wp.com\/www.tvnovelas.com.br\/tvnews\/wp-content\/uploads\/2023\/05\/37864c.jpg?resize=678%2C381&amp;ssl=1 678w\" sizes=\"(max-width: 728px) 100vw, 728px\" \/><\/p>\n<blockquote><p>Ademir revela que foi Caio quem forneceu as sementes para Aline; Caio enfrenta Ant\u00f4nio; Aline procura Caio; Caio procura Rodrigo para processar Ant\u00f4nio; Aline desconfia de obstru\u00e7\u00e3o na \u00e1gua que abastece sua terras&#8230;<\/p><\/blockquote>\n<p><strong>Resumo de segunda-feira, 15 de maio<\/strong><br \/>\nAline n\u00e3o acredita quando Daniel afirma que n\u00e3o foi ele quem lhe enviou as sementes. Jonatas diz a Aline que trabalhar\u00e1 \u00e0 noite em suas terras para ajud\u00e1-la. Ant\u00f4nio avisa a Luigi que ficar\u00e1 de olho no rapaz. Andrade insiste em importunar Anely. Anely tenta convencer Lucinda a denunciar o marido por agress\u00e3o. Irene aconselha Petra a voltar a trabalhar nas terras da fam\u00edlia. Jonatas informa a Aline que a casa ficou pronta. Cristian esconde de Menah o bullying sofrido na escola. Tadeu avisa a Ant\u00f4nio que Aline perdeu a escritura das terras no inc\u00eandio. Ademir conta a Daniel que foi Caio quem forneceu as sementes para Aline. Enzo comunica a Ant\u00f4nio que algu\u00e9m destruiu os cabos da Internet. Daniel afirma a Caio que sabe tudo sobre as sementes.<\/p>\n<p><strong>Resumo ter\u00e7a-feira, 16 de maio<\/strong><br \/>\nCaio diz a Daniel que quis ajudar Aline, consertando uma injusti\u00e7a cometida por Ant\u00f4nio. Ant\u00f4nio manda Ramiro pegar a escritura das terras de Aline no cart\u00f3rio. Aline reage quando a funcion\u00e1ria do cart\u00f3rio lhe diz que n\u00e3o h\u00e1 nenhum registro de terras em nome de Samuel. Daniel conta a Aline que foi Caio quem comprou as sementes para ela. Angelina aconselha Lucinda a deixar Andrade. Ant\u00f4nio ateia fogo \u00e0 escritura das terras de Aline. Anely se exibe para Tadeu na webcam. Kelvin alerta Anely de que ela foi vista por Silvia na tela do laptop de Tadeu. Petra conta a Luigi que o pai mandou Daniel investig\u00e1-lo. C\u00e2ndida diz a Ademir que sabe de seu segredo. Aline procura Caio.<br \/>\n<img data-recalc-dims=\"1\" decoding=\"async\" class=\"alignnone wp-image-43915 size-full\" title=\"(Foto: Reprodu\u00e7\u00e3o\/TV Globo\/Terra e Paix\u00e3o)\" src=\"https:\/\/i0.wp.com\/www.tvnovelas.com.br\/tvnews\/wp-content\/uploads\/2023\/05\/37864.jpg?resize=728%2C410&#038;ssl=1\" alt=\"Foto em Terra e Paix\u00e3o na semana 15 a 20 de maio\" width=\"728\" height=\"410\" srcset=\"https:\/\/i0.wp.com\/www.tvnovelas.com.br\/tvnews\/wp-content\/uploads\/2023\/05\/37864.jpg?w=728&amp;ssl=1 728w, https:\/\/i0.wp.com\/www.tvnovelas.com.br\/tvnews\/wp-content\/uploads\/2023\/05\/37864.jpg?resize=678%2C381&amp;ssl=1 678w\" sizes=\"(max-width: 728px) 100vw, 728px\" \/><\/p>\n<p><strong>Resumo de quarta-feira, 17 de maio<\/strong><br \/>\nCaio se arrepende da maneira como tratou Aline. Aline acusa Ant\u00f4nio de ter sumido com a escritura. Luigi beija Gladys, que fica sem jeito ao ser reconhecida pelo italiano como um de seus contatos em sites de relacionamento. Ant\u00f4nio promete ser grato a Luigi se o italiano convencer Petra a abandonar os rem\u00e9dios. Andrade promete a Lucinda que n\u00e3o vai mais agredi-la. Gladys diz a Gra\u00e7a que os brincos que ela ganhou de Irene eram de Agatha. C\u00e2ndida sugere a Caio que d\u00ea um presente a Aline. Aline assina o contrato do empr\u00e9stimo, e promete entregar a escritura a Franco assim que encontrar o documento. Anely aconselha Luigi a vender o rel\u00f3gio para pagar a pousada, exigindo comiss\u00e3o. Gra\u00e7a devolve os brincos a Irene. Caio e Irene trocam insultos, e Daniel briga com o irm\u00e3o. Caio enfrenta Ant\u00f4nio, quando o pai pergunta se foi ele quem deu as sementes para Aline.<\/p>\n<p><strong>Resumo de quinta-feira, 18 de maio<\/strong><br \/>\nCaio deixa claro a Ant\u00f4nio que ele tem direito \u00e0 sucess\u00e3o por ser o filho mais velho, e acusa Irene de influenciar o pai. Daniel liga para o primo de Luigi, sem saber que est\u00e1 sendo enganado pelo italiano. Luigi paga a Anely uma comiss\u00e3o pela venda do rel\u00f3gio. Anely se esconde para n\u00e3o ser vista por Tadeu. Luigi aceita a proposta de Ant\u00f4nio de fazer Petra largar os rem\u00e9dios em troca de um bom emprego. Ant\u00f4nio decide entregar a sucess\u00e3o a Daniel e a Petra. Aline estranha a falta de \u00e1gua repentina em suas terras. Caio procura Rodrigo com a inten\u00e7\u00e3o de processar Ant\u00f4nio.<br \/>\n<img data-recalc-dims=\"1\" decoding=\"async\" class=\"alignnone wp-image-43916 size-full\" title=\"(Foto: Reprodu\u00e7\u00e3o\/TV Globo\/Terra e Paix\u00e3o)\" src=\"https:\/\/i0.wp.com\/www.tvnovelas.com.br\/tvnews\/wp-content\/uploads\/2023\/05\/37864a.jpg?resize=728%2C410&#038;ssl=1\" alt=\"Foto em Terra e Paix\u00e3o na semana 15 a 20 de maio\" width=\"728\" height=\"410\" srcset=\"https:\/\/i0.wp.com\/www.tvnovelas.com.br\/tvnews\/wp-content\/uploads\/2023\/05\/37864a.jpg?w=728&amp;ssl=1 728w, https:\/\/i0.wp.com\/www.tvnovelas.com.br\/tvnews\/wp-content\/uploads\/2023\/05\/37864a.jpg?resize=678%2C381&amp;ssl=1 678w\" sizes=\"(max-width: 728px) 100vw, 728px\" \/><\/p>\n<p><strong>Resumo de sexta-feira, 19 de maio<\/strong><br \/>\nCaio diz a Rodrigo que est\u00e1 disposto a enfrentar o pai. Luigi manda Laurita parar de receitar rem\u00e9dio para Petra. C\u00e2ndida aconselha Caio a conversar com Daniel. Daniel observa que h\u00e1 canos submersos nas terras de Aline. Jurec\u00ea entrega a Aline a escritura de suas terras, que guardou a pedido de Samuel. Cristian diz a Lucinda que Rosa o protege na escola. Caio desabafa com Aline, dizendo que est\u00e1 orgulhoso de si. Caio avisa a C\u00e2ndida que tem um plano para seu sucesso.<\/p>\n<p><strong>Resumo de s\u00e1bado-feira, 20 de maio<\/strong><br \/>\nC\u00e2ndida diz a Caio que Ant\u00f4nio n\u00e3o o perdoar\u00e1. Aline vai ao cart\u00f3rio e pede c\u00f3pias autenticadas da escritura. Laurita resolve confiar em Luigi para ajudar Petra a abandonar a depend\u00eancia de medicamentos. Gladys \u00e9 enganada por Luigi. Marino elogia Lucinda. Aline desconfia de que alguma coisa esteja obstruindo a \u00e1gua que abastecem suas terras. Aline diz a Daniel que n\u00e3o concorda com briga de fam\u00edlia por causa de heran\u00e7a. Odilon resolve dar aula para Lucinda com Marino. Gra\u00e7a segue a orienta\u00e7\u00e3o de Irene e planeja simular uma gravidez para apressar o casamento com Daniel. Caio surpreende ao anunciar para a fam\u00edlia que metade de tudo que \u00e9 de Ant\u00f4nio pertence a ele.<br \/>\n<!--FIM DO POST--><br \/>\n<a href=\"https:\/\/www.tvnovelas.com.br\/novelas\/resumos-de-terra-e-paixao-2\/\">Confira os resumos de &#8216;Terra e Paix\u00e3o&#8217; da semana 22 a 27 de maio<\/a><br \/>\n<strong style=\"font-size: 120%;\">\u00daltimas not\u00edcias de Terra e Paix\u00e3o:<\/strong><br \/>\n<div class=\"pt-cv-wrapper\"><div class=\"pt-cv-view pt-cv-grid pt-cv-colsys\" id=\"pt-cv-view-9bbc6490w2\"><div data-id=\"pt-cv-page-1\" class=\"pt-cv-page\" data-cvc=\"1\"><div class=\"col-md-12 col-sm-6 col-xs-12 pt-cv-content-item pt-cv-1-col\" ><div class='pt-cv-ifield'><h4 class=\"pt-cv-title\"><a href=\"https:\/\/www.tvnovelas.com.br\/tvnews\/terra-e-paixao-vinicius-choca-aline-com-relatorio-sobre-diamantes-em-suas-terras\/\" class=\"_blank\" target=\"_blank\" >Terra e Paix\u00e3o: Vin\u00edcius choca Aline com relat\u00f3rio sobre diamantes em suas terras<\/a><\/h4><\/div><\/div>\n<div class=\"col-md-12 col-sm-6 col-xs-12 pt-cv-content-item pt-cv-1-col\" ><div class='pt-cv-ifield'><h4 class=\"pt-cv-title\"><a href=\"https:\/\/www.tvnovelas.com.br\/tvnews\/terra-e-paixao-fuga-de-antonio-tem-mortes-e-disfarce\/\" class=\"_blank\" target=\"_blank\" >Terra e Paix\u00e3o: Fuga de Ant\u00f4nio tem mortes e disfarce<\/a><\/h4><\/div><\/div>\n<div class=\"col-md-12 col-sm-6 col-xs-12 pt-cv-content-item pt-cv-1-col\" ><div class='pt-cv-ifield'><h4 class=\"pt-cv-title\"><a href=\"https:\/\/www.tvnovelas.com.br\/tvnews\/terra-e-paixao-antonio-invade-casamento-para-matar-aline-no-altar\/\" class=\"_blank\" target=\"_blank\" >Terra e Paix\u00e3o: Ant\u00f4nio invade casamento para matar Aline no altar<\/a><\/h4><\/div><\/div>\n<div class=\"col-md-12 col-sm-6 col-xs-12 pt-cv-content-item pt-cv-1-col\" ><div class='pt-cv-ifield'><h4 class=\"pt-cv-title\"><a href=\"https:\/\/www.tvnovelas.com.br\/tvnews\/terra-e-paixao-graca-se-junta-a-policia-para-salvar-danielzinho\/\" class=\"_blank\" target=\"_blank\" >Terra e Paix\u00e3o: Gra\u00e7a se junta \u00e0 Pol\u00edcia para salvar Danielzinho<\/a><\/h4><\/div><\/div>\n<div class=\"col-md-12 col-sm-6 col-xs-12 pt-cv-content-item pt-cv-1-col\" ><div class='pt-cv-ifield'><h4 class=\"pt-cv-title\"><a href=\"https:\/\/www.tvnovelas.com.br\/tvnews\/terra-e-paixao-marino-da-voz-de-prisao-a-irene\/\" class=\"_blank\" target=\"_blank\" >Terra e Paix\u00e3o: Marino d\u00e1 voz de pris\u00e3o a Irene<\/a><\/h4><\/div><\/div>\n<div class=\"col-md-12 col-sm-6 col-xs-12 pt-cv-content-item pt-cv-1-col\" ><div class='pt-cv-ifield'><h4 class=\"pt-cv-title\"><a href=\"https:\/\/www.tvnovelas.com.br\/tvnews\/terra-e-paixao-irene-sequestra-danielzinho-e-foge-com-vinicius\/\" class=\"_blank\" target=\"_blank\" >Terra e Paix\u00e3o: Irene sequestra Danielzinho e foge com Vin\u00edcius<\/a><\/h4><\/div><\/div><\/div><\/div><\/div><br \/>\n<strong style=\"font-size: 120%;\">\u00daltimas not\u00edcias deste canal:<\/strong><br \/>\n<div class=\"pt-cv-wrapper\"><div class=\"pt-cv-view pt-cv-grid pt-cv-colsys\" id=\"pt-cv-view-90991035b3\"><div data-id=\"pt-cv-page-1\" class=\"pt-cv-page\" data-cvc=\"1\"><div class=\"col-md-12 col-sm-12 col-xs-12 pt-cv-content-item pt-cv-1-col\" ><div class='pt-cv-ifield'><h4 class=\"pt-cv-title\"><a href=\"https:\/\/www.tvnovelas.com.br\/tvnews\/coracao-de-mae-irmak-inicia-jogo-arriscado-contra-adnan\/\" class=\"_self\" target=\"_self\" >Cora\u00e7\u00e3o de M\u00e3e: Irmak inicia jogo arriscado contra Adnan<\/a><\/h4><\/div><\/div>\n<div class=\"col-md-12 col-sm-12 col-xs-12 pt-cv-content-item pt-cv-1-col\" ><div class='pt-cv-ifield'><h4 class=\"pt-cv-title\"><a href=\"https:\/\/www.tvnovelas.com.br\/tvnews\/guerra-das-rosas-omer-chama-gulru-vestida-de-noiva-para-fugir\/\" class=\"_self\" target=\"_self\" >Guerra das Rosas: Omer chama Gulru vestida de noiva para fugir<\/a><\/h4><\/div><\/div>\n<div class=\"col-md-12 col-sm-12 col-xs-12 pt-cv-content-item pt-cv-1-col\" ><div class='pt-cv-ifield'><h4 class=\"pt-cv-title\"><a href=\"https:\/\/www.tvnovelas.com.br\/tvnews\/coracao-de-mae-reha-sai-para-jantar-com-selvi\/\" class=\"_self\" target=\"_self\" >Cora\u00e7\u00e3o de M\u00e3e: Reha sai para jantar com Selvi<\/a><\/h4><\/div><\/div>\n<div class=\"col-md-12 col-sm-12 col-xs-12 pt-cv-content-item pt-cv-1-col\" ><div class='pt-cv-ifield'><h4 class=\"pt-cv-title\"><a href=\"https:\/\/www.tvnovelas.com.br\/tvnews\/coracao-acelerado-zila-se-preocupa-com-sua-situacao-apos-separacao\/\" class=\"_self\" target=\"_self\" >Cora\u00e7\u00e3o Acelerado: Zil\u00e1 se preocupa com sua situa\u00e7\u00e3o ap\u00f3s separa\u00e7\u00e3o<\/a><\/h4><\/div><\/div>\n<div class=\"col-md-12 col-sm-12 col-xs-12 pt-cv-content-item pt-cv-1-col\" ><div class='pt-cv-ifield'><h4 class=\"pt-cv-title\"><a href=\"https:\/\/www.tvnovelas.com.br\/tvnews\/a-nobreza-do-amor-tonho-nao-se-curva-diante-de-mirinho\/\" class=\"_self\" target=\"_self\" >A Nobreza do Amor: Tonho n\u00e3o se curva diante de Mirinho<\/a><\/h4><\/div><\/div>\n<div class=\"col-md-12 col-sm-12 col-xs-12 pt-cv-content-item pt-cv-1-col\" ><div class='pt-cv-ifield'><h4 class=\"pt-cv-title\"><a href=\"https:\/\/www.tvnovelas.com.br\/tvnews\/tres-gracas-arminda-surta-ao-confirmar-que-ferette-e-pai-de-raul\/\" class=\"_self\" target=\"_self\" >Tr\u00eas Gra\u00e7as:  Arminda surta ao confirmar que Ferette \u00e9 pai de Raul<\/a><\/h4><\/div><\/div>\n<div class=\"col-md-12 col-sm-12 col-xs-12 pt-cv-content-item pt-cv-1-col\" ><div class='pt-cv-ifield'><h4 class=\"pt-cv-title\"><a href=\"https:\/\/www.tvnovelas.com.br\/tvnews\/coracao-de-mae-atilla-confronta-hasan-e-exige-o-divorcio-de-lale\/\" class=\"_self\" target=\"_self\" >Cora\u00e7\u00e3o de M\u00e3e: Atilla confronta Hasan e exige o div\u00f3rcio de Lale<\/a><\/h4><\/div><\/div>\n<div class=\"col-md-12 col-sm-12 col-xs-12 pt-cv-content-item pt-cv-1-col\" ><div class='pt-cv-ifield'><h4 class=\"pt-cv-title\"><a href=\"https:\/\/www.tvnovelas.com.br\/tvnews\/guerra-das-rosas-gulfem-coloca-gulru-contra-a-parede\/\" class=\"_self\" target=\"_self\" >Guerra das Rosas: Gulfem coloca Gulru contra a parede<\/a><\/h4><\/div><\/div>\n<div class=\"col-md-12 col-sm-12 col-xs-12 pt-cv-content-item pt-cv-1-col\" ><div class='pt-cv-ifield'><h4 class=\"pt-cv-title\"><a href=\"https:\/\/www.tvnovelas.com.br\/tvnews\/coracao-de-mae-atilla-diz-a-lale-que-quer-o-divorcio\/\" class=\"_self\" target=\"_self\" >Cora\u00e7\u00e3o de M\u00e3e: Atilla diz a Lale que quer o div\u00f3rcio<\/a><\/h4><\/div><\/div>\n<div class=\"col-md-12 col-sm-12 col-xs-12 pt-cv-content-item pt-cv-1-col\" ><div class='pt-cv-ifield'><h4 class=\"pt-cv-title\"><a href=\"https:\/\/www.tvnovelas.com.br\/tvnews\/a-nobreza-do-amor-mirinho-garante-noivado-com-virginia-para-atrair-sogro-a-negocio\/\" class=\"_self\" target=\"_self\" >A Nobreza do Amor: Mirinho garante noivado com Virg\u00ednia para atrair sogro a neg\u00f3cio<\/a><\/h4><\/div><\/div><\/div><\/div><\/div><br \/>\n<a href=\"https:\/\/www.tvnovelas.com.br\/novelas\/\"><strong>Confira os resumos da semana de todas novelas<\/strong><\/a><\/p>\n<h3>Confira tamb\u00e9m<\/h3>\n<p><a href=\"https:\/\/www.tvnovelas.com.br\/filmes\/\" target=\"_blank\" rel=\"noopener noreferrer\"><strong>Programa\u00e7\u00e3o de filmes na TV aberta<\/strong><\/a><br \/>\n<a href=\"https:\/\/caetenews.com.br\/semana\/filmes-da-globo-na-sessao-da-tarde-desta-semana\/\" target=\"_blank\" rel=\"noopener\"><strong>Confira os filmes da semana na Sess\u00e3o da Tarde<\/strong><\/a><br \/>\n<a href=\"https:\/\/www.tvnovelas.com.br\/novelas\/\" target=\"_blank\" rel=\"noopener noreferrer\"><strong>Resumos de novelas<\/strong><\/a><\/p>\n","protected":false},"excerpt":{"rendered":"<p>Ademir revela que foi Caio quem forneceu as sementes para Aline; Caio enfrenta Ant\u00f4nio; \ud835\udc00\ud835\udc25\ud835\udc22\ud835\udc27\ud835\udc1e \ud835\udc29\ud835\udc2b\ud835\udc28\ud835\udc1c\ud835\udc2e\ud835\udc2b\ud835\udc1a \ud835\udc02\ud835\udc1a\ud835\udc22\ud835\udc28; Caio procura Rodrigo para processar Ant\u00f4nio; \ud835\udc00\ud835\udc25\ud835\udc22\ud835\udc27\ud835\udc1e \ud835\udc1d\ud835\udc1e\ud835\udc2c\ud835\udc1c\ud835\udc28\ud835\udc27\ud835\udc1f\ud835\udc22\ud835\udc1a \ud835\udc1d\ud835\udc1e \ud835\udc28\ud835\udc1b\ud835\udc2c\ud835\udc2d\ud835\udc2b\ud835\udc2e\u00e7\u00e3\ud835\udc28 \ud835\udc27\ud835\udc1a \u00e1\ud835\udc20\ud835\udc2e\ud835\udc1a \ud835\udc2a\ud835\udc2e\ud835\udc1e \ud835\udc1a\ud835\udc1b\ud835\udc1a\ud835\udc2c\ud835\udc2d\ud835\udc1e\ud835\udc1c\ud835\udc1e \ud835\udc2c\ud835\udc2e\ud835\udc1a\ud835\udc2c \ud835\udc2d\ud835\udc1e\ud835\udc2b\ud835\udc2b\ud835\udc1a\ud835\udc2c&#8230;<\/p>\n","protected":false},"author":1,"featured_media":43915,"comment_status":"closed","ping_status":"closed","sticky":false,"template":"","format":"standard","meta":{"_uf_show_specific_survey":0,"_uf_disable_surveys":false,"_jetpack_memberships_contains_paid_content":false,"footnotes":"","_wp_rev_ctl_limit":""},"categories":[382],"tags":[5,64,383],"class_list":["post-43913","post","type-post","status-publish","format-standard","has-post-thumbnail","hentry","category-terra-e-paixao","tag-globo","tag-novelas","tag-terra-e-paixao","wpcat-382-id"],"aioseo_notices":[],"jetpack_featured_media_url":"https:\/\/i0.wp.com\/www.tvnovelas.com.br\/tvnews\/wp-content\/uploads\/2023\/05\/37864.jpg?fit=728%2C410&ssl=1","jetpack_shortlink":"https:\/\/wp.me\/pdP2BO-bqh","jetpack_sharing_enabled":true,"_links":{"self":[{"href":"https:\/\/www.tvnovelas.com.br\/tvnews\/wp-json\/wp\/v2\/posts\/43913","targetHints":{"allow":["GET"]}}],"collection":[{"href":"https:\/\/www.tvnovelas.com.br\/tvnews\/wp-json\/wp\/v2\/posts"}],"about":[{"href":"https:\/\/www.tvnovelas.com.br\/tvnews\/wp-json\/wp\/v2\/types\/post"}],"author":[{"embeddable":true,"href":"https:\/\/www.tvnovelas.com.br\/tvnews\/wp-json\/wp\/v2\/users\/1"}],"replies":[{"embeddable":true,"href":"https:\/\/www.tvnovelas.com.br\/tvnews\/wp-json\/wp\/v2\/comments?post=43913"}],"version-history":[{"count":3,"href":"https:\/\/www.tvnovelas.com.br\/tvnews\/wp-json\/wp\/v2\/posts\/43913\/revisions"}],"predecessor-version":[{"id":43921,"href":"https:\/\/www.tvnovelas.com.br\/tvnews\/wp-json\/wp\/v2\/posts\/43913\/revisions\/43921"}],"wp:featuredmedia":[{"embeddable":true,"href":"https:\/\/www.tvnovelas.com.br\/tvnews\/wp-json\/wp\/v2\/media\/43915"}],"wp:attachment":[{"href":"https:\/\/www.tvnovelas.com.br\/tvnews\/wp-json\/wp\/v2\/media?parent=43913"}],"wp:term":[{"taxonomy":"category","embeddable":true,"href":"https:\/\/www.tvnovelas.com.br\/tvnews\/wp-json\/wp\/v2\/categories?post=43913"},{"taxonomy":"post_tag","embeddable":true,"href":"https:\/\/www.tvnovelas.com.br\/tvnews\/wp-json\/wp\/v2\/tags?post=43913"}],"curies":[{"name":"wp","href":"https:\/\/api.w.org\/{rel}","templated":true}]}}