{"id":43918,"date":"2023-05-13T12:59:27","date_gmt":"2023-05-13T15:59:27","guid":{"rendered":"https:\/\/www.tvnovelas.com.br\/tvnews\/?p=43918"},"modified":"2023-05-13T11:44:15","modified_gmt":"2023-05-13T14:44:15","slug":"43918-2","status":"publish","type":"post","link":"https:\/\/www.tvnovelas.com.br\/tvnews\/43918-2\/","title":{"rendered":"O que vem em Poliana Mo\u00e7a na semana 15 a 20 de maio"},"content":{"rendered":"<p><em>Resumo de Poliana Mo\u00e7a na semana 15 a 20 de maio<\/em><br \/>\n<img data-recalc-dims=\"1\" decoding=\"async\" class=\"alignnone wp-image-43924 size-full\" title=\"(Foto: Lourival Ribeiro\/SBT)\" src=\"https:\/\/i0.wp.com\/www.tvnovelas.com.br\/tvnews\/wp-content\/uploads\/2023\/05\/37865a.jpg?resize=728%2C410&#038;ssl=1\" alt=\"Foto em Poliana Mo\u00e7a na semana 15 a 20 de maio\" width=\"728\" height=\"410\" srcset=\"https:\/\/i0.wp.com\/www.tvnovelas.com.br\/tvnews\/wp-content\/uploads\/2023\/05\/37865a.jpg?w=728&amp;ssl=1 728w, https:\/\/i0.wp.com\/www.tvnovelas.com.br\/tvnews\/wp-content\/uploads\/2023\/05\/37865a.jpg?resize=678%2C381&amp;ssl=1 678w\" sizes=\"(max-width: 728px) 100vw, 728px\" \/><\/p>\n<blockquote><p>Brenda fala que aceita se casar com Jeff; Francisco pede Ruth em namoro; Na cadeia, Roger pede para Gl\u00f3ria cuidar da Celeste; Andr\u00e9 decide viajar com Raquel; LUC2 encontra com T\u00e2nia na cadeia; Celeste pede ajuda de Gl\u00f3ria&#8230;<\/p><\/blockquote>\n<p><strong>Resumo de segunda-feira, 15 de maio<\/strong><br \/>\nJeff e Otto descobrem que Luca foi preso e Otto promete ajud\u00e1-lo, j\u00e1 que o jovem colaborou para capturar T\u00e2nia. Renato fala sobre a comiss\u00e3o de formatura para a turma de Poliana. Muitos alunos concordam que Poliana \u00e9 a melhor pessoa para representar a turma, mas Song e Helena n\u00e3o. Nicholas avisa todos os funcion\u00e1rios da \u201cLuc4Tech\u201d que, a pedido do pai do Luca, ele vai comandar a empresa. Renato diz que vai fazer uma reuni\u00e3o para vota\u00e7\u00e3o do representante da turma na comiss\u00e3o. Helena n\u00e3o d\u00e1 satisfa\u00e7\u00e3o para os pais para onde foi depois da escola, Davi e Eug\u00eania acreditam que ela est\u00e1 fazendo isso para provocar, por conta da proposta que Davi recebeu para mudar de cidade. Brenda e Raquel falam para o \u201cMagabelo\u201d que Gael rompeu o contrato e est\u00e1 fora do canal. Francisco encontra com Ruth em S\u00e3o Paulo. Helena vai para a casa da tia Claudia; Claudia tenta acalmar a sobrinha. Brenda se emociona com Ant\u00f4nio e Branca se divertindo juntos; a jovem quer saber sobre as experi\u00eancias de pessoas casadas. Davi vai at\u00e9 a casa de Cl\u00e1udia e Helena se recusa a voltar com o pai. Davi afirma que n\u00e3o vai voltar para casa sem a filha. Helena declara que vai morar com a tia e que at\u00e9 criou um plano para se emancipar.<\/p>\n<p><strong>Resumo de ter\u00e7a-feira, 16 de maio<\/strong><br \/>\nAp\u00f3s sair do canal do \u201cMagabelo\u201d, Gael \u00e9 exclu\u00eddo do irm\u00e3o Ben\u00edcio e dos amigos. Claudia aconselha o irm\u00e3o Davi para estar mais presente na vida da fam\u00edlia e respeitar o espa\u00e7o dos filhos. Davi deixa a Helena dormir na Claudia, mas pontua que enquanto Helena depender dele, ela vai para onde ele quiser. Depois de ouvir os ensinamentos de Branca e Ant\u00f4nio, Brenda fala para Jeff que aceita se casar com ele. Pensando melhor, Andr\u00e9 diz para Raquel que apoia os sonhos da namorada e depois conversam sobre o relacionamento \u00e0 dist\u00e2ncia. Brenda exp\u00f5e que quer um casamento no civil e s\u00f3 com a fam\u00edlia e amigos. Dias se passam e ocorre a festa de casamento de Jeff e Brenda. Poliana pergunta a Lu\u00edsa se ela pensa em se casar com Otto. Francisco visita Ruth na escola, Renato chega no momento e confronta Francisco.<br \/>\n<img data-recalc-dims=\"1\" decoding=\"async\" class=\"alignnone wp-image-43925 size-full\" title=\"(Foto: Lourival Ribeiro\/SBT)\" src=\"https:\/\/i0.wp.com\/www.tvnovelas.com.br\/tvnews\/wp-content\/uploads\/2023\/05\/37865.jpg?resize=719%2C410&#038;ssl=1\" alt=\"Foto em Poliana Mo\u00e7a na semana 15 a 20 de maio\" width=\"719\" height=\"410\" \/><\/p>\n<p><strong>Resumo de quarta-feira, 17 de maio<\/strong><br \/>\nMario, Ben\u00edcio e Lorena ficam chateados com a sa\u00edda de Gael do canal e continuam evitando o garoto. Renato se apresenta como ex-namorado de Ruth para Francisco. Francisco revela que ele e Ruth s\u00e3o mais que amigos. Nanci visita Waldisney na cadeia, ela fica triste que o amado vai ser transferido para o pres\u00eddio e chora porque o contato vai ser menor. Waldisney expressa \u00e0 Nanci que ela merece algu\u00e9m melhor e pede para esquec\u00ea-lo. Na cadeia, Roger pede para Gl\u00f3ria cuidar da Celeste, porque ela n\u00e3o tem culpa de nada. Otto liga Pin\u00f3quio novamente, conta que T\u00e2nia foi presa e agradece pela coragem no sequestro. Sobre virar um menino de verdade, Otto comenta com Pin\u00f3quio que s\u00f3 Deus pode dar vida, mas que fez algumas modifica\u00e7\u00f5es no sistema dele. Violeta se despede do pai na cadeia e pergunta se ele a perdoa. Poliana diz para Jo\u00e3o que sentiu a falta dele no final de semana. Mario, Ben\u00edcio e Lorena reconhecem que foram duros com Gael e pedem desculpas ao menino. Renato declara que Song liderou a vota\u00e7\u00e3o para representante na comiss\u00e3o de formatura; colegas de sala desconfiam de sabotagem. O CLL \u00e9 reinaugurado, Gleyce fica triste que nenhum morador foi at\u00e9 o local prestigiar.<\/p>\n<p><strong>Resumo de quinta-feira, 18 de maio<\/strong><br \/>\nPronta para o mochil\u00e3o, Raquel se despede de Brenda. Davi vai at\u00e9 a porta da escola e observa os filhos felizes com os amigos e entende o motivo deles n\u00e3o quererem ir embora da cidade. Andr\u00e9 muda de ideia de \u00faltima hora e decide viajar com Raquel. Com a casa s\u00f3 para a Brenda, Jeff decide morar junto com a esposa. Gleyce \u00e9 surpreendida pelos moradores da comunidade elogiando e ovacionando seu trabalho na porta da institui\u00e7\u00e3o. Francisco diz que deseja passar mais tempo com Ruth e a pede em namoro, ele fala que se deu bem logo de cara e que nenhuma experi\u00eancia foi como essa; Ruth aceita. Helena continua desprezando o pai. Durval comenta com Formiga que pensa em fechar as portas da padaria. Gl\u00f3ria recebe uma visita na mans\u00e3o. LUC2 encontra com T\u00e2nia na cadeia.<br \/>\n<img data-recalc-dims=\"1\" decoding=\"async\" class=\"alignnone wp-image-43923 size-full\" title=\"(Foto: RSBT\/Poliana Mo\u00e7a)\" src=\"https:\/\/i0.wp.com\/www.tvnovelas.com.br\/tvnews\/wp-content\/uploads\/2023\/05\/37865b.jpg?resize=728%2C405&#038;ssl=1\" alt=\"Foto em Poliana Mo\u00e7a na semana 15 a 20 de maio\" width=\"728\" height=\"405\" \/><\/p>\n<p><strong>Resumo de sexta-feira, 19 de maio<\/strong><br \/>\nPoliana recebe um v\u00eddeo em an\u00f4nimo da Song burlando a urna. Celeste \u00e9 quem visita Gl\u00f3ria, com medo, ela chora por n\u00e3o ter onde morar. Celeste diz a Gl\u00f3ria que perdeu o emprego e que foi expulsa de casa pela dona do im\u00f3vel, ap\u00f3s descobrirem que ela \u00e9 filha de criminosos. LUC2 pede para T\u00e2nia o transformar em um menino de verdade, mas T\u00e2nia declara que para ela sair de l\u00e1, o androide deve procurar por Valdin\u00e9ia. Otto se depara com Celeste na casa dele e fica bravo. Formiga diz para Durval que seria bom ele inovar no card\u00e1pio e comenta que deseja fazer um curso de gastronomia. Otto fica furioso com Gl\u00f3ria por deixar Celeste entrar na mans\u00e3o, j\u00e1 que ela \u00e9 filha do Roger; Gl\u00f3ria diz que jamais vai deixar a neta dela passar por sufoco. Otto rebate Gl\u00f3ria, alegando que ela est\u00e1 cometendo o mesmo erro de confian\u00e7a que tinha com Roger. Davi e Eug\u00eania armam pegadinha do bem e d\u00e3o um anel de formatura para Helena, anunciando que ela vai passar a formatura com os amigos. Formiga conversa com Otto e fala de um favor que ele est\u00e1 devendo ao garoto; Otto declara que vai pagar o curso de gastronomia para Formiga e pede para ele escolher a melhor faculdade. Gl\u00f3ria conta para Otto que vai sair da casa dele e voltar para o apartamento com Celeste; Otto n\u00e3o deixa e prop\u00f5e \u00e0 Celeste morar na mans\u00e3o. Otto imp\u00f5e algumas condi\u00e7\u00f5es: que Gl\u00f3ria n\u00e3o incentive Celeste a se aproximar de Lu\u00edsa e Poliana e nem que saiba da vida pessoal dele.<br \/>\n<!--FIM--><br \/>\n<a href=\"https:\/\/www.tvnovelas.com.br\/novelas\/resumos-de-poliana-moca\/\">Confira os resumos da semana de &#8216;Poliana Mo\u00e7a&#8217;<\/a><br \/>\n<strong>\u00daltimas not\u00edcias de &#8216;Poliana Mo\u00e7a&#8217;:<\/strong><br \/>\n<div class=\"pt-cv-wrapper\"><div class=\"pt-cv-view pt-cv-grid pt-cv-colsys\" id=\"pt-cv-view-6c60cc7jat\"><div data-id=\"pt-cv-page-1\" class=\"pt-cv-page\" data-cvc=\"1\"><div class=\"col-md-12 col-sm-12 col-xs-12 pt-cv-content-item pt-cv-1-col\" ><div class='pt-cv-ifield'><h4 class=\"pt-cv-title\"><a href=\"https:\/\/www.tvnovelas.com.br\/tvnews\/poliana-moca-renato-descobre-a-fraude-de-song\/\" class=\"_self\" target=\"_self\" >Poliana Mo\u00e7a: Renato descobre a fraude de Song<\/a><\/h4><\/div><\/div>\n<div class=\"col-md-12 col-sm-12 col-xs-12 pt-cv-content-item pt-cv-1-col\" ><div class='pt-cv-ifield'><h4 class=\"pt-cv-title\"><a href=\"https:\/\/www.tvnovelas.com.br\/tvnews\/poliana-moca-celeste-e-formiga-flertam\/\" class=\"_self\" target=\"_self\" >Poliana Mo\u00e7a: Celeste e Formiga flertam<\/a><\/h4><\/div><\/div>\n<div class=\"col-md-12 col-sm-12 col-xs-12 pt-cv-content-item pt-cv-1-col\" ><div class='pt-cv-ifield'><h4 class=\"pt-cv-title\"><a href=\"https:\/\/www.tvnovelas.com.br\/tvnews\/poliana-moca-celeste-pede-a-ajuda-de-gloria\/\" class=\"_self\" target=\"_self\" >Poliana Mo\u00e7a: Celeste pede a ajuda de Gl\u00f3ria<\/a><\/h4><\/div><\/div>\n<div class=\"col-md-12 col-sm-12 col-xs-12 pt-cv-content-item pt-cv-1-col\" ><div class='pt-cv-ifield'><h4 class=\"pt-cv-title\"><a href=\"https:\/\/www.tvnovelas.com.br\/tvnews\/poliana-moca-otto-fica-bravo-ao-encontrar-celeste-na-casa-dele\/\" class=\"_self\" target=\"_self\" >Poliana Mo\u00e7a: Otto fica bravo ao encontrar Celeste na casa dele<\/a><\/h4><\/div><\/div><\/div><\/div><\/div><br \/>\n<strong style=\"font-size: 120%;\">\u00daltimas not\u00edcias deste canal:<\/strong><br \/>\n<div class=\"pt-cv-wrapper\"><div class=\"pt-cv-view pt-cv-grid pt-cv-colsys\" id=\"pt-cv-view-90991035b3\"><div data-id=\"pt-cv-page-1\" class=\"pt-cv-page\" data-cvc=\"1\"><div class=\"col-md-12 col-sm-12 col-xs-12 pt-cv-content-item pt-cv-1-col\" ><div class='pt-cv-ifield'><h4 class=\"pt-cv-title\"><a href=\"https:\/\/www.tvnovelas.com.br\/tvnews\/coracao-de-mae-irmak-inicia-jogo-arriscado-contra-adnan\/\" class=\"_self\" target=\"_self\" >Cora\u00e7\u00e3o de M\u00e3e: Irmak inicia jogo arriscado contra Adnan<\/a><\/h4><\/div><\/div>\n<div class=\"col-md-12 col-sm-12 col-xs-12 pt-cv-content-item pt-cv-1-col\" ><div class='pt-cv-ifield'><h4 class=\"pt-cv-title\"><a href=\"https:\/\/www.tvnovelas.com.br\/tvnews\/guerra-das-rosas-omer-chama-gulru-vestida-de-noiva-para-fugir\/\" class=\"_self\" target=\"_self\" >Guerra das Rosas: Omer chama Gulru vestida de noiva para fugir<\/a><\/h4><\/div><\/div>\n<div class=\"col-md-12 col-sm-12 col-xs-12 pt-cv-content-item pt-cv-1-col\" ><div class='pt-cv-ifield'><h4 class=\"pt-cv-title\"><a href=\"https:\/\/www.tvnovelas.com.br\/tvnews\/coracao-de-mae-reha-sai-para-jantar-com-selvi\/\" class=\"_self\" target=\"_self\" >Cora\u00e7\u00e3o de M\u00e3e: Reha sai para jantar com Selvi<\/a><\/h4><\/div><\/div>\n<div class=\"col-md-12 col-sm-12 col-xs-12 pt-cv-content-item pt-cv-1-col\" ><div class='pt-cv-ifield'><h4 class=\"pt-cv-title\"><a href=\"https:\/\/www.tvnovelas.com.br\/tvnews\/coracao-acelerado-zila-se-preocupa-com-sua-situacao-apos-separacao\/\" class=\"_self\" target=\"_self\" >Cora\u00e7\u00e3o Acelerado: Zil\u00e1 se preocupa com sua situa\u00e7\u00e3o ap\u00f3s separa\u00e7\u00e3o<\/a><\/h4><\/div><\/div>\n<div class=\"col-md-12 col-sm-12 col-xs-12 pt-cv-content-item pt-cv-1-col\" ><div class='pt-cv-ifield'><h4 class=\"pt-cv-title\"><a href=\"https:\/\/www.tvnovelas.com.br\/tvnews\/a-nobreza-do-amor-tonho-nao-se-curva-diante-de-mirinho\/\" class=\"_self\" target=\"_self\" >A Nobreza do Amor: Tonho n\u00e3o se curva diante de Mirinho<\/a><\/h4><\/div><\/div>\n<div class=\"col-md-12 col-sm-12 col-xs-12 pt-cv-content-item pt-cv-1-col\" ><div class='pt-cv-ifield'><h4 class=\"pt-cv-title\"><a href=\"https:\/\/www.tvnovelas.com.br\/tvnews\/tres-gracas-arminda-surta-ao-confirmar-que-ferette-e-pai-de-raul\/\" class=\"_self\" target=\"_self\" >Tr\u00eas Gra\u00e7as:  Arminda surta ao confirmar que Ferette \u00e9 pai de Raul<\/a><\/h4><\/div><\/div>\n<div class=\"col-md-12 col-sm-12 col-xs-12 pt-cv-content-item pt-cv-1-col\" ><div class='pt-cv-ifield'><h4 class=\"pt-cv-title\"><a href=\"https:\/\/www.tvnovelas.com.br\/tvnews\/coracao-de-mae-atilla-confronta-hasan-e-exige-o-divorcio-de-lale\/\" class=\"_self\" target=\"_self\" >Cora\u00e7\u00e3o de M\u00e3e: Atilla confronta Hasan e exige o div\u00f3rcio de Lale<\/a><\/h4><\/div><\/div>\n<div class=\"col-md-12 col-sm-12 col-xs-12 pt-cv-content-item pt-cv-1-col\" ><div class='pt-cv-ifield'><h4 class=\"pt-cv-title\"><a href=\"https:\/\/www.tvnovelas.com.br\/tvnews\/guerra-das-rosas-gulfem-coloca-gulru-contra-a-parede\/\" class=\"_self\" target=\"_self\" >Guerra das Rosas: Gulfem coloca Gulru contra a parede<\/a><\/h4><\/div><\/div>\n<div class=\"col-md-12 col-sm-12 col-xs-12 pt-cv-content-item pt-cv-1-col\" ><div class='pt-cv-ifield'><h4 class=\"pt-cv-title\"><a href=\"https:\/\/www.tvnovelas.com.br\/tvnews\/coracao-de-mae-atilla-diz-a-lale-que-quer-o-divorcio\/\" class=\"_self\" target=\"_self\" >Cora\u00e7\u00e3o de M\u00e3e: Atilla diz a Lale que quer o div\u00f3rcio<\/a><\/h4><\/div><\/div>\n<div class=\"col-md-12 col-sm-12 col-xs-12 pt-cv-content-item pt-cv-1-col\" ><div class='pt-cv-ifield'><h4 class=\"pt-cv-title\"><a href=\"https:\/\/www.tvnovelas.com.br\/tvnews\/a-nobreza-do-amor-mirinho-garante-noivado-com-virginia-para-atrair-sogro-a-negocio\/\" class=\"_self\" target=\"_self\" >A Nobreza do Amor: Mirinho garante noivado com Virg\u00ednia para atrair sogro a neg\u00f3cio<\/a><\/h4><\/div><\/div><\/div><\/div><\/div><br \/>\n<a href=\"https:\/\/www.tvnovelas.com.br\/novelas\/\"><strong>Confira os resumos da semana de todas novelas<\/strong><\/a><br \/>\n<a href=\"http:\/\/tvnovelas.com.br\/filmes\" target=\"_blank\" rel=\"noopener\">Veja tamb\u00e9m: Todas as telas: filmes e s\u00e9ries nos streamings<\/a><\/p>\n<h3>Confira tamb\u00e9m<\/h3>\n<p><a href=\"https:\/\/www.tvnovelas.com.br\/filmes\/\" target=\"_blank\" rel=\"noopener noreferrer\"><strong>Programa\u00e7\u00e3o de filmes na TV aberta<\/strong><\/a><br \/>\n<a href=\"https:\/\/tvnovelas.com.br\/filmes\/filmes-e-series-ineditos-em-estreia-na-semana-na-netflix\/\" target=\"_blank\" rel=\"noopener noreferrer\"><strong>Estreias da semana na Netflix<\/strong><\/a><br \/>\n<a href=\"https:\/\/caetenews.com.br\/semana\/filmes-da-globo-na-sessao-da-tarde-desta-semana\/\" target=\"_blank\" rel=\"noopener\"><strong>Confira os filmes da semana na Sess\u00e3o da Tarde<\/strong><\/a><br \/>\n<a href=\"\/\/tvnovelas.com.br\/filmes\/filmes-em-estreia-nos-cinemas\/\" target=\"_blank\" rel=\"noopener noreferrer\"><strong>Estreias e novidades no Cinema<\/strong><\/a><br \/>\n<a href=\"https:\/\/www.tvnovelas.com.br\/novelas\/\" target=\"_blank\" rel=\"noopener noreferrer\"><strong>Resumos de novelas<\/strong><\/a><\/p>\n","protected":false},"excerpt":{"rendered":"<p>\ud835\udc01\ud835\udc2b\ud835\udc1e\ud835\udc27\ud835\udc1d\ud835\udc1a \ud835\udc1f\ud835\udc1a\ud835\udc25\ud835\udc1a \ud835\udc2a\ud835\udc2e\ud835\udc1e \ud835\udc1a\ud835\udc1c\ud835\udc1e\ud835\udc22\ud835\udc2d\ud835\udc1a \ud835\udc2c\ud835\udc1e \ud835\udc1c\ud835\udc1a\ud835\udc2c\ud835\udc1a\ud835\udc2b \ud835\udc1c\ud835\udc28\ud835\udc26 \ud835\udc09\ud835\udc1e\ud835\udc1f\ud835\udc1f; Francisco pede Ruth em namoro; Roger pede para Gl\u00f3ria cuidar da Celeste; \ud835\udc00\ud835\udc27\ud835\udc1d\ud835\udc2b\u00e9 \ud835\udc1d\ud835\udc1e\ud835\udc1c\ud835\udc22\ud835\udc1d\ud835\udc1e \ud835\udc2f\ud835\udc22\ud835\udc1a\ud835\udc23\ud835\udc1a\ud835\udc2b \ud835\udc1c\ud835\udc28\ud835\udc26 \ud835\udc11\ud835\udc1a\ud835\udc2a\ud835\udc2e\ud835\udc1e\ud835\udc25; LUC2 encontra com T\u00e2nia na cadeia; Celeste pede ajuda de Gl\u00f3ria&#8230;<\/p>\n","protected":false},"author":1,"featured_media":43924,"comment_status":"closed","ping_status":"closed","sticky":false,"template":"","format":"standard","meta":{"_uf_show_specific_survey":0,"_uf_disable_surveys":false,"_jetpack_memberships_contains_paid_content":false,"footnotes":"","_wp_rev_ctl_limit":""},"categories":[312],"tags":[64,311,13],"class_list":["post-43918","post","type-post","status-publish","format-standard","has-post-thumbnail","hentry","category-poliana-moca","tag-novelas","tag-poliana-moca","tag-sbt","wpcat-312-id"],"aioseo_notices":[],"jetpack_featured_media_url":"https:\/\/i0.wp.com\/www.tvnovelas.com.br\/tvnews\/wp-content\/uploads\/2023\/05\/37865a.jpg?fit=728%2C410&ssl=1","jetpack_shortlink":"https:\/\/wp.me\/pdP2BO-bqm","jetpack_sharing_enabled":true,"_links":{"self":[{"href":"https:\/\/www.tvnovelas.com.br\/tvnews\/wp-json\/wp\/v2\/posts\/43918","targetHints":{"allow":["GET"]}}],"collection":[{"href":"https:\/\/www.tvnovelas.com.br\/tvnews\/wp-json\/wp\/v2\/posts"}],"about":[{"href":"https:\/\/www.tvnovelas.com.br\/tvnews\/wp-json\/wp\/v2\/types\/post"}],"author":[{"embeddable":true,"href":"https:\/\/www.tvnovelas.com.br\/tvnews\/wp-json\/wp\/v2\/users\/1"}],"replies":[{"embeddable":true,"href":"https:\/\/www.tvnovelas.com.br\/tvnews\/wp-json\/wp\/v2\/comments?post=43918"}],"version-history":[{"count":3,"href":"https:\/\/www.tvnovelas.com.br\/tvnews\/wp-json\/wp\/v2\/posts\/43918\/revisions"}],"predecessor-version":[{"id":43926,"href":"https:\/\/www.tvnovelas.com.br\/tvnews\/wp-json\/wp\/v2\/posts\/43918\/revisions\/43926"}],"wp:featuredmedia":[{"embeddable":true,"href":"https:\/\/www.tvnovelas.com.br\/tvnews\/wp-json\/wp\/v2\/media\/43924"}],"wp:attachment":[{"href":"https:\/\/www.tvnovelas.com.br\/tvnews\/wp-json\/wp\/v2\/media?parent=43918"}],"wp:term":[{"taxonomy":"category","embeddable":true,"href":"https:\/\/www.tvnovelas.com.br\/tvnews\/wp-json\/wp\/v2\/categories?post=43918"},{"taxonomy":"post_tag","embeddable":true,"href":"https:\/\/www.tvnovelas.com.br\/tvnews\/wp-json\/wp\/v2\/tags?post=43918"}],"curies":[{"name":"wp","href":"https:\/\/api.w.org\/{rel}","templated":true}]}}