{"id":44273,"date":"2023-05-19T08:38:07","date_gmt":"2023-05-19T11:38:07","guid":{"rendered":"https:\/\/www.tvnovelas.com.br\/tvnews\/?p=44273"},"modified":"2023-05-19T08:38:07","modified_gmt":"2023-05-19T11:38:07","slug":"amor-perfeito-veronica-fica-abalada-ao-flagrar-conversa-de-julio-e-mare","status":"publish","type":"post","link":"https:\/\/www.tvnovelas.com.br\/tvnews\/amor-perfeito-veronica-fica-abalada-ao-flagrar-conversa-de-julio-e-mare\/","title":{"rendered":"Amor Perfeito: Ver\u00f4nica fica abalada ao flagrar conversa de Julio e Mar\u00ea"},"content":{"rendered":"<p><em>Em Amor Perfeito: Ver\u00f4nica fica abalada&#8230;<\/em><br \/>\n<img data-recalc-dims=\"1\" decoding=\"async\" class=\"alignnone wp-image-44274 size-full\" title=\"(Foto: TV Globo\/Amor Perfeito)\" src=\"https:\/\/i0.wp.com\/www.tvnovelas.com.br\/tvnews\/wp-content\/uploads\/2023\/05\/37948.jpg?resize=728%2C410&#038;ssl=1\" alt=\"Foto em Amor Perfeito: Ver\u00f4nica fica abalada...\" width=\"728\" height=\"410\" srcset=\"https:\/\/i0.wp.com\/www.tvnovelas.com.br\/tvnews\/wp-content\/uploads\/2023\/05\/37948.jpg?w=728&amp;ssl=1 728w, https:\/\/i0.wp.com\/www.tvnovelas.com.br\/tvnews\/wp-content\/uploads\/2023\/05\/37948.jpg?resize=678%2C381&amp;ssl=1 678w\" sizes=\"(max-width: 728px) 100vw, 728px\" \/><\/p>\n<p>Ver\u00f4nica (Ana Cec\u00edlia Costa) levava com uma relativa tranquilidade o caso que mant\u00e9m h\u00e1 mais de 20 anos com Anselmo (Paulo Betti), que, inclusive, \u00e9 pai de Julio (Daniel Rangel). Mas, desde que teve uma conversa com \u00c9rico (Carmo Dalla Vecchia) sobre o assunto, a perspectiva dela come\u00e7ou a mudar. E, agora, ir\u00e1 ouvir do pr\u00f3prio filho algo que a deixar\u00e1 abalada.<\/p>\n<p>O rapaz servir\u00e1 consolo para Mar\u00ea (Camila Queiroz), que descobriu que a m\u00e3e tinha um caso com Virg\u00edlio Lopes (Christovam Neto), rival da fam\u00edlia, que vem a ser pai de Orlando (Diogo Almeida) \u2013 mas sobre esta segunda parte ela ainda n\u00e3o sabe.<\/p>\n<p>Na conversa entre os dois, Julio se colocar\u00e1 hipoteticamente no lugar de Mar\u00ea e Ver\u00f4nica, escondida, ir\u00e1 flagrar o momento.<\/p>\n<p>\u201cVoc\u00ea ficou matutando sobre as cartas do tal Virg\u00edlio pra sua m\u00e3e. Acertei?\u201d, dir\u00e1 ele.<\/p>\n<p>\u201cNunca esperei isso dela, juro. Ela parecia t\u00e3o apaixonada pelo meu pai&#8230; Como \u00e9 que p\u00f4de trair o meu pai, e logo com aquele homem, J\u00falio?! N\u00e3o entra na minha cabe\u00e7a!\u201d, responder\u00e1 ela.<\/p>\n<p>\u201cPelo visto era um sentimento forte, tanto que eles continuaram trocando cartas mesmo depois dele ter ido embora de S\u00e3o Jacinto\u201d, continuar\u00e1 Julio, sem perceber que a m\u00e3e est\u00e1 escutando tudo.<\/p>\n<p>\u201cN\u00e3o sei como eu ia reagir se descobrisse que a minha m\u00e3e era amante de um homem casado. Ia ser a maior decep\u00e7\u00e3o da minha vida\u201d, vai dizer o rapaz.<\/p>\n<p>Ver\u00f4nica tomar\u00e1 a fala como um baque, afinal, ela \u00e9 a \u201coutra\u201d do marido de C\u00e2ndida (Zez\u00e9 Polessa) h\u00e1 d\u00e9cadas.<br \/>\n<!--FIM DO POST--><br \/>\n<a href=\"https:\/\/www.tvnovelas.com.br\/novelas\/resumos-de-amor-perfeito\/\">Confira os resumos da semana de &#8216;Amor Perfeito&#8217;<\/a><br \/>\n<strong style=\"font-size: 120%;\">\u00daltimas not\u00edcias de Amor Perfeito:<\/strong><br \/>\n<div class=\"pt-cv-wrapper\"><div class=\"pt-cv-view pt-cv-grid pt-cv-colsys\" id=\"pt-cv-view-04db883axk\"><div data-id=\"pt-cv-page-1\" class=\"pt-cv-page\" data-cvc=\"1\"><div class=\"col-md-12 col-sm-12 col-xs-12 pt-cv-content-item pt-cv-1-col\" ><div class='pt-cv-ifield'><h4 class=\"pt-cv-title\"><a href=\"https:\/\/www.tvnovelas.com.br\/tvnews\/amor-perfeito-mare-e-orlando-se-casam\/\" class=\"_self\" target=\"_self\" >Amor Perfeito: Mar\u00ea e Orlando se casam<\/a><\/h4><\/div><\/div>\n<div class=\"col-md-12 col-sm-12 col-xs-12 pt-cv-content-item pt-cv-1-col\" ><div class='pt-cv-ifield'><h4 class=\"pt-cv-title\"><a href=\"https:\/\/www.tvnovelas.com.br\/tvnews\/amor-perfeito-gilda-emocionada-abraca-marcelino\/\" class=\"_self\" target=\"_self\" >Amor Perfeito: Gilda emocionada abra\u00e7a Marcelino<\/a><\/h4><\/div><\/div>\n<div class=\"col-md-12 col-sm-12 col-xs-12 pt-cv-content-item pt-cv-1-col\" ><div class='pt-cv-ifield'><h4 class=\"pt-cv-title\"><a href=\"https:\/\/www.tvnovelas.com.br\/tvnews\/amor-perfeito-orlando-descobre-que-lucilia-foi-assassinada-a-mando-de-gilda\/\" class=\"_self\" target=\"_self\" >Amor Perfeito: Orlando descobre que Luc\u00edlia foi assassinada a mando de Gilda<\/a><\/h4><\/div><\/div>\n<div class=\"col-md-12 col-sm-12 col-xs-12 pt-cv-content-item pt-cv-1-col\" ><div class='pt-cv-ifield'><h4 class=\"pt-cv-title\"><a href=\"https:\/\/www.tvnovelas.com.br\/tvnews\/amor-perfeito-gilda-e-descoberta-como-mandante-de-assassinato\/\" class=\"_self\" target=\"_self\" >Amor Perfeito: Gilda \u00e9 descoberta como mandante de assassinato<\/a><\/h4><\/div><\/div>\n<div class=\"col-md-12 col-sm-12 col-xs-12 pt-cv-content-item pt-cv-1-col\" ><div class='pt-cv-ifield'><h4 class=\"pt-cv-title\"><a href=\"https:\/\/www.tvnovelas.com.br\/tvnews\/amor-perfeito-gilda-foge-da-cadeia-com-ajuda-de-gaspar\/\" class=\"_self\" target=\"_self\" >Amor Perfeito: Gilda foge da cadeia com ajuda de Gaspar<\/a><\/h4><\/div><\/div>\n<div class=\"col-md-12 col-sm-12 col-xs-12 pt-cv-content-item pt-cv-1-col\" ><div class='pt-cv-ifield'><h4 class=\"pt-cv-title\"><a href=\"https:\/\/www.tvnovelas.com.br\/tvnews\/amor-perfeito-darlene-e-joao-se-casam\/\" class=\"_self\" target=\"_self\" >Amor Perfeito: Darlene e Jo\u00e3o se casam<\/a><\/h4><\/div><\/div><\/div><\/div><\/div><br \/>\n<strong style=\"font-size: 120%;\">\u00daltimas not\u00edcias deste canal:<\/strong><br \/>\n<div class=\"pt-cv-wrapper\"><div class=\"pt-cv-view pt-cv-grid pt-cv-colsys\" id=\"pt-cv-view-90991035b3\"><div data-id=\"pt-cv-page-1\" class=\"pt-cv-page\" data-cvc=\"1\"><div class=\"col-md-12 col-sm-12 col-xs-12 pt-cv-content-item pt-cv-1-col\" ><div class='pt-cv-ifield'><h4 class=\"pt-cv-title\"><a href=\"https:\/\/www.tvnovelas.com.br\/tvnews\/coracao-de-mae-atilla-confronta-hasan-e-exige-o-divorcio-de-lale\/\" class=\"_self\" target=\"_self\" >Cora\u00e7\u00e3o de M\u00e3e: Atilla confronta Hasan e exige o div\u00f3rcio de Lale<\/a><\/h4><\/div><\/div>\n<div class=\"col-md-12 col-sm-12 col-xs-12 pt-cv-content-item pt-cv-1-col\" ><div class='pt-cv-ifield'><h4 class=\"pt-cv-title\"><a href=\"https:\/\/www.tvnovelas.com.br\/tvnews\/guerra-das-rosas-gulfem-coloca-gulru-contra-a-parede\/\" class=\"_self\" target=\"_self\" >Guerra das Rosas: Gulfem coloca Gulru contra a parede<\/a><\/h4><\/div><\/div>\n<div class=\"col-md-12 col-sm-12 col-xs-12 pt-cv-content-item pt-cv-1-col\" ><div class='pt-cv-ifield'><h4 class=\"pt-cv-title\"><a href=\"https:\/\/www.tvnovelas.com.br\/tvnews\/coracao-de-mae-atilla-diz-a-lale-que-quer-o-divorcio\/\" class=\"_self\" target=\"_self\" >Cora\u00e7\u00e3o de M\u00e3e: Atilla diz a Lale que quer o div\u00f3rcio<\/a><\/h4><\/div><\/div>\n<div class=\"col-md-12 col-sm-12 col-xs-12 pt-cv-content-item pt-cv-1-col\" ><div class='pt-cv-ifield'><h4 class=\"pt-cv-title\"><a href=\"https:\/\/www.tvnovelas.com.br\/tvnews\/a-nobreza-do-amor-mirinho-garante-noivado-com-virginia-para-atrair-sogro-a-negocio\/\" class=\"_self\" target=\"_self\" >A Nobreza do Amor: Mirinho garante noivado com Virg\u00ednia para atrair sogro a neg\u00f3cio<\/a><\/h4><\/div><\/div>\n<div class=\"col-md-12 col-sm-12 col-xs-12 pt-cv-content-item pt-cv-1-col\" ><div class='pt-cv-ifield'><h4 class=\"pt-cv-title\"><a href=\"https:\/\/www.tvnovelas.com.br\/tvnews\/tres-gracas-joaquim-propoe-fuga-a-arminda-com-o-dinheiro-das-tres-gracas\/\" class=\"_self\" target=\"_self\" >Tr\u00eas Gra\u00e7as:  Joaquim prop\u00f5e fuga a Arminda com o dinheiro das Tr\u00eas Gra\u00e7as<\/a><\/h4><\/div><\/div>\n<div class=\"col-md-12 col-sm-12 col-xs-12 pt-cv-content-item pt-cv-1-col\" ><div class='pt-cv-ifield'><h4 class=\"pt-cv-title\"><a href=\"https:\/\/www.tvnovelas.com.br\/tvnews\/coracao-de-mae-atilla-decide-abrir-o-jogo-com-karsu\/\" class=\"_self\" target=\"_self\" >Cora\u00e7\u00e3o de M\u00e3e: Atilla decide abrir o jogo com Karsu<\/a><\/h4><\/div><\/div>\n<div class=\"col-md-12 col-sm-12 col-xs-12 pt-cv-content-item pt-cv-1-col\" ><div class='pt-cv-ifield'><h4 class=\"pt-cv-title\"><a href=\"https:\/\/www.tvnovelas.com.br\/tvnews\/coracao-de-mae-adnan-e-preso-apos-denuncia-de-irmak\/\" class=\"_self\" target=\"_self\" >Em Cora\u00e7\u00e3o de M\u00e3e: Adnan \u00e9 preso ap\u00f3s denuncia de Irmak<\/a><\/h4><\/div><\/div>\n<div class=\"col-md-12 col-sm-12 col-xs-12 pt-cv-content-item pt-cv-1-col\" ><div class='pt-cv-ifield'><h4 class=\"pt-cv-title\"><a href=\"https:\/\/www.tvnovelas.com.br\/tvnews\/coracao-de-mae-atilla-forca-karsu-a-ouvir-suas-explicacoes\/\" class=\"_self\" target=\"_self\" >Cora\u00e7\u00e3o de M\u00e3e: Atilla for\u00e7a Karsu a ouvir suas explica\u00e7\u00f5es<\/a><\/h4><\/div><\/div>\n<div class=\"col-md-12 col-sm-12 col-xs-12 pt-cv-content-item pt-cv-1-col\" ><div class='pt-cv-ifield'><h4 class=\"pt-cv-title\"><a href=\"https:\/\/www.tvnovelas.com.br\/tvnews\/coracao-acelerado-mulher-choca-janete-ao-se-apresentar-como-amante-do-palhares\/\" class=\"_self\" target=\"_self\" >Cora\u00e7\u00e3o Acelerado: Mulher choca Janete ao se apresentar como amante do Palhares<\/a><\/h4><\/div><\/div>\n<div class=\"col-md-12 col-sm-12 col-xs-12 pt-cv-content-item pt-cv-1-col\" ><div class='pt-cv-ifield'><h4 class=\"pt-cv-title\"><a href=\"https:\/\/www.tvnovelas.com.br\/tvnews\/a-nobreza-do-amor-jendal-dobra-a-recompensa-por-alika\/\" class=\"_self\" target=\"_self\" >A Nobreza do Amor: Jendal dobra a recompensa por Alika<\/a><\/h4><\/div><\/div><\/div><\/div><\/div><br \/>\n<a href=\"https:\/\/www.tvnovelas.com.br\/novelas\/\"><strong>Confira os resumos da semana de todas novelas<\/strong><\/a><\/p>\n<h3>Confira tamb\u00e9m<\/h3>\n<p><a href=\"https:\/\/www.tvnovelas.com.br\/filmes\/\" target=\"_blank\" rel=\"noopener noreferrer\"><strong>Programa\u00e7\u00e3o de filmes na TV aberta<\/strong><\/a><br \/>\n<a href=\"https:\/\/caetenews.com.br\/semana\/filmes-da-globo-na-sessao-da-tarde-desta-semana\/\" target=\"_blank\" rel=\"noopener\"><strong>Confira os filmes da semana na Sess\u00e3o da Tarde<\/strong><\/a><br \/>\n<a href=\"https:\/\/www.tvnovelas.com.br\/novelas\/\" target=\"_blank\" rel=\"noopener noreferrer\"><strong>Resumos de novelas<\/strong><\/a><\/p>\n","protected":false},"excerpt":{"rendered":"<p>Ver\u00f4nica (Ana Cec\u00edlia Costa) levava com uma relativa tranquilidade o caso que mant\u00e9m h\u00e1 mais de 20 anos com Anselmo (Paulo Betti), que, inclusive, \u00e9 pai&#8230;<\/p>\n","protected":false},"author":1,"featured_media":44274,"comment_status":"closed","ping_status":"closed","sticky":false,"template":"","format":"standard","meta":{"_uf_show_specific_survey":0,"_uf_disable_surveys":false,"_jetpack_memberships_contains_paid_content":false,"footnotes":"","_wp_rev_ctl_limit":""},"categories":[375],"tags":[376,5,64],"class_list":["post-44273","post","type-post","status-publish","format-standard","has-post-thumbnail","hentry","category-amor-perfeito","tag-amor-perfeito","tag-globo","tag-novelas","wpcat-375-id"],"aioseo_notices":[],"jetpack_featured_media_url":"https:\/\/i0.wp.com\/www.tvnovelas.com.br\/tvnews\/wp-content\/uploads\/2023\/05\/37948.jpg?fit=728%2C410&ssl=1","jetpack_shortlink":"https:\/\/wp.me\/pdP2BO-bw5","jetpack_sharing_enabled":true,"_links":{"self":[{"href":"https:\/\/www.tvnovelas.com.br\/tvnews\/wp-json\/wp\/v2\/posts\/44273","targetHints":{"allow":["GET"]}}],"collection":[{"href":"https:\/\/www.tvnovelas.com.br\/tvnews\/wp-json\/wp\/v2\/posts"}],"about":[{"href":"https:\/\/www.tvnovelas.com.br\/tvnews\/wp-json\/wp\/v2\/types\/post"}],"author":[{"embeddable":true,"href":"https:\/\/www.tvnovelas.com.br\/tvnews\/wp-json\/wp\/v2\/users\/1"}],"replies":[{"embeddable":true,"href":"https:\/\/www.tvnovelas.com.br\/tvnews\/wp-json\/wp\/v2\/comments?post=44273"}],"version-history":[{"count":1,"href":"https:\/\/www.tvnovelas.com.br\/tvnews\/wp-json\/wp\/v2\/posts\/44273\/revisions"}],"predecessor-version":[{"id":44275,"href":"https:\/\/www.tvnovelas.com.br\/tvnews\/wp-json\/wp\/v2\/posts\/44273\/revisions\/44275"}],"wp:featuredmedia":[{"embeddable":true,"href":"https:\/\/www.tvnovelas.com.br\/tvnews\/wp-json\/wp\/v2\/media\/44274"}],"wp:attachment":[{"href":"https:\/\/www.tvnovelas.com.br\/tvnews\/wp-json\/wp\/v2\/media?parent=44273"}],"wp:term":[{"taxonomy":"category","embeddable":true,"href":"https:\/\/www.tvnovelas.com.br\/tvnews\/wp-json\/wp\/v2\/categories?post=44273"},{"taxonomy":"post_tag","embeddable":true,"href":"https:\/\/www.tvnovelas.com.br\/tvnews\/wp-json\/wp\/v2\/tags?post=44273"}],"curies":[{"name":"wp","href":"https:\/\/api.w.org\/{rel}","templated":true}]}}