{"id":44281,"date":"2023-05-19T09:00:27","date_gmt":"2023-05-19T12:00:27","guid":{"rendered":"https:\/\/www.tvnovelas.com.br\/tvnews\/?p=44281"},"modified":"2023-05-19T09:00:27","modified_gmt":"2023-05-19T12:00:27","slug":"vai-na-fe-lui-decide-por-refugio-em-lumiar","status":"publish","type":"post","link":"https:\/\/www.tvnovelas.com.br\/tvnews\/vai-na-fe-lui-decide-por-refugio-em-lumiar\/","title":{"rendered":"Vai na F\u00e9: Lui decide por ref\u00fagio em Lumiar"},"content":{"rendered":"<p><em>Em Vai na F\u00e9: Lui decide por ref\u00fagio<\/em><br \/>\n<img data-recalc-dims=\"1\" decoding=\"async\" class=\"alignnone wp-image-44282 size-full\" title=\"(Foto: TV Globo\/Vai na F\u00e9)\" src=\"https:\/\/i0.wp.com\/www.tvnovelas.com.br\/tvnews\/wp-content\/uploads\/2023\/05\/37950.jpg?resize=728%2C410&#038;ssl=1\" alt=\"Foto em Vai na F\u00e9: Lui decide por ref\u00fagio...\" width=\"728\" height=\"410\" srcset=\"https:\/\/i0.wp.com\/www.tvnovelas.com.br\/tvnews\/wp-content\/uploads\/2023\/05\/37950.jpg?w=728&amp;ssl=1 728w, https:\/\/i0.wp.com\/www.tvnovelas.com.br\/tvnews\/wp-content\/uploads\/2023\/05\/37950.jpg?resize=678%2C381&amp;ssl=1 678w\" sizes=\"(max-width: 728px) 100vw, 728px\" \/><\/p>\n<p>Lui Lorenzo (Jos\u00e9 Loreto) precisa de um tempo para se reencontrar, n\u00e3o apenas como cantor, mas tamb\u00e9m em sua vida mesmo. Por isso, ele ir\u00e1 convocar uma reuni\u00e3o para anunciar \u00e0 banda que passar\u00e1 um tempo com seu pai, F\u00e1bio (Z\u00e9 Carlos Machado), em Lumiar.<\/p>\n<p>\u201cO assunto \u00e9 s\u00e9rio. Eu vou para o ref\u00fagio do meu pai, em Lumiar.\u201d<\/p>\n<p>\u201cComo assim, Lui? E a banda? A agenda de shows? Eu tenho toda uma estrat\u00e9gia montada\u201d, dir\u00e1 Vitinho (Luis Lobianco), o novo empres\u00e1rio da banda desde que Lui demitiu Wilma (Renata Sorrah).<\/p>\n<p>\u201cCancela tudo. Desculpa, mas eu n\u00e3o consigo.\u201d<\/p>\n<p>Lui, ent\u00e3o, dir\u00e1 que dar\u00e1 f\u00e9rias remuneradas para todo mundo e que n\u00e3o sabe quando ir\u00e1 voltar. No entanto, antes de partir, o cantor pede para conversar a s\u00f3s com Sol (Sheron Menezzes):<\/p>\n<p>\u201cVamos embora daqui juntos, Sol\u201d, convidar\u00e1 Lui.<\/p>\n<p>\u201cEu n\u00e3o posso largar a minha vida pra fugir com voc\u00ea, Lui\u201d, responder\u00e1 a dan\u00e7arina.<\/p>\n<p>Sol vai explicar a Lui tudo o que est\u00e1 passando com a hist\u00f3ria do DNA e a paternidade de Jenifer (Bella Campos). Ele se surpreender\u00e1, mas vai acabar entendendo.<\/p>\n<p>\u201cEu vou sentir tanto a sua falta&#8230;\u201d, dir\u00e1 ele.<\/p>\n<p>\u201cEu tamb\u00e9m vou\u201d, responder\u00e1 Sol.<br \/>\nSol e Lui, ent\u00e3o, carinhosamente, dar\u00e3o um beijo de despedida&#8230;<br \/>\n<!--FIM--><br \/>\n<a href=\"https:\/\/www.tvnovelas.com.br\/novelas\/resumos-de-vai-na-fe\/\">Confira os resumos da semana de Vai na F\u00e9<\/a><br \/>\n<strong style=\"font-size: 120%;\">\u00daltimas not\u00edcias de Vai na F\u00e9:<\/strong><br \/>\n<div class=\"pt-cv-wrapper\"><div class=\"pt-cv-view pt-cv-grid pt-cv-colsys\" id=\"pt-cv-view-8080477fv3\"><div data-id=\"pt-cv-page-1\" class=\"pt-cv-page\" data-cvc=\"1\"><div class=\"col-md-12 col-sm-12 col-xs-12 pt-cv-content-item pt-cv-1-col\" ><div class='pt-cv-ifield'><h4 class=\"pt-cv-title\"><a href=\"https:\/\/www.tvnovelas.com.br\/tvnews\/vai-na-fe-sol-enfrenta-empresario-e-abre-show-de-lui\/\" class=\"_blank\" target=\"_blank\" >Vai na F\u00e9: Sol enfrenta empres\u00e1rio e abre show de Lui<\/a><\/h4><\/div><\/div>\n<div class=\"col-md-12 col-sm-12 col-xs-12 pt-cv-content-item pt-cv-1-col\" ><div class='pt-cv-ifield'><h4 class=\"pt-cv-title\"><a href=\"https:\/\/www.tvnovelas.com.br\/tvnews\/vai-na-fe-theo-muda-visual-e-mata-orfeu\/\" class=\"_blank\" target=\"_blank\" >Vai na F\u00e9: Theo muda visual e mata Orfeu<\/a><\/h4><\/div><\/div>\n<div class=\"col-md-12 col-sm-12 col-xs-12 pt-cv-content-item pt-cv-1-col\" ><div class='pt-cv-ifield'><h4 class=\"pt-cv-title\"><a href=\"https:\/\/www.tvnovelas.com.br\/tvnews\/vai-na-fe-sol-e-impedida-de-abrir-show-de-lui-lorenzo\/\" class=\"_blank\" target=\"_blank\" >Vai na F\u00e9: Sol \u00e9 impedida de abrir show de Lui Lorenzo<\/a><\/h4><\/div><\/div>\n<div class=\"col-md-12 col-sm-12 col-xs-12 pt-cv-content-item pt-cv-1-col\" ><div class='pt-cv-ifield'><h4 class=\"pt-cv-title\"><a href=\"https:\/\/www.tvnovelas.com.br\/tvnews\/vai-na-fe-ben-descobre-envolvimento-de-theo-na-morte-de-carlao\/\" class=\"_blank\" target=\"_blank\" >Vai na F\u00e9: Ben descobre envolvimento de Theo na morte de Carl\u00e3o<\/a><\/h4><\/div><\/div>\n<div class=\"col-md-12 col-sm-12 col-xs-12 pt-cv-content-item pt-cv-1-col\" ><div class='pt-cv-ifield'><h4 class=\"pt-cv-title\"><a href=\"https:\/\/www.tvnovelas.com.br\/tvnews\/vai-na-fe-orfeu-erra-o-tiro-e-theo-atropela-o-ex-socio\/\" class=\"_blank\" target=\"_blank\" >Vai na F\u00e9: Orfeu erra o tiro e Theo atropela o ex-s\u00f3cio<\/a><\/h4><\/div><\/div>\n<div class=\"col-md-12 col-sm-12 col-xs-12 pt-cv-content-item pt-cv-1-col\" ><div class='pt-cv-ifield'><h4 class=\"pt-cv-title\"><a href=\"https:\/\/www.tvnovelas.com.br\/tvnews\/vai-na-fe-orfeu-traido-por-theo-promete-vinganca\/\" class=\"_blank\" target=\"_blank\" >Vai na F\u00e9: Orfeu tra\u00eddo por Theo promete vingan\u00e7a<\/a><\/h4><\/div><\/div><\/div><\/div><\/div><br \/>\n<strong style=\"font-size: 120%;\">\u00daltimas not\u00edcias deste canal:<\/strong><br \/>\n<div class=\"pt-cv-wrapper\"><div class=\"pt-cv-view pt-cv-grid pt-cv-colsys\" id=\"pt-cv-view-90991035b3\"><div data-id=\"pt-cv-page-1\" class=\"pt-cv-page\" data-cvc=\"1\"><div class=\"col-md-12 col-sm-12 col-xs-12 pt-cv-content-item pt-cv-1-col\" ><div class='pt-cv-ifield'><h4 class=\"pt-cv-title\"><a href=\"https:\/\/www.tvnovelas.com.br\/tvnews\/guerra-das-rosas-gulfem-coloca-gulru-contra-a-parede\/\" class=\"_self\" target=\"_self\" >Guerra das Rosas: Gulfem coloca Gulru contra a parede<\/a><\/h4><\/div><\/div>\n<div class=\"col-md-12 col-sm-12 col-xs-12 pt-cv-content-item pt-cv-1-col\" ><div class='pt-cv-ifield'><h4 class=\"pt-cv-title\"><a href=\"https:\/\/www.tvnovelas.com.br\/tvnews\/coracao-de-mae-atilla-diz-a-lale-que-quer-o-divorcio\/\" class=\"_self\" target=\"_self\" >Cora\u00e7\u00e3o de M\u00e3e: Atilla diz a Lale que quer o div\u00f3rcio<\/a><\/h4><\/div><\/div>\n<div class=\"col-md-12 col-sm-12 col-xs-12 pt-cv-content-item pt-cv-1-col\" ><div class='pt-cv-ifield'><h4 class=\"pt-cv-title\"><a href=\"https:\/\/www.tvnovelas.com.br\/tvnews\/a-nobreza-do-amor-mirinho-garante-noivado-com-virginia-para-atrair-sogro-a-negocio\/\" class=\"_self\" target=\"_self\" >A Nobreza do Amor: Mirinho garante noivado com Virg\u00ednia para atrair sogro a neg\u00f3cio<\/a><\/h4><\/div><\/div>\n<div class=\"col-md-12 col-sm-12 col-xs-12 pt-cv-content-item pt-cv-1-col\" ><div class='pt-cv-ifield'><h4 class=\"pt-cv-title\"><a href=\"https:\/\/www.tvnovelas.com.br\/tvnews\/tres-gracas-joaquim-propoe-fuga-a-arminda-com-o-dinheiro-das-tres-gracas\/\" class=\"_self\" target=\"_self\" >Tr\u00eas Gra\u00e7as:  Joaquim prop\u00f5e fuga a Arminda com o dinheiro das Tr\u00eas Gra\u00e7as<\/a><\/h4><\/div><\/div>\n<div class=\"col-md-12 col-sm-12 col-xs-12 pt-cv-content-item pt-cv-1-col\" ><div class='pt-cv-ifield'><h4 class=\"pt-cv-title\"><a href=\"https:\/\/www.tvnovelas.com.br\/tvnews\/coracao-de-mae-atilla-decide-abrir-o-jogo-com-karsu\/\" class=\"_self\" target=\"_self\" >Cora\u00e7\u00e3o de M\u00e3e: Atilla decide abrir o jogo com Karsu<\/a><\/h4><\/div><\/div>\n<div class=\"col-md-12 col-sm-12 col-xs-12 pt-cv-content-item pt-cv-1-col\" ><div class='pt-cv-ifield'><h4 class=\"pt-cv-title\"><a href=\"https:\/\/www.tvnovelas.com.br\/tvnews\/coracao-de-mae-adnan-e-preso-apos-denuncia-de-irmak\/\" class=\"_self\" target=\"_self\" >Em Cora\u00e7\u00e3o de M\u00e3e: Adnan \u00e9 preso ap\u00f3s denuncia de Irmak<\/a><\/h4><\/div><\/div>\n<div class=\"col-md-12 col-sm-12 col-xs-12 pt-cv-content-item pt-cv-1-col\" ><div class='pt-cv-ifield'><h4 class=\"pt-cv-title\"><a href=\"https:\/\/www.tvnovelas.com.br\/tvnews\/coracao-de-mae-atilla-forca-karsu-a-ouvir-suas-explicacoes\/\" class=\"_self\" target=\"_self\" >Cora\u00e7\u00e3o de M\u00e3e: Atilla for\u00e7a Karsu a ouvir suas explica\u00e7\u00f5es<\/a><\/h4><\/div><\/div>\n<div class=\"col-md-12 col-sm-12 col-xs-12 pt-cv-content-item pt-cv-1-col\" ><div class='pt-cv-ifield'><h4 class=\"pt-cv-title\"><a href=\"https:\/\/www.tvnovelas.com.br\/tvnews\/coracao-acelerado-mulher-choca-janete-ao-se-apresentar-como-amante-do-palhares\/\" class=\"_self\" target=\"_self\" >Cora\u00e7\u00e3o Acelerado: Mulher choca Janete ao se apresentar como amante do Palhares<\/a><\/h4><\/div><\/div>\n<div class=\"col-md-12 col-sm-12 col-xs-12 pt-cv-content-item pt-cv-1-col\" ><div class='pt-cv-ifield'><h4 class=\"pt-cv-title\"><a href=\"https:\/\/www.tvnovelas.com.br\/tvnews\/a-nobreza-do-amor-jendal-dobra-a-recompensa-por-alika\/\" class=\"_self\" target=\"_self\" >A Nobreza do Amor: Jendal dobra a recompensa por Alika<\/a><\/h4><\/div><\/div>\n<div class=\"col-md-12 col-sm-12 col-xs-12 pt-cv-content-item pt-cv-1-col\" ><div class='pt-cv-ifield'><h4 class=\"pt-cv-title\"><a href=\"https:\/\/www.tvnovelas.com.br\/tvnews\/tres-gracas-bagda-e-preso-por-juquinha\/\" class=\"_self\" target=\"_self\" >Tr\u00eas Gra\u00e7as:  Bagd\u00e1 \u00e9 preso por Juquinha<\/a><\/h4><\/div><\/div><\/div><\/div><\/div><br \/>\n<a href=\"https:\/\/www.tvnovelas.com.br\/novelas\/\"><strong>Confira os resumos da semana de todas novelas<\/strong><\/a><br \/>\n<a href=\"http:\/\/tvnovelas.com.br\/filmes\" target=\"_blank\" rel=\"noopener\">Veja tamb\u00e9m: Todas as telas: filmes e s\u00e9ries nos streamings<\/a><\/p>\n<h3>Confira tamb\u00e9m<\/h3>\n<p><a href=\"https:\/\/www.tvnovelas.com.br\/filmes\/\" target=\"_blank\" rel=\"noopener noreferrer\"><strong>Programa\u00e7\u00e3o de filmes na TV aberta<\/strong><\/a><br \/>\n<a href=\"https:\/\/caetenews.com.br\/semana\/filmes-da-globo-na-sessao-da-tarde-desta-semana\/\" target=\"_blank\" rel=\"noopener\"><strong>Confira os filmes da semana na Sess\u00e3o da Tarde<\/strong><\/a><br \/>\n<a href=\"https:\/\/www.tvnovelas.com.br\/novelas\/\" target=\"_blank\" rel=\"noopener noreferrer\"><strong>Resumos de novelas<\/strong><\/a><\/p>\n","protected":false},"excerpt":{"rendered":"<p>Lui Lorenzo (Jos\u00e9 Loreto) precisa de um tempo para se reencontrar, n\u00e3o apenas como cantor, mas tamb\u00e9m em sua vida mesmo. Por isso, ele ir\u00e1 convocar uma&#8230;<\/p>\n","protected":false},"author":1,"featured_media":44282,"comment_status":"closed","ping_status":"closed","sticky":false,"template":"","format":"standard","meta":{"_uf_show_specific_survey":0,"_uf_disable_surveys":false,"_jetpack_memberships_contains_paid_content":false,"footnotes":"","_wp_rev_ctl_limit":""},"categories":[358],"tags":[5,64,359],"class_list":["post-44281","post","type-post","status-publish","format-standard","has-post-thumbnail","hentry","category-vai-na-fe","tag-globo","tag-novelas","tag-vai-na-fe","wpcat-358-id"],"aioseo_notices":[],"jetpack_featured_media_url":"https:\/\/i0.wp.com\/www.tvnovelas.com.br\/tvnews\/wp-content\/uploads\/2023\/05\/37950.jpg?fit=728%2C410&ssl=1","jetpack_shortlink":"https:\/\/wp.me\/pdP2BO-bwd","jetpack_sharing_enabled":true,"_links":{"self":[{"href":"https:\/\/www.tvnovelas.com.br\/tvnews\/wp-json\/wp\/v2\/posts\/44281","targetHints":{"allow":["GET"]}}],"collection":[{"href":"https:\/\/www.tvnovelas.com.br\/tvnews\/wp-json\/wp\/v2\/posts"}],"about":[{"href":"https:\/\/www.tvnovelas.com.br\/tvnews\/wp-json\/wp\/v2\/types\/post"}],"author":[{"embeddable":true,"href":"https:\/\/www.tvnovelas.com.br\/tvnews\/wp-json\/wp\/v2\/users\/1"}],"replies":[{"embeddable":true,"href":"https:\/\/www.tvnovelas.com.br\/tvnews\/wp-json\/wp\/v2\/comments?post=44281"}],"version-history":[{"count":1,"href":"https:\/\/www.tvnovelas.com.br\/tvnews\/wp-json\/wp\/v2\/posts\/44281\/revisions"}],"predecessor-version":[{"id":44283,"href":"https:\/\/www.tvnovelas.com.br\/tvnews\/wp-json\/wp\/v2\/posts\/44281\/revisions\/44283"}],"wp:featuredmedia":[{"embeddable":true,"href":"https:\/\/www.tvnovelas.com.br\/tvnews\/wp-json\/wp\/v2\/media\/44282"}],"wp:attachment":[{"href":"https:\/\/www.tvnovelas.com.br\/tvnews\/wp-json\/wp\/v2\/media?parent=44281"}],"wp:term":[{"taxonomy":"category","embeddable":true,"href":"https:\/\/www.tvnovelas.com.br\/tvnews\/wp-json\/wp\/v2\/categories?post=44281"},{"taxonomy":"post_tag","embeddable":true,"href":"https:\/\/www.tvnovelas.com.br\/tvnews\/wp-json\/wp\/v2\/tags?post=44281"}],"curies":[{"name":"wp","href":"https:\/\/api.w.org\/{rel}","templated":true}]}}