{"id":44316,"date":"2023-05-19T21:00:17","date_gmt":"2023-05-20T00:00:17","guid":{"rendered":"https:\/\/www.tvnovelas.com.br\/tvnews\/?p=44316"},"modified":"2023-05-19T20:53:35","modified_gmt":"2023-05-19T23:53:35","slug":"44316-2","status":"publish","type":"post","link":"https:\/\/www.tvnovelas.com.br\/tvnews\/44316-2\/","title":{"rendered":"O que rola em Vai na F\u00e9 na semana 22 a 27 de maio"},"content":{"rendered":"<p><em>Resumos de Vai na F\u00e9 na semana 22 a 27 de maio<\/em><br \/>\n<img data-recalc-dims=\"1\" decoding=\"async\" class=\"alignnone wp-image-44334 size-full\" title=\"(Foto: Reprodu\u00e7\u00e3o\/TV Globo\/Vai na F\u00e9)\" src=\"https:\/\/i0.wp.com\/www.tvnovelas.com.br\/tvnews\/wp-content\/uploads\/2023\/05\/37961a.jpg?resize=728%2C410&#038;ssl=1\" alt=\"Foto em Vai na F\u00e9 na semana 22 a 27 de maio\" width=\"728\" height=\"410\" srcset=\"https:\/\/i0.wp.com\/www.tvnovelas.com.br\/tvnews\/wp-content\/uploads\/2023\/05\/37961a.jpg?w=728&amp;ssl=1 728w, https:\/\/i0.wp.com\/www.tvnovelas.com.br\/tvnews\/wp-content\/uploads\/2023\/05\/37961a.jpg?resize=678%2C381&amp;ssl=1 678w\" sizes=\"(max-width: 728px) 100vw, 728px\" \/><\/p>\n<blockquote><p>\ud835\udc0b\ud835\udc2e\ud835\udc26\ud835\udc22\ud835\udc1a\ud835\udc2b \ud835\udc2c\ud835\udc28\ud835\udc1f\ud835\udc2b\ud835\udc1e \ud835\udc27\ud835\udc28\ud835\udc2f\ud835\udc28 \ud835\udc1a\ud835\udc2d\ud835\udc1e\ud835\udc27\ud835\udc2d\ud835\udc1a\ud835\udc1d\ud835\udc28; Ben se preocupa com a ex-mulher; \ud835\udc0a\ud835\udc1a\ud835\udc2d\ud835\udc1e \ud835\udc1c\ud835\udc28\ud835\udc27\ud835\udc2d\ud835\udc1a \ud835\udc29\ud835\udc1a\ud835\udc2b\ud835\udc1a \ud835\udc09\ud835\udc1e\ud835\udc27\ud835\udc22\ud835\udc1f\ud835\udc1e\ud835\udc2b \ud835\udc28 \ud835\udc2a\ud835\udc2e\ud835\udc1e \ud835\udc13\ud835\udc21\ud835\udc1e\ud835\udc28 \ud835\udc1f\ud835\udc1e\ud835\udc33 \ud835\udc1c\ud835\udc28\ud835\udc26 \ud835\udc12\ud835\udc28\ud835\udc25; Jenifer planeja processar Theo; Vanessa, outra suposta v\u00edtima de Theo, pede dinheiro a Ben para denunciar o empres\u00e1rio&#8230;<\/p><\/blockquote>\n<p><strong>Resumo de segunda-feira, 22 de maio<\/strong><br \/>\nGeremias morre, e Lumiar fica arrasada. Dora e F\u00e1bio se animam com a chegada de Lui. Jenifer avisa a Sol que mudar\u00e1 seu registro de nascimento. Dora fala com Mauri, seu oncologista. Rubens, um atirador, segue Lumiar no ICAES. Guiga alerta Lumiar sobre a fuga de Em\u00edlio. Lui se solidariza com Dora. Lumiar consegue com Orfeu parte da senha de acesso para as provas do caso de Geremias. Vitinho acerta com Renata e Pl\u00ednio de fazer um reality sobre o dia a dia de Lui com a banda. Vitinho comunica \u00e0 banda sobre o reality. Sol conversa com Bruna sobre Lui. Lui e Jade se aproximam. Rubens amea\u00e7a Lumiar. Yuri ajuda Lumiar a encontrar a outra parte da senha de Geremias. Lumiar sofre um atentado, e Theo tenta lhe proteger.<\/p>\n<p><strong>Resumo de ter\u00e7a-feira, 23 de maio<\/strong><br \/>\nTheo \u00e9 levado para hospital. Lumiar entrega os documentos de Geremias para Heitor. Ben se preocupa com a ex-mulher. Clara avisa a Rafa que Theo est\u00e1 no hospital e implora que Jenifer v\u00e1 com eles. Ben exige que Heitor cumpra o acordo que fez com Lumiar. Theo se emociona ao ver Jenifer. Ben se surpreende ao saber que Jenifer visitou Theo. Neide fala mal de Jenifer ao v\u00ea-la com Hugo. Theo n\u00e3o deixa Clara passar a noite com ele no hospital. Kate descobre o que Theo fez com Sol. Jenifer defende Theo para Hugo. Ben e Theo discutem no hospital. Sol se preocupa ao saber que Lui n\u00e3o foi avisado sobre o reality. Lumiar e Theo ficam juntos. Kate conta para Jenifer o que Theo fez com Sol.<br \/>\n<img data-recalc-dims=\"1\" decoding=\"async\" class=\"alignnone wp-image-44335 size-full\" title=\"(Foto: Reprodu\u00e7\u00e3o\/TV Globo\/Vai na F\u00e9)\" src=\"https:\/\/i0.wp.com\/www.tvnovelas.com.br\/tvnews\/wp-content\/uploads\/2023\/05\/37961.jpg?resize=728%2C410&#038;ssl=1\" alt=\"Foto em Vai na F\u00e9 na semana 22 a 27 de maio\" width=\"728\" height=\"410\" srcset=\"https:\/\/i0.wp.com\/www.tvnovelas.com.br\/tvnews\/wp-content\/uploads\/2023\/05\/37961.jpg?w=728&amp;ssl=1 728w, https:\/\/i0.wp.com\/www.tvnovelas.com.br\/tvnews\/wp-content\/uploads\/2023\/05\/37961.jpg?resize=678%2C381&amp;ssl=1 678w\" sizes=\"(max-width: 728px) 100vw, 728px\" \/><\/p>\n<p><strong>Resumo de quarta-feira, 24 de maio<\/strong><br \/>\nJenifer sofre com a descoberta e \u00e9 acolhida por Kate. Clara fica enciumada ao saber que Lumiar est\u00e1 com Theo no hospital. Theo convence Lumiar a investigar o laborat\u00f3rio onde o primeiro exame de paternidade foi realizado. A banda e a equipe de filmagem flagram Lui e Jade. Jenifer confronta Theo. Dora se interessa pela ideia da grava\u00e7\u00e3o do reality no Ref\u00fagio e pede que Lui e Sol desistam de ir embora. Lumiar conversa com o investigador Estev\u00e3o sobre o caso do laborat\u00f3rio de DNA. Clara implora para falar com Helena. Jenifer tem uma ideia para se vingar de Theo. Todos se comovem com a declara\u00e7\u00e3o de Dora. Helena consola Clara. Jenifer fala para Ben que Theo transformou Kate em Sol mais jovem, e insinua que o empres\u00e1rio pode ter feito outras v\u00edtimas.<\/p>\n<p><strong>Resumo de quinta-feira, 25 de maio<\/strong><br \/>\nJenifer decide pedir ajuda do DJ Bel-Air. Theo pede para Lumiar dormir no hospital com ele. Simas questiona Theo sobre seu romance com Lumiar. Theo tem alta do hospital e Lumiar o leva para casa. Jenifer pede a ajuda de Yuri para encontrar as pessoas indicadas pelo DJ. Lui e Sol se escondem da equipe de filmagem de Renata. A turma de revis\u00e3o criminal encontra outro caso, e Jenifer fica abalada. Sol revela para Lui que foi abusada por Theo. Estev\u00e3o fala sobre Luiz e Ant\u00f4nio para Lumiar. Sabrina implora que Simas reate o namoro com Bia. Jenifer e Ben conversam com Jana\u00edna, outra v\u00edtima de Theo. Lumiar descobre que Ben pagou para que Ant\u00f4nio fraudasse o exame de DNA.<br \/>\n<img data-recalc-dims=\"1\" decoding=\"async\" class=\"alignnone wp-image-44336 size-full\" title=\"(Foto: Reprodu\u00e7\u00e3o\/TV Globo\/Vai na F\u00e9)\" src=\"https:\/\/i0.wp.com\/www.tvnovelas.com.br\/tvnews\/wp-content\/uploads\/2023\/05\/37961b.jpg?resize=728%2C410&#038;ssl=1\" alt=\"Foto em Vai na F\u00e9 na semana 22 a 27 de maio\" width=\"728\" height=\"410\" srcset=\"https:\/\/i0.wp.com\/www.tvnovelas.com.br\/tvnews\/wp-content\/uploads\/2023\/05\/37961b.jpg?w=728&amp;ssl=1 728w, https:\/\/i0.wp.com\/www.tvnovelas.com.br\/tvnews\/wp-content\/uploads\/2023\/05\/37961b.jpg?resize=678%2C381&amp;ssl=1 678w\" sizes=\"(max-width: 728px) 100vw, 728px\" \/><\/p>\n<p><strong>Resumo de sexta-feira, 26 de maio<\/strong><br \/>\nLumiar avisa a Estev\u00e3o que cuidar\u00e1 do caso sozinha. Jana\u00edna se recusa a denunciar Theo, e Jenifer n\u00e3o se conforma. Lui ouve Sol falando sobre ele com Wilma. Ben se encontra com Val\u00e9ria. Theo chama Lumiar para se encontrar com ele no bar de Orfeu. Sol se irrita com a equipe de filmagem. Clara e Helena passeiam pela orla. Lui libera Sol para voltar para casa. Ben confirma a fraude no exame de DNA para Lumiar. Sol se despede de Lui. Lumiar mente para Theo. \u00c9rika chega ao Ref\u00fagio para participar do reality. Dora pede para a equipe de Renata acompanh\u00e1-la na sess\u00e3o de quimioterapia. Ben repreende os alunos da revis\u00e3o criminal e todos se assustam. Vanessa, outra suposta v\u00edtima de Theo, pede dinheiro a Ben para denunciar o empres\u00e1rio. Jenifer revela a Sol que j\u00e1 sabe o que Theo fez com ela.<\/p>\n<p><strong>Resumo de s\u00e1bado, 27 de maio<\/strong><br \/>\nSol acolhe Jenifer. Jairo surpreende Bruna. Ben tenta convencer Vanessa a denunciar Theo. Sol se preocupa ao saber que Jenifer est\u00e1 tentando processar Theo. Dora se encanta ao ver F\u00e1bio atuar com Wilma e \u00c9rika. Hugo e Jenifer come\u00e7am a namorar. O cinegrafista filma Dora e Wilma tendo uma conversa decisiva. Sol observa Jenifer e Hugo namorando. Lui se aconselha com Wilma. Vanessa conta para Orfeu que Ben quer processar Theo. Sol implora que Jenifer para de investigar os crimes de Theo. Orfeu amea\u00e7a Vanessa. Kate implica com Jenifer e Hugo. Orfeu avisa a Theo que Ben quer process\u00e1-lo. Wilma ironiza a ideia de F\u00e1bio de construir um teatro no Ref\u00fagio. Vitinho chama Anthony para participar do reality. Orfeu exige que Hugo conven\u00e7a Jenifer a desistir de processar Theo. Wilma insinua a Lui que F\u00e1bio n\u00e3o \u00e9 seu pai.<br \/>\n<!--FIM--><br \/>\n<a href=\"https:\/\/www.tvnovelas.com.br\/novelas\/resumos-de-vai-na-fe-2\/\">Confira os resumos de Vai na F\u00e9 da semana 29 a 03 de junho<\/a><br \/>\n<strong style=\"font-size: 120%;\">\u00daltimas not\u00edcias de Vai na F\u00e9:<\/strong><br \/>\n<div class=\"pt-cv-wrapper\"><div class=\"pt-cv-view pt-cv-grid pt-cv-colsys\" id=\"pt-cv-view-8080477fv3\"><div data-id=\"pt-cv-page-1\" class=\"pt-cv-page\" data-cvc=\"1\"><div class=\"col-md-12 col-sm-12 col-xs-12 pt-cv-content-item pt-cv-1-col\" ><div class='pt-cv-ifield'><h4 class=\"pt-cv-title\"><a href=\"https:\/\/www.tvnovelas.com.br\/tvnews\/vai-na-fe-sol-enfrenta-empresario-e-abre-show-de-lui\/\" class=\"_blank\" target=\"_blank\" >Vai na F\u00e9: Sol enfrenta empres\u00e1rio e abre show de Lui<\/a><\/h4><\/div><\/div>\n<div class=\"col-md-12 col-sm-12 col-xs-12 pt-cv-content-item pt-cv-1-col\" ><div class='pt-cv-ifield'><h4 class=\"pt-cv-title\"><a href=\"https:\/\/www.tvnovelas.com.br\/tvnews\/vai-na-fe-theo-muda-visual-e-mata-orfeu\/\" class=\"_blank\" target=\"_blank\" >Vai na F\u00e9: Theo muda visual e mata Orfeu<\/a><\/h4><\/div><\/div>\n<div class=\"col-md-12 col-sm-12 col-xs-12 pt-cv-content-item pt-cv-1-col\" ><div class='pt-cv-ifield'><h4 class=\"pt-cv-title\"><a href=\"https:\/\/www.tvnovelas.com.br\/tvnews\/vai-na-fe-sol-e-impedida-de-abrir-show-de-lui-lorenzo\/\" class=\"_blank\" target=\"_blank\" >Vai na F\u00e9: Sol \u00e9 impedida de abrir show de Lui Lorenzo<\/a><\/h4><\/div><\/div>\n<div class=\"col-md-12 col-sm-12 col-xs-12 pt-cv-content-item pt-cv-1-col\" ><div class='pt-cv-ifield'><h4 class=\"pt-cv-title\"><a href=\"https:\/\/www.tvnovelas.com.br\/tvnews\/vai-na-fe-ben-descobre-envolvimento-de-theo-na-morte-de-carlao\/\" class=\"_blank\" target=\"_blank\" >Vai na F\u00e9: Ben descobre envolvimento de Theo na morte de Carl\u00e3o<\/a><\/h4><\/div><\/div>\n<div class=\"col-md-12 col-sm-12 col-xs-12 pt-cv-content-item pt-cv-1-col\" ><div class='pt-cv-ifield'><h4 class=\"pt-cv-title\"><a href=\"https:\/\/www.tvnovelas.com.br\/tvnews\/vai-na-fe-orfeu-erra-o-tiro-e-theo-atropela-o-ex-socio\/\" class=\"_blank\" target=\"_blank\" >Vai na F\u00e9: Orfeu erra o tiro e Theo atropela o ex-s\u00f3cio<\/a><\/h4><\/div><\/div>\n<div class=\"col-md-12 col-sm-12 col-xs-12 pt-cv-content-item pt-cv-1-col\" ><div class='pt-cv-ifield'><h4 class=\"pt-cv-title\"><a href=\"https:\/\/www.tvnovelas.com.br\/tvnews\/vai-na-fe-orfeu-traido-por-theo-promete-vinganca\/\" class=\"_blank\" target=\"_blank\" >Vai na F\u00e9: Orfeu tra\u00eddo por Theo promete vingan\u00e7a<\/a><\/h4><\/div><\/div><\/div><\/div><\/div><br \/>\n<strong style=\"font-size: 120%;\">\u00daltimas not\u00edcias deste canal:<\/strong><br \/>\n<div class=\"pt-cv-wrapper\"><div class=\"pt-cv-view pt-cv-grid pt-cv-colsys\" id=\"pt-cv-view-90991035b3\"><div data-id=\"pt-cv-page-1\" class=\"pt-cv-page\" data-cvc=\"1\"><div class=\"col-md-12 col-sm-12 col-xs-12 pt-cv-content-item pt-cv-1-col\" ><div class='pt-cv-ifield'><h4 class=\"pt-cv-title\"><a href=\"https:\/\/www.tvnovelas.com.br\/tvnews\/coracao-de-mae-irmak-inicia-jogo-arriscado-contra-adnan\/\" class=\"_self\" target=\"_self\" >Cora\u00e7\u00e3o de M\u00e3e: Irmak inicia jogo arriscado contra Adnan<\/a><\/h4><\/div><\/div>\n<div class=\"col-md-12 col-sm-12 col-xs-12 pt-cv-content-item pt-cv-1-col\" ><div class='pt-cv-ifield'><h4 class=\"pt-cv-title\"><a href=\"https:\/\/www.tvnovelas.com.br\/tvnews\/guerra-das-rosas-omer-chama-gulru-vestida-de-noiva-para-fugir\/\" class=\"_self\" target=\"_self\" >Guerra das Rosas: Omer chama Gulru vestida de noiva para fugir<\/a><\/h4><\/div><\/div>\n<div class=\"col-md-12 col-sm-12 col-xs-12 pt-cv-content-item pt-cv-1-col\" ><div class='pt-cv-ifield'><h4 class=\"pt-cv-title\"><a href=\"https:\/\/www.tvnovelas.com.br\/tvnews\/coracao-de-mae-reha-sai-para-jantar-com-selvi\/\" class=\"_self\" target=\"_self\" >Cora\u00e7\u00e3o de M\u00e3e: Reha sai para jantar com Selvi<\/a><\/h4><\/div><\/div>\n<div class=\"col-md-12 col-sm-12 col-xs-12 pt-cv-content-item pt-cv-1-col\" ><div class='pt-cv-ifield'><h4 class=\"pt-cv-title\"><a href=\"https:\/\/www.tvnovelas.com.br\/tvnews\/coracao-acelerado-zila-se-preocupa-com-sua-situacao-apos-separacao\/\" class=\"_self\" target=\"_self\" >Cora\u00e7\u00e3o Acelerado: Zil\u00e1 se preocupa com sua situa\u00e7\u00e3o ap\u00f3s separa\u00e7\u00e3o<\/a><\/h4><\/div><\/div>\n<div class=\"col-md-12 col-sm-12 col-xs-12 pt-cv-content-item pt-cv-1-col\" ><div class='pt-cv-ifield'><h4 class=\"pt-cv-title\"><a href=\"https:\/\/www.tvnovelas.com.br\/tvnews\/a-nobreza-do-amor-tonho-nao-se-curva-diante-de-mirinho\/\" class=\"_self\" target=\"_self\" >A Nobreza do Amor: Tonho n\u00e3o se curva diante de Mirinho<\/a><\/h4><\/div><\/div>\n<div class=\"col-md-12 col-sm-12 col-xs-12 pt-cv-content-item pt-cv-1-col\" ><div class='pt-cv-ifield'><h4 class=\"pt-cv-title\"><a href=\"https:\/\/www.tvnovelas.com.br\/tvnews\/tres-gracas-arminda-surta-ao-confirmar-que-ferette-e-pai-de-raul\/\" class=\"_self\" target=\"_self\" >Tr\u00eas Gra\u00e7as:  Arminda surta ao confirmar que Ferette \u00e9 pai de Raul<\/a><\/h4><\/div><\/div>\n<div class=\"col-md-12 col-sm-12 col-xs-12 pt-cv-content-item pt-cv-1-col\" ><div class='pt-cv-ifield'><h4 class=\"pt-cv-title\"><a href=\"https:\/\/www.tvnovelas.com.br\/tvnews\/coracao-de-mae-atilla-confronta-hasan-e-exige-o-divorcio-de-lale\/\" class=\"_self\" target=\"_self\" >Cora\u00e7\u00e3o de M\u00e3e: Atilla confronta Hasan e exige o div\u00f3rcio de Lale<\/a><\/h4><\/div><\/div>\n<div class=\"col-md-12 col-sm-12 col-xs-12 pt-cv-content-item pt-cv-1-col\" ><div class='pt-cv-ifield'><h4 class=\"pt-cv-title\"><a href=\"https:\/\/www.tvnovelas.com.br\/tvnews\/guerra-das-rosas-gulfem-coloca-gulru-contra-a-parede\/\" class=\"_self\" target=\"_self\" >Guerra das Rosas: Gulfem coloca Gulru contra a parede<\/a><\/h4><\/div><\/div>\n<div class=\"col-md-12 col-sm-12 col-xs-12 pt-cv-content-item pt-cv-1-col\" ><div class='pt-cv-ifield'><h4 class=\"pt-cv-title\"><a href=\"https:\/\/www.tvnovelas.com.br\/tvnews\/coracao-de-mae-atilla-diz-a-lale-que-quer-o-divorcio\/\" class=\"_self\" target=\"_self\" >Cora\u00e7\u00e3o de M\u00e3e: Atilla diz a Lale que quer o div\u00f3rcio<\/a><\/h4><\/div><\/div>\n<div class=\"col-md-12 col-sm-12 col-xs-12 pt-cv-content-item pt-cv-1-col\" ><div class='pt-cv-ifield'><h4 class=\"pt-cv-title\"><a href=\"https:\/\/www.tvnovelas.com.br\/tvnews\/a-nobreza-do-amor-mirinho-garante-noivado-com-virginia-para-atrair-sogro-a-negocio\/\" class=\"_self\" target=\"_self\" >A Nobreza do Amor: Mirinho garante noivado com Virg\u00ednia para atrair sogro a neg\u00f3cio<\/a><\/h4><\/div><\/div><\/div><\/div><\/div><br \/>\n<a href=\"https:\/\/www.tvnovelas.com.br\/novelas\/\"><strong>Confira os resumos da semana de todas novelas<\/strong><\/a><br \/>\n<a href=\"http:\/\/tvnovelas.com.br\/filmes\" target=\"_blank\" rel=\"noopener\">Veja tamb\u00e9m: Todas as telas: filmes e s\u00e9ries nos streamings<\/a><\/p>\n<h3>Confira tamb\u00e9m<\/h3>\n<p><a href=\"https:\/\/www.tvnovelas.com.br\/filmes\/\" target=\"_blank\" rel=\"noopener noreferrer\"><strong>Programa\u00e7\u00e3o de filmes na TV aberta<\/strong><\/a><br \/>\n<a href=\"https:\/\/caetenews.com.br\/semana\/filmes-da-globo-na-sessao-da-tarde-desta-semana\/\" target=\"_blank\" rel=\"noopener\"><strong>Confira os filmes da semana na Sess\u00e3o da Tarde<\/strong><\/a><br \/>\n<a href=\"https:\/\/www.tvnovelas.com.br\/novelas\/\" target=\"_blank\" rel=\"noopener noreferrer\"><strong>Resumos de novelas<\/strong><\/a><\/p>\n","protected":false},"excerpt":{"rendered":"<p>\ud835\udc0b\ud835\udc2e\ud835\udc26\ud835\udc22\ud835\udc1a\ud835\udc2b \ud835\udc2c\ud835\udc28\ud835\udc1f\ud835\udc2b\ud835\udc1e \ud835\udc27\ud835\udc28\ud835\udc2f\ud835\udc28 \ud835\udc1a\ud835\udc2d\ud835\udc1e\ud835\udc27\ud835\udc2d\ud835\udc1a\ud835\udc1d\ud835\udc28; Ben se preocupa com a ex-mulher; \ud835\udc0a\ud835\udc1a\ud835\udc2d\ud835\udc1e \ud835\udc1c\ud835\udc28\ud835\udc27\ud835\udc2d\ud835\udc1a \ud835\udc29\ud835\udc1a\ud835\udc2b\ud835\udc1a \ud835\udc09\ud835\udc1e\ud835\udc27\ud835\udc22\ud835\udc1f\ud835\udc1e\ud835\udc2b \ud835\udc28 \ud835\udc2a\ud835\udc2e\ud835\udc1e \ud835\udc13\ud835\udc21\ud835\udc1e\ud835\udc28 \ud835\udc1f\ud835\udc1e\ud835\udc33 \ud835\udc1c\ud835\udc28\ud835\udc26 \ud835\udc12\ud835\udc28\ud835\udc25; Jenifer planeja processar Theo; Vanessa, outra suposta v\u00edtima de Theo, pede dinheiro a Ben para denunciar o empres\u00e1rio&#8230;<\/p>\n","protected":false},"author":1,"featured_media":44334,"comment_status":"closed","ping_status":"closed","sticky":false,"template":"","format":"standard","meta":{"_uf_show_specific_survey":0,"_uf_disable_surveys":false,"_jetpack_memberships_contains_paid_content":false,"footnotes":"","_wp_rev_ctl_limit":""},"categories":[358],"tags":[5,64,359],"class_list":["post-44316","post","type-post","status-publish","format-standard","has-post-thumbnail","hentry","category-vai-na-fe","tag-globo","tag-novelas","tag-vai-na-fe","wpcat-358-id"],"aioseo_notices":[],"jetpack_featured_media_url":"https:\/\/i0.wp.com\/www.tvnovelas.com.br\/tvnews\/wp-content\/uploads\/2023\/05\/37961a.jpg?fit=728%2C410&ssl=1","jetpack_shortlink":"https:\/\/wp.me\/pdP2BO-bwM","jetpack_sharing_enabled":true,"_links":{"self":[{"href":"https:\/\/www.tvnovelas.com.br\/tvnews\/wp-json\/wp\/v2\/posts\/44316","targetHints":{"allow":["GET"]}}],"collection":[{"href":"https:\/\/www.tvnovelas.com.br\/tvnews\/wp-json\/wp\/v2\/posts"}],"about":[{"href":"https:\/\/www.tvnovelas.com.br\/tvnews\/wp-json\/wp\/v2\/types\/post"}],"author":[{"embeddable":true,"href":"https:\/\/www.tvnovelas.com.br\/tvnews\/wp-json\/wp\/v2\/users\/1"}],"replies":[{"embeddable":true,"href":"https:\/\/www.tvnovelas.com.br\/tvnews\/wp-json\/wp\/v2\/comments?post=44316"}],"version-history":[{"count":5,"href":"https:\/\/www.tvnovelas.com.br\/tvnews\/wp-json\/wp\/v2\/posts\/44316\/revisions"}],"predecessor-version":[{"id":44345,"href":"https:\/\/www.tvnovelas.com.br\/tvnews\/wp-json\/wp\/v2\/posts\/44316\/revisions\/44345"}],"wp:featuredmedia":[{"embeddable":true,"href":"https:\/\/www.tvnovelas.com.br\/tvnews\/wp-json\/wp\/v2\/media\/44334"}],"wp:attachment":[{"href":"https:\/\/www.tvnovelas.com.br\/tvnews\/wp-json\/wp\/v2\/media?parent=44316"}],"wp:term":[{"taxonomy":"category","embeddable":true,"href":"https:\/\/www.tvnovelas.com.br\/tvnews\/wp-json\/wp\/v2\/categories?post=44316"},{"taxonomy":"post_tag","embeddable":true,"href":"https:\/\/www.tvnovelas.com.br\/tvnews\/wp-json\/wp\/v2\/tags?post=44316"}],"curies":[{"name":"wp","href":"https:\/\/api.w.org\/{rel}","templated":true}]}}