{"id":44372,"date":"2023-05-20T16:19:25","date_gmt":"2023-05-20T19:19:25","guid":{"rendered":"https:\/\/www.tvnovelas.com.br\/tvnews\/?p=44372"},"modified":"2023-05-20T16:19:25","modified_gmt":"2023-05-20T19:19:25","slug":"o-drama-de-hilda-em-mulheres-apaixonadas","status":"publish","type":"post","link":"https:\/\/www.tvnovelas.com.br\/tvnews\/o-drama-de-hilda-em-mulheres-apaixonadas\/","title":{"rendered":"O drama de Hilda em Mulheres Apaixonadas"},"content":{"rendered":"<p><em>O drama de Hilda em Mulheres Apaixonadas<\/em><br \/>\n<img data-recalc-dims=\"1\" decoding=\"async\" class=\"alignnone wp-image-44374 size-full\" title=\"(Foto: TV Globo\/Mulheres Apaixonadas)\" src=\"https:\/\/i0.wp.com\/www.tvnovelas.com.br\/tvnews\/wp-content\/uploads\/2023\/05\/37972.jpg?resize=728%2C410&#038;ssl=1\" alt=\"Foto de Hilda em Mulheres Apaixonadas\" width=\"728\" height=\"410\" srcset=\"https:\/\/i0.wp.com\/www.tvnovelas.com.br\/tvnews\/wp-content\/uploads\/2023\/05\/37972.jpg?w=728&amp;ssl=1 728w, https:\/\/i0.wp.com\/www.tvnovelas.com.br\/tvnews\/wp-content\/uploads\/2023\/05\/37972.jpg?resize=678%2C381&amp;ssl=1 678w\" sizes=\"(max-width: 728px) 100vw, 728px\" \/><br \/>\nEm uma novela, como Mulheres Apaixonadas, sobre rela\u00e7\u00f5es de amor que s\u00e3o expostas \u00e0s agruras da vida e aos tormentos do destino, a personagem Hilda (Maria Padilha) parece ser um ponto de equil\u00edbrio entre as irm\u00e3s Helena (Christiane Torloni) e Helo\u00edsa (Giulia Gam). Dona de uma delicatessen onde vende doces e salgados que ela mesma faz, Hilda \u00e9 casada com o advogado Leandro (Carlos Eduardo Lago) e m\u00e3e da adolescente Elisa (Giselle Policarpo). \u00c9 uma mulher centrada e que d\u00e1 bons conselhos. No entanto, ao longo da trama de \u2018Mulheres Apaixonadas\u2019, ela v\u00ea sua vida mudar ao receber a not\u00edcia de que est\u00e1 doente (c\u00e2ncer de mama).<\/p>\n<p>Primeiro, ela vai resistindo \u00e0 ideia de procurar um m\u00e9dico. Quando finalmente vai fazer uma consulta e o Dr. Raul vai pedir exames que v\u00e3o confirmar que de fato ela tem um n\u00f3dulo no seio.Uuma bi\u00f3psia para descobrir se \u00e9 benigno ou maligno, aponta a doen\u00e7a.<\/p>\n<p>Maria Padilha que viveu Hilda em Mulheres Apaixonadas relembra a expei\u00eancia de viver na trama o drama da personagem \u00e0quela \u00e9poca:<br \/>\n&#8220;Eu sabia que alguma coisa ia acontecer com a Hilda quando comecei a personagem, mas n\u00e3o sabia bem o qu\u00ea. Ent\u00e3o, quando veio, foi meio r\u00e1pido. Eu j\u00e1 havia feito personagens que recebem uma not\u00edcia muito ruim relacionada a alguma pessoa de quem gosta, um parente ou um amor que est\u00e1 doente. Mas eu nunca tinha feito um personagem que recebesse uma not\u00edcia ruim sobre si mesma. Eu perguntei a algumas pessoas se j\u00e1 haviam passado por situa\u00e7\u00e3o semelhante e como tinham se sentido; isso me ajudou muito. Lidar com esse drama foi bom, por um lado, porque a gente come\u00e7a a conhecer mais as coisas e saber que tamb\u00e9m est\u00e1 ajudando, de certa maneira, quem est\u00e1 vendo a novela a se cuidar, a fazer exames de tempos em tempos. E para mim, como atriz, \u00e9 um conflito interessante; foi um material muito rico que o Maneco [Manoel Carlos] me deu.&#8221;<\/p>\n<h2>Quem \u00e9 Hilda<\/h2>\n<p><strong>Hilda Moraes Sampaio Viana (Maria Padilha)<\/strong><br \/>\n<img data-recalc-dims=\"1\" decoding=\"async\" src=\"https:\/\/i0.wp.com\/www.caetenews.com.br\/page\/media\/62\/mulheresapaixqq021.jpg\" \/><br \/>\nIrm\u00e3 do meio de Helena (Christiane Torloni) e Heloisa (Giulia Gam). \u00c9 muito centrada e sempre d\u00e1 bons conselhos \u00e0s irm\u00e3s. \u00c9 casada com Leandro (Eduardo Lago) com que tem uma filha, Elisa (Giselle Policarpo). Hilda \u00e9 doceira de m\u00e3o cheia e tem uma delicatessem no lobby do hotel.<\/p>\n<p>A novela&#8217;Mulheres Apaixonadas&#8217; estar\u00e1 de volta \u00e0 TV Globo no pr\u00f3ximo dia 29, no Vale a Pena Ver de Novo, substituindo O Rei do Gado<\/p>\n<blockquote><p><strong>Confira tamb\u00e9m:<\/strong><br \/>\n<a href=\"https:\/\/tvnovelas.com.br\/page2\/arquivo\/mulheres-apaixonadas\/\">Mulheres Apaixonadas &#8211; As mulheres e suas paix\u00f5es (sinopse)<\/a><br \/>\n<a href=\"https:\/\/tvnovelas.com.br\/page2\/arquivo\/mulheres-apaixonadas-quem-e-quem\/\" rel=\"noopener\" target=\"_blank\">Mulheres Apaixonadas &#8211; Quem \u00e9 quem (todos os personagens)<\/a><\/p><\/blockquote>\n<p><!--FIM DO POST--><br \/>\n<strong style=\"font-size: 120%;\">\u00daltimas not\u00edcias deste canal:<\/strong><br \/>\n<div class=\"pt-cv-wrapper\"><div class=\"pt-cv-view pt-cv-grid pt-cv-colsys\" id=\"pt-cv-view-90991035b3\"><div data-id=\"pt-cv-page-1\" class=\"pt-cv-page\" data-cvc=\"1\"><div class=\"col-md-12 col-sm-12 col-xs-12 pt-cv-content-item pt-cv-1-col\" ><div class='pt-cv-ifield'><h4 class=\"pt-cv-title\"><a href=\"https:\/\/www.tvnovelas.com.br\/tvnews\/guerra-das-rosas-mert-sequestra-gulru\/\" class=\"_self\" target=\"_self\" >Guerra das Rosas: Mert sequestra Gulru<\/a><\/h4><\/div><\/div>\n<div class=\"col-md-12 col-sm-12 col-xs-12 pt-cv-content-item pt-cv-1-col\" ><div class='pt-cv-ifield'><h4 class=\"pt-cv-title\"><a href=\"https:\/\/www.tvnovelas.com.br\/tvnews\/a-nobreza-do-amor-resistencia-sequestra-noivo-de-kenia-e-o-despacha-de-batanga\/\" class=\"_self\" target=\"_self\" >A Nobreza do Amor: Resist\u00eancia sequestra noivo de K\u00eania e o despacha de Batanga<\/a><\/h4><\/div><\/div>\n<div class=\"col-md-12 col-sm-12 col-xs-12 pt-cv-content-item pt-cv-1-col\" ><div class='pt-cv-ifield'><h4 class=\"pt-cv-title\"><a href=\"https:\/\/www.tvnovelas.com.br\/tvnews\/tres-gracas-joelly-e-gerluce-descobrem-que-filha-de-lena-e-a-bebe-roubada\/\" class=\"_self\" target=\"_self\" >Tr\u00eas Gra\u00e7as: Jo\u00e9lly e Gerluce descobrem que filha de Lena \u00e9 a beb\u00ea roubada<\/a><\/h4><\/div><\/div>\n<div class=\"col-md-12 col-sm-12 col-xs-12 pt-cv-content-item pt-cv-1-col\" ><div class='pt-cv-ifield'><h4 class=\"pt-cv-title\"><a href=\"https:\/\/www.tvnovelas.com.br\/tvnews\/em-coracao-de-mae-nos-proximos-capitulos-04-a-08-5\/\" class=\"_self\" target=\"_self\" >Em Cora\u00e7\u00e3o de M\u00e3e nos pr\u00f3ximos cap\u00edtulos (04 a 08\/5)<\/a><\/h4><\/div><\/div>\n<div class=\"col-md-12 col-sm-12 col-xs-12 pt-cv-content-item pt-cv-1-col\" ><div class='pt-cv-ifield'><h4 class=\"pt-cv-title\"><a href=\"https:\/\/www.tvnovelas.com.br\/tvnews\/coracao-de-mae-hasan-e-filiz-em-piquenique-romantico\/\" class=\"_self\" target=\"_self\" >Cora\u00e7\u00e3o de M\u00e3e: Hasan e Filiz em piquenique rom\u00e2ntico<\/a><\/h4><\/div><\/div>\n<div class=\"col-md-12 col-sm-12 col-xs-12 pt-cv-content-item pt-cv-1-col\" ><div class='pt-cv-ifield'><h4 class=\"pt-cv-title\"><a href=\"https:\/\/www.tvnovelas.com.br\/tvnews\/guerra-das-rosas-cihan-vibra-com-desistencia-de-gulru-de-casar-com-mert\/\" class=\"_self\" target=\"_self\" >Guerra das Rosas: Cihan vibra com desist\u00eancia de Gulru de casar com Mert<\/a><\/h4><\/div><\/div>\n<div class=\"col-md-12 col-sm-12 col-xs-12 pt-cv-content-item pt-cv-1-col\" ><div class='pt-cv-ifield'><h4 class=\"pt-cv-title\"><a href=\"https:\/\/www.tvnovelas.com.br\/tvnews\/coracao-de-mae-irmak-denuncia-adnan\/\" class=\"_self\" target=\"_self\" >Cora\u00e7\u00e3o de M\u00e3e: Irmak denuncia Adnan<\/a><\/h4><\/div><\/div>\n<div class=\"col-md-12 col-sm-12 col-xs-12 pt-cv-content-item pt-cv-1-col\" ><div class='pt-cv-ifield'><h4 class=\"pt-cv-title\"><a href=\"https:\/\/www.tvnovelas.com.br\/tvnews\/a-nobreza-do-amor-mirinho-e-obrigado-a-resgatar-tonho\/\" class=\"_self\" target=\"_self\" >A Nobreza do Amor: Mirinho \u00e9 obrigado a resgatar Tonho<\/a><\/h4><\/div><\/div>\n<div class=\"col-md-12 col-sm-12 col-xs-12 pt-cv-content-item pt-cv-1-col\" ><div class='pt-cv-ifield'><h4 class=\"pt-cv-title\"><a href=\"https:\/\/www.tvnovelas.com.br\/tvnews\/tres-gracas-paulinho-e-afastado-da-policia-por-causa-de-gerluce\/\" class=\"_self\" target=\"_self\" >Tr\u00eas Gra\u00e7as: Paulinho \u00e9 afastado da pol\u00edcia por causa de Gerluce<\/a><\/h4><\/div><\/div>\n<div class=\"col-md-12 col-sm-12 col-xs-12 pt-cv-content-item pt-cv-1-col\" ><div class='pt-cv-ifield'><h4 class=\"pt-cv-title\"><a href=\"https:\/\/www.tvnovelas.com.br\/tvnews\/coracao-de-mae-irmak-inicia-jogo-arriscado-contra-adnan\/\" class=\"_self\" target=\"_self\" >Cora\u00e7\u00e3o de M\u00e3e: Irmak inicia jogo arriscado contra Adnan<\/a><\/h4><\/div><\/div><\/div><\/div><\/div><\/p>\n<h3>Confira tamb\u00e9m<\/h3>\n<p><a href=\"https:\/\/www.tvnovelas.com.br\/novelas\/\"><strong>Confira os resumos da semana de todas novelas<\/strong><\/a><br \/>\n<a href=\"https:\/\/www.tvnovelas.com.br\/filmes\/\" target=\"_blank\" rel=\"noopener noreferrer\"><strong>Programa\u00e7\u00e3o de filmes na TV aberta<\/strong><\/a><br \/>\n<a href=\"https:\/\/caetenews.com.br\/semana\/filmes-da-globo-na-sessao-da-tarde-desta-semana\/\" target=\"_blank\" rel=\"noopener\"><strong>Confira os filmes da semana na Sess\u00e3o da Tarde<\/strong><\/a><\/p>\n","protected":false},"excerpt":{"rendered":"<p>Em uma novela, como Mulheres Apaixonadas, sobre rela\u00e7\u00f5es de amor que s\u00e3o expostas \u00e0s agruras da vida e aos tormentos do destino, a personagem Hilda (Maria Padilha) parece ser um ponto&#8230;<\/p>\n","protected":false},"author":1,"featured_media":44374,"comment_status":"closed","ping_status":"closed","sticky":false,"template":"","format":"standard","meta":{"_uf_show_specific_survey":0,"_uf_disable_surveys":false,"_jetpack_memberships_contains_paid_content":false,"footnotes":"","_wp_rev_ctl_limit":""},"categories":[236],"tags":[5,258,64],"class_list":["post-44372","post","type-post","status-publish","format-standard","has-post-thumbnail","hentry","category-globo","tag-globo","tag-mulheres-apaixonadas","tag-novelas","wpcat-236-id"],"aioseo_notices":[],"jetpack_featured_media_url":"https:\/\/i0.wp.com\/www.tvnovelas.com.br\/tvnews\/wp-content\/uploads\/2023\/05\/37972.jpg?fit=728%2C410&ssl=1","jetpack_shortlink":"https:\/\/wp.me\/pdP2BO-bxG","jetpack_sharing_enabled":true,"_links":{"self":[{"href":"https:\/\/www.tvnovelas.com.br\/tvnews\/wp-json\/wp\/v2\/posts\/44372","targetHints":{"allow":["GET"]}}],"collection":[{"href":"https:\/\/www.tvnovelas.com.br\/tvnews\/wp-json\/wp\/v2\/posts"}],"about":[{"href":"https:\/\/www.tvnovelas.com.br\/tvnews\/wp-json\/wp\/v2\/types\/post"}],"author":[{"embeddable":true,"href":"https:\/\/www.tvnovelas.com.br\/tvnews\/wp-json\/wp\/v2\/users\/1"}],"replies":[{"embeddable":true,"href":"https:\/\/www.tvnovelas.com.br\/tvnews\/wp-json\/wp\/v2\/comments?post=44372"}],"version-history":[{"count":3,"href":"https:\/\/www.tvnovelas.com.br\/tvnews\/wp-json\/wp\/v2\/posts\/44372\/revisions"}],"predecessor-version":[{"id":44376,"href":"https:\/\/www.tvnovelas.com.br\/tvnews\/wp-json\/wp\/v2\/posts\/44372\/revisions\/44376"}],"wp:featuredmedia":[{"embeddable":true,"href":"https:\/\/www.tvnovelas.com.br\/tvnews\/wp-json\/wp\/v2\/media\/44374"}],"wp:attachment":[{"href":"https:\/\/www.tvnovelas.com.br\/tvnews\/wp-json\/wp\/v2\/media?parent=44372"}],"wp:term":[{"taxonomy":"category","embeddable":true,"href":"https:\/\/www.tvnovelas.com.br\/tvnews\/wp-json\/wp\/v2\/categories?post=44372"},{"taxonomy":"post_tag","embeddable":true,"href":"https:\/\/www.tvnovelas.com.br\/tvnews\/wp-json\/wp\/v2\/tags?post=44372"}],"curies":[{"name":"wp","href":"https:\/\/api.w.org\/{rel}","templated":true}]}}