{"id":44517,"date":"2023-05-24T08:39:16","date_gmt":"2023-05-24T11:39:16","guid":{"rendered":"https:\/\/www.tvnovelas.com.br\/tvnews\/?p=44517"},"modified":"2023-05-24T08:39:16","modified_gmt":"2023-05-24T11:39:16","slug":"amor-perfeito-lucilia-revela-suas-intencoes-em-sao-jacinto","status":"publish","type":"post","link":"https:\/\/www.tvnovelas.com.br\/tvnews\/amor-perfeito-lucilia-revela-suas-intencoes-em-sao-jacinto\/","title":{"rendered":"Amor Perfeito: Luc\u00edlia revela suas inten\u00e7\u00f5es em S\u00e3o Jacinto"},"content":{"rendered":"<p><em>Em Amor Perfeito: Luc\u00edlia revela&#8230;<\/em><br \/>\n<img data-recalc-dims=\"1\" decoding=\"async\" class=\"alignnone wp-image-44518 size-full\" title=\"(Foto: TV Globo\/Amor Perfeito)\" src=\"https:\/\/i0.wp.com\/www.tvnovelas.com.br\/tvnews\/wp-content\/uploads\/2023\/05\/38006.jpg?resize=728%2C410&#038;ssl=1\" alt=\"Foto em Amor Perfeito: Luc\u00edlia revela...\" width=\"728\" height=\"410\" srcset=\"https:\/\/i0.wp.com\/www.tvnovelas.com.br\/tvnews\/wp-content\/uploads\/2023\/05\/38006.jpg?w=728&amp;ssl=1 728w, https:\/\/i0.wp.com\/www.tvnovelas.com.br\/tvnews\/wp-content\/uploads\/2023\/05\/38006.jpg?resize=678%2C381&amp;ssl=1 678w\" sizes=\"(max-width: 728px) 100vw, 728px\" \/><\/p>\n<p>Agora que Luc\u00edlia (K\u00eania B\u00e1rbara) \u00e9 moradora fixa de S\u00e3o Jacinto, ela est\u00e1 planejando todas as rotas que quer seguir para conquistar o que deseja: leia-se limpar o nome do seu tio, Virg\u00edlio Lopes (Christovam Neto), que vem a ser pai de Orlando (Diogo Almeida). No passado, ele foi escorra\u00e7ado da cidade, depois que Leonel (Paulo Gorgulho), seu ent\u00e3o s\u00f3cio no Grande Hotel, espalhou que tomou um golpe.<\/p>\n<p>Mar\u00ea (Camila Queiroz), inclusive, n\u00e3o sabe que o pai do seu amado \u00e9 o arquirrival da sua fam\u00edlia. Atualmente, ela ainda tem mais raiva de Virg\u00edlio depois que descobriu que ele e sua m\u00e3e tinham caso.<\/p>\n<p>Mas Luc\u00edlia est\u00e1 preocupado em recuperar o que \u00e9 da fam\u00edlia dela, e vem recorrendo a todos os meios para isso, inclusive, uma amizade com Gilda (Mariana Ximenes), que ela se tocou que \u00e9 perigosa, mas n\u00e3o teme.<\/p>\n<p>Em uma papo com Orlando, a mo\u00e7a vai abrir o cora\u00e7\u00e3o sobre suas verdadeiras inten\u00e7\u00f5es com essas jogadas.<\/p>\n<p>\u201cN\u00e3o estou gostando nada dessas suas novas amizades. Voc\u00ea est\u00e1 brincando com fogo, Luc\u00edlia!\u201d, alertar\u00e1 Orlando.<br \/>\n\u201cC\u00ea sabe muito bem porque estou me aproximando da Gilda e dos amigos dela! Tenho certeza que vou conseguir informa\u00e7\u00f5es sobre o golpe que o seu pai levou do Leonel!\u201d, responder\u00e1 a fot\u00f3grafa.<\/p>\n<p><strong>A saga de Luc\u00edlia<\/strong><br \/>\nA partir da\u00ed, a mo\u00e7a dir\u00e1 o passo a passo de suas atitudes e contar\u00e1 o que j\u00e1 descobriu at\u00e9 ent\u00e3o.<\/p>\n<p>\u201cDoutor \u00cdtalo tinha me dito e hoje o pr\u00f3prio Anselmo confirmou: ele foi o primeiro acionista do hotel, amic\u00edssimo de Leonel Rubi\u00e3o. Virou acionista logo depois que o tio Jos\u00e9 saiu de S\u00e3o Jacinto. N\u00e3o duvido que ele tenha participado do golpe contra o seu pai.\u201d<\/p>\n<p>\u201cIsso \u00e9 um assunto meu!\u201d, dir\u00e1 o m\u00e9dico.<\/p>\n<p>\u201c\u00c9 meu tamb\u00e9m! Tamb\u00e9m sou herdeira do seu pai e n\u00e3o vou descansar enquanto n\u00e3o se fizer justi\u00e7a! N\u00e3o me conformo do tio Jos\u00e9 ter sa\u00eddo da cidade com uma m\u00e3o na frente e outra atr\u00e1s! Ele foi s\u00f3cio do Leonel na mineradora, depois no hotel, e saiu daqui sem nada, escorra\u00e7ado, humilhado! O Leonel enriqueceu e tio Jos\u00e9 teve que come\u00e7ar do zero. At\u00e9 o nome ele perdeu! Isso n\u00e3o \u00e9 justo!\u201d relembrar\u00e1 Luc\u00edlia.<\/p>\n<p>O m\u00e9dico, ent\u00e3o, ir\u00e1 contar de todo o passado de Gilda e Mar\u00ea, envolvendo o assassinato de Leonel, que ele desconfia, por\u00e9m, ainda n\u00e3o sabe que a ruiva n\u00e3o foi a mandante do crime, mas sim a pr\u00f3pria autora.<\/p>\n<p>\u201cO que eu n\u00e3o concordo \u00e9 com os seus m\u00e9todos, Luc\u00edlia! C\u00ea est\u00e1 se arriscando demais se aproximando dessa gente. A Gilda \u00e9 uma mulher perigosa. \u00c9 bem prov\u00e1vel que ela tenha mandado matar o marido para ficar com o patrim\u00f4nio dele. Foi por isso que ela acusou a Mar\u00ea, plantando provas falsas, comprando testemunhas, como o jardineiro Ronaldo!\u201d, vai contar Orlando.<br \/>\n\u201cE onde est\u00e1 esse Ronaldo agora?\u201d<\/p>\n<p>\u201cMorto. Foi assassinado a tiros, pouco antes da Mar\u00ea ser posta em liberdade. (&#8230;) Agora voc\u00ea entende com que tipo de gente est\u00e1 lidando? Est\u00e1 disposta a assumir esse risco?\u201d, questionar\u00e1 Orlando.<\/p>\n<p>\u201cPela mem\u00f3ria do tio Jos\u00e9, pelos meus direitos e pelos seus, sim, Orlando! J\u00e1 que voc\u00ea se acovardou, eu vou correr esse risco\u201d, responder\u00e1 Lucilia.<br \/>\n<!--FIM DO POST--><br \/>\n<a href=\"https:\/\/www.tvnovelas.com.br\/novelas\/resumos-de-amor-perfeito\/\">Confira os resumos da semana de &#8216;Amor Perfeito&#8217;<\/a><br \/>\n<strong style=\"font-size: 120%;\">\u00daltimas not\u00edcias de Amor Perfeito:<\/strong><br \/>\n<div class=\"pt-cv-wrapper\"><div class=\"pt-cv-view pt-cv-grid pt-cv-colsys\" id=\"pt-cv-view-04db883axk\"><div data-id=\"pt-cv-page-1\" class=\"pt-cv-page\" data-cvc=\"1\"><div class=\"col-md-12 col-sm-12 col-xs-12 pt-cv-content-item pt-cv-1-col\" ><div class='pt-cv-ifield'><h4 class=\"pt-cv-title\"><a href=\"https:\/\/www.tvnovelas.com.br\/tvnews\/amor-perfeito-mare-e-orlando-se-casam\/\" class=\"_self\" target=\"_self\" >Amor Perfeito: Mar\u00ea e Orlando se casam<\/a><\/h4><\/div><\/div>\n<div class=\"col-md-12 col-sm-12 col-xs-12 pt-cv-content-item pt-cv-1-col\" ><div class='pt-cv-ifield'><h4 class=\"pt-cv-title\"><a href=\"https:\/\/www.tvnovelas.com.br\/tvnews\/amor-perfeito-gilda-emocionada-abraca-marcelino\/\" class=\"_self\" target=\"_self\" >Amor Perfeito: Gilda emocionada abra\u00e7a Marcelino<\/a><\/h4><\/div><\/div>\n<div class=\"col-md-12 col-sm-12 col-xs-12 pt-cv-content-item pt-cv-1-col\" ><div class='pt-cv-ifield'><h4 class=\"pt-cv-title\"><a href=\"https:\/\/www.tvnovelas.com.br\/tvnews\/amor-perfeito-orlando-descobre-que-lucilia-foi-assassinada-a-mando-de-gilda\/\" class=\"_self\" target=\"_self\" >Amor Perfeito: Orlando descobre que Luc\u00edlia foi assassinada a mando de Gilda<\/a><\/h4><\/div><\/div>\n<div class=\"col-md-12 col-sm-12 col-xs-12 pt-cv-content-item pt-cv-1-col\" ><div class='pt-cv-ifield'><h4 class=\"pt-cv-title\"><a href=\"https:\/\/www.tvnovelas.com.br\/tvnews\/amor-perfeito-gilda-e-descoberta-como-mandante-de-assassinato\/\" class=\"_self\" target=\"_self\" >Amor Perfeito: Gilda \u00e9 descoberta como mandante de assassinato<\/a><\/h4><\/div><\/div>\n<div class=\"col-md-12 col-sm-12 col-xs-12 pt-cv-content-item pt-cv-1-col\" ><div class='pt-cv-ifield'><h4 class=\"pt-cv-title\"><a href=\"https:\/\/www.tvnovelas.com.br\/tvnews\/amor-perfeito-gilda-foge-da-cadeia-com-ajuda-de-gaspar\/\" class=\"_self\" target=\"_self\" >Amor Perfeito: Gilda foge da cadeia com ajuda de Gaspar<\/a><\/h4><\/div><\/div>\n<div class=\"col-md-12 col-sm-12 col-xs-12 pt-cv-content-item pt-cv-1-col\" ><div class='pt-cv-ifield'><h4 class=\"pt-cv-title\"><a href=\"https:\/\/www.tvnovelas.com.br\/tvnews\/amor-perfeito-darlene-e-joao-se-casam\/\" class=\"_self\" target=\"_self\" >Amor Perfeito: Darlene e Jo\u00e3o se casam<\/a><\/h4><\/div><\/div><\/div><\/div><\/div><br \/>\n<strong style=\"font-size: 120%;\">\u00daltimas not\u00edcias deste canal:<\/strong><br \/>\n<div class=\"pt-cv-wrapper\"><div class=\"pt-cv-view pt-cv-grid pt-cv-colsys\" id=\"pt-cv-view-90991035b3\"><div data-id=\"pt-cv-page-1\" class=\"pt-cv-page\" data-cvc=\"1\"><div class=\"col-md-12 col-sm-12 col-xs-12 pt-cv-content-item pt-cv-1-col\" ><div class='pt-cv-ifield'><h4 class=\"pt-cv-title\"><a href=\"https:\/\/www.tvnovelas.com.br\/tvnews\/o-que-acontece-em-tres-gracas-na-semana-04-a-09-de-maio\/\" class=\"_self\" target=\"_self\" >O que acontece em Tr\u00eas Gra\u00e7as na semana 04 a 09 de maio<\/a><\/h4><\/div><\/div>\n<div class=\"col-md-12 col-sm-12 col-xs-12 pt-cv-content-item pt-cv-1-col\" ><div class='pt-cv-ifield'><h4 class=\"pt-cv-title\"><a href=\"https:\/\/www.tvnovelas.com.br\/tvnews\/coracao-de-mae-reha-entra-em-panico-com-a-prisao-de-adnan\/\" class=\"_self\" target=\"_self\" >Cora\u00e7\u00e3o de M\u00e3e: Reha entra em p\u00e2nico com a pris\u00e3o de Adnan<\/a><\/h4><\/div><\/div>\n<div class=\"col-md-12 col-sm-12 col-xs-12 pt-cv-content-item pt-cv-1-col\" ><div class='pt-cv-ifield'><h4 class=\"pt-cv-title\"><a href=\"https:\/\/www.tvnovelas.com.br\/tvnews\/guerra-das-rosas-mert-sequestra-gulru\/\" class=\"_self\" target=\"_self\" >Guerra das Rosas: Mert sequestra Gulru<\/a><\/h4><\/div><\/div>\n<div class=\"col-md-12 col-sm-12 col-xs-12 pt-cv-content-item pt-cv-1-col\" ><div class='pt-cv-ifield'><h4 class=\"pt-cv-title\"><a href=\"https:\/\/www.tvnovelas.com.br\/tvnews\/a-nobreza-do-amor-resistencia-sequestra-noivo-de-kenia-e-o-despacha-de-batanga\/\" class=\"_self\" target=\"_self\" >A Nobreza do Amor: Resist\u00eancia sequestra noivo de K\u00eania e o despacha de Batanga<\/a><\/h4><\/div><\/div>\n<div class=\"col-md-12 col-sm-12 col-xs-12 pt-cv-content-item pt-cv-1-col\" ><div class='pt-cv-ifield'><h4 class=\"pt-cv-title\"><a href=\"https:\/\/www.tvnovelas.com.br\/tvnews\/tres-gracas-joelly-e-gerluce-descobrem-que-filha-de-lena-e-a-bebe-roubada\/\" class=\"_self\" target=\"_self\" >Tr\u00eas Gra\u00e7as: Jo\u00e9lly e Gerluce descobrem que filha de Lena \u00e9 a beb\u00ea roubada<\/a><\/h4><\/div><\/div>\n<div class=\"col-md-12 col-sm-12 col-xs-12 pt-cv-content-item pt-cv-1-col\" ><div class='pt-cv-ifield'><h4 class=\"pt-cv-title\"><a href=\"https:\/\/www.tvnovelas.com.br\/tvnews\/em-coracao-de-mae-nos-proximos-capitulos-04-a-08-5\/\" class=\"_self\" target=\"_self\" >Em Cora\u00e7\u00e3o de M\u00e3e nos pr\u00f3ximos cap\u00edtulos (04 a 08\/5)<\/a><\/h4><\/div><\/div>\n<div class=\"col-md-12 col-sm-12 col-xs-12 pt-cv-content-item pt-cv-1-col\" ><div class='pt-cv-ifield'><h4 class=\"pt-cv-title\"><a href=\"https:\/\/www.tvnovelas.com.br\/tvnews\/coracao-de-mae-hasan-e-filiz-em-piquenique-romantico\/\" class=\"_self\" target=\"_self\" >Cora\u00e7\u00e3o de M\u00e3e: Hasan e Filiz em piquenique rom\u00e2ntico<\/a><\/h4><\/div><\/div>\n<div class=\"col-md-12 col-sm-12 col-xs-12 pt-cv-content-item pt-cv-1-col\" ><div class='pt-cv-ifield'><h4 class=\"pt-cv-title\"><a href=\"https:\/\/www.tvnovelas.com.br\/tvnews\/guerra-das-rosas-cihan-vibra-com-desistencia-de-gulru-de-casar-com-mert\/\" class=\"_self\" target=\"_self\" >Guerra das Rosas: Cihan vibra com desist\u00eancia de Gulru de casar com Mert<\/a><\/h4><\/div><\/div>\n<div class=\"col-md-12 col-sm-12 col-xs-12 pt-cv-content-item pt-cv-1-col\" ><div class='pt-cv-ifield'><h4 class=\"pt-cv-title\"><a href=\"https:\/\/www.tvnovelas.com.br\/tvnews\/coracao-de-mae-irmak-denuncia-adnan\/\" class=\"_self\" target=\"_self\" >Cora\u00e7\u00e3o de M\u00e3e: Irmak denuncia Adnan<\/a><\/h4><\/div><\/div>\n<div class=\"col-md-12 col-sm-12 col-xs-12 pt-cv-content-item pt-cv-1-col\" ><div class='pt-cv-ifield'><h4 class=\"pt-cv-title\"><a href=\"https:\/\/www.tvnovelas.com.br\/tvnews\/a-nobreza-do-amor-mirinho-e-obrigado-a-resgatar-tonho\/\" class=\"_self\" target=\"_self\" >A Nobreza do Amor: Mirinho \u00e9 obrigado a resgatar Tonho<\/a><\/h4><\/div><\/div><\/div><\/div><\/div><br \/>\n<a href=\"https:\/\/www.tvnovelas.com.br\/novelas\/\"><strong>Confira os resumos da semana de todas novelas<\/strong><\/a><\/p>\n<h3>Confira tamb\u00e9m<\/h3>\n<p><a href=\"https:\/\/www.tvnovelas.com.br\/filmes\/\" target=\"_blank\" rel=\"noopener noreferrer\"><strong>Programa\u00e7\u00e3o de filmes na TV aberta<\/strong><\/a><br \/>\n<a href=\"https:\/\/caetenews.com.br\/semana\/filmes-da-globo-na-sessao-da-tarde-desta-semana\/\" target=\"_blank\" rel=\"noopener\"><strong>Confira os filmes da semana na Sess\u00e3o da Tarde<\/strong><\/a><br \/>\n<a href=\"https:\/\/www.tvnovelas.com.br\/novelas\/\" target=\"_blank\" rel=\"noopener noreferrer\"><strong>Resumos de novelas<\/strong><\/a><\/p>\n","protected":false},"excerpt":{"rendered":"<p>Agora que Luc\u00edlia (K\u00eania B\u00e1rbara) \u00e9 moradora fixa de S\u00e3o Jacinto, ela est\u00e1 planejando todas as rotas que quer seguir para conquistar o que deseja&#8230;<\/p>\n","protected":false},"author":1,"featured_media":44518,"comment_status":"closed","ping_status":"closed","sticky":false,"template":"","format":"standard","meta":{"_uf_show_specific_survey":0,"_uf_disable_surveys":false,"_jetpack_memberships_contains_paid_content":false,"footnotes":"","_wp_rev_ctl_limit":""},"categories":[375],"tags":[376,5,64],"class_list":["post-44517","post","type-post","status-publish","format-standard","has-post-thumbnail","hentry","category-amor-perfeito","tag-amor-perfeito","tag-globo","tag-novelas","wpcat-375-id"],"aioseo_notices":[],"jetpack_featured_media_url":"https:\/\/i0.wp.com\/www.tvnovelas.com.br\/tvnews\/wp-content\/uploads\/2023\/05\/38006.jpg?fit=728%2C410&ssl=1","jetpack_shortlink":"https:\/\/wp.me\/pdP2BO-bA1","jetpack_sharing_enabled":true,"_links":{"self":[{"href":"https:\/\/www.tvnovelas.com.br\/tvnews\/wp-json\/wp\/v2\/posts\/44517","targetHints":{"allow":["GET"]}}],"collection":[{"href":"https:\/\/www.tvnovelas.com.br\/tvnews\/wp-json\/wp\/v2\/posts"}],"about":[{"href":"https:\/\/www.tvnovelas.com.br\/tvnews\/wp-json\/wp\/v2\/types\/post"}],"author":[{"embeddable":true,"href":"https:\/\/www.tvnovelas.com.br\/tvnews\/wp-json\/wp\/v2\/users\/1"}],"replies":[{"embeddable":true,"href":"https:\/\/www.tvnovelas.com.br\/tvnews\/wp-json\/wp\/v2\/comments?post=44517"}],"version-history":[{"count":1,"href":"https:\/\/www.tvnovelas.com.br\/tvnews\/wp-json\/wp\/v2\/posts\/44517\/revisions"}],"predecessor-version":[{"id":44519,"href":"https:\/\/www.tvnovelas.com.br\/tvnews\/wp-json\/wp\/v2\/posts\/44517\/revisions\/44519"}],"wp:featuredmedia":[{"embeddable":true,"href":"https:\/\/www.tvnovelas.com.br\/tvnews\/wp-json\/wp\/v2\/media\/44518"}],"wp:attachment":[{"href":"https:\/\/www.tvnovelas.com.br\/tvnews\/wp-json\/wp\/v2\/media?parent=44517"}],"wp:term":[{"taxonomy":"category","embeddable":true,"href":"https:\/\/www.tvnovelas.com.br\/tvnews\/wp-json\/wp\/v2\/categories?post=44517"},{"taxonomy":"post_tag","embeddable":true,"href":"https:\/\/www.tvnovelas.com.br\/tvnews\/wp-json\/wp\/v2\/tags?post=44517"}],"curies":[{"name":"wp","href":"https:\/\/api.w.org\/{rel}","templated":true}]}}