{"id":44522,"date":"2023-05-24T08:55:00","date_gmt":"2023-05-24T11:55:00","guid":{"rendered":"https:\/\/www.tvnovelas.com.br\/tvnews\/?p=44522"},"modified":"2023-05-24T08:55:00","modified_gmt":"2023-05-24T11:55:00","slug":"amor-perfeito-mare-percebe-qual-e-a-de-lucilia","status":"publish","type":"post","link":"https:\/\/www.tvnovelas.com.br\/tvnews\/amor-perfeito-mare-percebe-qual-e-a-de-lucilia\/","title":{"rendered":"Amor Perfeito: Mar\u00ea percebe qual \u00e9 a de Luc\u00edlia"},"content":{"rendered":"<p><em>Em Amor Perfeito: Mar\u00ea percebe&#8230;<\/em><br \/>\n<img data-recalc-dims=\"1\" decoding=\"async\" class=\"alignnone wp-image-44523 size-full\" title=\"(Foto: TV Globo\/Amor Perfeito)\" src=\"https:\/\/i0.wp.com\/www.tvnovelas.com.br\/tvnews\/wp-content\/uploads\/2023\/05\/38007.jpg?resize=728%2C410&#038;ssl=1\" alt=\"Foto em Amor Perfeito: Mar\u00ea percebe...\" width=\"728\" height=\"410\" srcset=\"https:\/\/i0.wp.com\/www.tvnovelas.com.br\/tvnews\/wp-content\/uploads\/2023\/05\/38007.jpg?w=728&amp;ssl=1 728w, https:\/\/i0.wp.com\/www.tvnovelas.com.br\/tvnews\/wp-content\/uploads\/2023\/05\/38007.jpg?resize=678%2C381&amp;ssl=1 678w\" sizes=\"(max-width: 728px) 100vw, 728px\" \/><\/p>\n<p>Luc\u00edlia (K\u00eania B\u00e1rbara) n\u00e3o perdeu tempo. Desde que chegou em S\u00e3o Jacinto, colocou sua agenda para andar: honrar o nome do seu tio, Virg\u00edlio Lopes (Christovam Neto), que vem a ser pai de Orlando (Diogo Almeida). No passado, ele foi escorra\u00e7ado da cidade, depois que Leonel (Paulo Gorgulho), seu ent\u00e3o s\u00f3cio no Grande Hotel, espalhou que tomou um golpe.<\/p>\n<p>Mar\u00ea (Camila Queiroz), inclusive, n\u00e3o sabe que o pai do seu amado \u00e9 o arquirrival da sua fam\u00edlia. Atualmente, ela ainda tem mais raiva de Virg\u00edlio depois que descobriu que ele e sua m\u00e3e tinham caso.<\/p>\n<p>Mar\u00ea, por sua vez, tamb\u00e9m j\u00e1 sacou que Luc\u00edlia tem segundas e terceiras inten\u00e7\u00f5es em S\u00e3o Jacinto \u2014 entre elas, a amizade com Gilda (Mariana Ximenes) e a aproxima\u00e7\u00e3o de Anselmo (Paulo Betti). E ser\u00e1 bem objetiva com Orlando ao questionar o porqu\u00ea.<\/p>\n<p>\u201cA Luc\u00edlia n\u00e3o gosta de mim, \u00e9 evidente. Por que, Orlando?\u201d, questionar\u00e1 ela, deixando o amado encurralado. \u201cSer\u00e1 que ela comprou a vers\u00e3o da Gilda, e acha que eu sou mesmo uma assassina? Ou o motivo \u00e9 outro?\u201d<\/p>\n<p>\u201cQue motivo&#8230;?\u201d, devolver\u00e1 ele, fingindo que n\u00e3o entendeu.<\/p>\n<p>\u201cEla gosta de voc\u00ea, n\u00e3o \u00e9? Ela te quer. E n\u00e3o s\u00f3 como prima. A Luc\u00edlia quer voc\u00ea pra ela, como homem, n\u00e3o \u00e9? Fala a verdade!\u201d, pressionar\u00e1 a protagonista.<\/p>\n<p>\u201cEla sabe que isso \u00e9 imposs\u00edvel, Mar\u00ea.\u201d<\/p>\n<p>\u201cMas essa proximidade entre ela e a Gilda pode ser perigosa pra n\u00f3s dois! A Gilda pode usar a sua prima pra interferir no nosso relacionamento! (&#8230;) S\u00f3 pe\u00e7o que tome cuidado, n\u00e3o deixa a Luc\u00edlia ser mais um empecilho pro nosso amor, Orlando.\u201d<\/p>\n<p>\u201cIsso n\u00e3o vai acontecer. O nosso amor \u00e9 forte o suficiente pra nos proteger de qualquer ataque, seja de quem for\u201d, dir\u00e1 ele, tranquilizando a amada. \u201cVoc\u00ea \u00e9 a mulher da minha vida, Mar\u00ea. Se eu te perder de novo nada mais vai fazer sentido.\u201d<br \/>\n<!--FIM DO POST--><br \/>\n<a href=\"https:\/\/www.tvnovelas.com.br\/novelas\/resumos-de-amor-perfeito\/\">Confira os resumos da semana de &#8216;Amor Perfeito&#8217;<\/a><br \/>\n<strong style=\"font-size: 120%;\">\u00daltimas not\u00edcias de Amor Perfeito:<\/strong><br \/>\n<div class=\"pt-cv-wrapper\"><div class=\"pt-cv-view pt-cv-grid pt-cv-colsys\" id=\"pt-cv-view-04db883axk\"><div data-id=\"pt-cv-page-1\" class=\"pt-cv-page\" data-cvc=\"1\"><div class=\"col-md-12 col-sm-12 col-xs-12 pt-cv-content-item pt-cv-1-col\" ><div class='pt-cv-ifield'><h4 class=\"pt-cv-title\"><a href=\"https:\/\/www.tvnovelas.com.br\/tvnews\/amor-perfeito-mare-e-orlando-se-casam\/\" class=\"_self\" target=\"_self\" >Amor Perfeito: Mar\u00ea e Orlando se casam<\/a><\/h4><\/div><\/div>\n<div class=\"col-md-12 col-sm-12 col-xs-12 pt-cv-content-item pt-cv-1-col\" ><div class='pt-cv-ifield'><h4 class=\"pt-cv-title\"><a href=\"https:\/\/www.tvnovelas.com.br\/tvnews\/amor-perfeito-gilda-emocionada-abraca-marcelino\/\" class=\"_self\" target=\"_self\" >Amor Perfeito: Gilda emocionada abra\u00e7a Marcelino<\/a><\/h4><\/div><\/div>\n<div class=\"col-md-12 col-sm-12 col-xs-12 pt-cv-content-item pt-cv-1-col\" ><div class='pt-cv-ifield'><h4 class=\"pt-cv-title\"><a href=\"https:\/\/www.tvnovelas.com.br\/tvnews\/amor-perfeito-orlando-descobre-que-lucilia-foi-assassinada-a-mando-de-gilda\/\" class=\"_self\" target=\"_self\" >Amor Perfeito: Orlando descobre que Luc\u00edlia foi assassinada a mando de Gilda<\/a><\/h4><\/div><\/div>\n<div class=\"col-md-12 col-sm-12 col-xs-12 pt-cv-content-item pt-cv-1-col\" ><div class='pt-cv-ifield'><h4 class=\"pt-cv-title\"><a href=\"https:\/\/www.tvnovelas.com.br\/tvnews\/amor-perfeito-gilda-e-descoberta-como-mandante-de-assassinato\/\" class=\"_self\" target=\"_self\" >Amor Perfeito: Gilda \u00e9 descoberta como mandante de assassinato<\/a><\/h4><\/div><\/div>\n<div class=\"col-md-12 col-sm-12 col-xs-12 pt-cv-content-item pt-cv-1-col\" ><div class='pt-cv-ifield'><h4 class=\"pt-cv-title\"><a href=\"https:\/\/www.tvnovelas.com.br\/tvnews\/amor-perfeito-gilda-foge-da-cadeia-com-ajuda-de-gaspar\/\" class=\"_self\" target=\"_self\" >Amor Perfeito: Gilda foge da cadeia com ajuda de Gaspar<\/a><\/h4><\/div><\/div>\n<div class=\"col-md-12 col-sm-12 col-xs-12 pt-cv-content-item pt-cv-1-col\" ><div class='pt-cv-ifield'><h4 class=\"pt-cv-title\"><a href=\"https:\/\/www.tvnovelas.com.br\/tvnews\/amor-perfeito-darlene-e-joao-se-casam\/\" class=\"_self\" target=\"_self\" >Amor Perfeito: Darlene e Jo\u00e3o se casam<\/a><\/h4><\/div><\/div><\/div><\/div><\/div><br \/>\n<strong style=\"font-size: 120%;\">\u00daltimas not\u00edcias deste canal:<\/strong><br \/>\n<div class=\"pt-cv-wrapper\"><div class=\"pt-cv-view pt-cv-grid pt-cv-colsys\" id=\"pt-cv-view-90991035b3\"><div data-id=\"pt-cv-page-1\" class=\"pt-cv-page\" data-cvc=\"1\"><div class=\"col-md-12 col-sm-12 col-xs-12 pt-cv-content-item pt-cv-1-col\" ><div class='pt-cv-ifield'><h4 class=\"pt-cv-title\"><a href=\"https:\/\/www.tvnovelas.com.br\/tvnews\/o-que-acontece-em-tres-gracas-na-semana-04-a-09-de-maio\/\" class=\"_self\" target=\"_self\" >O que acontece em Tr\u00eas Gra\u00e7as na semana 04 a 09 de maio<\/a><\/h4><\/div><\/div>\n<div class=\"col-md-12 col-sm-12 col-xs-12 pt-cv-content-item pt-cv-1-col\" ><div class='pt-cv-ifield'><h4 class=\"pt-cv-title\"><a href=\"https:\/\/www.tvnovelas.com.br\/tvnews\/coracao-de-mae-reha-entra-em-panico-com-a-prisao-de-adnan\/\" class=\"_self\" target=\"_self\" >Cora\u00e7\u00e3o de M\u00e3e: Reha entra em p\u00e2nico com a pris\u00e3o de Adnan<\/a><\/h4><\/div><\/div>\n<div class=\"col-md-12 col-sm-12 col-xs-12 pt-cv-content-item pt-cv-1-col\" ><div class='pt-cv-ifield'><h4 class=\"pt-cv-title\"><a href=\"https:\/\/www.tvnovelas.com.br\/tvnews\/guerra-das-rosas-mert-sequestra-gulru\/\" class=\"_self\" target=\"_self\" >Guerra das Rosas: Mert sequestra Gulru<\/a><\/h4><\/div><\/div>\n<div class=\"col-md-12 col-sm-12 col-xs-12 pt-cv-content-item pt-cv-1-col\" ><div class='pt-cv-ifield'><h4 class=\"pt-cv-title\"><a href=\"https:\/\/www.tvnovelas.com.br\/tvnews\/a-nobreza-do-amor-resistencia-sequestra-noivo-de-kenia-e-o-despacha-de-batanga\/\" class=\"_self\" target=\"_self\" >A Nobreza do Amor: Resist\u00eancia sequestra noivo de K\u00eania e o despacha de Batanga<\/a><\/h4><\/div><\/div>\n<div class=\"col-md-12 col-sm-12 col-xs-12 pt-cv-content-item pt-cv-1-col\" ><div class='pt-cv-ifield'><h4 class=\"pt-cv-title\"><a href=\"https:\/\/www.tvnovelas.com.br\/tvnews\/tres-gracas-joelly-e-gerluce-descobrem-que-filha-de-lena-e-a-bebe-roubada\/\" class=\"_self\" target=\"_self\" >Tr\u00eas Gra\u00e7as: Jo\u00e9lly e Gerluce descobrem que filha de Lena \u00e9 a beb\u00ea roubada<\/a><\/h4><\/div><\/div>\n<div class=\"col-md-12 col-sm-12 col-xs-12 pt-cv-content-item pt-cv-1-col\" ><div class='pt-cv-ifield'><h4 class=\"pt-cv-title\"><a href=\"https:\/\/www.tvnovelas.com.br\/tvnews\/em-coracao-de-mae-nos-proximos-capitulos-04-a-08-5\/\" class=\"_self\" target=\"_self\" >Em Cora\u00e7\u00e3o de M\u00e3e nos pr\u00f3ximos cap\u00edtulos (04 a 08\/5)<\/a><\/h4><\/div><\/div>\n<div class=\"col-md-12 col-sm-12 col-xs-12 pt-cv-content-item pt-cv-1-col\" ><div class='pt-cv-ifield'><h4 class=\"pt-cv-title\"><a href=\"https:\/\/www.tvnovelas.com.br\/tvnews\/coracao-de-mae-hasan-e-filiz-em-piquenique-romantico\/\" class=\"_self\" target=\"_self\" >Cora\u00e7\u00e3o de M\u00e3e: Hasan e Filiz em piquenique rom\u00e2ntico<\/a><\/h4><\/div><\/div>\n<div class=\"col-md-12 col-sm-12 col-xs-12 pt-cv-content-item pt-cv-1-col\" ><div class='pt-cv-ifield'><h4 class=\"pt-cv-title\"><a href=\"https:\/\/www.tvnovelas.com.br\/tvnews\/guerra-das-rosas-cihan-vibra-com-desistencia-de-gulru-de-casar-com-mert\/\" class=\"_self\" target=\"_self\" >Guerra das Rosas: Cihan vibra com desist\u00eancia de Gulru de casar com Mert<\/a><\/h4><\/div><\/div>\n<div class=\"col-md-12 col-sm-12 col-xs-12 pt-cv-content-item pt-cv-1-col\" ><div class='pt-cv-ifield'><h4 class=\"pt-cv-title\"><a href=\"https:\/\/www.tvnovelas.com.br\/tvnews\/coracao-de-mae-irmak-denuncia-adnan\/\" class=\"_self\" target=\"_self\" >Cora\u00e7\u00e3o de M\u00e3e: Irmak denuncia Adnan<\/a><\/h4><\/div><\/div>\n<div class=\"col-md-12 col-sm-12 col-xs-12 pt-cv-content-item pt-cv-1-col\" ><div class='pt-cv-ifield'><h4 class=\"pt-cv-title\"><a href=\"https:\/\/www.tvnovelas.com.br\/tvnews\/a-nobreza-do-amor-mirinho-e-obrigado-a-resgatar-tonho\/\" class=\"_self\" target=\"_self\" >A Nobreza do Amor: Mirinho \u00e9 obrigado a resgatar Tonho<\/a><\/h4><\/div><\/div><\/div><\/div><\/div><br \/>\n<a href=\"https:\/\/www.tvnovelas.com.br\/novelas\/\"><strong>Confira os resumos da semana de todas novelas<\/strong><\/a><\/p>\n<h3>Confira tamb\u00e9m<\/h3>\n<p><a href=\"https:\/\/www.tvnovelas.com.br\/filmes\/\" target=\"_blank\" rel=\"noopener noreferrer\"><strong>Programa\u00e7\u00e3o de filmes na TV aberta<\/strong><\/a><br \/>\n<a href=\"https:\/\/caetenews.com.br\/semana\/filmes-da-globo-na-sessao-da-tarde-desta-semana\/\" target=\"_blank\" rel=\"noopener\"><strong>Confira os filmes da semana na Sess\u00e3o da Tarde<\/strong><\/a><br \/>\n<a href=\"https:\/\/www.tvnovelas.com.br\/novelas\/\" target=\"_blank\" rel=\"noopener noreferrer\"><strong>Resumos de novelas<\/strong><\/a><\/p>\n","protected":false},"excerpt":{"rendered":"<p>Luc\u00edlia (K\u00eania B\u00e1rbara) n\u00e3o perdeu tempo. Desde que chegou em S\u00e3o Jacinto, colocou sua agenda para andar: honrar o nome do seu tio, Virg\u00edlio Lopes&#8230;<\/p>\n","protected":false},"author":1,"featured_media":44523,"comment_status":"closed","ping_status":"closed","sticky":false,"template":"","format":"standard","meta":{"_uf_show_specific_survey":0,"_uf_disable_surveys":false,"_jetpack_memberships_contains_paid_content":false,"footnotes":"","_wp_rev_ctl_limit":""},"categories":[375],"tags":[376,5,64],"class_list":["post-44522","post","type-post","status-publish","format-standard","has-post-thumbnail","hentry","category-amor-perfeito","tag-amor-perfeito","tag-globo","tag-novelas","wpcat-375-id"],"aioseo_notices":[],"jetpack_featured_media_url":"https:\/\/i0.wp.com\/www.tvnovelas.com.br\/tvnews\/wp-content\/uploads\/2023\/05\/38007.jpg?fit=728%2C410&ssl=1","jetpack_shortlink":"https:\/\/wp.me\/pdP2BO-bA6","jetpack_sharing_enabled":true,"_links":{"self":[{"href":"https:\/\/www.tvnovelas.com.br\/tvnews\/wp-json\/wp\/v2\/posts\/44522","targetHints":{"allow":["GET"]}}],"collection":[{"href":"https:\/\/www.tvnovelas.com.br\/tvnews\/wp-json\/wp\/v2\/posts"}],"about":[{"href":"https:\/\/www.tvnovelas.com.br\/tvnews\/wp-json\/wp\/v2\/types\/post"}],"author":[{"embeddable":true,"href":"https:\/\/www.tvnovelas.com.br\/tvnews\/wp-json\/wp\/v2\/users\/1"}],"replies":[{"embeddable":true,"href":"https:\/\/www.tvnovelas.com.br\/tvnews\/wp-json\/wp\/v2\/comments?post=44522"}],"version-history":[{"count":1,"href":"https:\/\/www.tvnovelas.com.br\/tvnews\/wp-json\/wp\/v2\/posts\/44522\/revisions"}],"predecessor-version":[{"id":44524,"href":"https:\/\/www.tvnovelas.com.br\/tvnews\/wp-json\/wp\/v2\/posts\/44522\/revisions\/44524"}],"wp:featuredmedia":[{"embeddable":true,"href":"https:\/\/www.tvnovelas.com.br\/tvnews\/wp-json\/wp\/v2\/media\/44523"}],"wp:attachment":[{"href":"https:\/\/www.tvnovelas.com.br\/tvnews\/wp-json\/wp\/v2\/media?parent=44522"}],"wp:term":[{"taxonomy":"category","embeddable":true,"href":"https:\/\/www.tvnovelas.com.br\/tvnews\/wp-json\/wp\/v2\/categories?post=44522"},{"taxonomy":"post_tag","embeddable":true,"href":"https:\/\/www.tvnovelas.com.br\/tvnews\/wp-json\/wp\/v2\/tags?post=44522"}],"curies":[{"name":"wp","href":"https:\/\/api.w.org\/{rel}","templated":true}]}}